{"id":12845,"date":"2022-11-01T09:53:49","date_gmt":"2022-11-01T13:53:49","guid":{"rendered":"https:\/\/conexion23.com\/?p=12845"},"modified":"2022-11-01T09:54:02","modified_gmt":"2022-11-01T13:54:02","slug":"ministro-anuncia-transicion-pese-silencio-de-bolsonaro-sobre-victoria-de-lula","status":"publish","type":"post","link":"https:\/\/conexion23.com\/?p=12845","title":{"rendered":"Ministro anuncia transici\u00f3n pese silencio de Bolsonaro sobre victoria de Lula"},"content":{"rendered":"\n<p class=\"wp-block-paragraph\">El ministro de la Presidencia de Brasil, Ciro Nogueira, entr\u00f3 en contacto con voceros de la campa\u00f1a de Luiz In\u00e1cio Lula da Silva para anunciar su disposici\u00f3n a iniciar el proceso de transici\u00f3n entre ambos Gobiernos pese al silencio que el l\u00edder ultraderechista a\u00fan mantiene sobre la victoria del rival.<\/p>\n\n\n\n<p class=\"wp-block-paragraph\">La iniciativa de Nogueira fue anunciada por el coordinador de comunicaci\u00f3n de la campa\u00f1a del Partido de los Trabajadores (PT), Edinho Silva, en un comunicado divulgado 24 horas despu\u00e9s de que el l\u00edder progresista fuera proclamado como el vencedor de las elecciones presidenciales del domingo en Brasil.<\/p>\n\n\n\n<p class=\"wp-block-paragraph\">\u00abMantuve contacto en la tarde de este lunes con el ministro de la Presidencia, Ciro Nogueira, a petici\u00f3n suya, y de inmediato se dispuso a conducir el proceso de transici\u00f3n representando al actual Gobierno Bolsonaro\u00bb, afirm\u00f3 Silva, alcalde de la ciudad de Araraquara e importante colaborador de Lula, en un comunicado.<\/p>\n\n\n\n<p class=\"wp-block-paragraph\">Silva agreg\u00f3 que inform\u00f3 inmediatamente de su conversaci\u00f3n con Nogueira a la diputada Gleisi Hoffmann, la presidente del PT, \u00abpara que sean acordados los contactos necesarios\u00bb para iniciar el proceso.<\/p>\n\n\n\n<p class=\"wp-block-paragraph\">El correligionario del presidente electo destac\u00f3 en su comunicado la \u00abposici\u00f3n republicana y democr\u00e1tica del ministro\u00bb.<\/p>\n\n\n\n<p class=\"wp-block-paragraph\">La transici\u00f3n de Gobierno est\u00e1 prevista en la legislaci\u00f3n brasile\u00f1a y prev\u00e9 que el presidente en ejercicio y el electo nombren equipos de trabajo en un plazo de 48 horas para que coordinen el proceso y garanticen la transferencia de datos e informaciones.<\/p>\n\n\n\n<p class=\"wp-block-paragraph\">Pese al silencio de&nbsp;<strong>Bolsonaro<\/strong>, el vicepresidente de la Rep\u00fablica, general de la reserva Hamilton Mourao, tambi\u00e9n dio un paso para facilitar la transici\u00f3n.<\/p>\n\n\n\n<p class=\"wp-block-paragraph\">Seg\u00fan voceros de la campa\u00f1a del PT, Mourao entr\u00f3 en contacto con el vicepresidente elegido, Geraldo Alckmin, para ponerse a disposici\u00f3n para el trabajo de empalme y hasta ofrecerle una visita al Palacio de Jaburu, la residencia de los vicepresidentes.<\/p>\n","protected":false},"excerpt":{"rendered":"<p>El ministro de la Presidencia de Brasil, Ciro Nogueira, entr\u00f3 en contacto con voceros de la campa\u00f1a de Luiz In\u00e1cio Lula da Silva para anunciar su disposici\u00f3n a iniciar el proceso de transici\u00f3n entre ambos Gobiernos pese al silencio que el l\u00edder ultraderechista a\u00fan mantiene sobre la victoria del rival. La iniciativa de Nogueira fue [&hellip;]<\/p>\n","protected":false},"author":15,"featured_media":0,"comment_status":"open","ping_status":"open","sticky":false,"template":"","format":"standard","meta":{"footnotes":""},"categories":[1],"tags":[],"class_list":["post-12845","post","type-post","status-publish","format-standard","category-uncategorized"],"yoast_head":"<!-- This site is optimized with the Yoast SEO plugin v27.6 - https:\/\/yoast.com\/product\/yoast-seo-wordpress\/ -->\n<title>Ministro anuncia transici\u00f3n pese silencio de Bolsonaro sobre victoria de Lula - Conexi\u00f3n 23<\/title>\n<meta name=\"robots\" content=\"index, follow, max-snippet:-1, max-image-preview:large, max-video-preview:-1\" \/>\n<link rel=\"canonical\" href=\"http:\/\/conexion23.com\/?p=12845\" \/>\n<meta property=\"og:locale\" content=\"es_ES\" \/>\n<meta property=\"og:type\" content=\"article\" \/>\n<meta property=\"og:title\" content=\"Ministro anuncia transici\u00f3n pese silencio de Bolsonaro sobre victoria de Lula - Conexi\u00f3n 23\" \/>\n<meta property=\"og:description\" content=\"El ministro de la Presidencia de Brasil, Ciro Nogueira, entr\u00f3 en contacto con voceros de la campa\u00f1a de Luiz In\u00e1cio Lula da Silva para anunciar su disposici\u00f3n a iniciar el proceso de transici\u00f3n entre ambos Gobiernos pese al silencio que el l\u00edder ultraderechista a\u00fan mantiene sobre la victoria del rival. La iniciativa de Nogueira fue [&hellip;]\" \/>\n<meta property=\"og:url\" content=\"http:\/\/conexion23.com\/?p=12845\" \/>\n<meta property=\"og:site_name\" content=\"Conexi\u00f3n 23\" \/>\n<meta property=\"article:publisher\" content=\"https:\/\/www.facebook.com\/conexion23com\" \/>\n<meta property=\"article:published_time\" content=\"2022-11-01T13:53:49+00:00\" \/>\n<meta property=\"article:modified_time\" content=\"2022-11-01T13:54:02+00:00\" \/>\n<meta name=\"author\" content=\"Raffy Ben\u00edtez\" \/>\n<meta name=\"twitter:card\" content=\"summary_large_image\" \/>\n<meta name=\"twitter:label1\" content=\"Escrito por\" \/>\n\t<meta name=\"twitter:data1\" content=\"Raffy Ben\u00edtez\" \/>\n\t<meta name=\"twitter:label2\" content=\"Tiempo de lectura\" \/>\n\t<meta name=\"twitter:data2\" content=\"2 minutos\" \/>\n<script type=\"application\/ld+json\" class=\"yoast-schema-graph\">{\"@context\":\"https:\\\/\\\/schema.org\",\"@graph\":[{\"@type\":\"Article\",\"@id\":\"http:\\\/\\\/conexion23.com\\\/?p=12845#article\",\"isPartOf\":{\"@id\":\"http:\\\/\\\/conexion23.com\\\/?p=12845\"},\"author\":{\"name\":\"Raffy Ben\u00edtez\",\"@id\":\"https:\\\/\\\/conexion23.com\\\/#\\\/schema\\\/person\\\/03e36043331117e97a373299bbcd30a6\"},\"headline\":\"Ministro anuncia transici\u00f3n pese silencio de Bolsonaro sobre victoria de Lula\",\"datePublished\":\"2022-11-01T13:53:49+00:00\",\"dateModified\":\"2022-11-01T13:54:02+00:00\",\"mainEntityOfPage\":{\"@id\":\"http:\\\/\\\/conexion23.com\\\/?p=12845\"},\"wordCount\":336,\"commentCount\":0,\"publisher\":{\"@id\":\"https:\\\/\\\/conexion23.com\\\/#organization\"},\"articleSection\":[\"Uncategorized\"],\"inLanguage\":\"es\",\"potentialAction\":[{\"@type\":\"CommentAction\",\"name\":\"Comment\",\"target\":[\"http:\\\/\\\/conexion23.com\\\/?p=12845#respond\"]}]},{\"@type\":\"WebPage\",\"@id\":\"http:\\\/\\\/conexion23.com\\\/?p=12845\",\"url\":\"http:\\\/\\\/conexion23.com\\\/?p=12845\",\"name\":\"Ministro anuncia transici\u00f3n pese silencio de Bolsonaro sobre victoria de Lula - Conexi\u00f3n 23\",\"isPartOf\":{\"@id\":\"https:\\\/\\\/conexion23.com\\\/#website\"},\"datePublished\":\"2022-11-01T13:53:49+00:00\",\"dateModified\":\"2022-11-01T13:54:02+00:00\",\"breadcrumb\":{\"@id\":\"http:\\\/\\\/conexion23.com\\\/?p=12845#breadcrumb\"},\"inLanguage\":\"es\",\"potentialAction\":[{\"@type\":\"ReadAction\",\"target\":[\"http:\\\/\\\/conexion23.com\\\/?p=12845\"]}]},{\"@type\":\"BreadcrumbList\",\"@id\":\"http:\\\/\\\/conexion23.com\\\/?p=12845#breadcrumb\",\"itemListElement\":[{\"@type\":\"ListItem\",\"position\":1,\"name\":\"Portada\",\"item\":\"https:\\\/\\\/conexion23.com\\\/\"},{\"@type\":\"ListItem\",\"position\":2,\"name\":\"Ministro anuncia transici\u00f3n pese silencio de Bolsonaro sobre victoria de Lula\"}]},{\"@type\":\"WebSite\",\"@id\":\"https:\\\/\\\/conexion23.com\\\/#website\",\"url\":\"https:\\\/\\\/conexion23.com\\\/\",\"name\":\"Conexi\u00f3n 23\",\"description\":\"Peri\u00f3dico 100% Petromacorisano\",\"publisher\":{\"@id\":\"https:\\\/\\\/conexion23.com\\\/#organization\"},\"potentialAction\":[{\"@type\":\"SearchAction\",\"target\":{\"@type\":\"EntryPoint\",\"urlTemplate\":\"https:\\\/\\\/conexion23.com\\\/?s={search_term_string}\"},\"query-input\":{\"@type\":\"PropertyValueSpecification\",\"valueRequired\":true,\"valueName\":\"search_term_string\"}}],\"inLanguage\":\"es\"},{\"@type\":\"Organization\",\"@id\":\"https:\\\/\\\/conexion23.com\\\/#organization\",\"name\":\"Conexion 23\",\"url\":\"https:\\\/\\\/conexion23.com\\\/\",\"logo\":{\"@type\":\"ImageObject\",\"inLanguage\":\"es\",\"@id\":\"https:\\\/\\\/conexion23.com\\\/#\\\/schema\\\/logo\\\/image\\\/\",\"url\":\"https:\\\/\\\/conexion23.com\\\/wp-content\\\/uploads\\\/2021\\\/11\\\/Diseno-sin-titulo-2.png\",\"contentUrl\":\"https:\\\/\\\/conexion23.com\\\/wp-content\\\/uploads\\\/2021\\\/11\\\/Diseno-sin-titulo-2.png\",\"width\":541,\"height\":90,\"caption\":\"Conexion 23\"},\"image\":{\"@id\":\"https:\\\/\\\/conexion23.com\\\/#\\\/schema\\\/logo\\\/image\\\/\"},\"sameAs\":[\"https:\\\/\\\/www.facebook.com\\\/conexion23com\",\"https:\\\/\\\/www.instagram.com\\\/conexion23com\\\/\",\"https:\\\/\\\/www.youtube.com\\\/channel\\\/UCYc7vxxFZMYLIHNsHHxPZ3Q\"]},{\"@type\":\"Person\",\"@id\":\"https:\\\/\\\/conexion23.com\\\/#\\\/schema\\\/person\\\/03e36043331117e97a373299bbcd30a6\",\"name\":\"Raffy Ben\u00edtez\",\"image\":{\"@type\":\"ImageObject\",\"inLanguage\":\"es\",\"@id\":\"https:\\\/\\\/secure.gravatar.com\\\/avatar\\\/3190a6a6c5e1b0327500f7d6c56b6242472ee6cb974cf09b401ee6b3b0798f23?s=96&d=mm&r=g\",\"url\":\"https:\\\/\\\/secure.gravatar.com\\\/avatar\\\/3190a6a6c5e1b0327500f7d6c56b6242472ee6cb974cf09b401ee6b3b0798f23?s=96&d=mm&r=g\",\"contentUrl\":\"https:\\\/\\\/secure.gravatar.com\\\/avatar\\\/3190a6a6c5e1b0327500f7d6c56b6242472ee6cb974cf09b401ee6b3b0798f23?s=96&d=mm&r=g\",\"caption\":\"Raffy Ben\u00edtez\"},\"url\":\"https:\\\/\\\/conexion23.com\\\/?author=15\"}]}<\/script>\n<!-- \/ Yoast SEO plugin. -->","yoast_head_json":{"title":"Ministro anuncia transici\u00f3n pese silencio de Bolsonaro sobre victoria de Lula - Conexi\u00f3n 23","robots":{"index":"index","follow":"follow","max-snippet":"max-snippet:-1","max-image-preview":"max-image-preview:large","max-video-preview":"max-video-preview:-1"},"canonical":"http:\/\/conexion23.com\/?p=12845","og_locale":"es_ES","og_type":"article","og_title":"Ministro anuncia transici\u00f3n pese silencio de Bolsonaro sobre victoria de Lula - Conexi\u00f3n 23","og_description":"El ministro de la Presidencia de Brasil, Ciro Nogueira, entr\u00f3 en contacto con voceros de la campa\u00f1a de Luiz In\u00e1cio Lula da Silva para anunciar su disposici\u00f3n a iniciar el proceso de transici\u00f3n entre ambos Gobiernos pese al silencio que el l\u00edder ultraderechista a\u00fan mantiene sobre la victoria del rival. La iniciativa de Nogueira fue [&hellip;]","og_url":"http:\/\/conexion23.com\/?p=12845","og_site_name":"Conexi\u00f3n 23","article_publisher":"https:\/\/www.facebook.com\/conexion23com","article_published_time":"2022-11-01T13:53:49+00:00","article_modified_time":"2022-11-01T13:54:02+00:00","author":"Raffy Ben\u00edtez","twitter_card":"summary_large_image","twitter_misc":{"Escrito por":"Raffy Ben\u00edtez","Tiempo de lectura":"2 minutos"},"schema":{"@context":"https:\/\/schema.org","@graph":[{"@type":"Article","@id":"http:\/\/conexion23.com\/?p=12845#article","isPartOf":{"@id":"http:\/\/conexion23.com\/?p=12845"},"author":{"name":"Raffy Ben\u00edtez","@id":"https:\/\/conexion23.com\/#\/schema\/person\/03e36043331117e97a373299bbcd30a6"},"headline":"Ministro anuncia transici\u00f3n pese silencio de Bolsonaro sobre victoria de Lula","datePublished":"2022-11-01T13:53:49+00:00","dateModified":"2022-11-01T13:54:02+00:00","mainEntityOfPage":{"@id":"http:\/\/conexion23.com\/?p=12845"},"wordCount":336,"commentCount":0,"publisher":{"@id":"https:\/\/conexion23.com\/#organization"},"articleSection":["Uncategorized"],"inLanguage":"es","potentialAction":[{"@type":"CommentAction","name":"Comment","target":["http:\/\/conexion23.com\/?p=12845#respond"]}]},{"@type":"WebPage","@id":"http:\/\/conexion23.com\/?p=12845","url":"http:\/\/conexion23.com\/?p=12845","name":"Ministro anuncia transici\u00f3n pese silencio de Bolsonaro sobre victoria de Lula - Conexi\u00f3n 23","isPartOf":{"@id":"https:\/\/conexion23.com\/#website"},"datePublished":"2022-11-01T13:53:49+00:00","dateModified":"2022-11-01T13:54:02+00:00","breadcrumb":{"@id":"http:\/\/conexion23.com\/?p=12845#breadcrumb"},"inLanguage":"es","potentialAction":[{"@type":"ReadAction","target":["http:\/\/conexion23.com\/?p=12845"]}]},{"@type":"BreadcrumbList","@id":"http:\/\/conexion23.com\/?p=12845#breadcrumb","itemListElement":[{"@type":"ListItem","position":1,"name":"Portada","item":"https:\/\/conexion23.com\/"},{"@type":"ListItem","position":2,"name":"Ministro anuncia transici\u00f3n pese silencio de Bolsonaro sobre victoria de Lula"}]},{"@type":"WebSite","@id":"https:\/\/conexion23.com\/#website","url":"https:\/\/conexion23.com\/","name":"Conexi\u00f3n 23","description":"Peri\u00f3dico 100% Petromacorisano","publisher":{"@id":"https:\/\/conexion23.com\/#organization"},"potentialAction":[{"@type":"SearchAction","target":{"@type":"EntryPoint","urlTemplate":"https:\/\/conexion23.com\/?s={search_term_string}"},"query-input":{"@type":"PropertyValueSpecification","valueRequired":true,"valueName":"search_term_string"}}],"inLanguage":"es"},{"@type":"Organization","@id":"https:\/\/conexion23.com\/#organization","name":"Conexion 23","url":"https:\/\/conexion23.com\/","logo":{"@type":"ImageObject","inLanguage":"es","@id":"https:\/\/conexion23.com\/#\/schema\/logo\/image\/","url":"https:\/\/conexion23.com\/wp-content\/uploads\/2021\/11\/Diseno-sin-titulo-2.png","contentUrl":"https:\/\/conexion23.com\/wp-content\/uploads\/2021\/11\/Diseno-sin-titulo-2.png","width":541,"height":90,"caption":"Conexion 23"},"image":{"@id":"https:\/\/conexion23.com\/#\/schema\/logo\/image\/"},"sameAs":["https:\/\/www.facebook.com\/conexion23com","https:\/\/www.instagram.com\/conexion23com\/","https:\/\/www.youtube.com\/channel\/UCYc7vxxFZMYLIHNsHHxPZ3Q"]},{"@type":"Person","@id":"https:\/\/conexion23.com\/#\/schema\/person\/03e36043331117e97a373299bbcd30a6","name":"Raffy Ben\u00edtez","image":{"@type":"ImageObject","inLanguage":"es","@id":"https:\/\/secure.gravatar.com\/avatar\/3190a6a6c5e1b0327500f7d6c56b6242472ee6cb974cf09b401ee6b3b0798f23?s=96&d=mm&r=g","url":"https:\/\/secure.gravatar.com\/avatar\/3190a6a6c5e1b0327500f7d6c56b6242472ee6cb974cf09b401ee6b3b0798f23?s=96&d=mm&r=g","contentUrl":"https:\/\/secure.gravatar.com\/avatar\/3190a6a6c5e1b0327500f7d6c56b6242472ee6cb974cf09b401ee6b3b0798f23?s=96&d=mm&r=g","caption":"Raffy Ben\u00edtez"},"url":"https:\/\/conexion23.com\/?author=15"}]}},"_links":{"self":[{"href":"https:\/\/conexion23.com\/index.php?rest_route=\/wp\/v2\/posts\/12845","targetHints":{"allow":["GET"]}}],"collection":[{"href":"https:\/\/conexion23.com\/index.php?rest_route=\/wp\/v2\/posts"}],"about":[{"href":"https:\/\/conexion23.com\/index.php?rest_route=\/wp\/v2\/types\/post"}],"author":[{"embeddable":true,"href":"https:\/\/conexion23.com\/index.php?rest_route=\/wp\/v2\/users\/15"}],"replies":[{"embeddable":true,"href":"https:\/\/conexion23.com\/index.php?rest_route=%2Fwp%2Fv2%2Fcomments&post=12845"}],"version-history":[{"count":1,"href":"https:\/\/conexion23.com\/index.php?rest_route=\/wp\/v2\/posts\/12845\/revisions"}],"predecessor-version":[{"id":12847,"href":"https:\/\/conexion23.com\/index.php?rest_route=\/wp\/v2\/posts\/12845\/revisions\/12847"}],"wp:attachment":[{"href":"https:\/\/conexion23.com\/index.php?rest_route=%2Fwp%2Fv2%2Fmedia&parent=12845"}],"wp:term":[{"taxonomy":"category","embeddable":true,"href":"https:\/\/conexion23.com\/index.php?rest_route=%2Fwp%2Fv2%2Fcategories&post=12845"},{"taxonomy":"post_tag","embeddable":true,"href":"https:\/\/conexion23.com\/index.php?rest_route=%2Fwp%2Fv2%2Ftags&post=12845"}],"curies":[{"name":"wp","href":"https:\/\/api.w.org\/{rel}","templated":true}]}}