{"id":12858,"date":"2022-11-01T12:11:52","date_gmt":"2022-11-01T16:11:52","guid":{"rendered":"https:\/\/conexion23.com\/?p=12858"},"modified":"2022-11-01T12:11:59","modified_gmt":"2022-11-01T16:11:59","slug":"ministro-de-educacion-dice-fue-amenazado","status":"publish","type":"post","link":"https:\/\/conexion23.com\/?p=12858","title":{"rendered":"Ministro de Educaci\u00f3n dice fue amenazado"},"content":{"rendered":"\n<p class=\"wp-block-paragraph\">El Ministro de Educaci\u00f3n<strong>, \u00c1ngel Hern\u00e1ndez<\/strong>, dijo la ma\u00f1ana de hoy que con solo tres meses al frente de la dependencia, ha recibido una amenaza de muerte.<\/p>\n\n\n\n<p class=\"wp-block-paragraph\">\u201cHay que hacer una revisi\u00f3n seria de lo que ha pasado en el Minerd, en lo personal,\u00a0<strong>yo incluso recib\u00ed una amenaza\u2026<\/strong>\u201d, expres\u00f3 Hern\u00e1ndez. <\/p>\n\n\n\n<p class=\"wp-block-paragraph\">Las declaraciones fueron dadas en una entrevista televisiva; donde Hern\u00e1ndez dijo que la amenaza se la hicieron llegar a trav\u00e9s de un tercero. tambi\u00e9n manifest\u00f3 que en el ministerio \u201c<strong>hay muchas cosas que investigar<\/strong>\u201d.<\/p>\n\n\n\n<p class=\"wp-block-paragraph\">\u201c<strong>Al chino hay que darle un tiro<\/strong>\u201d, le dijeron. Sin especificar ning\u00fan nombre, el ministro dijo que supo de la amenaza hace poco m\u00e1s de un mes y que, de inmediato, se la pas\u00f3 al Departamento Nacional de Investigaciones (DNI).<\/p>\n\n\n\n<p class=\"wp-block-paragraph\">\u201cEn el ministerio hay muchos problemas, yo no puedo decir que son estructuras mafiosas, yo solo puedo decir que&nbsp;<strong>hay muchos contratos que son indebidos<\/strong>, que se han hecho muchas cosas\u201d, expres\u00f3.<\/p>\n\n\n\n<p class=\"wp-block-paragraph\">Se\u00f1al\u00f3 adem\u00e1s que la instituci\u00f3n tiene actualmente un equipo de abogados que&nbsp;<strong>est\u00e1 investigando todas las licitaciones<\/strong>&nbsp;que se han hecho en el Minerd, tratando de determinar cu\u00e1les de todos los contratos han sido cumplidos y cu\u00e1les no.<\/p>\n\n\n\n<p class=\"wp-block-paragraph\">Asimismo, dijo que los problemas del ministerio en materia administrativa, le absorbe el tiempo a la entidad de enfocarse en la calidad de la educaci\u00f3n.<\/p>\n\n\n\n<p class=\"wp-block-paragraph\"><\/p>\n","protected":false},"excerpt":{"rendered":"<p>El Ministro de Educaci\u00f3n, \u00c1ngel Hern\u00e1ndez, dijo la ma\u00f1ana de hoy que con solo tres meses al frente de la dependencia, ha recibido una amenaza de muerte. \u201cHay que hacer una revisi\u00f3n seria de lo que ha pasado en el Minerd, en lo personal,\u00a0yo incluso recib\u00ed una amenaza\u2026\u201d, expres\u00f3 Hern\u00e1ndez. Las declaraciones fueron dadas en [&hellip;]<\/p>\n","protected":false},"author":15,"featured_media":0,"comment_status":"open","ping_status":"open","sticky":false,"template":"","format":"standard","meta":{"footnotes":""},"categories":[1],"tags":[],"class_list":["post-12858","post","type-post","status-publish","format-standard","category-uncategorized"],"yoast_head":"<!-- This site is optimized with the Yoast SEO plugin v27.6 - https:\/\/yoast.com\/product\/yoast-seo-wordpress\/ -->\n<title>Ministro de Educaci\u00f3n dice fue amenazado - Conexi\u00f3n 23<\/title>\n<meta name=\"robots\" content=\"index, follow, max-snippet:-1, max-image-preview:large, max-video-preview:-1\" \/>\n<link rel=\"canonical\" href=\"https:\/\/conexion23.com\/?p=12858\" \/>\n<meta property=\"og:locale\" content=\"es_ES\" \/>\n<meta property=\"og:type\" content=\"article\" \/>\n<meta property=\"og:title\" content=\"Ministro de Educaci\u00f3n dice fue amenazado - Conexi\u00f3n 23\" \/>\n<meta property=\"og:description\" content=\"El Ministro de Educaci\u00f3n, \u00c1ngel Hern\u00e1ndez, dijo la ma\u00f1ana de hoy que con solo tres meses al frente de la dependencia, ha recibido una amenaza de muerte. \u201cHay que hacer una revisi\u00f3n seria de lo que ha pasado en el Minerd, en lo personal,\u00a0yo incluso recib\u00ed una amenaza\u2026\u201d, expres\u00f3 Hern\u00e1ndez. Las declaraciones fueron dadas en [&hellip;]\" \/>\n<meta property=\"og:url\" content=\"https:\/\/conexion23.com\/?p=12858\" \/>\n<meta property=\"og:site_name\" content=\"Conexi\u00f3n 23\" \/>\n<meta property=\"article:publisher\" content=\"https:\/\/www.facebook.com\/conexion23com\" \/>\n<meta property=\"article:published_time\" content=\"2022-11-01T16:11:52+00:00\" \/>\n<meta property=\"article:modified_time\" content=\"2022-11-01T16:11:59+00:00\" \/>\n<meta name=\"author\" content=\"Raffy Ben\u00edtez\" \/>\n<meta name=\"twitter:card\" content=\"summary_large_image\" \/>\n<meta name=\"twitter:label1\" content=\"Escrito por\" \/>\n\t<meta name=\"twitter:data1\" content=\"Raffy Ben\u00edtez\" \/>\n\t<meta name=\"twitter:label2\" content=\"Tiempo de lectura\" \/>\n\t<meta name=\"twitter:data2\" content=\"2 minutos\" \/>\n<script type=\"application\/ld+json\" class=\"yoast-schema-graph\">{\"@context\":\"https:\\\/\\\/schema.org\",\"@graph\":[{\"@type\":\"Article\",\"@id\":\"https:\\\/\\\/conexion23.com\\\/?p=12858#article\",\"isPartOf\":{\"@id\":\"https:\\\/\\\/conexion23.com\\\/?p=12858\"},\"author\":{\"name\":\"Raffy Ben\u00edtez\",\"@id\":\"https:\\\/\\\/conexion23.com\\\/#\\\/schema\\\/person\\\/03e36043331117e97a373299bbcd30a6\"},\"headline\":\"Ministro de Educaci\u00f3n dice fue amenazado\",\"datePublished\":\"2022-11-01T16:11:52+00:00\",\"dateModified\":\"2022-11-01T16:11:59+00:00\",\"mainEntityOfPage\":{\"@id\":\"https:\\\/\\\/conexion23.com\\\/?p=12858\"},\"wordCount\":246,\"commentCount\":0,\"publisher\":{\"@id\":\"https:\\\/\\\/conexion23.com\\\/#organization\"},\"articleSection\":[\"Uncategorized\"],\"inLanguage\":\"es\",\"potentialAction\":[{\"@type\":\"CommentAction\",\"name\":\"Comment\",\"target\":[\"https:\\\/\\\/conexion23.com\\\/?p=12858#respond\"]}]},{\"@type\":\"WebPage\",\"@id\":\"https:\\\/\\\/conexion23.com\\\/?p=12858\",\"url\":\"https:\\\/\\\/conexion23.com\\\/?p=12858\",\"name\":\"Ministro de Educaci\u00f3n dice fue amenazado - Conexi\u00f3n 23\",\"isPartOf\":{\"@id\":\"https:\\\/\\\/conexion23.com\\\/#website\"},\"datePublished\":\"2022-11-01T16:11:52+00:00\",\"dateModified\":\"2022-11-01T16:11:59+00:00\",\"breadcrumb\":{\"@id\":\"https:\\\/\\\/conexion23.com\\\/?p=12858#breadcrumb\"},\"inLanguage\":\"es\",\"potentialAction\":[{\"@type\":\"ReadAction\",\"target\":[\"https:\\\/\\\/conexion23.com\\\/?p=12858\"]}]},{\"@type\":\"BreadcrumbList\",\"@id\":\"https:\\\/\\\/conexion23.com\\\/?p=12858#breadcrumb\",\"itemListElement\":[{\"@type\":\"ListItem\",\"position\":1,\"name\":\"Portada\",\"item\":\"https:\\\/\\\/conexion23.com\\\/\"},{\"@type\":\"ListItem\",\"position\":2,\"name\":\"Ministro de Educaci\u00f3n dice fue amenazado\"}]},{\"@type\":\"WebSite\",\"@id\":\"https:\\\/\\\/conexion23.com\\\/#website\",\"url\":\"https:\\\/\\\/conexion23.com\\\/\",\"name\":\"Conexi\u00f3n 23\",\"description\":\"Peri\u00f3dico 100% Petromacorisano\",\"publisher\":{\"@id\":\"https:\\\/\\\/conexion23.com\\\/#organization\"},\"potentialAction\":[{\"@type\":\"SearchAction\",\"target\":{\"@type\":\"EntryPoint\",\"urlTemplate\":\"https:\\\/\\\/conexion23.com\\\/?s={search_term_string}\"},\"query-input\":{\"@type\":\"PropertyValueSpecification\",\"valueRequired\":true,\"valueName\":\"search_term_string\"}}],\"inLanguage\":\"es\"},{\"@type\":\"Organization\",\"@id\":\"https:\\\/\\\/conexion23.com\\\/#organization\",\"name\":\"Conexion 23\",\"url\":\"https:\\\/\\\/conexion23.com\\\/\",\"logo\":{\"@type\":\"ImageObject\",\"inLanguage\":\"es\",\"@id\":\"https:\\\/\\\/conexion23.com\\\/#\\\/schema\\\/logo\\\/image\\\/\",\"url\":\"https:\\\/\\\/conexion23.com\\\/wp-content\\\/uploads\\\/2021\\\/11\\\/Diseno-sin-titulo-2.png\",\"contentUrl\":\"https:\\\/\\\/conexion23.com\\\/wp-content\\\/uploads\\\/2021\\\/11\\\/Diseno-sin-titulo-2.png\",\"width\":541,\"height\":90,\"caption\":\"Conexion 23\"},\"image\":{\"@id\":\"https:\\\/\\\/conexion23.com\\\/#\\\/schema\\\/logo\\\/image\\\/\"},\"sameAs\":[\"https:\\\/\\\/www.facebook.com\\\/conexion23com\",\"https:\\\/\\\/www.instagram.com\\\/conexion23com\\\/\",\"https:\\\/\\\/www.youtube.com\\\/channel\\\/UCYc7vxxFZMYLIHNsHHxPZ3Q\"]},{\"@type\":\"Person\",\"@id\":\"https:\\\/\\\/conexion23.com\\\/#\\\/schema\\\/person\\\/03e36043331117e97a373299bbcd30a6\",\"name\":\"Raffy Ben\u00edtez\",\"image\":{\"@type\":\"ImageObject\",\"inLanguage\":\"es\",\"@id\":\"https:\\\/\\\/secure.gravatar.com\\\/avatar\\\/3190a6a6c5e1b0327500f7d6c56b6242472ee6cb974cf09b401ee6b3b0798f23?s=96&d=mm&r=g\",\"url\":\"https:\\\/\\\/secure.gravatar.com\\\/avatar\\\/3190a6a6c5e1b0327500f7d6c56b6242472ee6cb974cf09b401ee6b3b0798f23?s=96&d=mm&r=g\",\"contentUrl\":\"https:\\\/\\\/secure.gravatar.com\\\/avatar\\\/3190a6a6c5e1b0327500f7d6c56b6242472ee6cb974cf09b401ee6b3b0798f23?s=96&d=mm&r=g\",\"caption\":\"Raffy Ben\u00edtez\"},\"url\":\"https:\\\/\\\/conexion23.com\\\/?author=15\"}]}<\/script>\n<!-- \/ Yoast SEO plugin. -->","yoast_head_json":{"title":"Ministro de Educaci\u00f3n dice fue amenazado - Conexi\u00f3n 23","robots":{"index":"index","follow":"follow","max-snippet":"max-snippet:-1","max-image-preview":"max-image-preview:large","max-video-preview":"max-video-preview:-1"},"canonical":"https:\/\/conexion23.com\/?p=12858","og_locale":"es_ES","og_type":"article","og_title":"Ministro de Educaci\u00f3n dice fue amenazado - Conexi\u00f3n 23","og_description":"El Ministro de Educaci\u00f3n, \u00c1ngel Hern\u00e1ndez, dijo la ma\u00f1ana de hoy que con solo tres meses al frente de la dependencia, ha recibido una amenaza de muerte. \u201cHay que hacer una revisi\u00f3n seria de lo que ha pasado en el Minerd, en lo personal,\u00a0yo incluso recib\u00ed una amenaza\u2026\u201d, expres\u00f3 Hern\u00e1ndez. Las declaraciones fueron dadas en [&hellip;]","og_url":"https:\/\/conexion23.com\/?p=12858","og_site_name":"Conexi\u00f3n 23","article_publisher":"https:\/\/www.facebook.com\/conexion23com","article_published_time":"2022-11-01T16:11:52+00:00","article_modified_time":"2022-11-01T16:11:59+00:00","author":"Raffy Ben\u00edtez","twitter_card":"summary_large_image","twitter_misc":{"Escrito por":"Raffy Ben\u00edtez","Tiempo de lectura":"2 minutos"},"schema":{"@context":"https:\/\/schema.org","@graph":[{"@type":"Article","@id":"https:\/\/conexion23.com\/?p=12858#article","isPartOf":{"@id":"https:\/\/conexion23.com\/?p=12858"},"author":{"name":"Raffy Ben\u00edtez","@id":"https:\/\/conexion23.com\/#\/schema\/person\/03e36043331117e97a373299bbcd30a6"},"headline":"Ministro de Educaci\u00f3n dice fue amenazado","datePublished":"2022-11-01T16:11:52+00:00","dateModified":"2022-11-01T16:11:59+00:00","mainEntityOfPage":{"@id":"https:\/\/conexion23.com\/?p=12858"},"wordCount":246,"commentCount":0,"publisher":{"@id":"https:\/\/conexion23.com\/#organization"},"articleSection":["Uncategorized"],"inLanguage":"es","potentialAction":[{"@type":"CommentAction","name":"Comment","target":["https:\/\/conexion23.com\/?p=12858#respond"]}]},{"@type":"WebPage","@id":"https:\/\/conexion23.com\/?p=12858","url":"https:\/\/conexion23.com\/?p=12858","name":"Ministro de Educaci\u00f3n dice fue amenazado - Conexi\u00f3n 23","isPartOf":{"@id":"https:\/\/conexion23.com\/#website"},"datePublished":"2022-11-01T16:11:52+00:00","dateModified":"2022-11-01T16:11:59+00:00","breadcrumb":{"@id":"https:\/\/conexion23.com\/?p=12858#breadcrumb"},"inLanguage":"es","potentialAction":[{"@type":"ReadAction","target":["https:\/\/conexion23.com\/?p=12858"]}]},{"@type":"BreadcrumbList","@id":"https:\/\/conexion23.com\/?p=12858#breadcrumb","itemListElement":[{"@type":"ListItem","position":1,"name":"Portada","item":"https:\/\/conexion23.com\/"},{"@type":"ListItem","position":2,"name":"Ministro de Educaci\u00f3n dice fue amenazado"}]},{"@type":"WebSite","@id":"https:\/\/conexion23.com\/#website","url":"https:\/\/conexion23.com\/","name":"Conexi\u00f3n 23","description":"Peri\u00f3dico 100% Petromacorisano","publisher":{"@id":"https:\/\/conexion23.com\/#organization"},"potentialAction":[{"@type":"SearchAction","target":{"@type":"EntryPoint","urlTemplate":"https:\/\/conexion23.com\/?s={search_term_string}"},"query-input":{"@type":"PropertyValueSpecification","valueRequired":true,"valueName":"search_term_string"}}],"inLanguage":"es"},{"@type":"Organization","@id":"https:\/\/conexion23.com\/#organization","name":"Conexion 23","url":"https:\/\/conexion23.com\/","logo":{"@type":"ImageObject","inLanguage":"es","@id":"https:\/\/conexion23.com\/#\/schema\/logo\/image\/","url":"https:\/\/conexion23.com\/wp-content\/uploads\/2021\/11\/Diseno-sin-titulo-2.png","contentUrl":"https:\/\/conexion23.com\/wp-content\/uploads\/2021\/11\/Diseno-sin-titulo-2.png","width":541,"height":90,"caption":"Conexion 23"},"image":{"@id":"https:\/\/conexion23.com\/#\/schema\/logo\/image\/"},"sameAs":["https:\/\/www.facebook.com\/conexion23com","https:\/\/www.instagram.com\/conexion23com\/","https:\/\/www.youtube.com\/channel\/UCYc7vxxFZMYLIHNsHHxPZ3Q"]},{"@type":"Person","@id":"https:\/\/conexion23.com\/#\/schema\/person\/03e36043331117e97a373299bbcd30a6","name":"Raffy Ben\u00edtez","image":{"@type":"ImageObject","inLanguage":"es","@id":"https:\/\/secure.gravatar.com\/avatar\/3190a6a6c5e1b0327500f7d6c56b6242472ee6cb974cf09b401ee6b3b0798f23?s=96&d=mm&r=g","url":"https:\/\/secure.gravatar.com\/avatar\/3190a6a6c5e1b0327500f7d6c56b6242472ee6cb974cf09b401ee6b3b0798f23?s=96&d=mm&r=g","contentUrl":"https:\/\/secure.gravatar.com\/avatar\/3190a6a6c5e1b0327500f7d6c56b6242472ee6cb974cf09b401ee6b3b0798f23?s=96&d=mm&r=g","caption":"Raffy Ben\u00edtez"},"url":"https:\/\/conexion23.com\/?author=15"}]}},"_links":{"self":[{"href":"https:\/\/conexion23.com\/index.php?rest_route=\/wp\/v2\/posts\/12858","targetHints":{"allow":["GET"]}}],"collection":[{"href":"https:\/\/conexion23.com\/index.php?rest_route=\/wp\/v2\/posts"}],"about":[{"href":"https:\/\/conexion23.com\/index.php?rest_route=\/wp\/v2\/types\/post"}],"author":[{"embeddable":true,"href":"https:\/\/conexion23.com\/index.php?rest_route=\/wp\/v2\/users\/15"}],"replies":[{"embeddable":true,"href":"https:\/\/conexion23.com\/index.php?rest_route=%2Fwp%2Fv2%2Fcomments&post=12858"}],"version-history":[{"count":1,"href":"https:\/\/conexion23.com\/index.php?rest_route=\/wp\/v2\/posts\/12858\/revisions"}],"predecessor-version":[{"id":12869,"href":"https:\/\/conexion23.com\/index.php?rest_route=\/wp\/v2\/posts\/12858\/revisions\/12869"}],"wp:attachment":[{"href":"https:\/\/conexion23.com\/index.php?rest_route=%2Fwp%2Fv2%2Fmedia&parent=12858"}],"wp:term":[{"taxonomy":"category","embeddable":true,"href":"https:\/\/conexion23.com\/index.php?rest_route=%2Fwp%2Fv2%2Fcategories&post=12858"},{"taxonomy":"post_tag","embeddable":true,"href":"https:\/\/conexion23.com\/index.php?rest_route=%2Fwp%2Fv2%2Ftags&post=12858"}],"curies":[{"name":"wp","href":"https:\/\/api.w.org\/{rel}","templated":true}]}}