{"id":12860,"date":"2022-11-01T11:56:28","date_gmt":"2022-11-01T15:56:28","guid":{"rendered":"https:\/\/conexion23.com\/?p=12860"},"modified":"2022-11-01T11:56:34","modified_gmt":"2022-11-01T15:56:34","slug":"ministro-de-la-juventud-afirma-onguito-wa-no-es-un-referente-para-los-jovenes","status":"publish","type":"post","link":"https:\/\/conexion23.com\/?p=12860","title":{"rendered":"Ministro de la Juventud afirma Onguito Wa no es un referente para los j\u00f3venes"},"content":{"rendered":"\n<p class=\"wp-block-paragraph\">El ministro de la Juventud, Rafael Feliz Garc\u00eda, afirm\u00f3 que el exponente de m\u00fasica urbana \u201cOnguito Wa\u201d no es un reflejo de todos los j\u00f3venes de la Rep\u00fablica Dominicana, sin embargo, consider\u00f3 que s\u00ed lo es para un sector de la poblaci\u00f3n que lo valida y tiene como opci\u00f3n de progreso.<\/p>\n\n\n\n<p class=\"wp-block-paragraph\">\u201cCreo que no es el reflejo de todos los j\u00f3venes dominicanos, si es el reflejo de un sector de la poblaci\u00f3n que es humilde, y que lamentablemente se ha logrado bajo una categor\u00eda social que muchas personas denominan viral \u201c,&nbsp; expres\u00f3.<\/p>\n\n\n\n<p class=\"wp-block-paragraph\">Al ser entrevistado en el programa \u201cM\u00e1s Cerca\u201d, que se transmite por La Rocka 91.7 FM lament\u00f3 que en la actualidad lo que se hace viral son las malas acciones, y los medios de comunicaci\u00f3n colaboran para la viralizaci\u00f3n de estas.<\/p>\n\n\n\n<p class=\"wp-block-paragraph\">\u201cLamentablemente lo que no es morbo no genera reating, y lo que no genera reating no genera dinero, entonces en un modelo sumamente mercantilista como \u00e9ste, la comunicaci\u00f3n, simplemente no lo van a publicar\u201d.<\/p>\n","protected":false},"excerpt":{"rendered":"<p>El ministro de la Juventud, Rafael Feliz Garc\u00eda, afirm\u00f3 que el exponente de m\u00fasica urbana \u201cOnguito Wa\u201d no es un reflejo de todos los j\u00f3venes de la Rep\u00fablica Dominicana, sin embargo, consider\u00f3 que s\u00ed lo es para un sector de la poblaci\u00f3n que lo valida y tiene como opci\u00f3n de progreso. \u201cCreo que no es [&hellip;]<\/p>\n","protected":false},"author":15,"featured_media":0,"comment_status":"open","ping_status":"open","sticky":false,"template":"","format":"standard","meta":{"footnotes":""},"categories":[1],"tags":[],"class_list":["post-12860","post","type-post","status-publish","format-standard","category-uncategorized"],"yoast_head":"<!-- This site is optimized with the Yoast SEO plugin v27.6 - https:\/\/yoast.com\/product\/yoast-seo-wordpress\/ -->\n<title>Ministro de la Juventud afirma Onguito Wa no es un referente para los j\u00f3venes - Conexi\u00f3n 23<\/title>\n<meta name=\"robots\" content=\"index, follow, max-snippet:-1, max-image-preview:large, max-video-preview:-1\" \/>\n<link rel=\"canonical\" href=\"https:\/\/conexion23.com\/?p=12860\" \/>\n<meta property=\"og:locale\" content=\"es_ES\" \/>\n<meta property=\"og:type\" content=\"article\" \/>\n<meta property=\"og:title\" content=\"Ministro de la Juventud afirma Onguito Wa no es un referente para los j\u00f3venes - Conexi\u00f3n 23\" \/>\n<meta property=\"og:description\" content=\"El ministro de la Juventud, Rafael Feliz Garc\u00eda, afirm\u00f3 que el exponente de m\u00fasica urbana \u201cOnguito Wa\u201d no es un reflejo de todos los j\u00f3venes de la Rep\u00fablica Dominicana, sin embargo, consider\u00f3 que s\u00ed lo es para un sector de la poblaci\u00f3n que lo valida y tiene como opci\u00f3n de progreso. \u201cCreo que no es [&hellip;]\" \/>\n<meta property=\"og:url\" content=\"https:\/\/conexion23.com\/?p=12860\" \/>\n<meta property=\"og:site_name\" content=\"Conexi\u00f3n 23\" \/>\n<meta property=\"article:publisher\" content=\"https:\/\/www.facebook.com\/conexion23com\" \/>\n<meta property=\"article:published_time\" content=\"2022-11-01T15:56:28+00:00\" \/>\n<meta property=\"article:modified_time\" content=\"2022-11-01T15:56:34+00:00\" \/>\n<meta name=\"author\" content=\"Raffy Ben\u00edtez\" \/>\n<meta name=\"twitter:card\" content=\"summary_large_image\" \/>\n<meta name=\"twitter:label1\" content=\"Escrito por\" \/>\n\t<meta name=\"twitter:data1\" content=\"Raffy Ben\u00edtez\" \/>\n\t<meta name=\"twitter:label2\" content=\"Tiempo de lectura\" \/>\n\t<meta name=\"twitter:data2\" content=\"1 minuto\" \/>\n<script type=\"application\/ld+json\" class=\"yoast-schema-graph\">{\"@context\":\"https:\\\/\\\/schema.org\",\"@graph\":[{\"@type\":\"Article\",\"@id\":\"https:\\\/\\\/conexion23.com\\\/?p=12860#article\",\"isPartOf\":{\"@id\":\"https:\\\/\\\/conexion23.com\\\/?p=12860\"},\"author\":{\"name\":\"Raffy Ben\u00edtez\",\"@id\":\"https:\\\/\\\/conexion23.com\\\/#\\\/schema\\\/person\\\/03e36043331117e97a373299bbcd30a6\"},\"headline\":\"Ministro de la Juventud afirma Onguito Wa no es un referente para los j\u00f3venes\",\"datePublished\":\"2022-11-01T15:56:28+00:00\",\"dateModified\":\"2022-11-01T15:56:34+00:00\",\"mainEntityOfPage\":{\"@id\":\"https:\\\/\\\/conexion23.com\\\/?p=12860\"},\"wordCount\":194,\"commentCount\":0,\"publisher\":{\"@id\":\"https:\\\/\\\/conexion23.com\\\/#organization\"},\"articleSection\":[\"Uncategorized\"],\"inLanguage\":\"es\",\"potentialAction\":[{\"@type\":\"CommentAction\",\"name\":\"Comment\",\"target\":[\"https:\\\/\\\/conexion23.com\\\/?p=12860#respond\"]}]},{\"@type\":\"WebPage\",\"@id\":\"https:\\\/\\\/conexion23.com\\\/?p=12860\",\"url\":\"https:\\\/\\\/conexion23.com\\\/?p=12860\",\"name\":\"Ministro de la Juventud afirma Onguito Wa no es un referente para los j\u00f3venes - Conexi\u00f3n 23\",\"isPartOf\":{\"@id\":\"https:\\\/\\\/conexion23.com\\\/#website\"},\"datePublished\":\"2022-11-01T15:56:28+00:00\",\"dateModified\":\"2022-11-01T15:56:34+00:00\",\"breadcrumb\":{\"@id\":\"https:\\\/\\\/conexion23.com\\\/?p=12860#breadcrumb\"},\"inLanguage\":\"es\",\"potentialAction\":[{\"@type\":\"ReadAction\",\"target\":[\"https:\\\/\\\/conexion23.com\\\/?p=12860\"]}]},{\"@type\":\"BreadcrumbList\",\"@id\":\"https:\\\/\\\/conexion23.com\\\/?p=12860#breadcrumb\",\"itemListElement\":[{\"@type\":\"ListItem\",\"position\":1,\"name\":\"Portada\",\"item\":\"https:\\\/\\\/conexion23.com\\\/\"},{\"@type\":\"ListItem\",\"position\":2,\"name\":\"Ministro de la Juventud afirma Onguito Wa no es un referente para los j\u00f3venes\"}]},{\"@type\":\"WebSite\",\"@id\":\"https:\\\/\\\/conexion23.com\\\/#website\",\"url\":\"https:\\\/\\\/conexion23.com\\\/\",\"name\":\"Conexi\u00f3n 23\",\"description\":\"Peri\u00f3dico 100% Petromacorisano\",\"publisher\":{\"@id\":\"https:\\\/\\\/conexion23.com\\\/#organization\"},\"potentialAction\":[{\"@type\":\"SearchAction\",\"target\":{\"@type\":\"EntryPoint\",\"urlTemplate\":\"https:\\\/\\\/conexion23.com\\\/?s={search_term_string}\"},\"query-input\":{\"@type\":\"PropertyValueSpecification\",\"valueRequired\":true,\"valueName\":\"search_term_string\"}}],\"inLanguage\":\"es\"},{\"@type\":\"Organization\",\"@id\":\"https:\\\/\\\/conexion23.com\\\/#organization\",\"name\":\"Conexion 23\",\"url\":\"https:\\\/\\\/conexion23.com\\\/\",\"logo\":{\"@type\":\"ImageObject\",\"inLanguage\":\"es\",\"@id\":\"https:\\\/\\\/conexion23.com\\\/#\\\/schema\\\/logo\\\/image\\\/\",\"url\":\"https:\\\/\\\/conexion23.com\\\/wp-content\\\/uploads\\\/2021\\\/11\\\/Diseno-sin-titulo-2.png\",\"contentUrl\":\"https:\\\/\\\/conexion23.com\\\/wp-content\\\/uploads\\\/2021\\\/11\\\/Diseno-sin-titulo-2.png\",\"width\":541,\"height\":90,\"caption\":\"Conexion 23\"},\"image\":{\"@id\":\"https:\\\/\\\/conexion23.com\\\/#\\\/schema\\\/logo\\\/image\\\/\"},\"sameAs\":[\"https:\\\/\\\/www.facebook.com\\\/conexion23com\",\"https:\\\/\\\/www.instagram.com\\\/conexion23com\\\/\",\"https:\\\/\\\/www.youtube.com\\\/channel\\\/UCYc7vxxFZMYLIHNsHHxPZ3Q\"]},{\"@type\":\"Person\",\"@id\":\"https:\\\/\\\/conexion23.com\\\/#\\\/schema\\\/person\\\/03e36043331117e97a373299bbcd30a6\",\"name\":\"Raffy Ben\u00edtez\",\"image\":{\"@type\":\"ImageObject\",\"inLanguage\":\"es\",\"@id\":\"https:\\\/\\\/secure.gravatar.com\\\/avatar\\\/3190a6a6c5e1b0327500f7d6c56b6242472ee6cb974cf09b401ee6b3b0798f23?s=96&d=mm&r=g\",\"url\":\"https:\\\/\\\/secure.gravatar.com\\\/avatar\\\/3190a6a6c5e1b0327500f7d6c56b6242472ee6cb974cf09b401ee6b3b0798f23?s=96&d=mm&r=g\",\"contentUrl\":\"https:\\\/\\\/secure.gravatar.com\\\/avatar\\\/3190a6a6c5e1b0327500f7d6c56b6242472ee6cb974cf09b401ee6b3b0798f23?s=96&d=mm&r=g\",\"caption\":\"Raffy Ben\u00edtez\"},\"url\":\"https:\\\/\\\/conexion23.com\\\/?author=15\"}]}<\/script>\n<!-- \/ Yoast SEO plugin. -->","yoast_head_json":{"title":"Ministro de la Juventud afirma Onguito Wa no es un referente para los j\u00f3venes - Conexi\u00f3n 23","robots":{"index":"index","follow":"follow","max-snippet":"max-snippet:-1","max-image-preview":"max-image-preview:large","max-video-preview":"max-video-preview:-1"},"canonical":"https:\/\/conexion23.com\/?p=12860","og_locale":"es_ES","og_type":"article","og_title":"Ministro de la Juventud afirma Onguito Wa no es un referente para los j\u00f3venes - Conexi\u00f3n 23","og_description":"El ministro de la Juventud, Rafael Feliz Garc\u00eda, afirm\u00f3 que el exponente de m\u00fasica urbana \u201cOnguito Wa\u201d no es un reflejo de todos los j\u00f3venes de la Rep\u00fablica Dominicana, sin embargo, consider\u00f3 que s\u00ed lo es para un sector de la poblaci\u00f3n que lo valida y tiene como opci\u00f3n de progreso. \u201cCreo que no es [&hellip;]","og_url":"https:\/\/conexion23.com\/?p=12860","og_site_name":"Conexi\u00f3n 23","article_publisher":"https:\/\/www.facebook.com\/conexion23com","article_published_time":"2022-11-01T15:56:28+00:00","article_modified_time":"2022-11-01T15:56:34+00:00","author":"Raffy Ben\u00edtez","twitter_card":"summary_large_image","twitter_misc":{"Escrito por":"Raffy Ben\u00edtez","Tiempo de lectura":"1 minuto"},"schema":{"@context":"https:\/\/schema.org","@graph":[{"@type":"Article","@id":"https:\/\/conexion23.com\/?p=12860#article","isPartOf":{"@id":"https:\/\/conexion23.com\/?p=12860"},"author":{"name":"Raffy Ben\u00edtez","@id":"https:\/\/conexion23.com\/#\/schema\/person\/03e36043331117e97a373299bbcd30a6"},"headline":"Ministro de la Juventud afirma Onguito Wa no es un referente para los j\u00f3venes","datePublished":"2022-11-01T15:56:28+00:00","dateModified":"2022-11-01T15:56:34+00:00","mainEntityOfPage":{"@id":"https:\/\/conexion23.com\/?p=12860"},"wordCount":194,"commentCount":0,"publisher":{"@id":"https:\/\/conexion23.com\/#organization"},"articleSection":["Uncategorized"],"inLanguage":"es","potentialAction":[{"@type":"CommentAction","name":"Comment","target":["https:\/\/conexion23.com\/?p=12860#respond"]}]},{"@type":"WebPage","@id":"https:\/\/conexion23.com\/?p=12860","url":"https:\/\/conexion23.com\/?p=12860","name":"Ministro de la Juventud afirma Onguito Wa no es un referente para los j\u00f3venes - Conexi\u00f3n 23","isPartOf":{"@id":"https:\/\/conexion23.com\/#website"},"datePublished":"2022-11-01T15:56:28+00:00","dateModified":"2022-11-01T15:56:34+00:00","breadcrumb":{"@id":"https:\/\/conexion23.com\/?p=12860#breadcrumb"},"inLanguage":"es","potentialAction":[{"@type":"ReadAction","target":["https:\/\/conexion23.com\/?p=12860"]}]},{"@type":"BreadcrumbList","@id":"https:\/\/conexion23.com\/?p=12860#breadcrumb","itemListElement":[{"@type":"ListItem","position":1,"name":"Portada","item":"https:\/\/conexion23.com\/"},{"@type":"ListItem","position":2,"name":"Ministro de la Juventud afirma Onguito Wa no es un referente para los j\u00f3venes"}]},{"@type":"WebSite","@id":"https:\/\/conexion23.com\/#website","url":"https:\/\/conexion23.com\/","name":"Conexi\u00f3n 23","description":"Peri\u00f3dico 100% Petromacorisano","publisher":{"@id":"https:\/\/conexion23.com\/#organization"},"potentialAction":[{"@type":"SearchAction","target":{"@type":"EntryPoint","urlTemplate":"https:\/\/conexion23.com\/?s={search_term_string}"},"query-input":{"@type":"PropertyValueSpecification","valueRequired":true,"valueName":"search_term_string"}}],"inLanguage":"es"},{"@type":"Organization","@id":"https:\/\/conexion23.com\/#organization","name":"Conexion 23","url":"https:\/\/conexion23.com\/","logo":{"@type":"ImageObject","inLanguage":"es","@id":"https:\/\/conexion23.com\/#\/schema\/logo\/image\/","url":"https:\/\/conexion23.com\/wp-content\/uploads\/2021\/11\/Diseno-sin-titulo-2.png","contentUrl":"https:\/\/conexion23.com\/wp-content\/uploads\/2021\/11\/Diseno-sin-titulo-2.png","width":541,"height":90,"caption":"Conexion 23"},"image":{"@id":"https:\/\/conexion23.com\/#\/schema\/logo\/image\/"},"sameAs":["https:\/\/www.facebook.com\/conexion23com","https:\/\/www.instagram.com\/conexion23com\/","https:\/\/www.youtube.com\/channel\/UCYc7vxxFZMYLIHNsHHxPZ3Q"]},{"@type":"Person","@id":"https:\/\/conexion23.com\/#\/schema\/person\/03e36043331117e97a373299bbcd30a6","name":"Raffy Ben\u00edtez","image":{"@type":"ImageObject","inLanguage":"es","@id":"https:\/\/secure.gravatar.com\/avatar\/3190a6a6c5e1b0327500f7d6c56b6242472ee6cb974cf09b401ee6b3b0798f23?s=96&d=mm&r=g","url":"https:\/\/secure.gravatar.com\/avatar\/3190a6a6c5e1b0327500f7d6c56b6242472ee6cb974cf09b401ee6b3b0798f23?s=96&d=mm&r=g","contentUrl":"https:\/\/secure.gravatar.com\/avatar\/3190a6a6c5e1b0327500f7d6c56b6242472ee6cb974cf09b401ee6b3b0798f23?s=96&d=mm&r=g","caption":"Raffy Ben\u00edtez"},"url":"https:\/\/conexion23.com\/?author=15"}]}},"_links":{"self":[{"href":"https:\/\/conexion23.com\/index.php?rest_route=\/wp\/v2\/posts\/12860","targetHints":{"allow":["GET"]}}],"collection":[{"href":"https:\/\/conexion23.com\/index.php?rest_route=\/wp\/v2\/posts"}],"about":[{"href":"https:\/\/conexion23.com\/index.php?rest_route=\/wp\/v2\/types\/post"}],"author":[{"embeddable":true,"href":"https:\/\/conexion23.com\/index.php?rest_route=\/wp\/v2\/users\/15"}],"replies":[{"embeddable":true,"href":"https:\/\/conexion23.com\/index.php?rest_route=%2Fwp%2Fv2%2Fcomments&post=12860"}],"version-history":[{"count":1,"href":"https:\/\/conexion23.com\/index.php?rest_route=\/wp\/v2\/posts\/12860\/revisions"}],"predecessor-version":[{"id":12862,"href":"https:\/\/conexion23.com\/index.php?rest_route=\/wp\/v2\/posts\/12860\/revisions\/12862"}],"wp:attachment":[{"href":"https:\/\/conexion23.com\/index.php?rest_route=%2Fwp%2Fv2%2Fmedia&parent=12860"}],"wp:term":[{"taxonomy":"category","embeddable":true,"href":"https:\/\/conexion23.com\/index.php?rest_route=%2Fwp%2Fv2%2Fcategories&post=12860"},{"taxonomy":"post_tag","embeddable":true,"href":"https:\/\/conexion23.com\/index.php?rest_route=%2Fwp%2Fv2%2Ftags&post=12860"}],"curies":[{"name":"wp","href":"https:\/\/api.w.org\/{rel}","templated":true}]}}