{"id":12866,"date":"2022-11-01T12:25:16","date_gmt":"2022-11-01T16:25:16","guid":{"rendered":"https:\/\/conexion23.com\/?p=12866"},"modified":"2022-11-01T12:25:27","modified_gmt":"2022-11-01T16:25:27","slug":"honduras-activa-sus-alertas-ante-las-lluvias-que-dejara-la-tormenta-lisa","status":"publish","type":"post","link":"https:\/\/conexion23.com\/?p=12866","title":{"rendered":"Honduras activa sus alertas ante las lluvias que dejar\u00e1 la tormenta Lisa"},"content":{"rendered":"\n<p class=\"wp-block-paragraph\">La Comisi\u00f3n Permanente de Contingencias de Honduras (Copeco) activ\u00f3 este martes las alertas m\u00e1xima (roja) y preventivas (verde y amarilla) durante 48 horas ante las lluvias que dejar\u00e1 la tormenta tropical Lisa, que podr\u00eda convertirse el mi\u00e9rcoles en hurac\u00e1n con categor\u00eda 1 en el Caribe.<\/p>\n\n\n\n<p class=\"wp-block-paragraph\">La alerta roja fue declarada para el departamento de Islas de la Bah\u00eda, que conforman Roat\u00e1n, Utila y Guanaja, donde se registrar\u00edan precipitaciones de hasta 200 mil\u00edmetros, mientras que en tierra firme oscilar\u00edan entre 100 y 150 mil\u00edmetros, seg\u00fan el organismo de protecci\u00f3n civil.<\/p>\n\n\n\n<p class=\"wp-block-paragraph\">La Copeco indic\u00f3 en un comunicado que la alerta amarilla (de vigilancia) regir\u00e1 para los departamentos de Gracias a Dios, lim\u00edtrofe con Nicaragua; Col\u00f3n, Atl\u00e1ntida y Cort\u00e9s, el \u00faltimo colindante con Guatemala.<\/p>\n\n\n\n<p class=\"wp-block-paragraph\">En alerta verde (preventiva) permanecer\u00e1n los 13 restantes departamentos, de los 18 que tiene el pa\u00eds.<\/p>\n\n\n\n<p class=\"wp-block-paragraph\">Seg\u00fan las proyecciones de la Copeco, a las primeras horas de hoy la tormenta tropical estaba a unos 200 kil\u00f3metros al este del cabo de Gracias a Dios, pero sus lluvias comenzar\u00e1n a afectar a Honduras en horas de la noche de este martes.<\/p>\n\n\n\n<p class=\"wp-block-paragraph\">El fen\u00f3meno, que se desplaza a 22 kil\u00f3metros por hora, con vientos que podr\u00edan superar los 100 kil\u00f3metros por hora, se podr\u00eda convertir en hurac\u00e1n en la regi\u00f3n caribe\u00f1a de Honduras, cerca de las Islas de la Bah\u00eda.<\/p>\n\n\n\n<p class=\"wp-block-paragraph\">El caudal de los r\u00edos y quebradas de los departamentos costeros (Gracias a Dios, Col\u00f3n, Atl\u00e1ntida y Cort\u00e9s) aumentar\u00e1 a causa de las lluvias que dejar\u00e1 Lisa, se\u00f1al\u00f3 la Copeco.<\/p>\n\n\n\n<p class=\"wp-block-paragraph\">El Centro Nacional de Huracanes (NHC) de EE.UU. inform\u00f3 de que la tormenta tropical Lisa, con vientos de 45 millas por hora (75 kil\u00f3metros por hora), pasar\u00e1 este martes al sur de las islas Caim\u00e1n rumbo hacia el oeste y se espera que ma\u00f1ana est\u00e9 cerca de las Islas de la Bah\u00eda de Honduras y de Belice.<\/p>\n\n\n\n<p class=\"wp-block-paragraph\">Adem\u00e1s, el NHC advirti\u00f3 de que no s\u00f3lo esa zona, sino la pen\u00ednsula de Yucat\u00e1n, incluyendo el sureste de M\u00e9xico, debe prestar atenci\u00f3n al avance de Lisa, que podr\u00eda ser un hurac\u00e1n de categor\u00eda 1 a primeras horas del mi\u00e9rcoles 2 de noviembre.<\/p>\n","protected":false},"excerpt":{"rendered":"<p>La Comisi\u00f3n Permanente de Contingencias de Honduras (Copeco) activ\u00f3 este martes las alertas m\u00e1xima (roja) y preventivas (verde y amarilla) durante 48 horas ante las lluvias que dejar\u00e1 la tormenta tropical Lisa, que podr\u00eda convertirse el mi\u00e9rcoles en hurac\u00e1n con categor\u00eda 1 en el Caribe. La alerta roja fue declarada para el departamento de Islas [&hellip;]<\/p>\n","protected":false},"author":15,"featured_media":0,"comment_status":"open","ping_status":"open","sticky":false,"template":"","format":"standard","meta":{"footnotes":""},"categories":[1],"tags":[],"class_list":["post-12866","post","type-post","status-publish","format-standard","category-uncategorized"],"yoast_head":"<!-- This site is optimized with the Yoast SEO plugin v27.6 - https:\/\/yoast.com\/product\/yoast-seo-wordpress\/ -->\n<title>Honduras activa sus alertas ante las lluvias que dejar\u00e1 la tormenta Lisa - Conexi\u00f3n 23<\/title>\n<meta name=\"robots\" content=\"index, follow, max-snippet:-1, max-image-preview:large, max-video-preview:-1\" \/>\n<link rel=\"canonical\" href=\"https:\/\/conexion23.com\/?p=12866\" \/>\n<meta property=\"og:locale\" content=\"es_ES\" \/>\n<meta property=\"og:type\" content=\"article\" \/>\n<meta property=\"og:title\" content=\"Honduras activa sus alertas ante las lluvias que dejar\u00e1 la tormenta Lisa - Conexi\u00f3n 23\" \/>\n<meta property=\"og:description\" content=\"La Comisi\u00f3n Permanente de Contingencias de Honduras (Copeco) activ\u00f3 este martes las alertas m\u00e1xima (roja) y preventivas (verde y amarilla) durante 48 horas ante las lluvias que dejar\u00e1 la tormenta tropical Lisa, que podr\u00eda convertirse el mi\u00e9rcoles en hurac\u00e1n con categor\u00eda 1 en el Caribe. La alerta roja fue declarada para el departamento de Islas [&hellip;]\" \/>\n<meta property=\"og:url\" content=\"https:\/\/conexion23.com\/?p=12866\" \/>\n<meta property=\"og:site_name\" content=\"Conexi\u00f3n 23\" \/>\n<meta property=\"article:publisher\" content=\"https:\/\/www.facebook.com\/conexion23com\" \/>\n<meta property=\"article:published_time\" content=\"2022-11-01T16:25:16+00:00\" \/>\n<meta property=\"article:modified_time\" content=\"2022-11-01T16:25:27+00:00\" \/>\n<meta name=\"author\" content=\"Raffy Ben\u00edtez\" \/>\n<meta name=\"twitter:card\" content=\"summary_large_image\" \/>\n<meta name=\"twitter:label1\" content=\"Escrito por\" \/>\n\t<meta name=\"twitter:data1\" content=\"Raffy Ben\u00edtez\" \/>\n\t<meta name=\"twitter:label2\" content=\"Tiempo de lectura\" \/>\n\t<meta name=\"twitter:data2\" content=\"2 minutos\" \/>\n<script type=\"application\/ld+json\" class=\"yoast-schema-graph\">{\"@context\":\"https:\\\/\\\/schema.org\",\"@graph\":[{\"@type\":\"Article\",\"@id\":\"https:\\\/\\\/conexion23.com\\\/?p=12866#article\",\"isPartOf\":{\"@id\":\"https:\\\/\\\/conexion23.com\\\/?p=12866\"},\"author\":{\"name\":\"Raffy Ben\u00edtez\",\"@id\":\"https:\\\/\\\/conexion23.com\\\/#\\\/schema\\\/person\\\/03e36043331117e97a373299bbcd30a6\"},\"headline\":\"Honduras activa sus alertas ante las lluvias que dejar\u00e1 la tormenta Lisa\",\"datePublished\":\"2022-11-01T16:25:16+00:00\",\"dateModified\":\"2022-11-01T16:25:27+00:00\",\"mainEntityOfPage\":{\"@id\":\"https:\\\/\\\/conexion23.com\\\/?p=12866\"},\"wordCount\":399,\"commentCount\":0,\"publisher\":{\"@id\":\"https:\\\/\\\/conexion23.com\\\/#organization\"},\"articleSection\":[\"Uncategorized\"],\"inLanguage\":\"es\",\"potentialAction\":[{\"@type\":\"CommentAction\",\"name\":\"Comment\",\"target\":[\"https:\\\/\\\/conexion23.com\\\/?p=12866#respond\"]}]},{\"@type\":\"WebPage\",\"@id\":\"https:\\\/\\\/conexion23.com\\\/?p=12866\",\"url\":\"https:\\\/\\\/conexion23.com\\\/?p=12866\",\"name\":\"Honduras activa sus alertas ante las lluvias que dejar\u00e1 la tormenta Lisa - Conexi\u00f3n 23\",\"isPartOf\":{\"@id\":\"https:\\\/\\\/conexion23.com\\\/#website\"},\"datePublished\":\"2022-11-01T16:25:16+00:00\",\"dateModified\":\"2022-11-01T16:25:27+00:00\",\"breadcrumb\":{\"@id\":\"https:\\\/\\\/conexion23.com\\\/?p=12866#breadcrumb\"},\"inLanguage\":\"es\",\"potentialAction\":[{\"@type\":\"ReadAction\",\"target\":[\"https:\\\/\\\/conexion23.com\\\/?p=12866\"]}]},{\"@type\":\"BreadcrumbList\",\"@id\":\"https:\\\/\\\/conexion23.com\\\/?p=12866#breadcrumb\",\"itemListElement\":[{\"@type\":\"ListItem\",\"position\":1,\"name\":\"Portada\",\"item\":\"https:\\\/\\\/conexion23.com\\\/\"},{\"@type\":\"ListItem\",\"position\":2,\"name\":\"Honduras activa sus alertas ante las lluvias que dejar\u00e1 la tormenta Lisa\"}]},{\"@type\":\"WebSite\",\"@id\":\"https:\\\/\\\/conexion23.com\\\/#website\",\"url\":\"https:\\\/\\\/conexion23.com\\\/\",\"name\":\"Conexi\u00f3n 23\",\"description\":\"Peri\u00f3dico 100% Petromacorisano\",\"publisher\":{\"@id\":\"https:\\\/\\\/conexion23.com\\\/#organization\"},\"potentialAction\":[{\"@type\":\"SearchAction\",\"target\":{\"@type\":\"EntryPoint\",\"urlTemplate\":\"https:\\\/\\\/conexion23.com\\\/?s={search_term_string}\"},\"query-input\":{\"@type\":\"PropertyValueSpecification\",\"valueRequired\":true,\"valueName\":\"search_term_string\"}}],\"inLanguage\":\"es\"},{\"@type\":\"Organization\",\"@id\":\"https:\\\/\\\/conexion23.com\\\/#organization\",\"name\":\"Conexion 23\",\"url\":\"https:\\\/\\\/conexion23.com\\\/\",\"logo\":{\"@type\":\"ImageObject\",\"inLanguage\":\"es\",\"@id\":\"https:\\\/\\\/conexion23.com\\\/#\\\/schema\\\/logo\\\/image\\\/\",\"url\":\"https:\\\/\\\/conexion23.com\\\/wp-content\\\/uploads\\\/2021\\\/11\\\/Diseno-sin-titulo-2.png\",\"contentUrl\":\"https:\\\/\\\/conexion23.com\\\/wp-content\\\/uploads\\\/2021\\\/11\\\/Diseno-sin-titulo-2.png\",\"width\":541,\"height\":90,\"caption\":\"Conexion 23\"},\"image\":{\"@id\":\"https:\\\/\\\/conexion23.com\\\/#\\\/schema\\\/logo\\\/image\\\/\"},\"sameAs\":[\"https:\\\/\\\/www.facebook.com\\\/conexion23com\",\"https:\\\/\\\/www.instagram.com\\\/conexion23com\\\/\",\"https:\\\/\\\/www.youtube.com\\\/channel\\\/UCYc7vxxFZMYLIHNsHHxPZ3Q\"]},{\"@type\":\"Person\",\"@id\":\"https:\\\/\\\/conexion23.com\\\/#\\\/schema\\\/person\\\/03e36043331117e97a373299bbcd30a6\",\"name\":\"Raffy Ben\u00edtez\",\"image\":{\"@type\":\"ImageObject\",\"inLanguage\":\"es\",\"@id\":\"https:\\\/\\\/secure.gravatar.com\\\/avatar\\\/3190a6a6c5e1b0327500f7d6c56b6242472ee6cb974cf09b401ee6b3b0798f23?s=96&d=mm&r=g\",\"url\":\"https:\\\/\\\/secure.gravatar.com\\\/avatar\\\/3190a6a6c5e1b0327500f7d6c56b6242472ee6cb974cf09b401ee6b3b0798f23?s=96&d=mm&r=g\",\"contentUrl\":\"https:\\\/\\\/secure.gravatar.com\\\/avatar\\\/3190a6a6c5e1b0327500f7d6c56b6242472ee6cb974cf09b401ee6b3b0798f23?s=96&d=mm&r=g\",\"caption\":\"Raffy Ben\u00edtez\"},\"url\":\"https:\\\/\\\/conexion23.com\\\/?author=15\"}]}<\/script>\n<!-- \/ Yoast SEO plugin. -->","yoast_head_json":{"title":"Honduras activa sus alertas ante las lluvias que dejar\u00e1 la tormenta Lisa - Conexi\u00f3n 23","robots":{"index":"index","follow":"follow","max-snippet":"max-snippet:-1","max-image-preview":"max-image-preview:large","max-video-preview":"max-video-preview:-1"},"canonical":"https:\/\/conexion23.com\/?p=12866","og_locale":"es_ES","og_type":"article","og_title":"Honduras activa sus alertas ante las lluvias que dejar\u00e1 la tormenta Lisa - Conexi\u00f3n 23","og_description":"La Comisi\u00f3n Permanente de Contingencias de Honduras (Copeco) activ\u00f3 este martes las alertas m\u00e1xima (roja) y preventivas (verde y amarilla) durante 48 horas ante las lluvias que dejar\u00e1 la tormenta tropical Lisa, que podr\u00eda convertirse el mi\u00e9rcoles en hurac\u00e1n con categor\u00eda 1 en el Caribe. La alerta roja fue declarada para el departamento de Islas [&hellip;]","og_url":"https:\/\/conexion23.com\/?p=12866","og_site_name":"Conexi\u00f3n 23","article_publisher":"https:\/\/www.facebook.com\/conexion23com","article_published_time":"2022-11-01T16:25:16+00:00","article_modified_time":"2022-11-01T16:25:27+00:00","author":"Raffy Ben\u00edtez","twitter_card":"summary_large_image","twitter_misc":{"Escrito por":"Raffy Ben\u00edtez","Tiempo de lectura":"2 minutos"},"schema":{"@context":"https:\/\/schema.org","@graph":[{"@type":"Article","@id":"https:\/\/conexion23.com\/?p=12866#article","isPartOf":{"@id":"https:\/\/conexion23.com\/?p=12866"},"author":{"name":"Raffy Ben\u00edtez","@id":"https:\/\/conexion23.com\/#\/schema\/person\/03e36043331117e97a373299bbcd30a6"},"headline":"Honduras activa sus alertas ante las lluvias que dejar\u00e1 la tormenta Lisa","datePublished":"2022-11-01T16:25:16+00:00","dateModified":"2022-11-01T16:25:27+00:00","mainEntityOfPage":{"@id":"https:\/\/conexion23.com\/?p=12866"},"wordCount":399,"commentCount":0,"publisher":{"@id":"https:\/\/conexion23.com\/#organization"},"articleSection":["Uncategorized"],"inLanguage":"es","potentialAction":[{"@type":"CommentAction","name":"Comment","target":["https:\/\/conexion23.com\/?p=12866#respond"]}]},{"@type":"WebPage","@id":"https:\/\/conexion23.com\/?p=12866","url":"https:\/\/conexion23.com\/?p=12866","name":"Honduras activa sus alertas ante las lluvias que dejar\u00e1 la tormenta Lisa - Conexi\u00f3n 23","isPartOf":{"@id":"https:\/\/conexion23.com\/#website"},"datePublished":"2022-11-01T16:25:16+00:00","dateModified":"2022-11-01T16:25:27+00:00","breadcrumb":{"@id":"https:\/\/conexion23.com\/?p=12866#breadcrumb"},"inLanguage":"es","potentialAction":[{"@type":"ReadAction","target":["https:\/\/conexion23.com\/?p=12866"]}]},{"@type":"BreadcrumbList","@id":"https:\/\/conexion23.com\/?p=12866#breadcrumb","itemListElement":[{"@type":"ListItem","position":1,"name":"Portada","item":"https:\/\/conexion23.com\/"},{"@type":"ListItem","position":2,"name":"Honduras activa sus alertas ante las lluvias que dejar\u00e1 la tormenta Lisa"}]},{"@type":"WebSite","@id":"https:\/\/conexion23.com\/#website","url":"https:\/\/conexion23.com\/","name":"Conexi\u00f3n 23","description":"Peri\u00f3dico 100% Petromacorisano","publisher":{"@id":"https:\/\/conexion23.com\/#organization"},"potentialAction":[{"@type":"SearchAction","target":{"@type":"EntryPoint","urlTemplate":"https:\/\/conexion23.com\/?s={search_term_string}"},"query-input":{"@type":"PropertyValueSpecification","valueRequired":true,"valueName":"search_term_string"}}],"inLanguage":"es"},{"@type":"Organization","@id":"https:\/\/conexion23.com\/#organization","name":"Conexion 23","url":"https:\/\/conexion23.com\/","logo":{"@type":"ImageObject","inLanguage":"es","@id":"https:\/\/conexion23.com\/#\/schema\/logo\/image\/","url":"https:\/\/conexion23.com\/wp-content\/uploads\/2021\/11\/Diseno-sin-titulo-2.png","contentUrl":"https:\/\/conexion23.com\/wp-content\/uploads\/2021\/11\/Diseno-sin-titulo-2.png","width":541,"height":90,"caption":"Conexion 23"},"image":{"@id":"https:\/\/conexion23.com\/#\/schema\/logo\/image\/"},"sameAs":["https:\/\/www.facebook.com\/conexion23com","https:\/\/www.instagram.com\/conexion23com\/","https:\/\/www.youtube.com\/channel\/UCYc7vxxFZMYLIHNsHHxPZ3Q"]},{"@type":"Person","@id":"https:\/\/conexion23.com\/#\/schema\/person\/03e36043331117e97a373299bbcd30a6","name":"Raffy Ben\u00edtez","image":{"@type":"ImageObject","inLanguage":"es","@id":"https:\/\/secure.gravatar.com\/avatar\/3190a6a6c5e1b0327500f7d6c56b6242472ee6cb974cf09b401ee6b3b0798f23?s=96&d=mm&r=g","url":"https:\/\/secure.gravatar.com\/avatar\/3190a6a6c5e1b0327500f7d6c56b6242472ee6cb974cf09b401ee6b3b0798f23?s=96&d=mm&r=g","contentUrl":"https:\/\/secure.gravatar.com\/avatar\/3190a6a6c5e1b0327500f7d6c56b6242472ee6cb974cf09b401ee6b3b0798f23?s=96&d=mm&r=g","caption":"Raffy Ben\u00edtez"},"url":"https:\/\/conexion23.com\/?author=15"}]}},"_links":{"self":[{"href":"https:\/\/conexion23.com\/index.php?rest_route=\/wp\/v2\/posts\/12866","targetHints":{"allow":["GET"]}}],"collection":[{"href":"https:\/\/conexion23.com\/index.php?rest_route=\/wp\/v2\/posts"}],"about":[{"href":"https:\/\/conexion23.com\/index.php?rest_route=\/wp\/v2\/types\/post"}],"author":[{"embeddable":true,"href":"https:\/\/conexion23.com\/index.php?rest_route=\/wp\/v2\/users\/15"}],"replies":[{"embeddable":true,"href":"https:\/\/conexion23.com\/index.php?rest_route=%2Fwp%2Fv2%2Fcomments&post=12866"}],"version-history":[{"count":1,"href":"https:\/\/conexion23.com\/index.php?rest_route=\/wp\/v2\/posts\/12866\/revisions"}],"predecessor-version":[{"id":12872,"href":"https:\/\/conexion23.com\/index.php?rest_route=\/wp\/v2\/posts\/12866\/revisions\/12872"}],"wp:attachment":[{"href":"https:\/\/conexion23.com\/index.php?rest_route=%2Fwp%2Fv2%2Fmedia&parent=12866"}],"wp:term":[{"taxonomy":"category","embeddable":true,"href":"https:\/\/conexion23.com\/index.php?rest_route=%2Fwp%2Fv2%2Fcategories&post=12866"},{"taxonomy":"post_tag","embeddable":true,"href":"https:\/\/conexion23.com\/index.php?rest_route=%2Fwp%2Fv2%2Ftags&post=12866"}],"curies":[{"name":"wp","href":"https:\/\/api.w.org\/{rel}","templated":true}]}}