{"id":12870,"date":"2022-11-01T12:34:40","date_gmt":"2022-11-01T16:34:40","guid":{"rendered":"https:\/\/conexion23.com\/?p=12870"},"modified":"2022-11-01T12:34:46","modified_gmt":"2022-11-01T16:34:46","slug":"siguen-reclamos-por-mas-servicios-ars","status":"publish","type":"post","link":"https:\/\/conexion23.com\/?p=12870","title":{"rendered":"Siguen reclamos por m\u00e1s servicios ARS"},"content":{"rendered":"\n<p class=\"wp-block-paragraph\">En el d\u00eda de\u00a0ayer la Asociaci\u00f3n Nacional de Cl\u00ednicas y Hospitales Privados (ANDECLIP) tambi\u00e9n se uni\u00f3 a los reclamos  del Colegio M\u00e9dico Dominicano (CMD), quienes mantiene paralizados\u00a0 sus servicios en la zona norte del pa\u00eds como parte de las acciones de protestas que desarrolla para la mejor\u00eda en las condiciones en que participan los m\u00e9dicos en el Sistema Dominicano de Seguridad Social (SDSS).<\/p>\n\n\n\n<p class=\"wp-block-paragraph\">ANDECLIP demanda que las ARS ajusten las tarifas que pagan a los prestadores por los servicios que ofrecen a los afiliados, acorde al incremento que ha recibido la c\u00e1pita en los \u00faltimos 15 a\u00f1os, as\u00ed como que el sistema cumpla con la indexaci\u00f3n de acuerdo al \u00edndice por inflaci\u00f3n.<\/p>\n\n\n\n<p class=\"wp-block-paragraph\">En un comunicado, la entidad que agrupa a las cl\u00ednicas privadas dio un&nbsp; plazo hasta el lunes 07 de noviembre del presente a\u00f1o para que las ARS den respuestas al pliego de demandas que tanto ANDECLIP como el CMD han sometido. \u201cDe no dar una respuesta concreta nos reservamos el derecho (pese a que siempre hemos priorizado el di\u00e1logo) de apoyar de manera militante las acciones del CMD, que no excluye un paro total e indefinido de los servicios de salud (respetando \u00fanicamente las emergencias)\u201d.<\/p>\n\n\n\n<p class=\"wp-block-paragraph\">Entre las demandas de los m\u00e9dicos figuran adem\u00e1s, ampliar el cat\u00e1logo de cobertura de salud, mejores\u00a0 tarifas y honorarios por servicios prestados, y que las ARS no tengan la potestad de entregar c\u00f3digos de contratos a los m\u00e9dicos.<\/p>\n\n\n\n<p class=\"wp-block-paragraph\">Durante el d\u00eda de ayer y hoy, el gremio dispuso la paralizaci\u00f3n de los servicios a los afiliados al r\u00e9gimen contributivo de la Seguridad Social en los centros de salud de la regi\u00f3n Norte y pidi\u00f3 a los m\u00e9dicos atender los pacientes s\u00f3lo de forma privada y que le entreguen un recibo de pago por el servicio para que el afiliado pueda reclamar la devoluci\u00f3n en su ARS.<\/p>\n\n\n\n<p class=\"wp-block-paragraph\">Desde hace varias semanas el CMD viene realizando una serie de acciones de protestas que incluyen marchas y concentraciones, as\u00ed como la suspensi\u00f3n de servicios a la ARS Universal. Para este mi\u00e9rcoles tiene previsto una marcha en la regi\u00f3n Sur del pa\u00eds, siendo Azua el punto de reuni\u00f3n.<\/p>\n\n\n\n<p class=\"wp-block-paragraph\">En el comunicado dado a conocer este fin de semana, ANDECLIP recuerda que la Lley 87-01&nbsp; fue aprobada en 2001 y puesta en vigencia en el 2007 con el plan b\u00e1sico de salud, con una&nbsp; per c\u00e1pita inicial de unos RD$ 461.00 pero con un incremento escalonado y que al d\u00eda de hoy se sit\u00faa en RD$ 1,361.00.<\/p>\n\n\n\n<p class=\"wp-block-paragraph\">Esos recursos, indica, son transferidos en pagos puntuales cada mes a las diferentes ARS estatales y privadas del pa\u00eds, pero que pese a ese incremento, los proveedores o prestadores de servicios de salud (cl\u00ednicas, hospitales, centros diagn\u00f3sticos y m\u00e9dicos) solo han recibido una aumento de manera parcial en los servicios que ofrecen de entre un 0 a un 20% durante los 15 de vigencia de la seguridad social.<\/p>\n\n\n\n<p class=\"wp-block-paragraph\">\u201cEn esos 15 a\u00f1os, la inflaci\u00f3n acumulada es de unos 104% y apenas menos del 20 % se nos recompensado lo que representa una deuda acumulada de unos 84%\u201d, indica<\/p>\n","protected":false},"excerpt":{"rendered":"<p>En el d\u00eda de\u00a0ayer la Asociaci\u00f3n Nacional de Cl\u00ednicas y Hospitales Privados (ANDECLIP) tambi\u00e9n se uni\u00f3 a los reclamos del Colegio M\u00e9dico Dominicano (CMD), quienes mantiene paralizados\u00a0 sus servicios en la zona norte del pa\u00eds como parte de las acciones de protestas que desarrolla para la mejor\u00eda en las condiciones en que participan los m\u00e9dicos [&hellip;]<\/p>\n","protected":false},"author":15,"featured_media":0,"comment_status":"open","ping_status":"open","sticky":false,"template":"","format":"standard","meta":{"footnotes":""},"categories":[1],"tags":[],"class_list":["post-12870","post","type-post","status-publish","format-standard","category-uncategorized"],"yoast_head":"<!-- This site is optimized with the Yoast SEO plugin v27.6 - https:\/\/yoast.com\/product\/yoast-seo-wordpress\/ -->\n<title>Siguen reclamos por m\u00e1s servicios ARS - Conexi\u00f3n 23<\/title>\n<meta name=\"robots\" content=\"index, follow, max-snippet:-1, max-image-preview:large, max-video-preview:-1\" \/>\n<link rel=\"canonical\" href=\"https:\/\/conexion23.com\/?p=12870\" \/>\n<meta property=\"og:locale\" content=\"es_ES\" \/>\n<meta property=\"og:type\" content=\"article\" \/>\n<meta property=\"og:title\" content=\"Siguen reclamos por m\u00e1s servicios ARS - Conexi\u00f3n 23\" \/>\n<meta property=\"og:description\" content=\"En el d\u00eda de\u00a0ayer la Asociaci\u00f3n Nacional de Cl\u00ednicas y Hospitales Privados (ANDECLIP) tambi\u00e9n se uni\u00f3 a los reclamos del Colegio M\u00e9dico Dominicano (CMD), quienes mantiene paralizados\u00a0 sus servicios en la zona norte del pa\u00eds como parte de las acciones de protestas que desarrolla para la mejor\u00eda en las condiciones en que participan los m\u00e9dicos [&hellip;]\" \/>\n<meta property=\"og:url\" content=\"https:\/\/conexion23.com\/?p=12870\" \/>\n<meta property=\"og:site_name\" content=\"Conexi\u00f3n 23\" \/>\n<meta property=\"article:publisher\" content=\"https:\/\/www.facebook.com\/conexion23com\" \/>\n<meta property=\"article:published_time\" content=\"2022-11-01T16:34:40+00:00\" \/>\n<meta property=\"article:modified_time\" content=\"2022-11-01T16:34:46+00:00\" \/>\n<meta name=\"author\" content=\"Raffy Ben\u00edtez\" \/>\n<meta name=\"twitter:card\" content=\"summary_large_image\" \/>\n<meta name=\"twitter:label1\" content=\"Escrito por\" \/>\n\t<meta name=\"twitter:data1\" content=\"Raffy Ben\u00edtez\" \/>\n\t<meta name=\"twitter:label2\" content=\"Tiempo de lectura\" \/>\n\t<meta name=\"twitter:data2\" content=\"3 minutos\" \/>\n<script type=\"application\/ld+json\" class=\"yoast-schema-graph\">{\"@context\":\"https:\\\/\\\/schema.org\",\"@graph\":[{\"@type\":\"Article\",\"@id\":\"https:\\\/\\\/conexion23.com\\\/?p=12870#article\",\"isPartOf\":{\"@id\":\"https:\\\/\\\/conexion23.com\\\/?p=12870\"},\"author\":{\"name\":\"Raffy Ben\u00edtez\",\"@id\":\"https:\\\/\\\/conexion23.com\\\/#\\\/schema\\\/person\\\/03e36043331117e97a373299bbcd30a6\"},\"headline\":\"Siguen reclamos por m\u00e1s servicios ARS\",\"datePublished\":\"2022-11-01T16:34:40+00:00\",\"dateModified\":\"2022-11-01T16:34:46+00:00\",\"mainEntityOfPage\":{\"@id\":\"https:\\\/\\\/conexion23.com\\\/?p=12870\"},\"wordCount\":546,\"commentCount\":0,\"publisher\":{\"@id\":\"https:\\\/\\\/conexion23.com\\\/#organization\"},\"articleSection\":[\"Uncategorized\"],\"inLanguage\":\"es\",\"potentialAction\":[{\"@type\":\"CommentAction\",\"name\":\"Comment\",\"target\":[\"https:\\\/\\\/conexion23.com\\\/?p=12870#respond\"]}]},{\"@type\":\"WebPage\",\"@id\":\"https:\\\/\\\/conexion23.com\\\/?p=12870\",\"url\":\"https:\\\/\\\/conexion23.com\\\/?p=12870\",\"name\":\"Siguen reclamos por m\u00e1s servicios ARS - Conexi\u00f3n 23\",\"isPartOf\":{\"@id\":\"https:\\\/\\\/conexion23.com\\\/#website\"},\"datePublished\":\"2022-11-01T16:34:40+00:00\",\"dateModified\":\"2022-11-01T16:34:46+00:00\",\"breadcrumb\":{\"@id\":\"https:\\\/\\\/conexion23.com\\\/?p=12870#breadcrumb\"},\"inLanguage\":\"es\",\"potentialAction\":[{\"@type\":\"ReadAction\",\"target\":[\"https:\\\/\\\/conexion23.com\\\/?p=12870\"]}]},{\"@type\":\"BreadcrumbList\",\"@id\":\"https:\\\/\\\/conexion23.com\\\/?p=12870#breadcrumb\",\"itemListElement\":[{\"@type\":\"ListItem\",\"position\":1,\"name\":\"Portada\",\"item\":\"https:\\\/\\\/conexion23.com\\\/\"},{\"@type\":\"ListItem\",\"position\":2,\"name\":\"Siguen reclamos por m\u00e1s servicios ARS\"}]},{\"@type\":\"WebSite\",\"@id\":\"https:\\\/\\\/conexion23.com\\\/#website\",\"url\":\"https:\\\/\\\/conexion23.com\\\/\",\"name\":\"Conexi\u00f3n 23\",\"description\":\"Peri\u00f3dico 100% Petromacorisano\",\"publisher\":{\"@id\":\"https:\\\/\\\/conexion23.com\\\/#organization\"},\"potentialAction\":[{\"@type\":\"SearchAction\",\"target\":{\"@type\":\"EntryPoint\",\"urlTemplate\":\"https:\\\/\\\/conexion23.com\\\/?s={search_term_string}\"},\"query-input\":{\"@type\":\"PropertyValueSpecification\",\"valueRequired\":true,\"valueName\":\"search_term_string\"}}],\"inLanguage\":\"es\"},{\"@type\":\"Organization\",\"@id\":\"https:\\\/\\\/conexion23.com\\\/#organization\",\"name\":\"Conexion 23\",\"url\":\"https:\\\/\\\/conexion23.com\\\/\",\"logo\":{\"@type\":\"ImageObject\",\"inLanguage\":\"es\",\"@id\":\"https:\\\/\\\/conexion23.com\\\/#\\\/schema\\\/logo\\\/image\\\/\",\"url\":\"https:\\\/\\\/conexion23.com\\\/wp-content\\\/uploads\\\/2021\\\/11\\\/Diseno-sin-titulo-2.png\",\"contentUrl\":\"https:\\\/\\\/conexion23.com\\\/wp-content\\\/uploads\\\/2021\\\/11\\\/Diseno-sin-titulo-2.png\",\"width\":541,\"height\":90,\"caption\":\"Conexion 23\"},\"image\":{\"@id\":\"https:\\\/\\\/conexion23.com\\\/#\\\/schema\\\/logo\\\/image\\\/\"},\"sameAs\":[\"https:\\\/\\\/www.facebook.com\\\/conexion23com\",\"https:\\\/\\\/www.instagram.com\\\/conexion23com\\\/\",\"https:\\\/\\\/www.youtube.com\\\/channel\\\/UCYc7vxxFZMYLIHNsHHxPZ3Q\"]},{\"@type\":\"Person\",\"@id\":\"https:\\\/\\\/conexion23.com\\\/#\\\/schema\\\/person\\\/03e36043331117e97a373299bbcd30a6\",\"name\":\"Raffy Ben\u00edtez\",\"image\":{\"@type\":\"ImageObject\",\"inLanguage\":\"es\",\"@id\":\"https:\\\/\\\/secure.gravatar.com\\\/avatar\\\/3190a6a6c5e1b0327500f7d6c56b6242472ee6cb974cf09b401ee6b3b0798f23?s=96&d=mm&r=g\",\"url\":\"https:\\\/\\\/secure.gravatar.com\\\/avatar\\\/3190a6a6c5e1b0327500f7d6c56b6242472ee6cb974cf09b401ee6b3b0798f23?s=96&d=mm&r=g\",\"contentUrl\":\"https:\\\/\\\/secure.gravatar.com\\\/avatar\\\/3190a6a6c5e1b0327500f7d6c56b6242472ee6cb974cf09b401ee6b3b0798f23?s=96&d=mm&r=g\",\"caption\":\"Raffy Ben\u00edtez\"},\"url\":\"https:\\\/\\\/conexion23.com\\\/?author=15\"}]}<\/script>\n<!-- \/ Yoast SEO plugin. -->","yoast_head_json":{"title":"Siguen reclamos por m\u00e1s servicios ARS - Conexi\u00f3n 23","robots":{"index":"index","follow":"follow","max-snippet":"max-snippet:-1","max-image-preview":"max-image-preview:large","max-video-preview":"max-video-preview:-1"},"canonical":"https:\/\/conexion23.com\/?p=12870","og_locale":"es_ES","og_type":"article","og_title":"Siguen reclamos por m\u00e1s servicios ARS - Conexi\u00f3n 23","og_description":"En el d\u00eda de\u00a0ayer la Asociaci\u00f3n Nacional de Cl\u00ednicas y Hospitales Privados (ANDECLIP) tambi\u00e9n se uni\u00f3 a los reclamos del Colegio M\u00e9dico Dominicano (CMD), quienes mantiene paralizados\u00a0 sus servicios en la zona norte del pa\u00eds como parte de las acciones de protestas que desarrolla para la mejor\u00eda en las condiciones en que participan los m\u00e9dicos [&hellip;]","og_url":"https:\/\/conexion23.com\/?p=12870","og_site_name":"Conexi\u00f3n 23","article_publisher":"https:\/\/www.facebook.com\/conexion23com","article_published_time":"2022-11-01T16:34:40+00:00","article_modified_time":"2022-11-01T16:34:46+00:00","author":"Raffy Ben\u00edtez","twitter_card":"summary_large_image","twitter_misc":{"Escrito por":"Raffy Ben\u00edtez","Tiempo de lectura":"3 minutos"},"schema":{"@context":"https:\/\/schema.org","@graph":[{"@type":"Article","@id":"https:\/\/conexion23.com\/?p=12870#article","isPartOf":{"@id":"https:\/\/conexion23.com\/?p=12870"},"author":{"name":"Raffy Ben\u00edtez","@id":"https:\/\/conexion23.com\/#\/schema\/person\/03e36043331117e97a373299bbcd30a6"},"headline":"Siguen reclamos por m\u00e1s servicios ARS","datePublished":"2022-11-01T16:34:40+00:00","dateModified":"2022-11-01T16:34:46+00:00","mainEntityOfPage":{"@id":"https:\/\/conexion23.com\/?p=12870"},"wordCount":546,"commentCount":0,"publisher":{"@id":"https:\/\/conexion23.com\/#organization"},"articleSection":["Uncategorized"],"inLanguage":"es","potentialAction":[{"@type":"CommentAction","name":"Comment","target":["https:\/\/conexion23.com\/?p=12870#respond"]}]},{"@type":"WebPage","@id":"https:\/\/conexion23.com\/?p=12870","url":"https:\/\/conexion23.com\/?p=12870","name":"Siguen reclamos por m\u00e1s servicios ARS - Conexi\u00f3n 23","isPartOf":{"@id":"https:\/\/conexion23.com\/#website"},"datePublished":"2022-11-01T16:34:40+00:00","dateModified":"2022-11-01T16:34:46+00:00","breadcrumb":{"@id":"https:\/\/conexion23.com\/?p=12870#breadcrumb"},"inLanguage":"es","potentialAction":[{"@type":"ReadAction","target":["https:\/\/conexion23.com\/?p=12870"]}]},{"@type":"BreadcrumbList","@id":"https:\/\/conexion23.com\/?p=12870#breadcrumb","itemListElement":[{"@type":"ListItem","position":1,"name":"Portada","item":"https:\/\/conexion23.com\/"},{"@type":"ListItem","position":2,"name":"Siguen reclamos por m\u00e1s servicios ARS"}]},{"@type":"WebSite","@id":"https:\/\/conexion23.com\/#website","url":"https:\/\/conexion23.com\/","name":"Conexi\u00f3n 23","description":"Peri\u00f3dico 100% Petromacorisano","publisher":{"@id":"https:\/\/conexion23.com\/#organization"},"potentialAction":[{"@type":"SearchAction","target":{"@type":"EntryPoint","urlTemplate":"https:\/\/conexion23.com\/?s={search_term_string}"},"query-input":{"@type":"PropertyValueSpecification","valueRequired":true,"valueName":"search_term_string"}}],"inLanguage":"es"},{"@type":"Organization","@id":"https:\/\/conexion23.com\/#organization","name":"Conexion 23","url":"https:\/\/conexion23.com\/","logo":{"@type":"ImageObject","inLanguage":"es","@id":"https:\/\/conexion23.com\/#\/schema\/logo\/image\/","url":"https:\/\/conexion23.com\/wp-content\/uploads\/2021\/11\/Diseno-sin-titulo-2.png","contentUrl":"https:\/\/conexion23.com\/wp-content\/uploads\/2021\/11\/Diseno-sin-titulo-2.png","width":541,"height":90,"caption":"Conexion 23"},"image":{"@id":"https:\/\/conexion23.com\/#\/schema\/logo\/image\/"},"sameAs":["https:\/\/www.facebook.com\/conexion23com","https:\/\/www.instagram.com\/conexion23com\/","https:\/\/www.youtube.com\/channel\/UCYc7vxxFZMYLIHNsHHxPZ3Q"]},{"@type":"Person","@id":"https:\/\/conexion23.com\/#\/schema\/person\/03e36043331117e97a373299bbcd30a6","name":"Raffy Ben\u00edtez","image":{"@type":"ImageObject","inLanguage":"es","@id":"https:\/\/secure.gravatar.com\/avatar\/3190a6a6c5e1b0327500f7d6c56b6242472ee6cb974cf09b401ee6b3b0798f23?s=96&d=mm&r=g","url":"https:\/\/secure.gravatar.com\/avatar\/3190a6a6c5e1b0327500f7d6c56b6242472ee6cb974cf09b401ee6b3b0798f23?s=96&d=mm&r=g","contentUrl":"https:\/\/secure.gravatar.com\/avatar\/3190a6a6c5e1b0327500f7d6c56b6242472ee6cb974cf09b401ee6b3b0798f23?s=96&d=mm&r=g","caption":"Raffy Ben\u00edtez"},"url":"https:\/\/conexion23.com\/?author=15"}]}},"_links":{"self":[{"href":"https:\/\/conexion23.com\/index.php?rest_route=\/wp\/v2\/posts\/12870","targetHints":{"allow":["GET"]}}],"collection":[{"href":"https:\/\/conexion23.com\/index.php?rest_route=\/wp\/v2\/posts"}],"about":[{"href":"https:\/\/conexion23.com\/index.php?rest_route=\/wp\/v2\/types\/post"}],"author":[{"embeddable":true,"href":"https:\/\/conexion23.com\/index.php?rest_route=\/wp\/v2\/users\/15"}],"replies":[{"embeddable":true,"href":"https:\/\/conexion23.com\/index.php?rest_route=%2Fwp%2Fv2%2Fcomments&post=12870"}],"version-history":[{"count":1,"href":"https:\/\/conexion23.com\/index.php?rest_route=\/wp\/v2\/posts\/12870\/revisions"}],"predecessor-version":[{"id":12874,"href":"https:\/\/conexion23.com\/index.php?rest_route=\/wp\/v2\/posts\/12870\/revisions\/12874"}],"wp:attachment":[{"href":"https:\/\/conexion23.com\/index.php?rest_route=%2Fwp%2Fv2%2Fmedia&parent=12870"}],"wp:term":[{"taxonomy":"category","embeddable":true,"href":"https:\/\/conexion23.com\/index.php?rest_route=%2Fwp%2Fv2%2Fcategories&post=12870"},{"taxonomy":"post_tag","embeddable":true,"href":"https:\/\/conexion23.com\/index.php?rest_route=%2Fwp%2Fv2%2Ftags&post=12870"}],"curies":[{"name":"wp","href":"https:\/\/api.w.org\/{rel}","templated":true}]}}