{"id":12876,"date":"2022-11-01T15:49:21","date_gmt":"2022-11-01T19:49:21","guid":{"rendered":"https:\/\/conexion23.com\/?p=12876"},"modified":"2022-11-01T15:49:26","modified_gmt":"2022-11-01T19:49:26","slug":"el-senador-franklin-pena-agradece-al-estado-que-haya-tomado-en-cuenta-la-resolucion-sometida-por-el-en-el-2020-para-la-remodelacion-del-malecon-de-spm","status":"publish","type":"post","link":"https:\/\/conexion23.com\/?p=12876","title":{"rendered":"El Senador Franklin Pe\u00f1a agradece al Estado que haya tomado en cuenta la resoluci\u00f3n sometida por \u00e9l, en el 2020 para la remodelaci\u00f3n del malec\u00f3n de SPM."},"content":{"rendered":"\n<p class=\"wp-block-paragraph\">San Pedro de Macor\u00eds.<br>En la ma\u00f1ana de este domingo el senador Franklin Pe\u00f1a particip\u00f3 en el acto oficial de los inicios de remodelaci\u00f3n del malec\u00f3n de esta ciudad en compa\u00f1\u00eda del Ministro de Turismo David Collado, El alcalde Raymundo Ortiz, la Gobernadora Aracelis Villanueva y otras autoridades oficialistas.<\/p>\n\n\n\n<p class=\"wp-block-paragraph\">Se recuerda que el 25 de noviembre del 2020 el Senador Franklin Pe\u00f1a someti\u00f3 esa resoluci\u00f3n, la cual fue aprobada por el Senado de la Rep\u00fablica el 20 de octubre del a\u00f1o 2021.<\/p>\n\n\n\n<p class=\"wp-block-paragraph\">Copia de esta resoluci\u00f3n fue remitida al presidente Luis Abinader, por el presidente del Senado Ingeniero Eduardo Estrella, para que incluyera en el presupuesto general del estado la partida presupuestaria en virtud de que se iniciara la ejecuci\u00f3n de la obra en el a\u00f1o 2022.<\/p>\n\n\n\n<p class=\"wp-block-paragraph\">Esta consiste en la ampliaci\u00f3n, remodelaci\u00f3n y remozamiento del malec\u00f3n y su entorno, as\u00ed como la playa El Faro.<\/p>\n\n\n\n<p class=\"wp-block-paragraph\">En la actividad el Senador franklin Pe\u00f1a expres\u00f3, \u201cMe llena de orgullo ver c\u00f3mo un proyecto que asumimos con mucho car\u00e1cter fue aprobado en el senado de la Rep\u00fablica y hoy es una realidad, me place participar del primer picazo de lo que ser\u00e1 la reconstrucci\u00f3n de las infraestructuras recreativas del malec\u00f3n de nuestro querido San Pedro de Macor\u00eds\u201d.<\/p>\n\n\n\n<p class=\"wp-block-paragraph\">Por su parte el Ministro David Collado destac\u00f3 el impacto que tendr\u00e1 esta obra para los habitantes ya que se convertir\u00e1 en un destino tur\u00edstico, dijo que en el malec\u00f3n de San Pedro de Macor\u00eds se construir\u00e1n 18 m\u00f3dulos para los caseteros, una oficina de Politur, 60 mil metros en toda el \u00e1rea, entre otros arreglos.<\/p>\n","protected":false},"excerpt":{"rendered":"<p>San Pedro de Macor\u00eds.En la ma\u00f1ana de este domingo el senador Franklin Pe\u00f1a particip\u00f3 en el acto oficial de los inicios de remodelaci\u00f3n del malec\u00f3n de esta ciudad en compa\u00f1\u00eda del Ministro de Turismo David Collado, El alcalde Raymundo Ortiz, la Gobernadora Aracelis Villanueva y otras autoridades oficialistas. Se recuerda que el 25 de noviembre [&hellip;]<\/p>\n","protected":false},"author":15,"featured_media":0,"comment_status":"open","ping_status":"open","sticky":false,"template":"","format":"standard","meta":{"footnotes":""},"categories":[35],"tags":[],"class_list":["post-12876","post","type-post","status-publish","format-standard","category-spm"],"yoast_head":"<!-- This site is optimized with the Yoast SEO plugin v27.6 - https:\/\/yoast.com\/product\/yoast-seo-wordpress\/ -->\n<title>El Senador Franklin Pe\u00f1a agradece al Estado que haya tomado en cuenta la resoluci\u00f3n sometida por \u00e9l, en el 2020 para la remodelaci\u00f3n del malec\u00f3n de SPM. - Conexi\u00f3n 23<\/title>\n<meta name=\"robots\" content=\"index, follow, max-snippet:-1, max-image-preview:large, max-video-preview:-1\" \/>\n<link rel=\"canonical\" href=\"https:\/\/conexion23.com\/?p=12876\" \/>\n<meta property=\"og:locale\" content=\"es_ES\" \/>\n<meta property=\"og:type\" content=\"article\" \/>\n<meta property=\"og:title\" content=\"El Senador Franklin Pe\u00f1a agradece al Estado que haya tomado en cuenta la resoluci\u00f3n sometida por \u00e9l, en el 2020 para la remodelaci\u00f3n del malec\u00f3n de SPM. - Conexi\u00f3n 23\" \/>\n<meta property=\"og:description\" content=\"San Pedro de Macor\u00eds.En la ma\u00f1ana de este domingo el senador Franklin Pe\u00f1a particip\u00f3 en el acto oficial de los inicios de remodelaci\u00f3n del malec\u00f3n de esta ciudad en compa\u00f1\u00eda del Ministro de Turismo David Collado, El alcalde Raymundo Ortiz, la Gobernadora Aracelis Villanueva y otras autoridades oficialistas. Se recuerda que el 25 de noviembre [&hellip;]\" \/>\n<meta property=\"og:url\" content=\"https:\/\/conexion23.com\/?p=12876\" \/>\n<meta property=\"og:site_name\" content=\"Conexi\u00f3n 23\" \/>\n<meta property=\"article:publisher\" content=\"https:\/\/www.facebook.com\/conexion23com\" \/>\n<meta property=\"article:published_time\" content=\"2022-11-01T19:49:21+00:00\" \/>\n<meta property=\"article:modified_time\" content=\"2022-11-01T19:49:26+00:00\" \/>\n<meta name=\"author\" content=\"Raffy Ben\u00edtez\" \/>\n<meta name=\"twitter:card\" content=\"summary_large_image\" \/>\n<meta name=\"twitter:label1\" content=\"Escrito por\" \/>\n\t<meta name=\"twitter:data1\" content=\"Raffy Ben\u00edtez\" \/>\n\t<meta name=\"twitter:label2\" content=\"Tiempo de lectura\" \/>\n\t<meta name=\"twitter:data2\" content=\"2 minutos\" \/>\n<script type=\"application\/ld+json\" class=\"yoast-schema-graph\">{\"@context\":\"https:\\\/\\\/schema.org\",\"@graph\":[{\"@type\":\"Article\",\"@id\":\"https:\\\/\\\/conexion23.com\\\/?p=12876#article\",\"isPartOf\":{\"@id\":\"https:\\\/\\\/conexion23.com\\\/?p=12876\"},\"author\":{\"name\":\"Raffy Ben\u00edtez\",\"@id\":\"http:\\\/\\\/conexion23.com\\\/#\\\/schema\\\/person\\\/03e36043331117e97a373299bbcd30a6\"},\"headline\":\"El Senador Franklin Pe\u00f1a agradece al Estado que haya tomado en cuenta la resoluci\u00f3n sometida por \u00e9l, en el 2020 para la remodelaci\u00f3n del malec\u00f3n de SPM.\",\"datePublished\":\"2022-11-01T19:49:21+00:00\",\"dateModified\":\"2022-11-01T19:49:26+00:00\",\"mainEntityOfPage\":{\"@id\":\"https:\\\/\\\/conexion23.com\\\/?p=12876\"},\"wordCount\":312,\"commentCount\":0,\"publisher\":{\"@id\":\"http:\\\/\\\/conexion23.com\\\/#organization\"},\"articleSection\":[\"SPM\"],\"inLanguage\":\"es\",\"potentialAction\":[{\"@type\":\"CommentAction\",\"name\":\"Comment\",\"target\":[\"https:\\\/\\\/conexion23.com\\\/?p=12876#respond\"]}]},{\"@type\":\"WebPage\",\"@id\":\"https:\\\/\\\/conexion23.com\\\/?p=12876\",\"url\":\"https:\\\/\\\/conexion23.com\\\/?p=12876\",\"name\":\"El Senador Franklin Pe\u00f1a agradece al Estado que haya tomado en cuenta la resoluci\u00f3n sometida por \u00e9l, en el 2020 para la remodelaci\u00f3n del malec\u00f3n de SPM. - Conexi\u00f3n 23\",\"isPartOf\":{\"@id\":\"http:\\\/\\\/conexion23.com\\\/#website\"},\"datePublished\":\"2022-11-01T19:49:21+00:00\",\"dateModified\":\"2022-11-01T19:49:26+00:00\",\"breadcrumb\":{\"@id\":\"https:\\\/\\\/conexion23.com\\\/?p=12876#breadcrumb\"},\"inLanguage\":\"es\",\"potentialAction\":[{\"@type\":\"ReadAction\",\"target\":[\"https:\\\/\\\/conexion23.com\\\/?p=12876\"]}]},{\"@type\":\"BreadcrumbList\",\"@id\":\"https:\\\/\\\/conexion23.com\\\/?p=12876#breadcrumb\",\"itemListElement\":[{\"@type\":\"ListItem\",\"position\":1,\"name\":\"Portada\",\"item\":\"http:\\\/\\\/conexion23.com\\\/\"},{\"@type\":\"ListItem\",\"position\":2,\"name\":\"El Senador Franklin Pe\u00f1a agradece al Estado que haya tomado en cuenta la resoluci\u00f3n sometida por \u00e9l, en el 2020 para la remodelaci\u00f3n del malec\u00f3n de SPM.\"}]},{\"@type\":\"WebSite\",\"@id\":\"http:\\\/\\\/conexion23.com\\\/#website\",\"url\":\"http:\\\/\\\/conexion23.com\\\/\",\"name\":\"Conexi\u00f3n 23\",\"description\":\"Peri\u00f3dico 100% Petromacorisano\",\"publisher\":{\"@id\":\"http:\\\/\\\/conexion23.com\\\/#organization\"},\"potentialAction\":[{\"@type\":\"SearchAction\",\"target\":{\"@type\":\"EntryPoint\",\"urlTemplate\":\"http:\\\/\\\/conexion23.com\\\/?s={search_term_string}\"},\"query-input\":{\"@type\":\"PropertyValueSpecification\",\"valueRequired\":true,\"valueName\":\"search_term_string\"}}],\"inLanguage\":\"es\"},{\"@type\":\"Organization\",\"@id\":\"http:\\\/\\\/conexion23.com\\\/#organization\",\"name\":\"Conexion 23\",\"url\":\"http:\\\/\\\/conexion23.com\\\/\",\"logo\":{\"@type\":\"ImageObject\",\"inLanguage\":\"es\",\"@id\":\"http:\\\/\\\/conexion23.com\\\/#\\\/schema\\\/logo\\\/image\\\/\",\"url\":\"https:\\\/\\\/conexion23.com\\\/wp-content\\\/uploads\\\/2021\\\/11\\\/Diseno-sin-titulo-2.png\",\"contentUrl\":\"https:\\\/\\\/conexion23.com\\\/wp-content\\\/uploads\\\/2021\\\/11\\\/Diseno-sin-titulo-2.png\",\"width\":541,\"height\":90,\"caption\":\"Conexion 23\"},\"image\":{\"@id\":\"http:\\\/\\\/conexion23.com\\\/#\\\/schema\\\/logo\\\/image\\\/\"},\"sameAs\":[\"https:\\\/\\\/www.facebook.com\\\/conexion23com\",\"https:\\\/\\\/www.instagram.com\\\/conexion23com\\\/\",\"https:\\\/\\\/www.youtube.com\\\/channel\\\/UCYc7vxxFZMYLIHNsHHxPZ3Q\"]},{\"@type\":\"Person\",\"@id\":\"http:\\\/\\\/conexion23.com\\\/#\\\/schema\\\/person\\\/03e36043331117e97a373299bbcd30a6\",\"name\":\"Raffy Ben\u00edtez\",\"image\":{\"@type\":\"ImageObject\",\"inLanguage\":\"es\",\"@id\":\"https:\\\/\\\/secure.gravatar.com\\\/avatar\\\/3190a6a6c5e1b0327500f7d6c56b6242472ee6cb974cf09b401ee6b3b0798f23?s=96&d=mm&r=g\",\"url\":\"https:\\\/\\\/secure.gravatar.com\\\/avatar\\\/3190a6a6c5e1b0327500f7d6c56b6242472ee6cb974cf09b401ee6b3b0798f23?s=96&d=mm&r=g\",\"contentUrl\":\"https:\\\/\\\/secure.gravatar.com\\\/avatar\\\/3190a6a6c5e1b0327500f7d6c56b6242472ee6cb974cf09b401ee6b3b0798f23?s=96&d=mm&r=g\",\"caption\":\"Raffy Ben\u00edtez\"},\"url\":\"https:\\\/\\\/conexion23.com\\\/?author=15\"}]}<\/script>\n<!-- \/ Yoast SEO plugin. -->","yoast_head_json":{"title":"El Senador Franklin Pe\u00f1a agradece al Estado que haya tomado en cuenta la resoluci\u00f3n sometida por \u00e9l, en el 2020 para la remodelaci\u00f3n del malec\u00f3n de SPM. - Conexi\u00f3n 23","robots":{"index":"index","follow":"follow","max-snippet":"max-snippet:-1","max-image-preview":"max-image-preview:large","max-video-preview":"max-video-preview:-1"},"canonical":"https:\/\/conexion23.com\/?p=12876","og_locale":"es_ES","og_type":"article","og_title":"El Senador Franklin Pe\u00f1a agradece al Estado que haya tomado en cuenta la resoluci\u00f3n sometida por \u00e9l, en el 2020 para la remodelaci\u00f3n del malec\u00f3n de SPM. - Conexi\u00f3n 23","og_description":"San Pedro de Macor\u00eds.En la ma\u00f1ana de este domingo el senador Franklin Pe\u00f1a particip\u00f3 en el acto oficial de los inicios de remodelaci\u00f3n del malec\u00f3n de esta ciudad en compa\u00f1\u00eda del Ministro de Turismo David Collado, El alcalde Raymundo Ortiz, la Gobernadora Aracelis Villanueva y otras autoridades oficialistas. Se recuerda que el 25 de noviembre [&hellip;]","og_url":"https:\/\/conexion23.com\/?p=12876","og_site_name":"Conexi\u00f3n 23","article_publisher":"https:\/\/www.facebook.com\/conexion23com","article_published_time":"2022-11-01T19:49:21+00:00","article_modified_time":"2022-11-01T19:49:26+00:00","author":"Raffy Ben\u00edtez","twitter_card":"summary_large_image","twitter_misc":{"Escrito por":"Raffy Ben\u00edtez","Tiempo de lectura":"2 minutos"},"schema":{"@context":"https:\/\/schema.org","@graph":[{"@type":"Article","@id":"https:\/\/conexion23.com\/?p=12876#article","isPartOf":{"@id":"https:\/\/conexion23.com\/?p=12876"},"author":{"name":"Raffy Ben\u00edtez","@id":"http:\/\/conexion23.com\/#\/schema\/person\/03e36043331117e97a373299bbcd30a6"},"headline":"El Senador Franklin Pe\u00f1a agradece al Estado que haya tomado en cuenta la resoluci\u00f3n sometida por \u00e9l, en el 2020 para la remodelaci\u00f3n del malec\u00f3n de SPM.","datePublished":"2022-11-01T19:49:21+00:00","dateModified":"2022-11-01T19:49:26+00:00","mainEntityOfPage":{"@id":"https:\/\/conexion23.com\/?p=12876"},"wordCount":312,"commentCount":0,"publisher":{"@id":"http:\/\/conexion23.com\/#organization"},"articleSection":["SPM"],"inLanguage":"es","potentialAction":[{"@type":"CommentAction","name":"Comment","target":["https:\/\/conexion23.com\/?p=12876#respond"]}]},{"@type":"WebPage","@id":"https:\/\/conexion23.com\/?p=12876","url":"https:\/\/conexion23.com\/?p=12876","name":"El Senador Franklin Pe\u00f1a agradece al Estado que haya tomado en cuenta la resoluci\u00f3n sometida por \u00e9l, en el 2020 para la remodelaci\u00f3n del malec\u00f3n de SPM. - Conexi\u00f3n 23","isPartOf":{"@id":"http:\/\/conexion23.com\/#website"},"datePublished":"2022-11-01T19:49:21+00:00","dateModified":"2022-11-01T19:49:26+00:00","breadcrumb":{"@id":"https:\/\/conexion23.com\/?p=12876#breadcrumb"},"inLanguage":"es","potentialAction":[{"@type":"ReadAction","target":["https:\/\/conexion23.com\/?p=12876"]}]},{"@type":"BreadcrumbList","@id":"https:\/\/conexion23.com\/?p=12876#breadcrumb","itemListElement":[{"@type":"ListItem","position":1,"name":"Portada","item":"http:\/\/conexion23.com\/"},{"@type":"ListItem","position":2,"name":"El Senador Franklin Pe\u00f1a agradece al Estado que haya tomado en cuenta la resoluci\u00f3n sometida por \u00e9l, en el 2020 para la remodelaci\u00f3n del malec\u00f3n de SPM."}]},{"@type":"WebSite","@id":"http:\/\/conexion23.com\/#website","url":"http:\/\/conexion23.com\/","name":"Conexi\u00f3n 23","description":"Peri\u00f3dico 100% Petromacorisano","publisher":{"@id":"http:\/\/conexion23.com\/#organization"},"potentialAction":[{"@type":"SearchAction","target":{"@type":"EntryPoint","urlTemplate":"http:\/\/conexion23.com\/?s={search_term_string}"},"query-input":{"@type":"PropertyValueSpecification","valueRequired":true,"valueName":"search_term_string"}}],"inLanguage":"es"},{"@type":"Organization","@id":"http:\/\/conexion23.com\/#organization","name":"Conexion 23","url":"http:\/\/conexion23.com\/","logo":{"@type":"ImageObject","inLanguage":"es","@id":"http:\/\/conexion23.com\/#\/schema\/logo\/image\/","url":"https:\/\/conexion23.com\/wp-content\/uploads\/2021\/11\/Diseno-sin-titulo-2.png","contentUrl":"https:\/\/conexion23.com\/wp-content\/uploads\/2021\/11\/Diseno-sin-titulo-2.png","width":541,"height":90,"caption":"Conexion 23"},"image":{"@id":"http:\/\/conexion23.com\/#\/schema\/logo\/image\/"},"sameAs":["https:\/\/www.facebook.com\/conexion23com","https:\/\/www.instagram.com\/conexion23com\/","https:\/\/www.youtube.com\/channel\/UCYc7vxxFZMYLIHNsHHxPZ3Q"]},{"@type":"Person","@id":"http:\/\/conexion23.com\/#\/schema\/person\/03e36043331117e97a373299bbcd30a6","name":"Raffy Ben\u00edtez","image":{"@type":"ImageObject","inLanguage":"es","@id":"https:\/\/secure.gravatar.com\/avatar\/3190a6a6c5e1b0327500f7d6c56b6242472ee6cb974cf09b401ee6b3b0798f23?s=96&d=mm&r=g","url":"https:\/\/secure.gravatar.com\/avatar\/3190a6a6c5e1b0327500f7d6c56b6242472ee6cb974cf09b401ee6b3b0798f23?s=96&d=mm&r=g","contentUrl":"https:\/\/secure.gravatar.com\/avatar\/3190a6a6c5e1b0327500f7d6c56b6242472ee6cb974cf09b401ee6b3b0798f23?s=96&d=mm&r=g","caption":"Raffy Ben\u00edtez"},"url":"https:\/\/conexion23.com\/?author=15"}]}},"_links":{"self":[{"href":"https:\/\/conexion23.com\/index.php?rest_route=\/wp\/v2\/posts\/12876","targetHints":{"allow":["GET"]}}],"collection":[{"href":"https:\/\/conexion23.com\/index.php?rest_route=\/wp\/v2\/posts"}],"about":[{"href":"https:\/\/conexion23.com\/index.php?rest_route=\/wp\/v2\/types\/post"}],"author":[{"embeddable":true,"href":"https:\/\/conexion23.com\/index.php?rest_route=\/wp\/v2\/users\/15"}],"replies":[{"embeddable":true,"href":"https:\/\/conexion23.com\/index.php?rest_route=%2Fwp%2Fv2%2Fcomments&post=12876"}],"version-history":[{"count":1,"href":"https:\/\/conexion23.com\/index.php?rest_route=\/wp\/v2\/posts\/12876\/revisions"}],"predecessor-version":[{"id":12878,"href":"https:\/\/conexion23.com\/index.php?rest_route=\/wp\/v2\/posts\/12876\/revisions\/12878"}],"wp:attachment":[{"href":"https:\/\/conexion23.com\/index.php?rest_route=%2Fwp%2Fv2%2Fmedia&parent=12876"}],"wp:term":[{"taxonomy":"category","embeddable":true,"href":"https:\/\/conexion23.com\/index.php?rest_route=%2Fwp%2Fv2%2Fcategories&post=12876"},{"taxonomy":"post_tag","embeddable":true,"href":"https:\/\/conexion23.com\/index.php?rest_route=%2Fwp%2Fv2%2Ftags&post=12876"}],"curies":[{"name":"wp","href":"https:\/\/api.w.org\/{rel}","templated":true}]}}