{"id":12879,"date":"2022-11-01T15:52:58","date_gmt":"2022-11-01T19:52:58","guid":{"rendered":"https:\/\/conexion23.com\/?p=12879"},"modified":"2022-11-01T15:53:07","modified_gmt":"2022-11-01T19:53:07","slug":"delegacion-de-comunicadores-de-san-pedro-de-macoris-visita-el-senado-de-la-republica-invitados-por-el-senador-franklin-pena","status":"publish","type":"post","link":"https:\/\/conexion23.com\/?p=12879","title":{"rendered":"Delegaci\u00f3n de Comunicadores de San Pedro de Macor\u00eds Visita el Senado de la Rep\u00fablica invitados por el Senador Franklin Pe\u00f1a."},"content":{"rendered":"\n<p class=\"wp-block-paragraph\">Santo Domingo.<br>El Senado de la Rep\u00fablica recibi\u00f3 este lunes una delegaci\u00f3n integrada por 44 comunicadores de la provincia San Pedro de Macor\u00eds, en calidad de invitados especiales del Senador Franklin Isaias Pe\u00f1a Villalona, como parte del programa Visitas Guiadas.<\/p>\n\n\n\n<p class=\"wp-block-paragraph\">Los profesionales de la comunicaci\u00f3n fueron recibidos por un equipo del Departamento de Representaci\u00f3n del Senado en la explanada frontal del Congreso Nacional, desde donde iniciaron un recorrido por las \u00e1reas emblem\u00e1ticas de la C\u00e1mara Alta.<br>El recorrido inici\u00f3 con una charla sobre el significado hist\u00f3rico de los murales ubicados en la fachada del Congreso Nacional.<br>Luego visitaron un sal\u00f3n especial en donde compartieron con el senador Franklin Pe\u00f1a, el cual aprovech\u00f3 para explicar que para \u00e9l era de importancia dar a conocer lo que se hace en el senado y sus \u00e1reas m\u00e1s importantes, se\u00f1alando todo lo que trabaja un pol\u00edtico y lo dif\u00edcil que es desempe\u00f1ar esa labor, contrario a la idea generalizada que existe, de la poca valoraci\u00f3n que hay para este oficio, expresando que en su caso, es m\u00e1s dif\u00edcil ser politico que ser m\u00e9dico.<\/p>\n\n\n\n<figure class=\"wp-block-image size-large is-resized\"><img loading=\"lazy\" decoding=\"async\" src=\"https:\/\/conexion23.com\/wp-content\/uploads\/2022\/11\/77bd7f18-423f-4392-9653-efab3f1aa61a-1024x768.jpg\" alt=\"\" class=\"wp-image-12881\" width=\"822\" height=\"616\" \/><\/figure>\n\n\n\n<p class=\"wp-block-paragraph\"><br>Luego en el Sal\u00f3n Polivalente del Hemiciclo, los comunicadores se convirtieron en senadores por un d\u00eda y participaron en una sesi\u00f3n simulada junto al senador de la provincia San Pedro de Macor\u00eds, quien explic\u00f3 el funcionamiento de la C\u00e1mara Alta.<br>El comunicador Robert Benitez en representaci\u00f3n de los dem\u00e1s colegas agradeci\u00f3 al senador Franklin Pe\u00f1a y al Senado de la Rep\u00fablica por brindarles la oportunidad de conocer las instalaciones.\u201cEsta ha sido una experiencia importante, porque hemos recibido bastantes informaciones sobre el Senado, que Dios les permita seguir legislando en favor de cada provincia y el pa\u00eds\u201d, expres\u00f3 el comunicador.<\/p>\n\n\n\n<figure class=\"wp-block-gallery has-nested-images columns-default is-cropped wp-block-gallery-1 is-layout-flex wp-block-gallery-is-layout-flex\">\n<figure class=\"wp-block-image size-large\"><img decoding=\"async\" data-id=\"12882\" src=\"https:\/\/conexion23.com\/wp-content\/uploads\/2022\/11\/09d13750-b4ee-4607-bbe0-580a181a9962-1024x768.jpg\" alt=\"\" class=\"wp-image-12882\" \/><\/figure>\n<\/figure>\n\n\n\n<p class=\"wp-block-paragraph\">La delegaci\u00f3n visit\u00f3 adem\u00e1s, la Galer\u00eda de Expresidentes del Senado y el Sal\u00f3n de la Asamblea Nacional donde todos recibieron una constituci\u00f3n y explicaron de manera profesional el funcionamiento de ese solemne lugar.<br>La visita termin\u00f3 con un almuerzo en compa\u00f1\u00eda del Senador en un restaurante de la ciudad capital.<\/p>\n","protected":false},"excerpt":{"rendered":"<p>Santo Domingo.El Senado de la Rep\u00fablica recibi\u00f3 este lunes una delegaci\u00f3n integrada por 44 comunicadores de la provincia San Pedro de Macor\u00eds, en calidad de invitados especiales del Senador Franklin Isaias Pe\u00f1a Villalona, como parte del programa Visitas Guiadas. Los profesionales de la comunicaci\u00f3n fueron recibidos por un equipo del Departamento de Representaci\u00f3n del Senado [&hellip;]<\/p>\n","protected":false},"author":15,"featured_media":0,"comment_status":"open","ping_status":"open","sticky":false,"template":"","format":"standard","meta":{"footnotes":""},"categories":[1],"tags":[],"class_list":["post-12879","post","type-post","status-publish","format-standard","category-uncategorized"],"yoast_head":"<!-- This site is optimized with the Yoast SEO plugin v27.6 - https:\/\/yoast.com\/product\/yoast-seo-wordpress\/ -->\n<title>Delegaci\u00f3n de Comunicadores de San Pedro de Macor\u00eds Visita el Senado de la Rep\u00fablica invitados por el Senador Franklin Pe\u00f1a. - Conexi\u00f3n 23<\/title>\n<meta name=\"robots\" content=\"index, follow, max-snippet:-1, max-image-preview:large, max-video-preview:-1\" \/>\n<link rel=\"canonical\" href=\"https:\/\/conexion23.com\/?p=12879\" \/>\n<meta property=\"og:locale\" content=\"es_ES\" \/>\n<meta property=\"og:type\" content=\"article\" \/>\n<meta property=\"og:title\" content=\"Delegaci\u00f3n de Comunicadores de San Pedro de Macor\u00eds Visita el Senado de la Rep\u00fablica invitados por el Senador Franklin Pe\u00f1a. - Conexi\u00f3n 23\" \/>\n<meta property=\"og:description\" content=\"Santo Domingo.El Senado de la Rep\u00fablica recibi\u00f3 este lunes una delegaci\u00f3n integrada por 44 comunicadores de la provincia San Pedro de Macor\u00eds, en calidad de invitados especiales del Senador Franklin Isaias Pe\u00f1a Villalona, como parte del programa Visitas Guiadas. Los profesionales de la comunicaci\u00f3n fueron recibidos por un equipo del Departamento de Representaci\u00f3n del Senado [&hellip;]\" \/>\n<meta property=\"og:url\" content=\"https:\/\/conexion23.com\/?p=12879\" \/>\n<meta property=\"og:site_name\" content=\"Conexi\u00f3n 23\" \/>\n<meta property=\"article:publisher\" content=\"https:\/\/www.facebook.com\/conexion23com\" \/>\n<meta property=\"article:published_time\" content=\"2022-11-01T19:52:58+00:00\" \/>\n<meta property=\"article:modified_time\" content=\"2022-11-01T19:53:07+00:00\" \/>\n<meta property=\"og:image\" content=\"https:\/\/conexion23.com\/wp-content\/uploads\/2022\/11\/77bd7f18-423f-4392-9653-efab3f1aa61a-1024x768.jpg\" \/>\n<meta name=\"author\" content=\"Raffy Ben\u00edtez\" \/>\n<meta name=\"twitter:card\" content=\"summary_large_image\" \/>\n<meta name=\"twitter:label1\" content=\"Escrito por\" \/>\n\t<meta name=\"twitter:data1\" content=\"Raffy Ben\u00edtez\" \/>\n\t<meta name=\"twitter:label2\" content=\"Tiempo de lectura\" \/>\n\t<meta name=\"twitter:data2\" content=\"2 minutos\" \/>\n<script type=\"application\/ld+json\" class=\"yoast-schema-graph\">{\"@context\":\"https:\\\/\\\/schema.org\",\"@graph\":[{\"@type\":\"Article\",\"@id\":\"https:\\\/\\\/conexion23.com\\\/?p=12879#article\",\"isPartOf\":{\"@id\":\"https:\\\/\\\/conexion23.com\\\/?p=12879\"},\"author\":{\"name\":\"Raffy Ben\u00edtez\",\"@id\":\"http:\\\/\\\/conexion23.com\\\/#\\\/schema\\\/person\\\/03e36043331117e97a373299bbcd30a6\"},\"headline\":\"Delegaci\u00f3n de Comunicadores de San Pedro de Macor\u00eds Visita el Senado de la Rep\u00fablica invitados por el Senador Franklin Pe\u00f1a.\",\"datePublished\":\"2022-11-01T19:52:58+00:00\",\"dateModified\":\"2022-11-01T19:53:07+00:00\",\"mainEntityOfPage\":{\"@id\":\"https:\\\/\\\/conexion23.com\\\/?p=12879\"},\"wordCount\":388,\"commentCount\":0,\"publisher\":{\"@id\":\"http:\\\/\\\/conexion23.com\\\/#organization\"},\"image\":{\"@id\":\"https:\\\/\\\/conexion23.com\\\/?p=12879#primaryimage\"},\"thumbnailUrl\":\"https:\\\/\\\/conexion23.com\\\/wp-content\\\/uploads\\\/2022\\\/11\\\/77bd7f18-423f-4392-9653-efab3f1aa61a-1024x768.jpg\",\"articleSection\":[\"Uncategorized\"],\"inLanguage\":\"es\",\"potentialAction\":[{\"@type\":\"CommentAction\",\"name\":\"Comment\",\"target\":[\"https:\\\/\\\/conexion23.com\\\/?p=12879#respond\"]}]},{\"@type\":\"WebPage\",\"@id\":\"https:\\\/\\\/conexion23.com\\\/?p=12879\",\"url\":\"https:\\\/\\\/conexion23.com\\\/?p=12879\",\"name\":\"Delegaci\u00f3n de Comunicadores de San Pedro de Macor\u00eds Visita el Senado de la Rep\u00fablica invitados por el Senador Franklin Pe\u00f1a. - Conexi\u00f3n 23\",\"isPartOf\":{\"@id\":\"http:\\\/\\\/conexion23.com\\\/#website\"},\"primaryImageOfPage\":{\"@id\":\"https:\\\/\\\/conexion23.com\\\/?p=12879#primaryimage\"},\"image\":{\"@id\":\"https:\\\/\\\/conexion23.com\\\/?p=12879#primaryimage\"},\"thumbnailUrl\":\"https:\\\/\\\/conexion23.com\\\/wp-content\\\/uploads\\\/2022\\\/11\\\/77bd7f18-423f-4392-9653-efab3f1aa61a-1024x768.jpg\",\"datePublished\":\"2022-11-01T19:52:58+00:00\",\"dateModified\":\"2022-11-01T19:53:07+00:00\",\"breadcrumb\":{\"@id\":\"https:\\\/\\\/conexion23.com\\\/?p=12879#breadcrumb\"},\"inLanguage\":\"es\",\"potentialAction\":[{\"@type\":\"ReadAction\",\"target\":[\"https:\\\/\\\/conexion23.com\\\/?p=12879\"]}]},{\"@type\":\"ImageObject\",\"inLanguage\":\"es\",\"@id\":\"https:\\\/\\\/conexion23.com\\\/?p=12879#primaryimage\",\"url\":\"\",\"contentUrl\":\"\"},{\"@type\":\"BreadcrumbList\",\"@id\":\"https:\\\/\\\/conexion23.com\\\/?p=12879#breadcrumb\",\"itemListElement\":[{\"@type\":\"ListItem\",\"position\":1,\"name\":\"Portada\",\"item\":\"http:\\\/\\\/conexion23.com\\\/\"},{\"@type\":\"ListItem\",\"position\":2,\"name\":\"Delegaci\u00f3n de Comunicadores de San Pedro de Macor\u00eds Visita el Senado de la Rep\u00fablica invitados por el Senador Franklin Pe\u00f1a.\"}]},{\"@type\":\"WebSite\",\"@id\":\"http:\\\/\\\/conexion23.com\\\/#website\",\"url\":\"http:\\\/\\\/conexion23.com\\\/\",\"name\":\"Conexi\u00f3n 23\",\"description\":\"Peri\u00f3dico 100% Petromacorisano\",\"publisher\":{\"@id\":\"http:\\\/\\\/conexion23.com\\\/#organization\"},\"potentialAction\":[{\"@type\":\"SearchAction\",\"target\":{\"@type\":\"EntryPoint\",\"urlTemplate\":\"http:\\\/\\\/conexion23.com\\\/?s={search_term_string}\"},\"query-input\":{\"@type\":\"PropertyValueSpecification\",\"valueRequired\":true,\"valueName\":\"search_term_string\"}}],\"inLanguage\":\"es\"},{\"@type\":\"Organization\",\"@id\":\"http:\\\/\\\/conexion23.com\\\/#organization\",\"name\":\"Conexion 23\",\"url\":\"http:\\\/\\\/conexion23.com\\\/\",\"logo\":{\"@type\":\"ImageObject\",\"inLanguage\":\"es\",\"@id\":\"http:\\\/\\\/conexion23.com\\\/#\\\/schema\\\/logo\\\/image\\\/\",\"url\":\"https:\\\/\\\/conexion23.com\\\/wp-content\\\/uploads\\\/2021\\\/11\\\/Diseno-sin-titulo-2.png\",\"contentUrl\":\"https:\\\/\\\/conexion23.com\\\/wp-content\\\/uploads\\\/2021\\\/11\\\/Diseno-sin-titulo-2.png\",\"width\":541,\"height\":90,\"caption\":\"Conexion 23\"},\"image\":{\"@id\":\"http:\\\/\\\/conexion23.com\\\/#\\\/schema\\\/logo\\\/image\\\/\"},\"sameAs\":[\"https:\\\/\\\/www.facebook.com\\\/conexion23com\",\"https:\\\/\\\/www.instagram.com\\\/conexion23com\\\/\",\"https:\\\/\\\/www.youtube.com\\\/channel\\\/UCYc7vxxFZMYLIHNsHHxPZ3Q\"]},{\"@type\":\"Person\",\"@id\":\"http:\\\/\\\/conexion23.com\\\/#\\\/schema\\\/person\\\/03e36043331117e97a373299bbcd30a6\",\"name\":\"Raffy Ben\u00edtez\",\"image\":{\"@type\":\"ImageObject\",\"inLanguage\":\"es\",\"@id\":\"https:\\\/\\\/secure.gravatar.com\\\/avatar\\\/3190a6a6c5e1b0327500f7d6c56b6242472ee6cb974cf09b401ee6b3b0798f23?s=96&d=mm&r=g\",\"url\":\"https:\\\/\\\/secure.gravatar.com\\\/avatar\\\/3190a6a6c5e1b0327500f7d6c56b6242472ee6cb974cf09b401ee6b3b0798f23?s=96&d=mm&r=g\",\"contentUrl\":\"https:\\\/\\\/secure.gravatar.com\\\/avatar\\\/3190a6a6c5e1b0327500f7d6c56b6242472ee6cb974cf09b401ee6b3b0798f23?s=96&d=mm&r=g\",\"caption\":\"Raffy Ben\u00edtez\"},\"url\":\"https:\\\/\\\/conexion23.com\\\/?author=15\"}]}<\/script>\n<!-- \/ Yoast SEO plugin. -->","yoast_head_json":{"title":"Delegaci\u00f3n de Comunicadores de San Pedro de Macor\u00eds Visita el Senado de la Rep\u00fablica invitados por el Senador Franklin Pe\u00f1a. - Conexi\u00f3n 23","robots":{"index":"index","follow":"follow","max-snippet":"max-snippet:-1","max-image-preview":"max-image-preview:large","max-video-preview":"max-video-preview:-1"},"canonical":"https:\/\/conexion23.com\/?p=12879","og_locale":"es_ES","og_type":"article","og_title":"Delegaci\u00f3n de Comunicadores de San Pedro de Macor\u00eds Visita el Senado de la Rep\u00fablica invitados por el Senador Franklin Pe\u00f1a. - Conexi\u00f3n 23","og_description":"Santo Domingo.El Senado de la Rep\u00fablica recibi\u00f3 este lunes una delegaci\u00f3n integrada por 44 comunicadores de la provincia San Pedro de Macor\u00eds, en calidad de invitados especiales del Senador Franklin Isaias Pe\u00f1a Villalona, como parte del programa Visitas Guiadas. Los profesionales de la comunicaci\u00f3n fueron recibidos por un equipo del Departamento de Representaci\u00f3n del Senado [&hellip;]","og_url":"https:\/\/conexion23.com\/?p=12879","og_site_name":"Conexi\u00f3n 23","article_publisher":"https:\/\/www.facebook.com\/conexion23com","article_published_time":"2022-11-01T19:52:58+00:00","article_modified_time":"2022-11-01T19:53:07+00:00","og_image":[{"url":"https:\/\/conexion23.com\/wp-content\/uploads\/2022\/11\/77bd7f18-423f-4392-9653-efab3f1aa61a-1024x768.jpg","type":"","width":"","height":""}],"author":"Raffy Ben\u00edtez","twitter_card":"summary_large_image","twitter_misc":{"Escrito por":"Raffy Ben\u00edtez","Tiempo de lectura":"2 minutos"},"schema":{"@context":"https:\/\/schema.org","@graph":[{"@type":"Article","@id":"https:\/\/conexion23.com\/?p=12879#article","isPartOf":{"@id":"https:\/\/conexion23.com\/?p=12879"},"author":{"name":"Raffy Ben\u00edtez","@id":"http:\/\/conexion23.com\/#\/schema\/person\/03e36043331117e97a373299bbcd30a6"},"headline":"Delegaci\u00f3n de Comunicadores de San Pedro de Macor\u00eds Visita el Senado de la Rep\u00fablica invitados por el Senador Franklin Pe\u00f1a.","datePublished":"2022-11-01T19:52:58+00:00","dateModified":"2022-11-01T19:53:07+00:00","mainEntityOfPage":{"@id":"https:\/\/conexion23.com\/?p=12879"},"wordCount":388,"commentCount":0,"publisher":{"@id":"http:\/\/conexion23.com\/#organization"},"image":{"@id":"https:\/\/conexion23.com\/?p=12879#primaryimage"},"thumbnailUrl":"https:\/\/conexion23.com\/wp-content\/uploads\/2022\/11\/77bd7f18-423f-4392-9653-efab3f1aa61a-1024x768.jpg","articleSection":["Uncategorized"],"inLanguage":"es","potentialAction":[{"@type":"CommentAction","name":"Comment","target":["https:\/\/conexion23.com\/?p=12879#respond"]}]},{"@type":"WebPage","@id":"https:\/\/conexion23.com\/?p=12879","url":"https:\/\/conexion23.com\/?p=12879","name":"Delegaci\u00f3n de Comunicadores de San Pedro de Macor\u00eds Visita el Senado de la Rep\u00fablica invitados por el Senador Franklin Pe\u00f1a. - Conexi\u00f3n 23","isPartOf":{"@id":"http:\/\/conexion23.com\/#website"},"primaryImageOfPage":{"@id":"https:\/\/conexion23.com\/?p=12879#primaryimage"},"image":{"@id":"https:\/\/conexion23.com\/?p=12879#primaryimage"},"thumbnailUrl":"https:\/\/conexion23.com\/wp-content\/uploads\/2022\/11\/77bd7f18-423f-4392-9653-efab3f1aa61a-1024x768.jpg","datePublished":"2022-11-01T19:52:58+00:00","dateModified":"2022-11-01T19:53:07+00:00","breadcrumb":{"@id":"https:\/\/conexion23.com\/?p=12879#breadcrumb"},"inLanguage":"es","potentialAction":[{"@type":"ReadAction","target":["https:\/\/conexion23.com\/?p=12879"]}]},{"@type":"ImageObject","inLanguage":"es","@id":"https:\/\/conexion23.com\/?p=12879#primaryimage","url":"","contentUrl":""},{"@type":"BreadcrumbList","@id":"https:\/\/conexion23.com\/?p=12879#breadcrumb","itemListElement":[{"@type":"ListItem","position":1,"name":"Portada","item":"http:\/\/conexion23.com\/"},{"@type":"ListItem","position":2,"name":"Delegaci\u00f3n de Comunicadores de San Pedro de Macor\u00eds Visita el Senado de la Rep\u00fablica invitados por el Senador Franklin Pe\u00f1a."}]},{"@type":"WebSite","@id":"http:\/\/conexion23.com\/#website","url":"http:\/\/conexion23.com\/","name":"Conexi\u00f3n 23","description":"Peri\u00f3dico 100% Petromacorisano","publisher":{"@id":"http:\/\/conexion23.com\/#organization"},"potentialAction":[{"@type":"SearchAction","target":{"@type":"EntryPoint","urlTemplate":"http:\/\/conexion23.com\/?s={search_term_string}"},"query-input":{"@type":"PropertyValueSpecification","valueRequired":true,"valueName":"search_term_string"}}],"inLanguage":"es"},{"@type":"Organization","@id":"http:\/\/conexion23.com\/#organization","name":"Conexion 23","url":"http:\/\/conexion23.com\/","logo":{"@type":"ImageObject","inLanguage":"es","@id":"http:\/\/conexion23.com\/#\/schema\/logo\/image\/","url":"https:\/\/conexion23.com\/wp-content\/uploads\/2021\/11\/Diseno-sin-titulo-2.png","contentUrl":"https:\/\/conexion23.com\/wp-content\/uploads\/2021\/11\/Diseno-sin-titulo-2.png","width":541,"height":90,"caption":"Conexion 23"},"image":{"@id":"http:\/\/conexion23.com\/#\/schema\/logo\/image\/"},"sameAs":["https:\/\/www.facebook.com\/conexion23com","https:\/\/www.instagram.com\/conexion23com\/","https:\/\/www.youtube.com\/channel\/UCYc7vxxFZMYLIHNsHHxPZ3Q"]},{"@type":"Person","@id":"http:\/\/conexion23.com\/#\/schema\/person\/03e36043331117e97a373299bbcd30a6","name":"Raffy Ben\u00edtez","image":{"@type":"ImageObject","inLanguage":"es","@id":"https:\/\/secure.gravatar.com\/avatar\/3190a6a6c5e1b0327500f7d6c56b6242472ee6cb974cf09b401ee6b3b0798f23?s=96&d=mm&r=g","url":"https:\/\/secure.gravatar.com\/avatar\/3190a6a6c5e1b0327500f7d6c56b6242472ee6cb974cf09b401ee6b3b0798f23?s=96&d=mm&r=g","contentUrl":"https:\/\/secure.gravatar.com\/avatar\/3190a6a6c5e1b0327500f7d6c56b6242472ee6cb974cf09b401ee6b3b0798f23?s=96&d=mm&r=g","caption":"Raffy Ben\u00edtez"},"url":"https:\/\/conexion23.com\/?author=15"}]}},"_links":{"self":[{"href":"https:\/\/conexion23.com\/index.php?rest_route=\/wp\/v2\/posts\/12879","targetHints":{"allow":["GET"]}}],"collection":[{"href":"https:\/\/conexion23.com\/index.php?rest_route=\/wp\/v2\/posts"}],"about":[{"href":"https:\/\/conexion23.com\/index.php?rest_route=\/wp\/v2\/types\/post"}],"author":[{"embeddable":true,"href":"https:\/\/conexion23.com\/index.php?rest_route=\/wp\/v2\/users\/15"}],"replies":[{"embeddable":true,"href":"https:\/\/conexion23.com\/index.php?rest_route=%2Fwp%2Fv2%2Fcomments&post=12879"}],"version-history":[{"count":1,"href":"https:\/\/conexion23.com\/index.php?rest_route=\/wp\/v2\/posts\/12879\/revisions"}],"predecessor-version":[{"id":12883,"href":"https:\/\/conexion23.com\/index.php?rest_route=\/wp\/v2\/posts\/12879\/revisions\/12883"}],"wp:attachment":[{"href":"https:\/\/conexion23.com\/index.php?rest_route=%2Fwp%2Fv2%2Fmedia&parent=12879"}],"wp:term":[{"taxonomy":"category","embeddable":true,"href":"https:\/\/conexion23.com\/index.php?rest_route=%2Fwp%2Fv2%2Fcategories&post=12879"},{"taxonomy":"post_tag","embeddable":true,"href":"https:\/\/conexion23.com\/index.php?rest_route=%2Fwp%2Fv2%2Ftags&post=12879"}],"curies":[{"name":"wp","href":"https:\/\/api.w.org\/{rel}","templated":true}]}}