{"id":12884,"date":"2022-11-02T05:59:21","date_gmt":"2022-11-02T09:59:21","guid":{"rendered":"https:\/\/conexion23.com\/?p=12884"},"modified":"2022-11-02T05:59:33","modified_gmt":"2022-11-02T09:59:33","slug":"bolsonaro-al-fin-se-pronuncia-y-dice-que-seguira-fiel-a-la-constitucion","status":"publish","type":"post","link":"https:\/\/conexion23.com\/?p=12884","title":{"rendered":"Bolsonaro al fin se pronuncia y dice que \u201cseguir\u00e1 fiel a la Constituci\u00f3n\u201d"},"content":{"rendered":"\n<p class=\"wp-block-paragraph\">El presidente brasile\u00f1o, Jair Bolsonaro, se pronunci\u00f3 este martes sobre los resultados de los comicios del pasado domingo, pero sin aludir a la victoria de Luiz In\u00e1cio Lula da Silva, y asegur\u00f3 que \u00abseguir\u00e1 siendo fiel a la Constituci\u00f3n\u00bb.<\/p>\n\n\n\n<p class=\"wp-block-paragraph\">Bolsonaro perdi\u00f3 las elecciones por una diferencia de 1,8 puntos frente a Luiz In\u00e1cio Lula da Silva, y hasta ahora, 45 horas despu\u00e9s de confirmados los resultados, a\u00fan no se hab\u00eda pronunciado ni se le hab\u00eda visto en p\u00fablico desde la ma\u00f1ana del domingo, cuando vot\u00f3 en R\u00edo de Janeiro.<\/p>\n\n\n\n<p class=\"wp-block-paragraph\">En un pronunciamiento en su residencia oficial, Bolsonaro no hizo alusi\u00f3n al resultado, no reconoci\u00f3 su derrota ni cant\u00f3 victoria, ni tampoco tuvo el gesto democr\u00e1tico de felicitar al l\u00edder progresista, ya proclamado como presidente electo.<\/p>\n\n\n\n<p class=\"wp-block-paragraph\">S\u00ed agradeci\u00f3 a los 58 millones de electores que votaron por \u00e9l el pasado domingo y expres\u00f3 el \u00abhonor\u00bb que significa \u00abser el l\u00edder\u00bb de esas personas que, como \u00e9l, defienden los valores conservadores que est\u00e1n impresos en su lema: \u00abDios, Patria y Familia\u00bb.<\/p>\n\n\n\n<p class=\"wp-block-paragraph\">\u00abLa derecha surgi\u00f3 de verdad en este pa\u00eds\u00bb, declar\u00f3 arropado por ministros y parlamentarios de su base aliada.<\/p>\n\n\n\n<p class=\"wp-block-paragraph\">Tras la declaraci\u00f3n de Bolsonaro, el ministro de la Presidencia, Ciro Nogueira, quien es responsable en el Gobierno por el proceso de transici\u00f3n, s\u00ed se refiri\u00f3 a Lula como \u00abpresidente electo\u00bb.<\/p>\n\n\n\n<p class=\"wp-block-paragraph\">\u00abEn base a la ley, iniciaremos el proceso de transici\u00f3n\u00bb, indic\u00f3 Nogueira, con lo cual despej\u00f3 las dudas que a\u00fan hoy dej\u00f3 sembradas el l\u00edder de la ultraderecha en su pronunciamiento.<\/p>\n\n\n\n<p class=\"wp-block-paragraph\">En medio del silencio de Bolsonaro, grupos de camioneros han bloqueado carreteras en casi todo el pa\u00eds desde la madrugada del lunes y, seg\u00fan varios integrantes de ese movimiento, la protesta solo acabar\u00e1 cuando \u00abel Ej\u00e9rcito intervenga\u00bb para \u00abimpedir que vuelva el comunismo\u00bb.<\/p>\n\n\n\n<p class=\"wp-block-paragraph\">El triunfo de Lula ha sido reconocido por todas las instituciones del pa\u00eds, por todos los partidos, entidades empresariales y por m\u00e1s de un centenar de gobernantes extranjeros, que han felicitado al l\u00edder progresista o hasta ya han conversado con \u00e9l por tel\u00e9fono.<\/p>\n\n\n\n<p class=\"wp-block-paragraph\">El presidente de Argentina, Alberto Fern\u00e1ndez, incluso decidi\u00f3 viajar a Sao Paulo este lunes para saludar a Lula y felicitarlo personalmente.<\/p>\n","protected":false},"excerpt":{"rendered":"<p>El presidente brasile\u00f1o, Jair Bolsonaro, se pronunci\u00f3 este martes sobre los resultados de los comicios del pasado domingo, pero sin aludir a la victoria de Luiz In\u00e1cio Lula da Silva, y asegur\u00f3 que \u00abseguir\u00e1 siendo fiel a la Constituci\u00f3n\u00bb. Bolsonaro perdi\u00f3 las elecciones por una diferencia de 1,8 puntos frente a Luiz In\u00e1cio Lula da [&hellip;]<\/p>\n","protected":false},"author":15,"featured_media":0,"comment_status":"open","ping_status":"open","sticky":false,"template":"","format":"standard","meta":{"footnotes":""},"categories":[1],"tags":[],"class_list":["post-12884","post","type-post","status-publish","format-standard","category-uncategorized"],"yoast_head":"<!-- This site is optimized with the Yoast SEO plugin v27.6 - https:\/\/yoast.com\/product\/yoast-seo-wordpress\/ -->\n<title>Bolsonaro al fin se pronuncia y dice que \u201cseguir\u00e1 fiel a la Constituci\u00f3n\u201d - Conexi\u00f3n 23<\/title>\n<meta name=\"robots\" content=\"index, follow, max-snippet:-1, max-image-preview:large, max-video-preview:-1\" \/>\n<link rel=\"canonical\" href=\"https:\/\/conexion23.com\/?p=12884\" \/>\n<meta property=\"og:locale\" content=\"es_ES\" \/>\n<meta property=\"og:type\" content=\"article\" \/>\n<meta property=\"og:title\" content=\"Bolsonaro al fin se pronuncia y dice que \u201cseguir\u00e1 fiel a la Constituci\u00f3n\u201d - Conexi\u00f3n 23\" \/>\n<meta property=\"og:description\" content=\"El presidente brasile\u00f1o, Jair Bolsonaro, se pronunci\u00f3 este martes sobre los resultados de los comicios del pasado domingo, pero sin aludir a la victoria de Luiz In\u00e1cio Lula da Silva, y asegur\u00f3 que \u00abseguir\u00e1 siendo fiel a la Constituci\u00f3n\u00bb. Bolsonaro perdi\u00f3 las elecciones por una diferencia de 1,8 puntos frente a Luiz In\u00e1cio Lula da [&hellip;]\" \/>\n<meta property=\"og:url\" content=\"https:\/\/conexion23.com\/?p=12884\" \/>\n<meta property=\"og:site_name\" content=\"Conexi\u00f3n 23\" \/>\n<meta property=\"article:publisher\" content=\"https:\/\/www.facebook.com\/conexion23com\" \/>\n<meta property=\"article:published_time\" content=\"2022-11-02T09:59:21+00:00\" \/>\n<meta property=\"article:modified_time\" content=\"2022-11-02T09:59:33+00:00\" \/>\n<meta name=\"author\" content=\"Raffy Ben\u00edtez\" \/>\n<meta name=\"twitter:card\" content=\"summary_large_image\" \/>\n<meta name=\"twitter:label1\" content=\"Escrito por\" \/>\n\t<meta name=\"twitter:data1\" content=\"Raffy Ben\u00edtez\" \/>\n\t<meta name=\"twitter:label2\" content=\"Tiempo de lectura\" \/>\n\t<meta name=\"twitter:data2\" content=\"2 minutos\" \/>\n<script type=\"application\/ld+json\" class=\"yoast-schema-graph\">{\"@context\":\"https:\\\/\\\/schema.org\",\"@graph\":[{\"@type\":\"Article\",\"@id\":\"https:\\\/\\\/conexion23.com\\\/?p=12884#article\",\"isPartOf\":{\"@id\":\"https:\\\/\\\/conexion23.com\\\/?p=12884\"},\"author\":{\"name\":\"Raffy Ben\u00edtez\",\"@id\":\"https:\\\/\\\/conexion23.com\\\/#\\\/schema\\\/person\\\/03e36043331117e97a373299bbcd30a6\"},\"headline\":\"Bolsonaro al fin se pronuncia y dice que \u201cseguir\u00e1 fiel a la Constituci\u00f3n\u201d\",\"datePublished\":\"2022-11-02T09:59:21+00:00\",\"dateModified\":\"2022-11-02T09:59:33+00:00\",\"mainEntityOfPage\":{\"@id\":\"https:\\\/\\\/conexion23.com\\\/?p=12884\"},\"wordCount\":397,\"commentCount\":0,\"publisher\":{\"@id\":\"https:\\\/\\\/conexion23.com\\\/#organization\"},\"articleSection\":[\"Uncategorized\"],\"inLanguage\":\"es\",\"potentialAction\":[{\"@type\":\"CommentAction\",\"name\":\"Comment\",\"target\":[\"https:\\\/\\\/conexion23.com\\\/?p=12884#respond\"]}]},{\"@type\":\"WebPage\",\"@id\":\"https:\\\/\\\/conexion23.com\\\/?p=12884\",\"url\":\"https:\\\/\\\/conexion23.com\\\/?p=12884\",\"name\":\"Bolsonaro al fin se pronuncia y dice que \u201cseguir\u00e1 fiel a la Constituci\u00f3n\u201d - Conexi\u00f3n 23\",\"isPartOf\":{\"@id\":\"https:\\\/\\\/conexion23.com\\\/#website\"},\"datePublished\":\"2022-11-02T09:59:21+00:00\",\"dateModified\":\"2022-11-02T09:59:33+00:00\",\"breadcrumb\":{\"@id\":\"https:\\\/\\\/conexion23.com\\\/?p=12884#breadcrumb\"},\"inLanguage\":\"es\",\"potentialAction\":[{\"@type\":\"ReadAction\",\"target\":[\"https:\\\/\\\/conexion23.com\\\/?p=12884\"]}]},{\"@type\":\"BreadcrumbList\",\"@id\":\"https:\\\/\\\/conexion23.com\\\/?p=12884#breadcrumb\",\"itemListElement\":[{\"@type\":\"ListItem\",\"position\":1,\"name\":\"Portada\",\"item\":\"https:\\\/\\\/conexion23.com\\\/\"},{\"@type\":\"ListItem\",\"position\":2,\"name\":\"Bolsonaro al fin se pronuncia y dice que \u201cseguir\u00e1 fiel a la Constituci\u00f3n\u201d\"}]},{\"@type\":\"WebSite\",\"@id\":\"https:\\\/\\\/conexion23.com\\\/#website\",\"url\":\"https:\\\/\\\/conexion23.com\\\/\",\"name\":\"Conexi\u00f3n 23\",\"description\":\"Peri\u00f3dico 100% Petromacorisano\",\"publisher\":{\"@id\":\"https:\\\/\\\/conexion23.com\\\/#organization\"},\"potentialAction\":[{\"@type\":\"SearchAction\",\"target\":{\"@type\":\"EntryPoint\",\"urlTemplate\":\"https:\\\/\\\/conexion23.com\\\/?s={search_term_string}\"},\"query-input\":{\"@type\":\"PropertyValueSpecification\",\"valueRequired\":true,\"valueName\":\"search_term_string\"}}],\"inLanguage\":\"es\"},{\"@type\":\"Organization\",\"@id\":\"https:\\\/\\\/conexion23.com\\\/#organization\",\"name\":\"Conexion 23\",\"url\":\"https:\\\/\\\/conexion23.com\\\/\",\"logo\":{\"@type\":\"ImageObject\",\"inLanguage\":\"es\",\"@id\":\"https:\\\/\\\/conexion23.com\\\/#\\\/schema\\\/logo\\\/image\\\/\",\"url\":\"https:\\\/\\\/conexion23.com\\\/wp-content\\\/uploads\\\/2021\\\/11\\\/Diseno-sin-titulo-2.png\",\"contentUrl\":\"https:\\\/\\\/conexion23.com\\\/wp-content\\\/uploads\\\/2021\\\/11\\\/Diseno-sin-titulo-2.png\",\"width\":541,\"height\":90,\"caption\":\"Conexion 23\"},\"image\":{\"@id\":\"https:\\\/\\\/conexion23.com\\\/#\\\/schema\\\/logo\\\/image\\\/\"},\"sameAs\":[\"https:\\\/\\\/www.facebook.com\\\/conexion23com\",\"https:\\\/\\\/www.instagram.com\\\/conexion23com\\\/\",\"https:\\\/\\\/www.youtube.com\\\/channel\\\/UCYc7vxxFZMYLIHNsHHxPZ3Q\"]},{\"@type\":\"Person\",\"@id\":\"https:\\\/\\\/conexion23.com\\\/#\\\/schema\\\/person\\\/03e36043331117e97a373299bbcd30a6\",\"name\":\"Raffy Ben\u00edtez\",\"image\":{\"@type\":\"ImageObject\",\"inLanguage\":\"es\",\"@id\":\"https:\\\/\\\/secure.gravatar.com\\\/avatar\\\/3190a6a6c5e1b0327500f7d6c56b6242472ee6cb974cf09b401ee6b3b0798f23?s=96&d=mm&r=g\",\"url\":\"https:\\\/\\\/secure.gravatar.com\\\/avatar\\\/3190a6a6c5e1b0327500f7d6c56b6242472ee6cb974cf09b401ee6b3b0798f23?s=96&d=mm&r=g\",\"contentUrl\":\"https:\\\/\\\/secure.gravatar.com\\\/avatar\\\/3190a6a6c5e1b0327500f7d6c56b6242472ee6cb974cf09b401ee6b3b0798f23?s=96&d=mm&r=g\",\"caption\":\"Raffy Ben\u00edtez\"},\"url\":\"https:\\\/\\\/conexion23.com\\\/?author=15\"}]}<\/script>\n<!-- \/ Yoast SEO plugin. -->","yoast_head_json":{"title":"Bolsonaro al fin se pronuncia y dice que \u201cseguir\u00e1 fiel a la Constituci\u00f3n\u201d - Conexi\u00f3n 23","robots":{"index":"index","follow":"follow","max-snippet":"max-snippet:-1","max-image-preview":"max-image-preview:large","max-video-preview":"max-video-preview:-1"},"canonical":"https:\/\/conexion23.com\/?p=12884","og_locale":"es_ES","og_type":"article","og_title":"Bolsonaro al fin se pronuncia y dice que \u201cseguir\u00e1 fiel a la Constituci\u00f3n\u201d - Conexi\u00f3n 23","og_description":"El presidente brasile\u00f1o, Jair Bolsonaro, se pronunci\u00f3 este martes sobre los resultados de los comicios del pasado domingo, pero sin aludir a la victoria de Luiz In\u00e1cio Lula da Silva, y asegur\u00f3 que \u00abseguir\u00e1 siendo fiel a la Constituci\u00f3n\u00bb. Bolsonaro perdi\u00f3 las elecciones por una diferencia de 1,8 puntos frente a Luiz In\u00e1cio Lula da [&hellip;]","og_url":"https:\/\/conexion23.com\/?p=12884","og_site_name":"Conexi\u00f3n 23","article_publisher":"https:\/\/www.facebook.com\/conexion23com","article_published_time":"2022-11-02T09:59:21+00:00","article_modified_time":"2022-11-02T09:59:33+00:00","author":"Raffy Ben\u00edtez","twitter_card":"summary_large_image","twitter_misc":{"Escrito por":"Raffy Ben\u00edtez","Tiempo de lectura":"2 minutos"},"schema":{"@context":"https:\/\/schema.org","@graph":[{"@type":"Article","@id":"https:\/\/conexion23.com\/?p=12884#article","isPartOf":{"@id":"https:\/\/conexion23.com\/?p=12884"},"author":{"name":"Raffy Ben\u00edtez","@id":"https:\/\/conexion23.com\/#\/schema\/person\/03e36043331117e97a373299bbcd30a6"},"headline":"Bolsonaro al fin se pronuncia y dice que \u201cseguir\u00e1 fiel a la Constituci\u00f3n\u201d","datePublished":"2022-11-02T09:59:21+00:00","dateModified":"2022-11-02T09:59:33+00:00","mainEntityOfPage":{"@id":"https:\/\/conexion23.com\/?p=12884"},"wordCount":397,"commentCount":0,"publisher":{"@id":"https:\/\/conexion23.com\/#organization"},"articleSection":["Uncategorized"],"inLanguage":"es","potentialAction":[{"@type":"CommentAction","name":"Comment","target":["https:\/\/conexion23.com\/?p=12884#respond"]}]},{"@type":"WebPage","@id":"https:\/\/conexion23.com\/?p=12884","url":"https:\/\/conexion23.com\/?p=12884","name":"Bolsonaro al fin se pronuncia y dice que \u201cseguir\u00e1 fiel a la Constituci\u00f3n\u201d - Conexi\u00f3n 23","isPartOf":{"@id":"https:\/\/conexion23.com\/#website"},"datePublished":"2022-11-02T09:59:21+00:00","dateModified":"2022-11-02T09:59:33+00:00","breadcrumb":{"@id":"https:\/\/conexion23.com\/?p=12884#breadcrumb"},"inLanguage":"es","potentialAction":[{"@type":"ReadAction","target":["https:\/\/conexion23.com\/?p=12884"]}]},{"@type":"BreadcrumbList","@id":"https:\/\/conexion23.com\/?p=12884#breadcrumb","itemListElement":[{"@type":"ListItem","position":1,"name":"Portada","item":"https:\/\/conexion23.com\/"},{"@type":"ListItem","position":2,"name":"Bolsonaro al fin se pronuncia y dice que \u201cseguir\u00e1 fiel a la Constituci\u00f3n\u201d"}]},{"@type":"WebSite","@id":"https:\/\/conexion23.com\/#website","url":"https:\/\/conexion23.com\/","name":"Conexi\u00f3n 23","description":"Peri\u00f3dico 100% Petromacorisano","publisher":{"@id":"https:\/\/conexion23.com\/#organization"},"potentialAction":[{"@type":"SearchAction","target":{"@type":"EntryPoint","urlTemplate":"https:\/\/conexion23.com\/?s={search_term_string}"},"query-input":{"@type":"PropertyValueSpecification","valueRequired":true,"valueName":"search_term_string"}}],"inLanguage":"es"},{"@type":"Organization","@id":"https:\/\/conexion23.com\/#organization","name":"Conexion 23","url":"https:\/\/conexion23.com\/","logo":{"@type":"ImageObject","inLanguage":"es","@id":"https:\/\/conexion23.com\/#\/schema\/logo\/image\/","url":"https:\/\/conexion23.com\/wp-content\/uploads\/2021\/11\/Diseno-sin-titulo-2.png","contentUrl":"https:\/\/conexion23.com\/wp-content\/uploads\/2021\/11\/Diseno-sin-titulo-2.png","width":541,"height":90,"caption":"Conexion 23"},"image":{"@id":"https:\/\/conexion23.com\/#\/schema\/logo\/image\/"},"sameAs":["https:\/\/www.facebook.com\/conexion23com","https:\/\/www.instagram.com\/conexion23com\/","https:\/\/www.youtube.com\/channel\/UCYc7vxxFZMYLIHNsHHxPZ3Q"]},{"@type":"Person","@id":"https:\/\/conexion23.com\/#\/schema\/person\/03e36043331117e97a373299bbcd30a6","name":"Raffy Ben\u00edtez","image":{"@type":"ImageObject","inLanguage":"es","@id":"https:\/\/secure.gravatar.com\/avatar\/3190a6a6c5e1b0327500f7d6c56b6242472ee6cb974cf09b401ee6b3b0798f23?s=96&d=mm&r=g","url":"https:\/\/secure.gravatar.com\/avatar\/3190a6a6c5e1b0327500f7d6c56b6242472ee6cb974cf09b401ee6b3b0798f23?s=96&d=mm&r=g","contentUrl":"https:\/\/secure.gravatar.com\/avatar\/3190a6a6c5e1b0327500f7d6c56b6242472ee6cb974cf09b401ee6b3b0798f23?s=96&d=mm&r=g","caption":"Raffy Ben\u00edtez"},"url":"https:\/\/conexion23.com\/?author=15"}]}},"_links":{"self":[{"href":"https:\/\/conexion23.com\/index.php?rest_route=\/wp\/v2\/posts\/12884","targetHints":{"allow":["GET"]}}],"collection":[{"href":"https:\/\/conexion23.com\/index.php?rest_route=\/wp\/v2\/posts"}],"about":[{"href":"https:\/\/conexion23.com\/index.php?rest_route=\/wp\/v2\/types\/post"}],"author":[{"embeddable":true,"href":"https:\/\/conexion23.com\/index.php?rest_route=\/wp\/v2\/users\/15"}],"replies":[{"embeddable":true,"href":"https:\/\/conexion23.com\/index.php?rest_route=%2Fwp%2Fv2%2Fcomments&post=12884"}],"version-history":[{"count":1,"href":"https:\/\/conexion23.com\/index.php?rest_route=\/wp\/v2\/posts\/12884\/revisions"}],"predecessor-version":[{"id":12886,"href":"https:\/\/conexion23.com\/index.php?rest_route=\/wp\/v2\/posts\/12884\/revisions\/12886"}],"wp:attachment":[{"href":"https:\/\/conexion23.com\/index.php?rest_route=%2Fwp%2Fv2%2Fmedia&parent=12884"}],"wp:term":[{"taxonomy":"category","embeddable":true,"href":"https:\/\/conexion23.com\/index.php?rest_route=%2Fwp%2Fv2%2Fcategories&post=12884"},{"taxonomy":"post_tag","embeddable":true,"href":"https:\/\/conexion23.com\/index.php?rest_route=%2Fwp%2Fv2%2Ftags&post=12884"}],"curies":[{"name":"wp","href":"https:\/\/api.w.org\/{rel}","templated":true}]}}