{"id":12890,"date":"2022-11-02T06:14:00","date_gmt":"2022-11-02T10:14:00","guid":{"rendered":"https:\/\/conexion23.com\/?p=12890"},"modified":"2022-11-02T06:14:09","modified_gmt":"2022-11-02T10:14:09","slug":"el-dni-investigaria-amenaza-de-muerte-contra-el-ministro-de-educacion","status":"publish","type":"post","link":"https:\/\/conexion23.com\/?p=12890","title":{"rendered":"El DNI investigar\u00eda amenaza de muerte contra el ministro de Educaci\u00f3n"},"content":{"rendered":"\n<p class=\"wp-block-paragraph\">El Departamento Nacional de Investigaci\u00f3n (<strong>DNI<\/strong>) fue el organismo al que el&nbsp;<strong>ministro de Educaci\u00f3n<\/strong>,&nbsp;<strong>\u00c1ngel Hern\u00e1ndez<\/strong>, acudi\u00f3 para que investiguen una&nbsp;<strong>amenaza de muerte<\/strong>&nbsp;que recibi\u00f3 de un desconocido.<\/p>\n\n\n\n<p class=\"wp-block-paragraph\">A ra\u00edz de sus gestiones para esclarecer compras de utiler\u00eda escolar que se pagaron pero no se entregaron durante las gestiones de los ministros que le antecedieron, a Hern\u00e1ndez le habr\u00edan hecho llegar un papelito a trav\u00e9s de un tercero con un texto que dec\u00eda:&nbsp;<strong>\u201cal chino hay que darle un tiro\u201d<\/strong>. La revelaci\u00f3n la hizo el mismo funcionario la ma\u00f1ana de ayer en una entrevista televisada.<\/p>\n\n\n\n<p class=\"wp-block-paragraph\">\u201cHay que hacer una revisi\u00f3n seria de lo que ha pasado en el Ministerio de Educaci\u00f3n (Minerd); en lo personal,<strong>\u00a0yo incluso hasta recib\u00ed una amenaza.<\/strong>\u00a0Yo se la pas\u00e9 al\u00a0<strong>DNI<\/strong>\u201d, manifest\u00f3 Hern\u00e1ndez.<\/p>\n\n\n\n<p class=\"wp-block-paragraph\"><strong>Explic\u00f3 que el hecho ocurri\u00f3 hace aproximadamente un mes<\/strong>, cuando apenas ten\u00eda dos meses en el cargo.&nbsp;<em>El&nbsp;<strong>DNI<\/strong>&nbsp;no ha ofrecido informaci\u00f3n alguna sobre la investigaci\u00f3n.<\/em><\/p>\n\n\n\n<p class=\"wp-block-paragraph\">El expresidente&nbsp;<strong>Hip\u00f3lito Mej\u00eda<\/strong>&nbsp;rest\u00f3 importancia a la&nbsp;<strong>amenaza de muerte<\/strong>&nbsp;debido a que, seg\u00fan \u00e9l, a todos los que est\u00e1n en pol\u00edtica o alguna posici\u00f3n lo han amenazado.<\/p>\n","protected":false},"excerpt":{"rendered":"<p>El Departamento Nacional de Investigaci\u00f3n (DNI) fue el organismo al que el&nbsp;ministro de Educaci\u00f3n,&nbsp;\u00c1ngel Hern\u00e1ndez, acudi\u00f3 para que investiguen una&nbsp;amenaza de muerte&nbsp;que recibi\u00f3 de un desconocido. A ra\u00edz de sus gestiones para esclarecer compras de utiler\u00eda escolar que se pagaron pero no se entregaron durante las gestiones de los ministros que le antecedieron, a Hern\u00e1ndez [&hellip;]<\/p>\n","protected":false},"author":15,"featured_media":0,"comment_status":"open","ping_status":"open","sticky":false,"template":"","format":"standard","meta":{"footnotes":""},"categories":[1],"tags":[],"class_list":["post-12890","post","type-post","status-publish","format-standard","category-uncategorized"],"yoast_head":"<!-- This site is optimized with the Yoast SEO plugin v27.6 - https:\/\/yoast.com\/product\/yoast-seo-wordpress\/ -->\n<title>El DNI investigar\u00eda amenaza de muerte contra el ministro de Educaci\u00f3n - Conexi\u00f3n 23<\/title>\n<meta name=\"robots\" content=\"index, follow, max-snippet:-1, max-image-preview:large, max-video-preview:-1\" \/>\n<link rel=\"canonical\" href=\"https:\/\/conexion23.com\/?p=12890\" \/>\n<meta property=\"og:locale\" content=\"es_ES\" \/>\n<meta property=\"og:type\" content=\"article\" \/>\n<meta property=\"og:title\" content=\"El DNI investigar\u00eda amenaza de muerte contra el ministro de Educaci\u00f3n - Conexi\u00f3n 23\" \/>\n<meta property=\"og:description\" content=\"El Departamento Nacional de Investigaci\u00f3n (DNI) fue el organismo al que el&nbsp;ministro de Educaci\u00f3n,&nbsp;\u00c1ngel Hern\u00e1ndez, acudi\u00f3 para que investiguen una&nbsp;amenaza de muerte&nbsp;que recibi\u00f3 de un desconocido. A ra\u00edz de sus gestiones para esclarecer compras de utiler\u00eda escolar que se pagaron pero no se entregaron durante las gestiones de los ministros que le antecedieron, a Hern\u00e1ndez [&hellip;]\" \/>\n<meta property=\"og:url\" content=\"https:\/\/conexion23.com\/?p=12890\" \/>\n<meta property=\"og:site_name\" content=\"Conexi\u00f3n 23\" \/>\n<meta property=\"article:publisher\" content=\"https:\/\/www.facebook.com\/conexion23com\" \/>\n<meta property=\"article:published_time\" content=\"2022-11-02T10:14:00+00:00\" \/>\n<meta property=\"article:modified_time\" content=\"2022-11-02T10:14:09+00:00\" \/>\n<meta name=\"author\" content=\"Raffy Ben\u00edtez\" \/>\n<meta name=\"twitter:card\" content=\"summary_large_image\" \/>\n<meta name=\"twitter:label1\" content=\"Escrito por\" \/>\n\t<meta name=\"twitter:data1\" content=\"Raffy Ben\u00edtez\" \/>\n\t<meta name=\"twitter:label2\" content=\"Tiempo de lectura\" \/>\n\t<meta name=\"twitter:data2\" content=\"1 minuto\" \/>\n<script type=\"application\/ld+json\" class=\"yoast-schema-graph\">{\"@context\":\"https:\\\/\\\/schema.org\",\"@graph\":[{\"@type\":\"Article\",\"@id\":\"https:\\\/\\\/conexion23.com\\\/?p=12890#article\",\"isPartOf\":{\"@id\":\"https:\\\/\\\/conexion23.com\\\/?p=12890\"},\"author\":{\"name\":\"Raffy Ben\u00edtez\",\"@id\":\"http:\\\/\\\/conexion23.com\\\/#\\\/schema\\\/person\\\/03e36043331117e97a373299bbcd30a6\"},\"headline\":\"El DNI investigar\u00eda amenaza de muerte contra el ministro de Educaci\u00f3n\",\"datePublished\":\"2022-11-02T10:14:00+00:00\",\"dateModified\":\"2022-11-02T10:14:09+00:00\",\"mainEntityOfPage\":{\"@id\":\"https:\\\/\\\/conexion23.com\\\/?p=12890\"},\"wordCount\":235,\"commentCount\":0,\"publisher\":{\"@id\":\"http:\\\/\\\/conexion23.com\\\/#organization\"},\"articleSection\":[\"Uncategorized\"],\"inLanguage\":\"es\",\"potentialAction\":[{\"@type\":\"CommentAction\",\"name\":\"Comment\",\"target\":[\"https:\\\/\\\/conexion23.com\\\/?p=12890#respond\"]}]},{\"@type\":\"WebPage\",\"@id\":\"https:\\\/\\\/conexion23.com\\\/?p=12890\",\"url\":\"https:\\\/\\\/conexion23.com\\\/?p=12890\",\"name\":\"El DNI investigar\u00eda amenaza de muerte contra el ministro de Educaci\u00f3n - Conexi\u00f3n 23\",\"isPartOf\":{\"@id\":\"http:\\\/\\\/conexion23.com\\\/#website\"},\"datePublished\":\"2022-11-02T10:14:00+00:00\",\"dateModified\":\"2022-11-02T10:14:09+00:00\",\"breadcrumb\":{\"@id\":\"https:\\\/\\\/conexion23.com\\\/?p=12890#breadcrumb\"},\"inLanguage\":\"es\",\"potentialAction\":[{\"@type\":\"ReadAction\",\"target\":[\"https:\\\/\\\/conexion23.com\\\/?p=12890\"]}]},{\"@type\":\"BreadcrumbList\",\"@id\":\"https:\\\/\\\/conexion23.com\\\/?p=12890#breadcrumb\",\"itemListElement\":[{\"@type\":\"ListItem\",\"position\":1,\"name\":\"Portada\",\"item\":\"http:\\\/\\\/conexion23.com\\\/\"},{\"@type\":\"ListItem\",\"position\":2,\"name\":\"El DNI investigar\u00eda amenaza de muerte contra el ministro de Educaci\u00f3n\"}]},{\"@type\":\"WebSite\",\"@id\":\"http:\\\/\\\/conexion23.com\\\/#website\",\"url\":\"http:\\\/\\\/conexion23.com\\\/\",\"name\":\"Conexi\u00f3n 23\",\"description\":\"Peri\u00f3dico 100% Petromacorisano\",\"publisher\":{\"@id\":\"http:\\\/\\\/conexion23.com\\\/#organization\"},\"potentialAction\":[{\"@type\":\"SearchAction\",\"target\":{\"@type\":\"EntryPoint\",\"urlTemplate\":\"http:\\\/\\\/conexion23.com\\\/?s={search_term_string}\"},\"query-input\":{\"@type\":\"PropertyValueSpecification\",\"valueRequired\":true,\"valueName\":\"search_term_string\"}}],\"inLanguage\":\"es\"},{\"@type\":\"Organization\",\"@id\":\"http:\\\/\\\/conexion23.com\\\/#organization\",\"name\":\"Conexion 23\",\"url\":\"http:\\\/\\\/conexion23.com\\\/\",\"logo\":{\"@type\":\"ImageObject\",\"inLanguage\":\"es\",\"@id\":\"http:\\\/\\\/conexion23.com\\\/#\\\/schema\\\/logo\\\/image\\\/\",\"url\":\"https:\\\/\\\/conexion23.com\\\/wp-content\\\/uploads\\\/2021\\\/11\\\/Diseno-sin-titulo-2.png\",\"contentUrl\":\"https:\\\/\\\/conexion23.com\\\/wp-content\\\/uploads\\\/2021\\\/11\\\/Diseno-sin-titulo-2.png\",\"width\":541,\"height\":90,\"caption\":\"Conexion 23\"},\"image\":{\"@id\":\"http:\\\/\\\/conexion23.com\\\/#\\\/schema\\\/logo\\\/image\\\/\"},\"sameAs\":[\"https:\\\/\\\/www.facebook.com\\\/conexion23com\",\"https:\\\/\\\/www.instagram.com\\\/conexion23com\\\/\",\"https:\\\/\\\/www.youtube.com\\\/channel\\\/UCYc7vxxFZMYLIHNsHHxPZ3Q\"]},{\"@type\":\"Person\",\"@id\":\"http:\\\/\\\/conexion23.com\\\/#\\\/schema\\\/person\\\/03e36043331117e97a373299bbcd30a6\",\"name\":\"Raffy Ben\u00edtez\",\"image\":{\"@type\":\"ImageObject\",\"inLanguage\":\"es\",\"@id\":\"https:\\\/\\\/secure.gravatar.com\\\/avatar\\\/3190a6a6c5e1b0327500f7d6c56b6242472ee6cb974cf09b401ee6b3b0798f23?s=96&d=mm&r=g\",\"url\":\"https:\\\/\\\/secure.gravatar.com\\\/avatar\\\/3190a6a6c5e1b0327500f7d6c56b6242472ee6cb974cf09b401ee6b3b0798f23?s=96&d=mm&r=g\",\"contentUrl\":\"https:\\\/\\\/secure.gravatar.com\\\/avatar\\\/3190a6a6c5e1b0327500f7d6c56b6242472ee6cb974cf09b401ee6b3b0798f23?s=96&d=mm&r=g\",\"caption\":\"Raffy Ben\u00edtez\"},\"url\":\"https:\\\/\\\/conexion23.com\\\/?author=15\"}]}<\/script>\n<!-- \/ Yoast SEO plugin. -->","yoast_head_json":{"title":"El DNI investigar\u00eda amenaza de muerte contra el ministro de Educaci\u00f3n - Conexi\u00f3n 23","robots":{"index":"index","follow":"follow","max-snippet":"max-snippet:-1","max-image-preview":"max-image-preview:large","max-video-preview":"max-video-preview:-1"},"canonical":"https:\/\/conexion23.com\/?p=12890","og_locale":"es_ES","og_type":"article","og_title":"El DNI investigar\u00eda amenaza de muerte contra el ministro de Educaci\u00f3n - Conexi\u00f3n 23","og_description":"El Departamento Nacional de Investigaci\u00f3n (DNI) fue el organismo al que el&nbsp;ministro de Educaci\u00f3n,&nbsp;\u00c1ngel Hern\u00e1ndez, acudi\u00f3 para que investiguen una&nbsp;amenaza de muerte&nbsp;que recibi\u00f3 de un desconocido. A ra\u00edz de sus gestiones para esclarecer compras de utiler\u00eda escolar que se pagaron pero no se entregaron durante las gestiones de los ministros que le antecedieron, a Hern\u00e1ndez [&hellip;]","og_url":"https:\/\/conexion23.com\/?p=12890","og_site_name":"Conexi\u00f3n 23","article_publisher":"https:\/\/www.facebook.com\/conexion23com","article_published_time":"2022-11-02T10:14:00+00:00","article_modified_time":"2022-11-02T10:14:09+00:00","author":"Raffy Ben\u00edtez","twitter_card":"summary_large_image","twitter_misc":{"Escrito por":"Raffy Ben\u00edtez","Tiempo de lectura":"1 minuto"},"schema":{"@context":"https:\/\/schema.org","@graph":[{"@type":"Article","@id":"https:\/\/conexion23.com\/?p=12890#article","isPartOf":{"@id":"https:\/\/conexion23.com\/?p=12890"},"author":{"name":"Raffy Ben\u00edtez","@id":"http:\/\/conexion23.com\/#\/schema\/person\/03e36043331117e97a373299bbcd30a6"},"headline":"El DNI investigar\u00eda amenaza de muerte contra el ministro de Educaci\u00f3n","datePublished":"2022-11-02T10:14:00+00:00","dateModified":"2022-11-02T10:14:09+00:00","mainEntityOfPage":{"@id":"https:\/\/conexion23.com\/?p=12890"},"wordCount":235,"commentCount":0,"publisher":{"@id":"http:\/\/conexion23.com\/#organization"},"articleSection":["Uncategorized"],"inLanguage":"es","potentialAction":[{"@type":"CommentAction","name":"Comment","target":["https:\/\/conexion23.com\/?p=12890#respond"]}]},{"@type":"WebPage","@id":"https:\/\/conexion23.com\/?p=12890","url":"https:\/\/conexion23.com\/?p=12890","name":"El DNI investigar\u00eda amenaza de muerte contra el ministro de Educaci\u00f3n - Conexi\u00f3n 23","isPartOf":{"@id":"http:\/\/conexion23.com\/#website"},"datePublished":"2022-11-02T10:14:00+00:00","dateModified":"2022-11-02T10:14:09+00:00","breadcrumb":{"@id":"https:\/\/conexion23.com\/?p=12890#breadcrumb"},"inLanguage":"es","potentialAction":[{"@type":"ReadAction","target":["https:\/\/conexion23.com\/?p=12890"]}]},{"@type":"BreadcrumbList","@id":"https:\/\/conexion23.com\/?p=12890#breadcrumb","itemListElement":[{"@type":"ListItem","position":1,"name":"Portada","item":"http:\/\/conexion23.com\/"},{"@type":"ListItem","position":2,"name":"El DNI investigar\u00eda amenaza de muerte contra el ministro de Educaci\u00f3n"}]},{"@type":"WebSite","@id":"http:\/\/conexion23.com\/#website","url":"http:\/\/conexion23.com\/","name":"Conexi\u00f3n 23","description":"Peri\u00f3dico 100% Petromacorisano","publisher":{"@id":"http:\/\/conexion23.com\/#organization"},"potentialAction":[{"@type":"SearchAction","target":{"@type":"EntryPoint","urlTemplate":"http:\/\/conexion23.com\/?s={search_term_string}"},"query-input":{"@type":"PropertyValueSpecification","valueRequired":true,"valueName":"search_term_string"}}],"inLanguage":"es"},{"@type":"Organization","@id":"http:\/\/conexion23.com\/#organization","name":"Conexion 23","url":"http:\/\/conexion23.com\/","logo":{"@type":"ImageObject","inLanguage":"es","@id":"http:\/\/conexion23.com\/#\/schema\/logo\/image\/","url":"https:\/\/conexion23.com\/wp-content\/uploads\/2021\/11\/Diseno-sin-titulo-2.png","contentUrl":"https:\/\/conexion23.com\/wp-content\/uploads\/2021\/11\/Diseno-sin-titulo-2.png","width":541,"height":90,"caption":"Conexion 23"},"image":{"@id":"http:\/\/conexion23.com\/#\/schema\/logo\/image\/"},"sameAs":["https:\/\/www.facebook.com\/conexion23com","https:\/\/www.instagram.com\/conexion23com\/","https:\/\/www.youtube.com\/channel\/UCYc7vxxFZMYLIHNsHHxPZ3Q"]},{"@type":"Person","@id":"http:\/\/conexion23.com\/#\/schema\/person\/03e36043331117e97a373299bbcd30a6","name":"Raffy Ben\u00edtez","image":{"@type":"ImageObject","inLanguage":"es","@id":"https:\/\/secure.gravatar.com\/avatar\/3190a6a6c5e1b0327500f7d6c56b6242472ee6cb974cf09b401ee6b3b0798f23?s=96&d=mm&r=g","url":"https:\/\/secure.gravatar.com\/avatar\/3190a6a6c5e1b0327500f7d6c56b6242472ee6cb974cf09b401ee6b3b0798f23?s=96&d=mm&r=g","contentUrl":"https:\/\/secure.gravatar.com\/avatar\/3190a6a6c5e1b0327500f7d6c56b6242472ee6cb974cf09b401ee6b3b0798f23?s=96&d=mm&r=g","caption":"Raffy Ben\u00edtez"},"url":"https:\/\/conexion23.com\/?author=15"}]}},"_links":{"self":[{"href":"https:\/\/conexion23.com\/index.php?rest_route=\/wp\/v2\/posts\/12890","targetHints":{"allow":["GET"]}}],"collection":[{"href":"https:\/\/conexion23.com\/index.php?rest_route=\/wp\/v2\/posts"}],"about":[{"href":"https:\/\/conexion23.com\/index.php?rest_route=\/wp\/v2\/types\/post"}],"author":[{"embeddable":true,"href":"https:\/\/conexion23.com\/index.php?rest_route=\/wp\/v2\/users\/15"}],"replies":[{"embeddable":true,"href":"https:\/\/conexion23.com\/index.php?rest_route=%2Fwp%2Fv2%2Fcomments&post=12890"}],"version-history":[{"count":1,"href":"https:\/\/conexion23.com\/index.php?rest_route=\/wp\/v2\/posts\/12890\/revisions"}],"predecessor-version":[{"id":12897,"href":"https:\/\/conexion23.com\/index.php?rest_route=\/wp\/v2\/posts\/12890\/revisions\/12897"}],"wp:attachment":[{"href":"https:\/\/conexion23.com\/index.php?rest_route=%2Fwp%2Fv2%2Fmedia&parent=12890"}],"wp:term":[{"taxonomy":"category","embeddable":true,"href":"https:\/\/conexion23.com\/index.php?rest_route=%2Fwp%2Fv2%2Fcategories&post=12890"},{"taxonomy":"post_tag","embeddable":true,"href":"https:\/\/conexion23.com\/index.php?rest_route=%2Fwp%2Fv2%2Ftags&post=12890"}],"curies":[{"name":"wp","href":"https:\/\/api.w.org\/{rel}","templated":true}]}}