{"id":12901,"date":"2022-11-02T06:18:49","date_gmt":"2022-11-02T10:18:49","guid":{"rendered":"https:\/\/conexion23.com\/?p=12901"},"modified":"2022-11-02T06:18:54","modified_gmt":"2022-11-02T10:18:54","slug":"indotel-cede-locales-a-defensa-civil-para-instalacion-oficinas-santo-domingo","status":"publish","type":"post","link":"https:\/\/conexion23.com\/?p=12901","title":{"rendered":"INDOTEL Cede locales a Defensa Civil para Instalaci\u00f3n Oficinas. Santo Domingo"},"content":{"rendered":"\n<p class=\"wp-block-paragraph\">El Instituto Dominicano de las Telecomunicaciones (INDOTEL) mediante un acuerdo de cooperaci\u00f3n y coordinaci\u00f3n, cedi\u00f3 a la Defensa Civil en calidad de pr\u00e9stamo 13 locales, que se encuentran diseminados en distintas demarcaciones del pa\u00eds para la instalaci\u00f3n de sus oficinas.<br><\/p>\n\n\n\n<p class=\"wp-block-paragraph\">Los inmuebles cedidos est\u00e1n ubicados en Guerra, Sabana de la Mar, Castillo, Duverg\u00e9, Cabrera, Jos\u00e9 Contreras, Villa Gonz\u00e1lez, Estero Hondo y Guananico, Villa Los Alm\u00e1cigos, Las Matas de Santa Cruz y Restauraci\u00f3n.<br><\/p>\n\n\n\n<p class=\"wp-block-paragraph\">Al cederle estos locales, la Defensa Civil podr\u00e1 organizar y sostener sistemas eficaces que prevengan o mitiguen da\u00f1os ocasionados por desastres naturales ya que su misi\u00f3n es salvaguardar la vida, los bienes y las propiedades de la poblaci\u00f3n, principalmente de las comunidades m\u00e1s vulnerables frente a eventos que puedan ocasionar da\u00f1os y p\u00e9rdidas, garantizando un control adecuado de las operaciones de emergencia.<\/p>\n","protected":false},"excerpt":{"rendered":"<p>El Instituto Dominicano de las Telecomunicaciones (INDOTEL) mediante un acuerdo de cooperaci\u00f3n y coordinaci\u00f3n, cedi\u00f3 a la Defensa Civil en calidad de pr\u00e9stamo 13 locales, que se encuentran diseminados en distintas demarcaciones del pa\u00eds para la instalaci\u00f3n de sus oficinas. Los inmuebles cedidos est\u00e1n ubicados en Guerra, Sabana de la Mar, Castillo, Duverg\u00e9, Cabrera, Jos\u00e9 [&hellip;]<\/p>\n","protected":false},"author":15,"featured_media":0,"comment_status":"open","ping_status":"open","sticky":false,"template":"","format":"standard","meta":{"footnotes":""},"categories":[1],"tags":[],"class_list":["post-12901","post","type-post","status-publish","format-standard","category-uncategorized"],"yoast_head":"<!-- This site is optimized with the Yoast SEO plugin v27.6 - https:\/\/yoast.com\/product\/yoast-seo-wordpress\/ -->\n<title>INDOTEL Cede locales a Defensa Civil para Instalaci\u00f3n Oficinas. Santo Domingo - Conexi\u00f3n 23<\/title>\n<meta name=\"robots\" content=\"index, follow, max-snippet:-1, max-image-preview:large, max-video-preview:-1\" \/>\n<link rel=\"canonical\" href=\"https:\/\/conexion23.com\/?p=12901\" \/>\n<meta property=\"og:locale\" content=\"es_ES\" \/>\n<meta property=\"og:type\" content=\"article\" \/>\n<meta property=\"og:title\" content=\"INDOTEL Cede locales a Defensa Civil para Instalaci\u00f3n Oficinas. Santo Domingo - Conexi\u00f3n 23\" \/>\n<meta property=\"og:description\" content=\"El Instituto Dominicano de las Telecomunicaciones (INDOTEL) mediante un acuerdo de cooperaci\u00f3n y coordinaci\u00f3n, cedi\u00f3 a la Defensa Civil en calidad de pr\u00e9stamo 13 locales, que se encuentran diseminados en distintas demarcaciones del pa\u00eds para la instalaci\u00f3n de sus oficinas. Los inmuebles cedidos est\u00e1n ubicados en Guerra, Sabana de la Mar, Castillo, Duverg\u00e9, Cabrera, Jos\u00e9 [&hellip;]\" \/>\n<meta property=\"og:url\" content=\"https:\/\/conexion23.com\/?p=12901\" \/>\n<meta property=\"og:site_name\" content=\"Conexi\u00f3n 23\" \/>\n<meta property=\"article:publisher\" content=\"https:\/\/www.facebook.com\/conexion23com\" \/>\n<meta property=\"article:published_time\" content=\"2022-11-02T10:18:49+00:00\" \/>\n<meta property=\"article:modified_time\" content=\"2022-11-02T10:18:54+00:00\" \/>\n<meta name=\"author\" content=\"Raffy Ben\u00edtez\" \/>\n<meta name=\"twitter:card\" content=\"summary_large_image\" \/>\n<meta name=\"twitter:label1\" content=\"Escrito por\" \/>\n\t<meta name=\"twitter:data1\" content=\"Raffy Ben\u00edtez\" \/>\n\t<meta name=\"twitter:label2\" content=\"Tiempo de lectura\" \/>\n\t<meta name=\"twitter:data2\" content=\"1 minuto\" \/>\n<script type=\"application\/ld+json\" class=\"yoast-schema-graph\">{\"@context\":\"https:\\\/\\\/schema.org\",\"@graph\":[{\"@type\":\"Article\",\"@id\":\"https:\\\/\\\/conexion23.com\\\/?p=12901#article\",\"isPartOf\":{\"@id\":\"https:\\\/\\\/conexion23.com\\\/?p=12901\"},\"author\":{\"name\":\"Raffy Ben\u00edtez\",\"@id\":\"http:\\\/\\\/conexion23.com\\\/#\\\/schema\\\/person\\\/03e36043331117e97a373299bbcd30a6\"},\"headline\":\"INDOTEL Cede locales a Defensa Civil para Instalaci\u00f3n Oficinas. Santo Domingo\",\"datePublished\":\"2022-11-02T10:18:49+00:00\",\"dateModified\":\"2022-11-02T10:18:54+00:00\",\"mainEntityOfPage\":{\"@id\":\"https:\\\/\\\/conexion23.com\\\/?p=12901\"},\"wordCount\":160,\"commentCount\":0,\"publisher\":{\"@id\":\"http:\\\/\\\/conexion23.com\\\/#organization\"},\"articleSection\":[\"Uncategorized\"],\"inLanguage\":\"es\",\"potentialAction\":[{\"@type\":\"CommentAction\",\"name\":\"Comment\",\"target\":[\"https:\\\/\\\/conexion23.com\\\/?p=12901#respond\"]}]},{\"@type\":\"WebPage\",\"@id\":\"https:\\\/\\\/conexion23.com\\\/?p=12901\",\"url\":\"https:\\\/\\\/conexion23.com\\\/?p=12901\",\"name\":\"INDOTEL Cede locales a Defensa Civil para Instalaci\u00f3n Oficinas. Santo Domingo - Conexi\u00f3n 23\",\"isPartOf\":{\"@id\":\"http:\\\/\\\/conexion23.com\\\/#website\"},\"datePublished\":\"2022-11-02T10:18:49+00:00\",\"dateModified\":\"2022-11-02T10:18:54+00:00\",\"breadcrumb\":{\"@id\":\"https:\\\/\\\/conexion23.com\\\/?p=12901#breadcrumb\"},\"inLanguage\":\"es\",\"potentialAction\":[{\"@type\":\"ReadAction\",\"target\":[\"https:\\\/\\\/conexion23.com\\\/?p=12901\"]}]},{\"@type\":\"BreadcrumbList\",\"@id\":\"https:\\\/\\\/conexion23.com\\\/?p=12901#breadcrumb\",\"itemListElement\":[{\"@type\":\"ListItem\",\"position\":1,\"name\":\"Portada\",\"item\":\"http:\\\/\\\/conexion23.com\\\/\"},{\"@type\":\"ListItem\",\"position\":2,\"name\":\"INDOTEL Cede locales a Defensa Civil para Instalaci\u00f3n Oficinas. Santo Domingo\"}]},{\"@type\":\"WebSite\",\"@id\":\"http:\\\/\\\/conexion23.com\\\/#website\",\"url\":\"http:\\\/\\\/conexion23.com\\\/\",\"name\":\"Conexi\u00f3n 23\",\"description\":\"Peri\u00f3dico 100% Petromacorisano\",\"publisher\":{\"@id\":\"http:\\\/\\\/conexion23.com\\\/#organization\"},\"potentialAction\":[{\"@type\":\"SearchAction\",\"target\":{\"@type\":\"EntryPoint\",\"urlTemplate\":\"http:\\\/\\\/conexion23.com\\\/?s={search_term_string}\"},\"query-input\":{\"@type\":\"PropertyValueSpecification\",\"valueRequired\":true,\"valueName\":\"search_term_string\"}}],\"inLanguage\":\"es\"},{\"@type\":\"Organization\",\"@id\":\"http:\\\/\\\/conexion23.com\\\/#organization\",\"name\":\"Conexion 23\",\"url\":\"http:\\\/\\\/conexion23.com\\\/\",\"logo\":{\"@type\":\"ImageObject\",\"inLanguage\":\"es\",\"@id\":\"http:\\\/\\\/conexion23.com\\\/#\\\/schema\\\/logo\\\/image\\\/\",\"url\":\"https:\\\/\\\/conexion23.com\\\/wp-content\\\/uploads\\\/2021\\\/11\\\/Diseno-sin-titulo-2.png\",\"contentUrl\":\"https:\\\/\\\/conexion23.com\\\/wp-content\\\/uploads\\\/2021\\\/11\\\/Diseno-sin-titulo-2.png\",\"width\":541,\"height\":90,\"caption\":\"Conexion 23\"},\"image\":{\"@id\":\"http:\\\/\\\/conexion23.com\\\/#\\\/schema\\\/logo\\\/image\\\/\"},\"sameAs\":[\"https:\\\/\\\/www.facebook.com\\\/conexion23com\",\"https:\\\/\\\/www.instagram.com\\\/conexion23com\\\/\",\"https:\\\/\\\/www.youtube.com\\\/channel\\\/UCYc7vxxFZMYLIHNsHHxPZ3Q\"]},{\"@type\":\"Person\",\"@id\":\"http:\\\/\\\/conexion23.com\\\/#\\\/schema\\\/person\\\/03e36043331117e97a373299bbcd30a6\",\"name\":\"Raffy Ben\u00edtez\",\"image\":{\"@type\":\"ImageObject\",\"inLanguage\":\"es\",\"@id\":\"https:\\\/\\\/secure.gravatar.com\\\/avatar\\\/3190a6a6c5e1b0327500f7d6c56b6242472ee6cb974cf09b401ee6b3b0798f23?s=96&d=mm&r=g\",\"url\":\"https:\\\/\\\/secure.gravatar.com\\\/avatar\\\/3190a6a6c5e1b0327500f7d6c56b6242472ee6cb974cf09b401ee6b3b0798f23?s=96&d=mm&r=g\",\"contentUrl\":\"https:\\\/\\\/secure.gravatar.com\\\/avatar\\\/3190a6a6c5e1b0327500f7d6c56b6242472ee6cb974cf09b401ee6b3b0798f23?s=96&d=mm&r=g\",\"caption\":\"Raffy Ben\u00edtez\"},\"url\":\"https:\\\/\\\/conexion23.com\\\/?author=15\"}]}<\/script>\n<!-- \/ Yoast SEO plugin. -->","yoast_head_json":{"title":"INDOTEL Cede locales a Defensa Civil para Instalaci\u00f3n Oficinas. Santo Domingo - Conexi\u00f3n 23","robots":{"index":"index","follow":"follow","max-snippet":"max-snippet:-1","max-image-preview":"max-image-preview:large","max-video-preview":"max-video-preview:-1"},"canonical":"https:\/\/conexion23.com\/?p=12901","og_locale":"es_ES","og_type":"article","og_title":"INDOTEL Cede locales a Defensa Civil para Instalaci\u00f3n Oficinas. Santo Domingo - Conexi\u00f3n 23","og_description":"El Instituto Dominicano de las Telecomunicaciones (INDOTEL) mediante un acuerdo de cooperaci\u00f3n y coordinaci\u00f3n, cedi\u00f3 a la Defensa Civil en calidad de pr\u00e9stamo 13 locales, que se encuentran diseminados en distintas demarcaciones del pa\u00eds para la instalaci\u00f3n de sus oficinas. Los inmuebles cedidos est\u00e1n ubicados en Guerra, Sabana de la Mar, Castillo, Duverg\u00e9, Cabrera, Jos\u00e9 [&hellip;]","og_url":"https:\/\/conexion23.com\/?p=12901","og_site_name":"Conexi\u00f3n 23","article_publisher":"https:\/\/www.facebook.com\/conexion23com","article_published_time":"2022-11-02T10:18:49+00:00","article_modified_time":"2022-11-02T10:18:54+00:00","author":"Raffy Ben\u00edtez","twitter_card":"summary_large_image","twitter_misc":{"Escrito por":"Raffy Ben\u00edtez","Tiempo de lectura":"1 minuto"},"schema":{"@context":"https:\/\/schema.org","@graph":[{"@type":"Article","@id":"https:\/\/conexion23.com\/?p=12901#article","isPartOf":{"@id":"https:\/\/conexion23.com\/?p=12901"},"author":{"name":"Raffy Ben\u00edtez","@id":"http:\/\/conexion23.com\/#\/schema\/person\/03e36043331117e97a373299bbcd30a6"},"headline":"INDOTEL Cede locales a Defensa Civil para Instalaci\u00f3n Oficinas. Santo Domingo","datePublished":"2022-11-02T10:18:49+00:00","dateModified":"2022-11-02T10:18:54+00:00","mainEntityOfPage":{"@id":"https:\/\/conexion23.com\/?p=12901"},"wordCount":160,"commentCount":0,"publisher":{"@id":"http:\/\/conexion23.com\/#organization"},"articleSection":["Uncategorized"],"inLanguage":"es","potentialAction":[{"@type":"CommentAction","name":"Comment","target":["https:\/\/conexion23.com\/?p=12901#respond"]}]},{"@type":"WebPage","@id":"https:\/\/conexion23.com\/?p=12901","url":"https:\/\/conexion23.com\/?p=12901","name":"INDOTEL Cede locales a Defensa Civil para Instalaci\u00f3n Oficinas. Santo Domingo - Conexi\u00f3n 23","isPartOf":{"@id":"http:\/\/conexion23.com\/#website"},"datePublished":"2022-11-02T10:18:49+00:00","dateModified":"2022-11-02T10:18:54+00:00","breadcrumb":{"@id":"https:\/\/conexion23.com\/?p=12901#breadcrumb"},"inLanguage":"es","potentialAction":[{"@type":"ReadAction","target":["https:\/\/conexion23.com\/?p=12901"]}]},{"@type":"BreadcrumbList","@id":"https:\/\/conexion23.com\/?p=12901#breadcrumb","itemListElement":[{"@type":"ListItem","position":1,"name":"Portada","item":"http:\/\/conexion23.com\/"},{"@type":"ListItem","position":2,"name":"INDOTEL Cede locales a Defensa Civil para Instalaci\u00f3n Oficinas. Santo Domingo"}]},{"@type":"WebSite","@id":"http:\/\/conexion23.com\/#website","url":"http:\/\/conexion23.com\/","name":"Conexi\u00f3n 23","description":"Peri\u00f3dico 100% Petromacorisano","publisher":{"@id":"http:\/\/conexion23.com\/#organization"},"potentialAction":[{"@type":"SearchAction","target":{"@type":"EntryPoint","urlTemplate":"http:\/\/conexion23.com\/?s={search_term_string}"},"query-input":{"@type":"PropertyValueSpecification","valueRequired":true,"valueName":"search_term_string"}}],"inLanguage":"es"},{"@type":"Organization","@id":"http:\/\/conexion23.com\/#organization","name":"Conexion 23","url":"http:\/\/conexion23.com\/","logo":{"@type":"ImageObject","inLanguage":"es","@id":"http:\/\/conexion23.com\/#\/schema\/logo\/image\/","url":"https:\/\/conexion23.com\/wp-content\/uploads\/2021\/11\/Diseno-sin-titulo-2.png","contentUrl":"https:\/\/conexion23.com\/wp-content\/uploads\/2021\/11\/Diseno-sin-titulo-2.png","width":541,"height":90,"caption":"Conexion 23"},"image":{"@id":"http:\/\/conexion23.com\/#\/schema\/logo\/image\/"},"sameAs":["https:\/\/www.facebook.com\/conexion23com","https:\/\/www.instagram.com\/conexion23com\/","https:\/\/www.youtube.com\/channel\/UCYc7vxxFZMYLIHNsHHxPZ3Q"]},{"@type":"Person","@id":"http:\/\/conexion23.com\/#\/schema\/person\/03e36043331117e97a373299bbcd30a6","name":"Raffy Ben\u00edtez","image":{"@type":"ImageObject","inLanguage":"es","@id":"https:\/\/secure.gravatar.com\/avatar\/3190a6a6c5e1b0327500f7d6c56b6242472ee6cb974cf09b401ee6b3b0798f23?s=96&d=mm&r=g","url":"https:\/\/secure.gravatar.com\/avatar\/3190a6a6c5e1b0327500f7d6c56b6242472ee6cb974cf09b401ee6b3b0798f23?s=96&d=mm&r=g","contentUrl":"https:\/\/secure.gravatar.com\/avatar\/3190a6a6c5e1b0327500f7d6c56b6242472ee6cb974cf09b401ee6b3b0798f23?s=96&d=mm&r=g","caption":"Raffy Ben\u00edtez"},"url":"https:\/\/conexion23.com\/?author=15"}]}},"_links":{"self":[{"href":"https:\/\/conexion23.com\/index.php?rest_route=\/wp\/v2\/posts\/12901","targetHints":{"allow":["GET"]}}],"collection":[{"href":"https:\/\/conexion23.com\/index.php?rest_route=\/wp\/v2\/posts"}],"about":[{"href":"https:\/\/conexion23.com\/index.php?rest_route=\/wp\/v2\/types\/post"}],"author":[{"embeddable":true,"href":"https:\/\/conexion23.com\/index.php?rest_route=\/wp\/v2\/users\/15"}],"replies":[{"embeddable":true,"href":"https:\/\/conexion23.com\/index.php?rest_route=%2Fwp%2Fv2%2Fcomments&post=12901"}],"version-history":[{"count":1,"href":"https:\/\/conexion23.com\/index.php?rest_route=\/wp\/v2\/posts\/12901\/revisions"}],"predecessor-version":[{"id":12904,"href":"https:\/\/conexion23.com\/index.php?rest_route=\/wp\/v2\/posts\/12901\/revisions\/12904"}],"wp:attachment":[{"href":"https:\/\/conexion23.com\/index.php?rest_route=%2Fwp%2Fv2%2Fmedia&parent=12901"}],"wp:term":[{"taxonomy":"category","embeddable":true,"href":"https:\/\/conexion23.com\/index.php?rest_route=%2Fwp%2Fv2%2Fcategories&post=12901"},{"taxonomy":"post_tag","embeddable":true,"href":"https:\/\/conexion23.com\/index.php?rest_route=%2Fwp%2Fv2%2Ftags&post=12901"}],"curies":[{"name":"wp","href":"https:\/\/api.w.org\/{rel}","templated":true}]}}