{"id":12967,"date":"2022-11-03T14:21:57","date_gmt":"2022-11-03T18:21:57","guid":{"rendered":"https:\/\/conexion23.com\/?p=12967"},"modified":"2022-11-03T14:22:00","modified_gmt":"2022-11-03T18:22:00","slug":"catolicos-en-cuba-se-quedan-sin-misas-por-falta-de-hostias-la-habana","status":"publish","type":"post","link":"https:\/\/conexion23.com\/?p=12967","title":{"rendered":"Cat\u00f3licos en Cuba se quedan sin misas por falta de hostias.La Habana."},"content":{"rendered":"\n<p class=\"wp-block-paragraph\">La congregaci\u00f3n religiosa cat\u00f3lica de las Carmelitas Descalzas anunci\u00f3 que no pueden producir hostias para las di\u00f3cesis del pa\u00eds por falta de harina, un d\u00e9ficit que aqueja desde hace meses a toda la isla.<br>Las hostias -c\u00edrculos de pan \u00e1cimo- son una parte fundamental del rito cat\u00f3lico de la eucarist\u00eda, el momento culmen de la misa.<br>\u00abA todas las di\u00f3cesis les comunicamos que ya no hay hostias a la venta. Hemos estado trabajando con la poquita harina que quedaba y ya lo que hab\u00eda de reserva ha llegado a su fin\u00bb, escribieron las Carmelitas Descalzas en sus redes sociales.<br>La congregaci\u00f3n confi\u00f3 en poder \u00abretomar el trabajo\u00bb en breve y tener suficiente cantidad de hostias como para \u00abdistribuir a todas las di\u00f3cesis\u00bb del pa\u00eds. Las religiosas no explicaron c\u00f3mo lo lograr\u00edan.<br>La religi\u00f3n cat\u00f3lica -incluyendo sus versiones sincr\u00e9ticas- es la mayoritaria en Cuba.<br>Los problemas de abastecimiento de harina son habituales desde hace algunos meses en Cuba. Las panader\u00edas -incluso las estatales- no tienen un suministro regular y algunos establecimientos particulares est\u00e1n d\u00edas enteros sin poner pan a la venta.<\/p>\n","protected":false},"excerpt":{"rendered":"<p>La congregaci\u00f3n religiosa cat\u00f3lica de las Carmelitas Descalzas anunci\u00f3 que no pueden producir hostias para las di\u00f3cesis del pa\u00eds por falta de harina, un d\u00e9ficit que aqueja desde hace meses a toda la isla.Las hostias -c\u00edrculos de pan \u00e1cimo- son una parte fundamental del rito cat\u00f3lico de la eucarist\u00eda, el momento culmen de la misa.\u00abA [&hellip;]<\/p>\n","protected":false},"author":15,"featured_media":0,"comment_status":"open","ping_status":"open","sticky":false,"template":"","format":"standard","meta":{"footnotes":""},"categories":[1],"tags":[],"class_list":["post-12967","post","type-post","status-publish","format-standard","category-uncategorized"],"yoast_head":"<!-- This site is optimized with the Yoast SEO plugin v27.6 - https:\/\/yoast.com\/product\/yoast-seo-wordpress\/ -->\n<title>Cat\u00f3licos en Cuba se quedan sin misas por falta de hostias.La Habana. - Conexi\u00f3n 23<\/title>\n<meta name=\"robots\" content=\"index, follow, max-snippet:-1, max-image-preview:large, max-video-preview:-1\" \/>\n<link rel=\"canonical\" href=\"https:\/\/conexion23.com\/?p=12967\" \/>\n<meta property=\"og:locale\" content=\"es_ES\" \/>\n<meta property=\"og:type\" content=\"article\" \/>\n<meta property=\"og:title\" content=\"Cat\u00f3licos en Cuba se quedan sin misas por falta de hostias.La Habana. - Conexi\u00f3n 23\" \/>\n<meta property=\"og:description\" content=\"La congregaci\u00f3n religiosa cat\u00f3lica de las Carmelitas Descalzas anunci\u00f3 que no pueden producir hostias para las di\u00f3cesis del pa\u00eds por falta de harina, un d\u00e9ficit que aqueja desde hace meses a toda la isla.Las hostias -c\u00edrculos de pan \u00e1cimo- son una parte fundamental del rito cat\u00f3lico de la eucarist\u00eda, el momento culmen de la misa.\u00abA [&hellip;]\" \/>\n<meta property=\"og:url\" content=\"https:\/\/conexion23.com\/?p=12967\" \/>\n<meta property=\"og:site_name\" content=\"Conexi\u00f3n 23\" \/>\n<meta property=\"article:publisher\" content=\"https:\/\/www.facebook.com\/conexion23com\" \/>\n<meta property=\"article:published_time\" content=\"2022-11-03T18:21:57+00:00\" \/>\n<meta property=\"article:modified_time\" content=\"2022-11-03T18:22:00+00:00\" \/>\n<meta name=\"author\" content=\"Raffy Ben\u00edtez\" \/>\n<meta name=\"twitter:card\" content=\"summary_large_image\" \/>\n<meta name=\"twitter:label1\" content=\"Escrito por\" \/>\n\t<meta name=\"twitter:data1\" content=\"Raffy Ben\u00edtez\" \/>\n\t<meta name=\"twitter:label2\" content=\"Tiempo de lectura\" \/>\n\t<meta name=\"twitter:data2\" content=\"1 minuto\" \/>\n<script type=\"application\/ld+json\" class=\"yoast-schema-graph\">{\"@context\":\"https:\\\/\\\/schema.org\",\"@graph\":[{\"@type\":\"Article\",\"@id\":\"https:\\\/\\\/conexion23.com\\\/?p=12967#article\",\"isPartOf\":{\"@id\":\"https:\\\/\\\/conexion23.com\\\/?p=12967\"},\"author\":{\"name\":\"Raffy Ben\u00edtez\",\"@id\":\"https:\\\/\\\/conexion23.com\\\/#\\\/schema\\\/person\\\/03e36043331117e97a373299bbcd30a6\"},\"headline\":\"Cat\u00f3licos en Cuba se quedan sin misas por falta de hostias.La Habana.\",\"datePublished\":\"2022-11-03T18:21:57+00:00\",\"dateModified\":\"2022-11-03T18:22:00+00:00\",\"mainEntityOfPage\":{\"@id\":\"https:\\\/\\\/conexion23.com\\\/?p=12967\"},\"wordCount\":215,\"commentCount\":0,\"publisher\":{\"@id\":\"https:\\\/\\\/conexion23.com\\\/#organization\"},\"articleSection\":[\"Uncategorized\"],\"inLanguage\":\"es\",\"potentialAction\":[{\"@type\":\"CommentAction\",\"name\":\"Comment\",\"target\":[\"https:\\\/\\\/conexion23.com\\\/?p=12967#respond\"]}]},{\"@type\":\"WebPage\",\"@id\":\"https:\\\/\\\/conexion23.com\\\/?p=12967\",\"url\":\"https:\\\/\\\/conexion23.com\\\/?p=12967\",\"name\":\"Cat\u00f3licos en Cuba se quedan sin misas por falta de hostias.La Habana. - Conexi\u00f3n 23\",\"isPartOf\":{\"@id\":\"https:\\\/\\\/conexion23.com\\\/#website\"},\"datePublished\":\"2022-11-03T18:21:57+00:00\",\"dateModified\":\"2022-11-03T18:22:00+00:00\",\"breadcrumb\":{\"@id\":\"https:\\\/\\\/conexion23.com\\\/?p=12967#breadcrumb\"},\"inLanguage\":\"es\",\"potentialAction\":[{\"@type\":\"ReadAction\",\"target\":[\"https:\\\/\\\/conexion23.com\\\/?p=12967\"]}]},{\"@type\":\"BreadcrumbList\",\"@id\":\"https:\\\/\\\/conexion23.com\\\/?p=12967#breadcrumb\",\"itemListElement\":[{\"@type\":\"ListItem\",\"position\":1,\"name\":\"Portada\",\"item\":\"https:\\\/\\\/conexion23.com\\\/\"},{\"@type\":\"ListItem\",\"position\":2,\"name\":\"Cat\u00f3licos en Cuba se quedan sin misas por falta de hostias.La Habana.\"}]},{\"@type\":\"WebSite\",\"@id\":\"https:\\\/\\\/conexion23.com\\\/#website\",\"url\":\"https:\\\/\\\/conexion23.com\\\/\",\"name\":\"Conexi\u00f3n 23\",\"description\":\"Peri\u00f3dico 100% Petromacorisano\",\"publisher\":{\"@id\":\"https:\\\/\\\/conexion23.com\\\/#organization\"},\"potentialAction\":[{\"@type\":\"SearchAction\",\"target\":{\"@type\":\"EntryPoint\",\"urlTemplate\":\"https:\\\/\\\/conexion23.com\\\/?s={search_term_string}\"},\"query-input\":{\"@type\":\"PropertyValueSpecification\",\"valueRequired\":true,\"valueName\":\"search_term_string\"}}],\"inLanguage\":\"es\"},{\"@type\":\"Organization\",\"@id\":\"https:\\\/\\\/conexion23.com\\\/#organization\",\"name\":\"Conexion 23\",\"url\":\"https:\\\/\\\/conexion23.com\\\/\",\"logo\":{\"@type\":\"ImageObject\",\"inLanguage\":\"es\",\"@id\":\"https:\\\/\\\/conexion23.com\\\/#\\\/schema\\\/logo\\\/image\\\/\",\"url\":\"https:\\\/\\\/conexion23.com\\\/wp-content\\\/uploads\\\/2021\\\/11\\\/Diseno-sin-titulo-2.png\",\"contentUrl\":\"https:\\\/\\\/conexion23.com\\\/wp-content\\\/uploads\\\/2021\\\/11\\\/Diseno-sin-titulo-2.png\",\"width\":541,\"height\":90,\"caption\":\"Conexion 23\"},\"image\":{\"@id\":\"https:\\\/\\\/conexion23.com\\\/#\\\/schema\\\/logo\\\/image\\\/\"},\"sameAs\":[\"https:\\\/\\\/www.facebook.com\\\/conexion23com\",\"https:\\\/\\\/www.instagram.com\\\/conexion23com\\\/\",\"https:\\\/\\\/www.youtube.com\\\/channel\\\/UCYc7vxxFZMYLIHNsHHxPZ3Q\"]},{\"@type\":\"Person\",\"@id\":\"https:\\\/\\\/conexion23.com\\\/#\\\/schema\\\/person\\\/03e36043331117e97a373299bbcd30a6\",\"name\":\"Raffy Ben\u00edtez\",\"image\":{\"@type\":\"ImageObject\",\"inLanguage\":\"es\",\"@id\":\"https:\\\/\\\/secure.gravatar.com\\\/avatar\\\/3190a6a6c5e1b0327500f7d6c56b6242472ee6cb974cf09b401ee6b3b0798f23?s=96&d=mm&r=g\",\"url\":\"https:\\\/\\\/secure.gravatar.com\\\/avatar\\\/3190a6a6c5e1b0327500f7d6c56b6242472ee6cb974cf09b401ee6b3b0798f23?s=96&d=mm&r=g\",\"contentUrl\":\"https:\\\/\\\/secure.gravatar.com\\\/avatar\\\/3190a6a6c5e1b0327500f7d6c56b6242472ee6cb974cf09b401ee6b3b0798f23?s=96&d=mm&r=g\",\"caption\":\"Raffy Ben\u00edtez\"},\"url\":\"https:\\\/\\\/conexion23.com\\\/?author=15\"}]}<\/script>\n<!-- \/ Yoast SEO plugin. -->","yoast_head_json":{"title":"Cat\u00f3licos en Cuba se quedan sin misas por falta de hostias.La Habana. - Conexi\u00f3n 23","robots":{"index":"index","follow":"follow","max-snippet":"max-snippet:-1","max-image-preview":"max-image-preview:large","max-video-preview":"max-video-preview:-1"},"canonical":"https:\/\/conexion23.com\/?p=12967","og_locale":"es_ES","og_type":"article","og_title":"Cat\u00f3licos en Cuba se quedan sin misas por falta de hostias.La Habana. - Conexi\u00f3n 23","og_description":"La congregaci\u00f3n religiosa cat\u00f3lica de las Carmelitas Descalzas anunci\u00f3 que no pueden producir hostias para las di\u00f3cesis del pa\u00eds por falta de harina, un d\u00e9ficit que aqueja desde hace meses a toda la isla.Las hostias -c\u00edrculos de pan \u00e1cimo- son una parte fundamental del rito cat\u00f3lico de la eucarist\u00eda, el momento culmen de la misa.\u00abA [&hellip;]","og_url":"https:\/\/conexion23.com\/?p=12967","og_site_name":"Conexi\u00f3n 23","article_publisher":"https:\/\/www.facebook.com\/conexion23com","article_published_time":"2022-11-03T18:21:57+00:00","article_modified_time":"2022-11-03T18:22:00+00:00","author":"Raffy Ben\u00edtez","twitter_card":"summary_large_image","twitter_misc":{"Escrito por":"Raffy Ben\u00edtez","Tiempo de lectura":"1 minuto"},"schema":{"@context":"https:\/\/schema.org","@graph":[{"@type":"Article","@id":"https:\/\/conexion23.com\/?p=12967#article","isPartOf":{"@id":"https:\/\/conexion23.com\/?p=12967"},"author":{"name":"Raffy Ben\u00edtez","@id":"https:\/\/conexion23.com\/#\/schema\/person\/03e36043331117e97a373299bbcd30a6"},"headline":"Cat\u00f3licos en Cuba se quedan sin misas por falta de hostias.La Habana.","datePublished":"2022-11-03T18:21:57+00:00","dateModified":"2022-11-03T18:22:00+00:00","mainEntityOfPage":{"@id":"https:\/\/conexion23.com\/?p=12967"},"wordCount":215,"commentCount":0,"publisher":{"@id":"https:\/\/conexion23.com\/#organization"},"articleSection":["Uncategorized"],"inLanguage":"es","potentialAction":[{"@type":"CommentAction","name":"Comment","target":["https:\/\/conexion23.com\/?p=12967#respond"]}]},{"@type":"WebPage","@id":"https:\/\/conexion23.com\/?p=12967","url":"https:\/\/conexion23.com\/?p=12967","name":"Cat\u00f3licos en Cuba se quedan sin misas por falta de hostias.La Habana. - Conexi\u00f3n 23","isPartOf":{"@id":"https:\/\/conexion23.com\/#website"},"datePublished":"2022-11-03T18:21:57+00:00","dateModified":"2022-11-03T18:22:00+00:00","breadcrumb":{"@id":"https:\/\/conexion23.com\/?p=12967#breadcrumb"},"inLanguage":"es","potentialAction":[{"@type":"ReadAction","target":["https:\/\/conexion23.com\/?p=12967"]}]},{"@type":"BreadcrumbList","@id":"https:\/\/conexion23.com\/?p=12967#breadcrumb","itemListElement":[{"@type":"ListItem","position":1,"name":"Portada","item":"https:\/\/conexion23.com\/"},{"@type":"ListItem","position":2,"name":"Cat\u00f3licos en Cuba se quedan sin misas por falta de hostias.La Habana."}]},{"@type":"WebSite","@id":"https:\/\/conexion23.com\/#website","url":"https:\/\/conexion23.com\/","name":"Conexi\u00f3n 23","description":"Peri\u00f3dico 100% Petromacorisano","publisher":{"@id":"https:\/\/conexion23.com\/#organization"},"potentialAction":[{"@type":"SearchAction","target":{"@type":"EntryPoint","urlTemplate":"https:\/\/conexion23.com\/?s={search_term_string}"},"query-input":{"@type":"PropertyValueSpecification","valueRequired":true,"valueName":"search_term_string"}}],"inLanguage":"es"},{"@type":"Organization","@id":"https:\/\/conexion23.com\/#organization","name":"Conexion 23","url":"https:\/\/conexion23.com\/","logo":{"@type":"ImageObject","inLanguage":"es","@id":"https:\/\/conexion23.com\/#\/schema\/logo\/image\/","url":"https:\/\/conexion23.com\/wp-content\/uploads\/2021\/11\/Diseno-sin-titulo-2.png","contentUrl":"https:\/\/conexion23.com\/wp-content\/uploads\/2021\/11\/Diseno-sin-titulo-2.png","width":541,"height":90,"caption":"Conexion 23"},"image":{"@id":"https:\/\/conexion23.com\/#\/schema\/logo\/image\/"},"sameAs":["https:\/\/www.facebook.com\/conexion23com","https:\/\/www.instagram.com\/conexion23com\/","https:\/\/www.youtube.com\/channel\/UCYc7vxxFZMYLIHNsHHxPZ3Q"]},{"@type":"Person","@id":"https:\/\/conexion23.com\/#\/schema\/person\/03e36043331117e97a373299bbcd30a6","name":"Raffy Ben\u00edtez","image":{"@type":"ImageObject","inLanguage":"es","@id":"https:\/\/secure.gravatar.com\/avatar\/3190a6a6c5e1b0327500f7d6c56b6242472ee6cb974cf09b401ee6b3b0798f23?s=96&d=mm&r=g","url":"https:\/\/secure.gravatar.com\/avatar\/3190a6a6c5e1b0327500f7d6c56b6242472ee6cb974cf09b401ee6b3b0798f23?s=96&d=mm&r=g","contentUrl":"https:\/\/secure.gravatar.com\/avatar\/3190a6a6c5e1b0327500f7d6c56b6242472ee6cb974cf09b401ee6b3b0798f23?s=96&d=mm&r=g","caption":"Raffy Ben\u00edtez"},"url":"https:\/\/conexion23.com\/?author=15"}]}},"_links":{"self":[{"href":"https:\/\/conexion23.com\/index.php?rest_route=\/wp\/v2\/posts\/12967","targetHints":{"allow":["GET"]}}],"collection":[{"href":"https:\/\/conexion23.com\/index.php?rest_route=\/wp\/v2\/posts"}],"about":[{"href":"https:\/\/conexion23.com\/index.php?rest_route=\/wp\/v2\/types\/post"}],"author":[{"embeddable":true,"href":"https:\/\/conexion23.com\/index.php?rest_route=\/wp\/v2\/users\/15"}],"replies":[{"embeddable":true,"href":"https:\/\/conexion23.com\/index.php?rest_route=%2Fwp%2Fv2%2Fcomments&post=12967"}],"version-history":[{"count":1,"href":"https:\/\/conexion23.com\/index.php?rest_route=\/wp\/v2\/posts\/12967\/revisions"}],"predecessor-version":[{"id":12969,"href":"https:\/\/conexion23.com\/index.php?rest_route=\/wp\/v2\/posts\/12967\/revisions\/12969"}],"wp:attachment":[{"href":"https:\/\/conexion23.com\/index.php?rest_route=%2Fwp%2Fv2%2Fmedia&parent=12967"}],"wp:term":[{"taxonomy":"category","embeddable":true,"href":"https:\/\/conexion23.com\/index.php?rest_route=%2Fwp%2Fv2%2Fcategories&post=12967"},{"taxonomy":"post_tag","embeddable":true,"href":"https:\/\/conexion23.com\/index.php?rest_route=%2Fwp%2Fv2%2Ftags&post=12967"}],"curies":[{"name":"wp","href":"https:\/\/api.w.org\/{rel}","templated":true}]}}