{"id":13017,"date":"2022-11-04T07:48:35","date_gmt":"2022-11-04T11:48:35","guid":{"rendered":"https:\/\/conexion23.com\/?p=13017"},"modified":"2022-11-04T10:21:42","modified_gmt":"2022-11-04T14:21:42","slug":"refuerzan-medidas-de-seguridad-vial-tras-accidente-en-bavaro","status":"publish","type":"post","link":"https:\/\/conexion23.com\/?p=13017","title":{"rendered":"Refuerzan medidas de seguridad vial tras accidente en B\u00e1varo"},"content":{"rendered":"\n<p class=\"wp-block-paragraph\"><strong>Ramon Antonio Ram\u00edrez<\/strong>&nbsp;(Manolito), alcalde de&nbsp;<strong>Ver\u00f3n<\/strong>,<strong>&nbsp;Punta Cana<\/strong>, explic\u00f3 que las autoridades de la zona trabajan en el plan de seguridad terrestre para salvaguardar la integridad f\u00edsica de los visitantes locales y extranjeros que se dar\u00e1n cita en los pr\u00f3ximos meses, ya que con la temporada navide\u00f1a el flujo de vacacionistas al destino tur\u00edstico Punta Cana aumenta.<\/p>\n\n\n\n<p class=\"wp-block-paragraph\">Agreg\u00f3 que se instalar\u00e1n nuevos sem\u00e1foros. \u00abEn el&nbsp;<strong>cruce de Macao<\/strong>&nbsp;solicitamos un sem\u00e1foro nuevo y ya un empresario del sector privado nos indic\u00f3 que har\u00e1 la donaci\u00f3n y en el cruce de&nbsp;<strong>Blue Mall<\/strong>, frente al&nbsp;<strong>aeropuerto Punta Cana,&nbsp;<\/strong>tambi\u00e9n hay que colocar uno, ya que en la zona hemos tenido mucha incidencia de accidentes\u00bb.<\/p>\n\n\n\n<p class=\"wp-block-paragraph\">Manifest\u00f3 que otra de las medidas es el cierre permanente de algunos cruces \u00abporque en el plan original del Boulevard Tur\u00edstico llevaban paso a desnivel y como no se han podido construir es muy alto el riesgo de que puedan ocurrir accidentes\u00bb.<\/p>\n\n\n\n<p class=\"wp-block-paragraph\">\u00abSe determin\u00f3 cerrar permanentemente el&nbsp;<strong>cruce Domingo&nbsp;<\/strong><strong>Ma\u00edz<\/strong>, donde ocurri\u00f3 el reciente accidente, que hasta este momento est\u00e1 cerrado de manera provisional hasta que se encuentre una soluci\u00f3n definitiva, mientras est\u00e1 vigilado por agentes de la&nbsp;<strong>Digesett<\/strong>&nbsp;y<strong>&nbsp;Politur<\/strong>. Tambi\u00e9n se decidi\u00f3 cerrar el que est\u00e1 al frente a&nbsp;<strong>Cepem,<\/strong>&nbsp;en busca de viabilizar cual ser\u00e1 la soluci\u00f3n apropiada para el mejoramiento del tr\u00e1nsito, como un elevado o paso soterrado, ya que tenemos un flujo muy fuerte de de entrada y salida de veh\u00edculos\u00bb, agreg\u00f3.<\/p>\n\n\n\n<p class=\"wp-block-paragraph\">Indic\u00f3 que con relaci\u00f3n al mejoramiento del tr\u00e1nsito en referida zona, el ayuntamiento espera por el Ministerio de Obras P\u00fablicas (<strong>MOPC<\/strong>) a que entregue un informe detallado y definitivo para encontrar una soluci\u00f3n definitiva al problema.<\/p>\n\n\n\n<p class=\"wp-block-paragraph\">El alcalde, adem\u00e1s, hizo referencia a lo acordado con el&nbsp;Instituto Nacional de Tr\u00e1nsito y Transporte Terrestre (<strong>Intrant<\/strong>), donde se enfatiz\u00f3 que los autobuses que transitan por la zona deben contar con GPS en todas sus unidades.<\/p>\n\n\n\n<p class=\"wp-block-paragraph\">\u00abLa mayor\u00eda lo tienen pero se les esta pidiendo que el Intrant tenga acceso para saber a la velocidad real que transitan y as\u00ed darle seguimiento conjuntamente con los propietarios\u00bb, enfatiz\u00f3.<\/p>\n","protected":false},"excerpt":{"rendered":"<p>Ramon Antonio Ram\u00edrez&nbsp;(Manolito), alcalde de&nbsp;Ver\u00f3n,&nbsp;Punta Cana, explic\u00f3 que las autoridades de la zona trabajan en el plan de seguridad terrestre para salvaguardar la integridad f\u00edsica de los visitantes locales y extranjeros que se dar\u00e1n cita en los pr\u00f3ximos meses, ya que con la temporada navide\u00f1a el flujo de vacacionistas al destino tur\u00edstico Punta Cana aumenta. [&hellip;]<\/p>\n","protected":false},"author":15,"featured_media":0,"comment_status":"open","ping_status":"open","sticky":false,"template":"","format":"standard","meta":{"footnotes":""},"categories":[1156],"tags":[],"class_list":["post-13017","post","type-post","status-publish","format-standard","category-turismo-turismo"],"yoast_head":"<!-- This site is optimized with the Yoast SEO plugin v27.6 - https:\/\/yoast.com\/product\/yoast-seo-wordpress\/ -->\n<title>Refuerzan medidas de seguridad vial tras accidente en B\u00e1varo - Conexi\u00f3n 23<\/title>\n<meta name=\"robots\" content=\"index, follow, max-snippet:-1, max-image-preview:large, max-video-preview:-1\" \/>\n<link rel=\"canonical\" href=\"https:\/\/conexion23.com\/?p=13017\" \/>\n<meta property=\"og:locale\" content=\"es_ES\" \/>\n<meta property=\"og:type\" content=\"article\" \/>\n<meta property=\"og:title\" content=\"Refuerzan medidas de seguridad vial tras accidente en B\u00e1varo - Conexi\u00f3n 23\" \/>\n<meta property=\"og:description\" content=\"Ramon Antonio Ram\u00edrez&nbsp;(Manolito), alcalde de&nbsp;Ver\u00f3n,&nbsp;Punta Cana, explic\u00f3 que las autoridades de la zona trabajan en el plan de seguridad terrestre para salvaguardar la integridad f\u00edsica de los visitantes locales y extranjeros que se dar\u00e1n cita en los pr\u00f3ximos meses, ya que con la temporada navide\u00f1a el flujo de vacacionistas al destino tur\u00edstico Punta Cana aumenta. [&hellip;]\" \/>\n<meta property=\"og:url\" content=\"https:\/\/conexion23.com\/?p=13017\" \/>\n<meta property=\"og:site_name\" content=\"Conexi\u00f3n 23\" \/>\n<meta property=\"article:publisher\" content=\"https:\/\/www.facebook.com\/conexion23com\" \/>\n<meta property=\"article:published_time\" content=\"2022-11-04T11:48:35+00:00\" \/>\n<meta property=\"article:modified_time\" content=\"2022-11-04T14:21:42+00:00\" \/>\n<meta name=\"author\" content=\"Raffy Ben\u00edtez\" \/>\n<meta name=\"twitter:card\" content=\"summary_large_image\" \/>\n<meta name=\"twitter:label1\" content=\"Escrito por\" \/>\n\t<meta name=\"twitter:data1\" content=\"Raffy Ben\u00edtez\" \/>\n\t<meta name=\"twitter:label2\" content=\"Tiempo de lectura\" \/>\n\t<meta name=\"twitter:data2\" content=\"2 minutos\" \/>\n<script type=\"application\/ld+json\" class=\"yoast-schema-graph\">{\"@context\":\"https:\\\/\\\/schema.org\",\"@graph\":[{\"@type\":\"Article\",\"@id\":\"https:\\\/\\\/conexion23.com\\\/?p=13017#article\",\"isPartOf\":{\"@id\":\"https:\\\/\\\/conexion23.com\\\/?p=13017\"},\"author\":{\"name\":\"Raffy Ben\u00edtez\",\"@id\":\"http:\\\/\\\/conexion23.com\\\/#\\\/schema\\\/person\\\/03e36043331117e97a373299bbcd30a6\"},\"headline\":\"Refuerzan medidas de seguridad vial tras accidente en B\u00e1varo\",\"datePublished\":\"2022-11-04T11:48:35+00:00\",\"dateModified\":\"2022-11-04T14:21:42+00:00\",\"mainEntityOfPage\":{\"@id\":\"https:\\\/\\\/conexion23.com\\\/?p=13017\"},\"wordCount\":397,\"commentCount\":0,\"publisher\":{\"@id\":\"http:\\\/\\\/conexion23.com\\\/#organization\"},\"articleSection\":[\"Turismo\"],\"inLanguage\":\"es\",\"potentialAction\":[{\"@type\":\"CommentAction\",\"name\":\"Comment\",\"target\":[\"https:\\\/\\\/conexion23.com\\\/?p=13017#respond\"]}]},{\"@type\":\"WebPage\",\"@id\":\"https:\\\/\\\/conexion23.com\\\/?p=13017\",\"url\":\"https:\\\/\\\/conexion23.com\\\/?p=13017\",\"name\":\"Refuerzan medidas de seguridad vial tras accidente en B\u00e1varo - Conexi\u00f3n 23\",\"isPartOf\":{\"@id\":\"http:\\\/\\\/conexion23.com\\\/#website\"},\"datePublished\":\"2022-11-04T11:48:35+00:00\",\"dateModified\":\"2022-11-04T14:21:42+00:00\",\"breadcrumb\":{\"@id\":\"https:\\\/\\\/conexion23.com\\\/?p=13017#breadcrumb\"},\"inLanguage\":\"es\",\"potentialAction\":[{\"@type\":\"ReadAction\",\"target\":[\"https:\\\/\\\/conexion23.com\\\/?p=13017\"]}]},{\"@type\":\"BreadcrumbList\",\"@id\":\"https:\\\/\\\/conexion23.com\\\/?p=13017#breadcrumb\",\"itemListElement\":[{\"@type\":\"ListItem\",\"position\":1,\"name\":\"Portada\",\"item\":\"http:\\\/\\\/conexion23.com\\\/\"},{\"@type\":\"ListItem\",\"position\":2,\"name\":\"Refuerzan medidas de seguridad vial tras accidente en B\u00e1varo\"}]},{\"@type\":\"WebSite\",\"@id\":\"http:\\\/\\\/conexion23.com\\\/#website\",\"url\":\"http:\\\/\\\/conexion23.com\\\/\",\"name\":\"Conexi\u00f3n 23\",\"description\":\"Peri\u00f3dico 100% Petromacorisano\",\"publisher\":{\"@id\":\"http:\\\/\\\/conexion23.com\\\/#organization\"},\"potentialAction\":[{\"@type\":\"SearchAction\",\"target\":{\"@type\":\"EntryPoint\",\"urlTemplate\":\"http:\\\/\\\/conexion23.com\\\/?s={search_term_string}\"},\"query-input\":{\"@type\":\"PropertyValueSpecification\",\"valueRequired\":true,\"valueName\":\"search_term_string\"}}],\"inLanguage\":\"es\"},{\"@type\":\"Organization\",\"@id\":\"http:\\\/\\\/conexion23.com\\\/#organization\",\"name\":\"Conexion 23\",\"url\":\"http:\\\/\\\/conexion23.com\\\/\",\"logo\":{\"@type\":\"ImageObject\",\"inLanguage\":\"es\",\"@id\":\"http:\\\/\\\/conexion23.com\\\/#\\\/schema\\\/logo\\\/image\\\/\",\"url\":\"https:\\\/\\\/conexion23.com\\\/wp-content\\\/uploads\\\/2021\\\/11\\\/Diseno-sin-titulo-2.png\",\"contentUrl\":\"https:\\\/\\\/conexion23.com\\\/wp-content\\\/uploads\\\/2021\\\/11\\\/Diseno-sin-titulo-2.png\",\"width\":541,\"height\":90,\"caption\":\"Conexion 23\"},\"image\":{\"@id\":\"http:\\\/\\\/conexion23.com\\\/#\\\/schema\\\/logo\\\/image\\\/\"},\"sameAs\":[\"https:\\\/\\\/www.facebook.com\\\/conexion23com\",\"https:\\\/\\\/www.instagram.com\\\/conexion23com\\\/\",\"https:\\\/\\\/www.youtube.com\\\/channel\\\/UCYc7vxxFZMYLIHNsHHxPZ3Q\"]},{\"@type\":\"Person\",\"@id\":\"http:\\\/\\\/conexion23.com\\\/#\\\/schema\\\/person\\\/03e36043331117e97a373299bbcd30a6\",\"name\":\"Raffy Ben\u00edtez\",\"image\":{\"@type\":\"ImageObject\",\"inLanguage\":\"es\",\"@id\":\"https:\\\/\\\/secure.gravatar.com\\\/avatar\\\/3190a6a6c5e1b0327500f7d6c56b6242472ee6cb974cf09b401ee6b3b0798f23?s=96&d=mm&r=g\",\"url\":\"https:\\\/\\\/secure.gravatar.com\\\/avatar\\\/3190a6a6c5e1b0327500f7d6c56b6242472ee6cb974cf09b401ee6b3b0798f23?s=96&d=mm&r=g\",\"contentUrl\":\"https:\\\/\\\/secure.gravatar.com\\\/avatar\\\/3190a6a6c5e1b0327500f7d6c56b6242472ee6cb974cf09b401ee6b3b0798f23?s=96&d=mm&r=g\",\"caption\":\"Raffy Ben\u00edtez\"},\"url\":\"https:\\\/\\\/conexion23.com\\\/?author=15\"}]}<\/script>\n<!-- \/ Yoast SEO plugin. -->","yoast_head_json":{"title":"Refuerzan medidas de seguridad vial tras accidente en B\u00e1varo - Conexi\u00f3n 23","robots":{"index":"index","follow":"follow","max-snippet":"max-snippet:-1","max-image-preview":"max-image-preview:large","max-video-preview":"max-video-preview:-1"},"canonical":"https:\/\/conexion23.com\/?p=13017","og_locale":"es_ES","og_type":"article","og_title":"Refuerzan medidas de seguridad vial tras accidente en B\u00e1varo - Conexi\u00f3n 23","og_description":"Ramon Antonio Ram\u00edrez&nbsp;(Manolito), alcalde de&nbsp;Ver\u00f3n,&nbsp;Punta Cana, explic\u00f3 que las autoridades de la zona trabajan en el plan de seguridad terrestre para salvaguardar la integridad f\u00edsica de los visitantes locales y extranjeros que se dar\u00e1n cita en los pr\u00f3ximos meses, ya que con la temporada navide\u00f1a el flujo de vacacionistas al destino tur\u00edstico Punta Cana aumenta. [&hellip;]","og_url":"https:\/\/conexion23.com\/?p=13017","og_site_name":"Conexi\u00f3n 23","article_publisher":"https:\/\/www.facebook.com\/conexion23com","article_published_time":"2022-11-04T11:48:35+00:00","article_modified_time":"2022-11-04T14:21:42+00:00","author":"Raffy Ben\u00edtez","twitter_card":"summary_large_image","twitter_misc":{"Escrito por":"Raffy Ben\u00edtez","Tiempo de lectura":"2 minutos"},"schema":{"@context":"https:\/\/schema.org","@graph":[{"@type":"Article","@id":"https:\/\/conexion23.com\/?p=13017#article","isPartOf":{"@id":"https:\/\/conexion23.com\/?p=13017"},"author":{"name":"Raffy Ben\u00edtez","@id":"http:\/\/conexion23.com\/#\/schema\/person\/03e36043331117e97a373299bbcd30a6"},"headline":"Refuerzan medidas de seguridad vial tras accidente en B\u00e1varo","datePublished":"2022-11-04T11:48:35+00:00","dateModified":"2022-11-04T14:21:42+00:00","mainEntityOfPage":{"@id":"https:\/\/conexion23.com\/?p=13017"},"wordCount":397,"commentCount":0,"publisher":{"@id":"http:\/\/conexion23.com\/#organization"},"articleSection":["Turismo"],"inLanguage":"es","potentialAction":[{"@type":"CommentAction","name":"Comment","target":["https:\/\/conexion23.com\/?p=13017#respond"]}]},{"@type":"WebPage","@id":"https:\/\/conexion23.com\/?p=13017","url":"https:\/\/conexion23.com\/?p=13017","name":"Refuerzan medidas de seguridad vial tras accidente en B\u00e1varo - Conexi\u00f3n 23","isPartOf":{"@id":"http:\/\/conexion23.com\/#website"},"datePublished":"2022-11-04T11:48:35+00:00","dateModified":"2022-11-04T14:21:42+00:00","breadcrumb":{"@id":"https:\/\/conexion23.com\/?p=13017#breadcrumb"},"inLanguage":"es","potentialAction":[{"@type":"ReadAction","target":["https:\/\/conexion23.com\/?p=13017"]}]},{"@type":"BreadcrumbList","@id":"https:\/\/conexion23.com\/?p=13017#breadcrumb","itemListElement":[{"@type":"ListItem","position":1,"name":"Portada","item":"http:\/\/conexion23.com\/"},{"@type":"ListItem","position":2,"name":"Refuerzan medidas de seguridad vial tras accidente en B\u00e1varo"}]},{"@type":"WebSite","@id":"http:\/\/conexion23.com\/#website","url":"http:\/\/conexion23.com\/","name":"Conexi\u00f3n 23","description":"Peri\u00f3dico 100% Petromacorisano","publisher":{"@id":"http:\/\/conexion23.com\/#organization"},"potentialAction":[{"@type":"SearchAction","target":{"@type":"EntryPoint","urlTemplate":"http:\/\/conexion23.com\/?s={search_term_string}"},"query-input":{"@type":"PropertyValueSpecification","valueRequired":true,"valueName":"search_term_string"}}],"inLanguage":"es"},{"@type":"Organization","@id":"http:\/\/conexion23.com\/#organization","name":"Conexion 23","url":"http:\/\/conexion23.com\/","logo":{"@type":"ImageObject","inLanguage":"es","@id":"http:\/\/conexion23.com\/#\/schema\/logo\/image\/","url":"https:\/\/conexion23.com\/wp-content\/uploads\/2021\/11\/Diseno-sin-titulo-2.png","contentUrl":"https:\/\/conexion23.com\/wp-content\/uploads\/2021\/11\/Diseno-sin-titulo-2.png","width":541,"height":90,"caption":"Conexion 23"},"image":{"@id":"http:\/\/conexion23.com\/#\/schema\/logo\/image\/"},"sameAs":["https:\/\/www.facebook.com\/conexion23com","https:\/\/www.instagram.com\/conexion23com\/","https:\/\/www.youtube.com\/channel\/UCYc7vxxFZMYLIHNsHHxPZ3Q"]},{"@type":"Person","@id":"http:\/\/conexion23.com\/#\/schema\/person\/03e36043331117e97a373299bbcd30a6","name":"Raffy Ben\u00edtez","image":{"@type":"ImageObject","inLanguage":"es","@id":"https:\/\/secure.gravatar.com\/avatar\/3190a6a6c5e1b0327500f7d6c56b6242472ee6cb974cf09b401ee6b3b0798f23?s=96&d=mm&r=g","url":"https:\/\/secure.gravatar.com\/avatar\/3190a6a6c5e1b0327500f7d6c56b6242472ee6cb974cf09b401ee6b3b0798f23?s=96&d=mm&r=g","contentUrl":"https:\/\/secure.gravatar.com\/avatar\/3190a6a6c5e1b0327500f7d6c56b6242472ee6cb974cf09b401ee6b3b0798f23?s=96&d=mm&r=g","caption":"Raffy Ben\u00edtez"},"url":"https:\/\/conexion23.com\/?author=15"}]}},"_links":{"self":[{"href":"https:\/\/conexion23.com\/index.php?rest_route=\/wp\/v2\/posts\/13017","targetHints":{"allow":["GET"]}}],"collection":[{"href":"https:\/\/conexion23.com\/index.php?rest_route=\/wp\/v2\/posts"}],"about":[{"href":"https:\/\/conexion23.com\/index.php?rest_route=\/wp\/v2\/types\/post"}],"author":[{"embeddable":true,"href":"https:\/\/conexion23.com\/index.php?rest_route=\/wp\/v2\/users\/15"}],"replies":[{"embeddable":true,"href":"https:\/\/conexion23.com\/index.php?rest_route=%2Fwp%2Fv2%2Fcomments&post=13017"}],"version-history":[{"count":2,"href":"https:\/\/conexion23.com\/index.php?rest_route=\/wp\/v2\/posts\/13017\/revisions"}],"predecessor-version":[{"id":13031,"href":"https:\/\/conexion23.com\/index.php?rest_route=\/wp\/v2\/posts\/13017\/revisions\/13031"}],"wp:attachment":[{"href":"https:\/\/conexion23.com\/index.php?rest_route=%2Fwp%2Fv2%2Fmedia&parent=13017"}],"wp:term":[{"taxonomy":"category","embeddable":true,"href":"https:\/\/conexion23.com\/index.php?rest_route=%2Fwp%2Fv2%2Fcategories&post=13017"},{"taxonomy":"post_tag","embeddable":true,"href":"https:\/\/conexion23.com\/index.php?rest_route=%2Fwp%2Fv2%2Ftags&post=13017"}],"curies":[{"name":"wp","href":"https:\/\/api.w.org\/{rel}","templated":true}]}}