{"id":13020,"date":"2022-11-04T07:58:45","date_gmt":"2022-11-04T11:58:45","guid":{"rendered":"https:\/\/conexion23.com\/?p=13020"},"modified":"2022-11-04T07:58:48","modified_gmt":"2022-11-04T11:58:48","slug":"agencia-de-la-onu-pide-a-paises-parar-las-deportaciones-de-haitianos","status":"publish","type":"post","link":"https:\/\/conexion23.com\/?p=13020","title":{"rendered":"Agencia de la ONU pide a pa\u00edses parar las deportaciones de haitianos"},"content":{"rendered":"\n<p class=\"wp-block-paragraph\">La&nbsp;<strong>ACNUR<\/strong>, la Agencia de la&nbsp;<strong>ONU<\/strong>&nbsp;para los Refugiados, emiti\u00f3 un comunicado en el que insta a los Estados de la regi\u00f3n y de otras zonas que suspendan el retorno forzado de la poblaci\u00f3n haitiana a su pa\u00eds, por \u201cla devastadora crisis humanitaria y de seguridad en Hait\u00ed\u201d.<\/p>\n\n\n\n<p class=\"wp-block-paragraph\">\u201cLa violencia (incluida la violencia sexual), los secuestros, los saqueos y los bloqueos de carreteras perpetrados por grupos armados, as\u00ed como el reciente brote de c\u00f3lera, han agravado una situaci\u00f3n humanitaria ya dram\u00e1tica en Hait\u00ed, marcada por la aguda inseguridad alimentaria, la escasez de combustible, y la falta de atenci\u00f3n m\u00e9dica y saneamiento. Millones de ni\u00f1as y ni\u00f1os no pueden ir a la escuela, padecen desnutrici\u00f3n y viven con miedo\u201d, dice el organismo en el documento.<\/p>\n\n\n\n<p class=\"wp-block-paragraph\">Esta petici\u00f3n se produce d\u00edas despu\u00e9s de que la subsecretaria de Seguridad Ciudadana, Democracia y Derechos Humanos de los Estados Unidos, Uzra Zeya, instara al Gobierno dominicano a \u201cprestar servicios a todas las personas vulnerables, incluidos los haitianos y los dominicanos de ascendencia haitiana\u201d.<\/p>\n\n\n\n<p class=\"wp-block-paragraph\">El&nbsp;<strong>ACNUR<\/strong>&nbsp;toma como referencia lo expresado por la Oficina de Derechos Humanos de la&nbsp;<strong>ONU<\/strong>&nbsp;sobre las violaciones sistem\u00e1ticas de los derechos y la incesante violencia armada que han precipitado el descenso del pa\u00eds a su \u201cpeor situaci\u00f3n humanitaria y de derechos humanos en d\u00e9cadas\u201d.<\/p>\n\n\n\n<p class=\"wp-block-paragraph\">\u201cAnte esta situaci\u00f3n tan preocupante, exhorto a todos los Estados a que se solidaricen con Hait\u00ed y les pido que no devuelvan a la poblaci\u00f3n haitiana a un pa\u00eds que es extremadamente fr\u00e1gil\u201d, declar\u00f3 el Alto Comisionado de la&nbsp;<strong>ONU<\/strong>&nbsp;para los Refugiados, Filippo Grandi.<\/p>\n\n\n\n<p class=\"wp-block-paragraph\">Considera que las personas haitianas ( mujeres, ni\u00f1as, ni\u00f1os y hombres) que est\u00e1n fuera del pa\u00eds y que son devueltas a \u00e9l pueden enfrentar nuevos desplazamientos, as\u00ed como riesgos de seguridad y de salud que atentan contra sus vidas.<\/p>\n","protected":false},"excerpt":{"rendered":"<p>La&nbsp;ACNUR, la Agencia de la&nbsp;ONU&nbsp;para los Refugiados, emiti\u00f3 un comunicado en el que insta a los Estados de la regi\u00f3n y de otras zonas que suspendan el retorno forzado de la poblaci\u00f3n haitiana a su pa\u00eds, por \u201cla devastadora crisis humanitaria y de seguridad en Hait\u00ed\u201d. \u201cLa violencia (incluida la violencia sexual), los secuestros, los [&hellip;]<\/p>\n","protected":false},"author":15,"featured_media":0,"comment_status":"open","ping_status":"open","sticky":false,"template":"","format":"standard","meta":{"footnotes":""},"categories":[1],"tags":[],"class_list":["post-13020","post","type-post","status-publish","format-standard","category-uncategorized"],"yoast_head":"<!-- This site is optimized with the Yoast SEO plugin v27.6 - https:\/\/yoast.com\/product\/yoast-seo-wordpress\/ -->\n<title>Agencia de la ONU pide a pa\u00edses parar las deportaciones de haitianos - Conexi\u00f3n 23<\/title>\n<meta name=\"robots\" content=\"index, follow, max-snippet:-1, max-image-preview:large, max-video-preview:-1\" \/>\n<link rel=\"canonical\" href=\"https:\/\/conexion23.com\/?p=13020\" \/>\n<meta property=\"og:locale\" content=\"es_ES\" \/>\n<meta property=\"og:type\" content=\"article\" \/>\n<meta property=\"og:title\" content=\"Agencia de la ONU pide a pa\u00edses parar las deportaciones de haitianos - Conexi\u00f3n 23\" \/>\n<meta property=\"og:description\" content=\"La&nbsp;ACNUR, la Agencia de la&nbsp;ONU&nbsp;para los Refugiados, emiti\u00f3 un comunicado en el que insta a los Estados de la regi\u00f3n y de otras zonas que suspendan el retorno forzado de la poblaci\u00f3n haitiana a su pa\u00eds, por \u201cla devastadora crisis humanitaria y de seguridad en Hait\u00ed\u201d. \u201cLa violencia (incluida la violencia sexual), los secuestros, los [&hellip;]\" \/>\n<meta property=\"og:url\" content=\"https:\/\/conexion23.com\/?p=13020\" \/>\n<meta property=\"og:site_name\" content=\"Conexi\u00f3n 23\" \/>\n<meta property=\"article:publisher\" content=\"https:\/\/www.facebook.com\/conexion23com\" \/>\n<meta property=\"article:published_time\" content=\"2022-11-04T11:58:45+00:00\" \/>\n<meta property=\"article:modified_time\" content=\"2022-11-04T11:58:48+00:00\" \/>\n<meta name=\"author\" content=\"Raffy Ben\u00edtez\" \/>\n<meta name=\"twitter:card\" content=\"summary_large_image\" \/>\n<meta name=\"twitter:label1\" content=\"Escrito por\" \/>\n\t<meta name=\"twitter:data1\" content=\"Raffy Ben\u00edtez\" \/>\n\t<meta name=\"twitter:label2\" content=\"Tiempo de lectura\" \/>\n\t<meta name=\"twitter:data2\" content=\"2 minutos\" \/>\n<script type=\"application\/ld+json\" class=\"yoast-schema-graph\">{\"@context\":\"https:\\\/\\\/schema.org\",\"@graph\":[{\"@type\":\"Article\",\"@id\":\"https:\\\/\\\/conexion23.com\\\/?p=13020#article\",\"isPartOf\":{\"@id\":\"https:\\\/\\\/conexion23.com\\\/?p=13020\"},\"author\":{\"name\":\"Raffy Ben\u00edtez\",\"@id\":\"https:\\\/\\\/conexion23.com\\\/#\\\/schema\\\/person\\\/03e36043331117e97a373299bbcd30a6\"},\"headline\":\"Agencia de la ONU pide a pa\u00edses parar las deportaciones de haitianos\",\"datePublished\":\"2022-11-04T11:58:45+00:00\",\"dateModified\":\"2022-11-04T11:58:48+00:00\",\"mainEntityOfPage\":{\"@id\":\"https:\\\/\\\/conexion23.com\\\/?p=13020\"},\"wordCount\":346,\"commentCount\":0,\"publisher\":{\"@id\":\"https:\\\/\\\/conexion23.com\\\/#organization\"},\"articleSection\":[\"Uncategorized\"],\"inLanguage\":\"es\",\"potentialAction\":[{\"@type\":\"CommentAction\",\"name\":\"Comment\",\"target\":[\"https:\\\/\\\/conexion23.com\\\/?p=13020#respond\"]}]},{\"@type\":\"WebPage\",\"@id\":\"https:\\\/\\\/conexion23.com\\\/?p=13020\",\"url\":\"https:\\\/\\\/conexion23.com\\\/?p=13020\",\"name\":\"Agencia de la ONU pide a pa\u00edses parar las deportaciones de haitianos - Conexi\u00f3n 23\",\"isPartOf\":{\"@id\":\"https:\\\/\\\/conexion23.com\\\/#website\"},\"datePublished\":\"2022-11-04T11:58:45+00:00\",\"dateModified\":\"2022-11-04T11:58:48+00:00\",\"breadcrumb\":{\"@id\":\"https:\\\/\\\/conexion23.com\\\/?p=13020#breadcrumb\"},\"inLanguage\":\"es\",\"potentialAction\":[{\"@type\":\"ReadAction\",\"target\":[\"https:\\\/\\\/conexion23.com\\\/?p=13020\"]}]},{\"@type\":\"BreadcrumbList\",\"@id\":\"https:\\\/\\\/conexion23.com\\\/?p=13020#breadcrumb\",\"itemListElement\":[{\"@type\":\"ListItem\",\"position\":1,\"name\":\"Portada\",\"item\":\"https:\\\/\\\/conexion23.com\\\/\"},{\"@type\":\"ListItem\",\"position\":2,\"name\":\"Agencia de la ONU pide a pa\u00edses parar las deportaciones de haitianos\"}]},{\"@type\":\"WebSite\",\"@id\":\"https:\\\/\\\/conexion23.com\\\/#website\",\"url\":\"https:\\\/\\\/conexion23.com\\\/\",\"name\":\"Conexi\u00f3n 23\",\"description\":\"Peri\u00f3dico 100% Petromacorisano\",\"publisher\":{\"@id\":\"https:\\\/\\\/conexion23.com\\\/#organization\"},\"potentialAction\":[{\"@type\":\"SearchAction\",\"target\":{\"@type\":\"EntryPoint\",\"urlTemplate\":\"https:\\\/\\\/conexion23.com\\\/?s={search_term_string}\"},\"query-input\":{\"@type\":\"PropertyValueSpecification\",\"valueRequired\":true,\"valueName\":\"search_term_string\"}}],\"inLanguage\":\"es\"},{\"@type\":\"Organization\",\"@id\":\"https:\\\/\\\/conexion23.com\\\/#organization\",\"name\":\"Conexion 23\",\"url\":\"https:\\\/\\\/conexion23.com\\\/\",\"logo\":{\"@type\":\"ImageObject\",\"inLanguage\":\"es\",\"@id\":\"https:\\\/\\\/conexion23.com\\\/#\\\/schema\\\/logo\\\/image\\\/\",\"url\":\"https:\\\/\\\/conexion23.com\\\/wp-content\\\/uploads\\\/2021\\\/11\\\/Diseno-sin-titulo-2.png\",\"contentUrl\":\"https:\\\/\\\/conexion23.com\\\/wp-content\\\/uploads\\\/2021\\\/11\\\/Diseno-sin-titulo-2.png\",\"width\":541,\"height\":90,\"caption\":\"Conexion 23\"},\"image\":{\"@id\":\"https:\\\/\\\/conexion23.com\\\/#\\\/schema\\\/logo\\\/image\\\/\"},\"sameAs\":[\"https:\\\/\\\/www.facebook.com\\\/conexion23com\",\"https:\\\/\\\/www.instagram.com\\\/conexion23com\\\/\",\"https:\\\/\\\/www.youtube.com\\\/channel\\\/UCYc7vxxFZMYLIHNsHHxPZ3Q\"]},{\"@type\":\"Person\",\"@id\":\"https:\\\/\\\/conexion23.com\\\/#\\\/schema\\\/person\\\/03e36043331117e97a373299bbcd30a6\",\"name\":\"Raffy Ben\u00edtez\",\"image\":{\"@type\":\"ImageObject\",\"inLanguage\":\"es\",\"@id\":\"https:\\\/\\\/secure.gravatar.com\\\/avatar\\\/3190a6a6c5e1b0327500f7d6c56b6242472ee6cb974cf09b401ee6b3b0798f23?s=96&d=mm&r=g\",\"url\":\"https:\\\/\\\/secure.gravatar.com\\\/avatar\\\/3190a6a6c5e1b0327500f7d6c56b6242472ee6cb974cf09b401ee6b3b0798f23?s=96&d=mm&r=g\",\"contentUrl\":\"https:\\\/\\\/secure.gravatar.com\\\/avatar\\\/3190a6a6c5e1b0327500f7d6c56b6242472ee6cb974cf09b401ee6b3b0798f23?s=96&d=mm&r=g\",\"caption\":\"Raffy Ben\u00edtez\"},\"url\":\"https:\\\/\\\/conexion23.com\\\/?author=15\"}]}<\/script>\n<!-- \/ Yoast SEO plugin. -->","yoast_head_json":{"title":"Agencia de la ONU pide a pa\u00edses parar las deportaciones de haitianos - Conexi\u00f3n 23","robots":{"index":"index","follow":"follow","max-snippet":"max-snippet:-1","max-image-preview":"max-image-preview:large","max-video-preview":"max-video-preview:-1"},"canonical":"https:\/\/conexion23.com\/?p=13020","og_locale":"es_ES","og_type":"article","og_title":"Agencia de la ONU pide a pa\u00edses parar las deportaciones de haitianos - Conexi\u00f3n 23","og_description":"La&nbsp;ACNUR, la Agencia de la&nbsp;ONU&nbsp;para los Refugiados, emiti\u00f3 un comunicado en el que insta a los Estados de la regi\u00f3n y de otras zonas que suspendan el retorno forzado de la poblaci\u00f3n haitiana a su pa\u00eds, por \u201cla devastadora crisis humanitaria y de seguridad en Hait\u00ed\u201d. \u201cLa violencia (incluida la violencia sexual), los secuestros, los [&hellip;]","og_url":"https:\/\/conexion23.com\/?p=13020","og_site_name":"Conexi\u00f3n 23","article_publisher":"https:\/\/www.facebook.com\/conexion23com","article_published_time":"2022-11-04T11:58:45+00:00","article_modified_time":"2022-11-04T11:58:48+00:00","author":"Raffy Ben\u00edtez","twitter_card":"summary_large_image","twitter_misc":{"Escrito por":"Raffy Ben\u00edtez","Tiempo de lectura":"2 minutos"},"schema":{"@context":"https:\/\/schema.org","@graph":[{"@type":"Article","@id":"https:\/\/conexion23.com\/?p=13020#article","isPartOf":{"@id":"https:\/\/conexion23.com\/?p=13020"},"author":{"name":"Raffy Ben\u00edtez","@id":"https:\/\/conexion23.com\/#\/schema\/person\/03e36043331117e97a373299bbcd30a6"},"headline":"Agencia de la ONU pide a pa\u00edses parar las deportaciones de haitianos","datePublished":"2022-11-04T11:58:45+00:00","dateModified":"2022-11-04T11:58:48+00:00","mainEntityOfPage":{"@id":"https:\/\/conexion23.com\/?p=13020"},"wordCount":346,"commentCount":0,"publisher":{"@id":"https:\/\/conexion23.com\/#organization"},"articleSection":["Uncategorized"],"inLanguage":"es","potentialAction":[{"@type":"CommentAction","name":"Comment","target":["https:\/\/conexion23.com\/?p=13020#respond"]}]},{"@type":"WebPage","@id":"https:\/\/conexion23.com\/?p=13020","url":"https:\/\/conexion23.com\/?p=13020","name":"Agencia de la ONU pide a pa\u00edses parar las deportaciones de haitianos - Conexi\u00f3n 23","isPartOf":{"@id":"https:\/\/conexion23.com\/#website"},"datePublished":"2022-11-04T11:58:45+00:00","dateModified":"2022-11-04T11:58:48+00:00","breadcrumb":{"@id":"https:\/\/conexion23.com\/?p=13020#breadcrumb"},"inLanguage":"es","potentialAction":[{"@type":"ReadAction","target":["https:\/\/conexion23.com\/?p=13020"]}]},{"@type":"BreadcrumbList","@id":"https:\/\/conexion23.com\/?p=13020#breadcrumb","itemListElement":[{"@type":"ListItem","position":1,"name":"Portada","item":"https:\/\/conexion23.com\/"},{"@type":"ListItem","position":2,"name":"Agencia de la ONU pide a pa\u00edses parar las deportaciones de haitianos"}]},{"@type":"WebSite","@id":"https:\/\/conexion23.com\/#website","url":"https:\/\/conexion23.com\/","name":"Conexi\u00f3n 23","description":"Peri\u00f3dico 100% Petromacorisano","publisher":{"@id":"https:\/\/conexion23.com\/#organization"},"potentialAction":[{"@type":"SearchAction","target":{"@type":"EntryPoint","urlTemplate":"https:\/\/conexion23.com\/?s={search_term_string}"},"query-input":{"@type":"PropertyValueSpecification","valueRequired":true,"valueName":"search_term_string"}}],"inLanguage":"es"},{"@type":"Organization","@id":"https:\/\/conexion23.com\/#organization","name":"Conexion 23","url":"https:\/\/conexion23.com\/","logo":{"@type":"ImageObject","inLanguage":"es","@id":"https:\/\/conexion23.com\/#\/schema\/logo\/image\/","url":"https:\/\/conexion23.com\/wp-content\/uploads\/2021\/11\/Diseno-sin-titulo-2.png","contentUrl":"https:\/\/conexion23.com\/wp-content\/uploads\/2021\/11\/Diseno-sin-titulo-2.png","width":541,"height":90,"caption":"Conexion 23"},"image":{"@id":"https:\/\/conexion23.com\/#\/schema\/logo\/image\/"},"sameAs":["https:\/\/www.facebook.com\/conexion23com","https:\/\/www.instagram.com\/conexion23com\/","https:\/\/www.youtube.com\/channel\/UCYc7vxxFZMYLIHNsHHxPZ3Q"]},{"@type":"Person","@id":"https:\/\/conexion23.com\/#\/schema\/person\/03e36043331117e97a373299bbcd30a6","name":"Raffy Ben\u00edtez","image":{"@type":"ImageObject","inLanguage":"es","@id":"https:\/\/secure.gravatar.com\/avatar\/3190a6a6c5e1b0327500f7d6c56b6242472ee6cb974cf09b401ee6b3b0798f23?s=96&d=mm&r=g","url":"https:\/\/secure.gravatar.com\/avatar\/3190a6a6c5e1b0327500f7d6c56b6242472ee6cb974cf09b401ee6b3b0798f23?s=96&d=mm&r=g","contentUrl":"https:\/\/secure.gravatar.com\/avatar\/3190a6a6c5e1b0327500f7d6c56b6242472ee6cb974cf09b401ee6b3b0798f23?s=96&d=mm&r=g","caption":"Raffy Ben\u00edtez"},"url":"https:\/\/conexion23.com\/?author=15"}]}},"_links":{"self":[{"href":"https:\/\/conexion23.com\/index.php?rest_route=\/wp\/v2\/posts\/13020","targetHints":{"allow":["GET"]}}],"collection":[{"href":"https:\/\/conexion23.com\/index.php?rest_route=\/wp\/v2\/posts"}],"about":[{"href":"https:\/\/conexion23.com\/index.php?rest_route=\/wp\/v2\/types\/post"}],"author":[{"embeddable":true,"href":"https:\/\/conexion23.com\/index.php?rest_route=\/wp\/v2\/users\/15"}],"replies":[{"embeddable":true,"href":"https:\/\/conexion23.com\/index.php?rest_route=%2Fwp%2Fv2%2Fcomments&post=13020"}],"version-history":[{"count":1,"href":"https:\/\/conexion23.com\/index.php?rest_route=\/wp\/v2\/posts\/13020\/revisions"}],"predecessor-version":[{"id":13023,"href":"https:\/\/conexion23.com\/index.php?rest_route=\/wp\/v2\/posts\/13020\/revisions\/13023"}],"wp:attachment":[{"href":"https:\/\/conexion23.com\/index.php?rest_route=%2Fwp%2Fv2%2Fmedia&parent=13020"}],"wp:term":[{"taxonomy":"category","embeddable":true,"href":"https:\/\/conexion23.com\/index.php?rest_route=%2Fwp%2Fv2%2Fcategories&post=13020"},{"taxonomy":"post_tag","embeddable":true,"href":"https:\/\/conexion23.com\/index.php?rest_route=%2Fwp%2Fv2%2Ftags&post=13020"}],"curies":[{"name":"wp","href":"https:\/\/api.w.org\/{rel}","templated":true}]}}