{"id":13044,"date":"2022-11-04T15:33:29","date_gmt":"2022-11-04T19:33:29","guid":{"rendered":"https:\/\/conexion23.com\/?p=13044"},"modified":"2022-11-04T15:33:31","modified_gmt":"2022-11-04T19:33:31","slug":"edeeste-castiga-a-villa-progreso-2-lleva-dias-sin-energia-electrica","status":"publish","type":"post","link":"https:\/\/conexion23.com\/?p=13044","title":{"rendered":"EDEESTE castiga a Villa Progreso 2 lleva d\u00edas sin energ\u00eda el\u00e9ctrica."},"content":{"rendered":"\n<p class=\"wp-block-paragraph\">Moradores del barrio Villa Progreso dos detr\u00e1s del cementerio la necr\u00f3polis San Pedro denuncian que llevan varios d\u00edas sin el servicio de la energ\u00eda el\u00e9ctrica.<br>Expresaron que desde el domingo est\u00e1n sin energ\u00eda el\u00e9ctrica y que llaman a la empresa distribuidora de energ\u00edas pero ellos no les hacen caso.<br>Comerciantes del lugar expresan que todo se est\u00e1 da\u00f1ando por lo que est\u00e1n registrando p\u00e9rdidas, al igual que las amas de casa que est\u00e1n que pegan el grito al cielo por esta situaci\u00f3n exclamando que no saben el motivo de tal situaci\u00f3n.<br>\u201cEste es un barrio sumamente peligroso, la energ\u00eda el\u00e9ctrica es mal\u00edsima en este barrio, queremos que por favor nos presten atenci\u00f3n, tenemos desde el domingo sin luz, si quieren que cambien los contadores o hagan lo que quieran, pero que no den energ\u00eda el\u00e9ctrica por favor o es que aqu\u00ed atr\u00e1s no somos gente\u201d, expres\u00f3 un residente del lugar.<br>Pidi\u00f3 a las autoridades competentes ir en auxilio de ese sector lo m\u00e1s pronto posible.<\/p>\n","protected":false},"excerpt":{"rendered":"<p>Moradores del barrio Villa Progreso dos detr\u00e1s del cementerio la necr\u00f3polis San Pedro denuncian que llevan varios d\u00edas sin el servicio de la energ\u00eda el\u00e9ctrica.Expresaron que desde el domingo est\u00e1n sin energ\u00eda el\u00e9ctrica y que llaman a la empresa distribuidora de energ\u00edas pero ellos no les hacen caso.Comerciantes del lugar expresan que todo se est\u00e1 [&hellip;]<\/p>\n","protected":false},"author":15,"featured_media":0,"comment_status":"open","ping_status":"open","sticky":false,"template":"","format":"standard","meta":{"footnotes":""},"categories":[35],"tags":[],"class_list":["post-13044","post","type-post","status-publish","format-standard","category-spm"],"yoast_head":"<!-- This site is optimized with the Yoast SEO plugin v27.6 - https:\/\/yoast.com\/product\/yoast-seo-wordpress\/ -->\n<title>EDEESTE castiga a Villa Progreso 2 lleva d\u00edas sin energ\u00eda el\u00e9ctrica. - Conexi\u00f3n 23<\/title>\n<meta name=\"robots\" content=\"index, follow, max-snippet:-1, max-image-preview:large, max-video-preview:-1\" \/>\n<link rel=\"canonical\" href=\"https:\/\/conexion23.com\/?p=13044\" \/>\n<meta property=\"og:locale\" content=\"es_ES\" \/>\n<meta property=\"og:type\" content=\"article\" \/>\n<meta property=\"og:title\" content=\"EDEESTE castiga a Villa Progreso 2 lleva d\u00edas sin energ\u00eda el\u00e9ctrica. - Conexi\u00f3n 23\" \/>\n<meta property=\"og:description\" content=\"Moradores del barrio Villa Progreso dos detr\u00e1s del cementerio la necr\u00f3polis San Pedro denuncian que llevan varios d\u00edas sin el servicio de la energ\u00eda el\u00e9ctrica.Expresaron que desde el domingo est\u00e1n sin energ\u00eda el\u00e9ctrica y que llaman a la empresa distribuidora de energ\u00edas pero ellos no les hacen caso.Comerciantes del lugar expresan que todo se est\u00e1 [&hellip;]\" \/>\n<meta property=\"og:url\" content=\"https:\/\/conexion23.com\/?p=13044\" \/>\n<meta property=\"og:site_name\" content=\"Conexi\u00f3n 23\" \/>\n<meta property=\"article:publisher\" content=\"https:\/\/www.facebook.com\/conexion23com\" \/>\n<meta property=\"article:published_time\" content=\"2022-11-04T19:33:29+00:00\" \/>\n<meta property=\"article:modified_time\" content=\"2022-11-04T19:33:31+00:00\" \/>\n<meta name=\"author\" content=\"Raffy Ben\u00edtez\" \/>\n<meta name=\"twitter:card\" content=\"summary_large_image\" \/>\n<meta name=\"twitter:label1\" content=\"Escrito por\" \/>\n\t<meta name=\"twitter:data1\" content=\"Raffy Ben\u00edtez\" \/>\n\t<meta name=\"twitter:label2\" content=\"Tiempo de lectura\" \/>\n\t<meta name=\"twitter:data2\" content=\"1 minuto\" \/>\n<script type=\"application\/ld+json\" class=\"yoast-schema-graph\">{\"@context\":\"https:\\\/\\\/schema.org\",\"@graph\":[{\"@type\":\"Article\",\"@id\":\"https:\\\/\\\/conexion23.com\\\/?p=13044#article\",\"isPartOf\":{\"@id\":\"https:\\\/\\\/conexion23.com\\\/?p=13044\"},\"author\":{\"name\":\"Raffy Ben\u00edtez\",\"@id\":\"http:\\\/\\\/conexion23.com\\\/#\\\/schema\\\/person\\\/03e36043331117e97a373299bbcd30a6\"},\"headline\":\"EDEESTE castiga a Villa Progreso 2 lleva d\u00edas sin energ\u00eda el\u00e9ctrica.\",\"datePublished\":\"2022-11-04T19:33:29+00:00\",\"dateModified\":\"2022-11-04T19:33:31+00:00\",\"mainEntityOfPage\":{\"@id\":\"https:\\\/\\\/conexion23.com\\\/?p=13044\"},\"wordCount\":201,\"commentCount\":0,\"publisher\":{\"@id\":\"http:\\\/\\\/conexion23.com\\\/#organization\"},\"articleSection\":[\"SPM\"],\"inLanguage\":\"es\",\"potentialAction\":[{\"@type\":\"CommentAction\",\"name\":\"Comment\",\"target\":[\"https:\\\/\\\/conexion23.com\\\/?p=13044#respond\"]}]},{\"@type\":\"WebPage\",\"@id\":\"https:\\\/\\\/conexion23.com\\\/?p=13044\",\"url\":\"https:\\\/\\\/conexion23.com\\\/?p=13044\",\"name\":\"EDEESTE castiga a Villa Progreso 2 lleva d\u00edas sin energ\u00eda el\u00e9ctrica. - Conexi\u00f3n 23\",\"isPartOf\":{\"@id\":\"http:\\\/\\\/conexion23.com\\\/#website\"},\"datePublished\":\"2022-11-04T19:33:29+00:00\",\"dateModified\":\"2022-11-04T19:33:31+00:00\",\"breadcrumb\":{\"@id\":\"https:\\\/\\\/conexion23.com\\\/?p=13044#breadcrumb\"},\"inLanguage\":\"es\",\"potentialAction\":[{\"@type\":\"ReadAction\",\"target\":[\"https:\\\/\\\/conexion23.com\\\/?p=13044\"]}]},{\"@type\":\"BreadcrumbList\",\"@id\":\"https:\\\/\\\/conexion23.com\\\/?p=13044#breadcrumb\",\"itemListElement\":[{\"@type\":\"ListItem\",\"position\":1,\"name\":\"Portada\",\"item\":\"http:\\\/\\\/conexion23.com\\\/\"},{\"@type\":\"ListItem\",\"position\":2,\"name\":\"EDEESTE castiga a Villa Progreso 2 lleva d\u00edas sin energ\u00eda el\u00e9ctrica.\"}]},{\"@type\":\"WebSite\",\"@id\":\"http:\\\/\\\/conexion23.com\\\/#website\",\"url\":\"http:\\\/\\\/conexion23.com\\\/\",\"name\":\"Conexi\u00f3n 23\",\"description\":\"Peri\u00f3dico 100% Petromacorisano\",\"publisher\":{\"@id\":\"http:\\\/\\\/conexion23.com\\\/#organization\"},\"potentialAction\":[{\"@type\":\"SearchAction\",\"target\":{\"@type\":\"EntryPoint\",\"urlTemplate\":\"http:\\\/\\\/conexion23.com\\\/?s={search_term_string}\"},\"query-input\":{\"@type\":\"PropertyValueSpecification\",\"valueRequired\":true,\"valueName\":\"search_term_string\"}}],\"inLanguage\":\"es\"},{\"@type\":\"Organization\",\"@id\":\"http:\\\/\\\/conexion23.com\\\/#organization\",\"name\":\"Conexion 23\",\"url\":\"http:\\\/\\\/conexion23.com\\\/\",\"logo\":{\"@type\":\"ImageObject\",\"inLanguage\":\"es\",\"@id\":\"http:\\\/\\\/conexion23.com\\\/#\\\/schema\\\/logo\\\/image\\\/\",\"url\":\"https:\\\/\\\/conexion23.com\\\/wp-content\\\/uploads\\\/2021\\\/11\\\/Diseno-sin-titulo-2.png\",\"contentUrl\":\"https:\\\/\\\/conexion23.com\\\/wp-content\\\/uploads\\\/2021\\\/11\\\/Diseno-sin-titulo-2.png\",\"width\":541,\"height\":90,\"caption\":\"Conexion 23\"},\"image\":{\"@id\":\"http:\\\/\\\/conexion23.com\\\/#\\\/schema\\\/logo\\\/image\\\/\"},\"sameAs\":[\"https:\\\/\\\/www.facebook.com\\\/conexion23com\",\"https:\\\/\\\/www.instagram.com\\\/conexion23com\\\/\",\"https:\\\/\\\/www.youtube.com\\\/channel\\\/UCYc7vxxFZMYLIHNsHHxPZ3Q\"]},{\"@type\":\"Person\",\"@id\":\"http:\\\/\\\/conexion23.com\\\/#\\\/schema\\\/person\\\/03e36043331117e97a373299bbcd30a6\",\"name\":\"Raffy Ben\u00edtez\",\"image\":{\"@type\":\"ImageObject\",\"inLanguage\":\"es\",\"@id\":\"https:\\\/\\\/secure.gravatar.com\\\/avatar\\\/3190a6a6c5e1b0327500f7d6c56b6242472ee6cb974cf09b401ee6b3b0798f23?s=96&d=mm&r=g\",\"url\":\"https:\\\/\\\/secure.gravatar.com\\\/avatar\\\/3190a6a6c5e1b0327500f7d6c56b6242472ee6cb974cf09b401ee6b3b0798f23?s=96&d=mm&r=g\",\"contentUrl\":\"https:\\\/\\\/secure.gravatar.com\\\/avatar\\\/3190a6a6c5e1b0327500f7d6c56b6242472ee6cb974cf09b401ee6b3b0798f23?s=96&d=mm&r=g\",\"caption\":\"Raffy Ben\u00edtez\"},\"url\":\"https:\\\/\\\/conexion23.com\\\/?author=15\"}]}<\/script>\n<!-- \/ Yoast SEO plugin. -->","yoast_head_json":{"title":"EDEESTE castiga a Villa Progreso 2 lleva d\u00edas sin energ\u00eda el\u00e9ctrica. - Conexi\u00f3n 23","robots":{"index":"index","follow":"follow","max-snippet":"max-snippet:-1","max-image-preview":"max-image-preview:large","max-video-preview":"max-video-preview:-1"},"canonical":"https:\/\/conexion23.com\/?p=13044","og_locale":"es_ES","og_type":"article","og_title":"EDEESTE castiga a Villa Progreso 2 lleva d\u00edas sin energ\u00eda el\u00e9ctrica. - Conexi\u00f3n 23","og_description":"Moradores del barrio Villa Progreso dos detr\u00e1s del cementerio la necr\u00f3polis San Pedro denuncian que llevan varios d\u00edas sin el servicio de la energ\u00eda el\u00e9ctrica.Expresaron que desde el domingo est\u00e1n sin energ\u00eda el\u00e9ctrica y que llaman a la empresa distribuidora de energ\u00edas pero ellos no les hacen caso.Comerciantes del lugar expresan que todo se est\u00e1 [&hellip;]","og_url":"https:\/\/conexion23.com\/?p=13044","og_site_name":"Conexi\u00f3n 23","article_publisher":"https:\/\/www.facebook.com\/conexion23com","article_published_time":"2022-11-04T19:33:29+00:00","article_modified_time":"2022-11-04T19:33:31+00:00","author":"Raffy Ben\u00edtez","twitter_card":"summary_large_image","twitter_misc":{"Escrito por":"Raffy Ben\u00edtez","Tiempo de lectura":"1 minuto"},"schema":{"@context":"https:\/\/schema.org","@graph":[{"@type":"Article","@id":"https:\/\/conexion23.com\/?p=13044#article","isPartOf":{"@id":"https:\/\/conexion23.com\/?p=13044"},"author":{"name":"Raffy Ben\u00edtez","@id":"http:\/\/conexion23.com\/#\/schema\/person\/03e36043331117e97a373299bbcd30a6"},"headline":"EDEESTE castiga a Villa Progreso 2 lleva d\u00edas sin energ\u00eda el\u00e9ctrica.","datePublished":"2022-11-04T19:33:29+00:00","dateModified":"2022-11-04T19:33:31+00:00","mainEntityOfPage":{"@id":"https:\/\/conexion23.com\/?p=13044"},"wordCount":201,"commentCount":0,"publisher":{"@id":"http:\/\/conexion23.com\/#organization"},"articleSection":["SPM"],"inLanguage":"es","potentialAction":[{"@type":"CommentAction","name":"Comment","target":["https:\/\/conexion23.com\/?p=13044#respond"]}]},{"@type":"WebPage","@id":"https:\/\/conexion23.com\/?p=13044","url":"https:\/\/conexion23.com\/?p=13044","name":"EDEESTE castiga a Villa Progreso 2 lleva d\u00edas sin energ\u00eda el\u00e9ctrica. - Conexi\u00f3n 23","isPartOf":{"@id":"http:\/\/conexion23.com\/#website"},"datePublished":"2022-11-04T19:33:29+00:00","dateModified":"2022-11-04T19:33:31+00:00","breadcrumb":{"@id":"https:\/\/conexion23.com\/?p=13044#breadcrumb"},"inLanguage":"es","potentialAction":[{"@type":"ReadAction","target":["https:\/\/conexion23.com\/?p=13044"]}]},{"@type":"BreadcrumbList","@id":"https:\/\/conexion23.com\/?p=13044#breadcrumb","itemListElement":[{"@type":"ListItem","position":1,"name":"Portada","item":"http:\/\/conexion23.com\/"},{"@type":"ListItem","position":2,"name":"EDEESTE castiga a Villa Progreso 2 lleva d\u00edas sin energ\u00eda el\u00e9ctrica."}]},{"@type":"WebSite","@id":"http:\/\/conexion23.com\/#website","url":"http:\/\/conexion23.com\/","name":"Conexi\u00f3n 23","description":"Peri\u00f3dico 100% Petromacorisano","publisher":{"@id":"http:\/\/conexion23.com\/#organization"},"potentialAction":[{"@type":"SearchAction","target":{"@type":"EntryPoint","urlTemplate":"http:\/\/conexion23.com\/?s={search_term_string}"},"query-input":{"@type":"PropertyValueSpecification","valueRequired":true,"valueName":"search_term_string"}}],"inLanguage":"es"},{"@type":"Organization","@id":"http:\/\/conexion23.com\/#organization","name":"Conexion 23","url":"http:\/\/conexion23.com\/","logo":{"@type":"ImageObject","inLanguage":"es","@id":"http:\/\/conexion23.com\/#\/schema\/logo\/image\/","url":"https:\/\/conexion23.com\/wp-content\/uploads\/2021\/11\/Diseno-sin-titulo-2.png","contentUrl":"https:\/\/conexion23.com\/wp-content\/uploads\/2021\/11\/Diseno-sin-titulo-2.png","width":541,"height":90,"caption":"Conexion 23"},"image":{"@id":"http:\/\/conexion23.com\/#\/schema\/logo\/image\/"},"sameAs":["https:\/\/www.facebook.com\/conexion23com","https:\/\/www.instagram.com\/conexion23com\/","https:\/\/www.youtube.com\/channel\/UCYc7vxxFZMYLIHNsHHxPZ3Q"]},{"@type":"Person","@id":"http:\/\/conexion23.com\/#\/schema\/person\/03e36043331117e97a373299bbcd30a6","name":"Raffy Ben\u00edtez","image":{"@type":"ImageObject","inLanguage":"es","@id":"https:\/\/secure.gravatar.com\/avatar\/3190a6a6c5e1b0327500f7d6c56b6242472ee6cb974cf09b401ee6b3b0798f23?s=96&d=mm&r=g","url":"https:\/\/secure.gravatar.com\/avatar\/3190a6a6c5e1b0327500f7d6c56b6242472ee6cb974cf09b401ee6b3b0798f23?s=96&d=mm&r=g","contentUrl":"https:\/\/secure.gravatar.com\/avatar\/3190a6a6c5e1b0327500f7d6c56b6242472ee6cb974cf09b401ee6b3b0798f23?s=96&d=mm&r=g","caption":"Raffy Ben\u00edtez"},"url":"https:\/\/conexion23.com\/?author=15"}]}},"_links":{"self":[{"href":"https:\/\/conexion23.com\/index.php?rest_route=\/wp\/v2\/posts\/13044","targetHints":{"allow":["GET"]}}],"collection":[{"href":"https:\/\/conexion23.com\/index.php?rest_route=\/wp\/v2\/posts"}],"about":[{"href":"https:\/\/conexion23.com\/index.php?rest_route=\/wp\/v2\/types\/post"}],"author":[{"embeddable":true,"href":"https:\/\/conexion23.com\/index.php?rest_route=\/wp\/v2\/users\/15"}],"replies":[{"embeddable":true,"href":"https:\/\/conexion23.com\/index.php?rest_route=%2Fwp%2Fv2%2Fcomments&post=13044"}],"version-history":[{"count":1,"href":"https:\/\/conexion23.com\/index.php?rest_route=\/wp\/v2\/posts\/13044\/revisions"}],"predecessor-version":[{"id":13046,"href":"https:\/\/conexion23.com\/index.php?rest_route=\/wp\/v2\/posts\/13044\/revisions\/13046"}],"wp:attachment":[{"href":"https:\/\/conexion23.com\/index.php?rest_route=%2Fwp%2Fv2%2Fmedia&parent=13044"}],"wp:term":[{"taxonomy":"category","embeddable":true,"href":"https:\/\/conexion23.com\/index.php?rest_route=%2Fwp%2Fv2%2Fcategories&post=13044"},{"taxonomy":"post_tag","embeddable":true,"href":"https:\/\/conexion23.com\/index.php?rest_route=%2Fwp%2Fv2%2Ftags&post=13044"}],"curies":[{"name":"wp","href":"https:\/\/api.w.org\/{rel}","templated":true}]}}