{"id":13099,"date":"2022-11-06T07:55:20","date_gmt":"2022-11-06T11:55:20","guid":{"rendered":"https:\/\/conexion23.com\/?p=13099"},"modified":"2022-11-06T07:55:24","modified_gmt":"2022-11-06T11:55:24","slug":"buscaran-a-jochy-batista-en-las-riberas-de-los-rios-ozama-e-isabela","status":"publish","type":"post","link":"https:\/\/conexion23.com\/?p=13099","title":{"rendered":"Buscar\u00e1n a Jochy Batista en las riberas de los r\u00edos Ozama e Isabela"},"content":{"rendered":"\n<p class=\"wp-block-paragraph\">La&nbsp;<strong>b\u00fasqueda<\/strong>&nbsp;de Jos\u00e9 Antonio Batista (Jochy), quien se encuentra&nbsp;<strong>desaparecido<\/strong>&nbsp;desde la noche del viernes, ser\u00e1n ampliadas hoy domingo a las riveras de los&nbsp;<strong>r\u00edos Ozama e Isabela<\/strong>, adem\u00e1s de la&nbsp;<strong>ca\u00f1ada La Arenita<\/strong>, ubicada en el barrio&nbsp;<strong>La Puya de Arroyo Hondo<\/strong>, donde fueron iniciadas este s\u00e1bado.<\/p>\n\n\n\n<p class=\"wp-block-paragraph\">La\u00a0<strong>Defensa Civil\u00a0<\/strong>inform\u00f3 que las operaciones ser\u00e1n iniciadas a las 6:00 de la ma\u00f1ana por su personal en los tres puntos y a las mismas se sumar\u00e1n dos embarcaciones y varios drones para intensificar la\u00a0<strong>b\u00fasqueda<\/strong>.<\/p>\n\n\n\n<p class=\"wp-block-paragraph\"><strong>Jochy Batista<\/strong>\u00a0fue reportado como\u00a0<strong>desaparecido<\/strong>\u00a0por sus familiares la ma\u00f1ana de este s\u00e1bado luego que la noche del viernes perdieran conocimiento de su paradero mientras intentaba llegar a su casa, ubicada en el sector\u00a0<strong>Cuesta Hermosa en Arroyo Hondo<\/strong>.<\/p>\n\n\n\n<p class=\"wp-block-paragraph\">Las informaciones que se manejan de los momentos previos a la desaparici\u00f3n de Batista, indican que sus familiares perdieron su rastro despu\u00e9s de que a las 7:00 de la noche se desmontara del veh\u00edculo en el que se trasladaba junto a su esposa, Raisa D\u00edaz, por las inmediaciones del centro comercial \u00c1gora Mall, en la avenida John F. Kennedy y se dispus\u00f3 a llegar a pies su residencia porque el colapso del tr\u00e1nsito provocando por inundaciones causadas por torrenciales aguaceros, no lo dejaban avanzar.<\/p>\n\n\n\n<p class=\"wp-block-paragraph\">De acuerdo con&nbsp;<strong>Yanna Bastista<\/strong>, hermana del&nbsp;<strong>desaparecido<\/strong>, este tom\u00f3 la decisi\u00f3n ante la preocupaci\u00f3n porque su&nbsp;<strong>hija de 12 a\u00f1os<\/strong>&nbsp;estaba sola en la casa y no pod\u00eda comunicarse con ella mientras le llegaban videos de inundaciones en la zona en que reside.<\/p>\n\n\n\n<p class=\"wp-block-paragraph\">\u00abAl ver que le llegaban videos de que aqu\u00ed&#8230; porque fue justamente all\u00e1 afuera lo de la garita, que se voltearon dos furgones. Entonces no hab\u00eda luz, no hab\u00eda l\u00ednea telef\u00f3nica, \u00e9l se desesper\u00f3 y dijo: &#8216;yo me voy a ir a pie'\u00bb, dijo Yanna.<\/p>\n\n\n\n<p class=\"wp-block-paragraph\"><strong>Jochy Batista<\/strong>&nbsp;se llev\u00f3 consigo su tel\u00e9fono m\u00f3vil, que ya se le estaba descargando. Yanna indic\u00f3 que lo han llamado, pero el tel\u00e9fono parece estar apagado, adem\u00e1s de que su \u00faltimo acceso a la aplicaci\u00f3n de mensajer\u00eda fue a las 7:41 de la noche.<\/p>\n\n\n\n<p class=\"wp-block-paragraph\">Jos\u00e9 Antonio Batista Polanco, de 49 a\u00f1os, y de 5 pies y 11 pulgadas,<strong>&nbsp;iba vestido con una camiseta roja y unos pantalones jeans.&nbsp;<\/strong>En caso de haberlo visto, por favor llamar al&nbsp;<strong>809-847-0102.<\/strong><\/p>\n","protected":false},"excerpt":{"rendered":"<p>La&nbsp;b\u00fasqueda&nbsp;de Jos\u00e9 Antonio Batista (Jochy), quien se encuentra&nbsp;desaparecido&nbsp;desde la noche del viernes, ser\u00e1n ampliadas hoy domingo a las riveras de los&nbsp;r\u00edos Ozama e Isabela, adem\u00e1s de la&nbsp;ca\u00f1ada La Arenita, ubicada en el barrio&nbsp;La Puya de Arroyo Hondo, donde fueron iniciadas este s\u00e1bado. La\u00a0Defensa Civil\u00a0inform\u00f3 que las operaciones ser\u00e1n iniciadas a las 6:00 de la ma\u00f1ana [&hellip;]<\/p>\n","protected":false},"author":15,"featured_media":0,"comment_status":"open","ping_status":"open","sticky":false,"template":"","format":"standard","meta":{"footnotes":""},"categories":[1],"tags":[],"class_list":["post-13099","post","type-post","status-publish","format-standard","category-uncategorized"],"yoast_head":"<!-- This site is optimized with the Yoast SEO plugin v27.6 - https:\/\/yoast.com\/product\/yoast-seo-wordpress\/ -->\n<title>Buscar\u00e1n a Jochy Batista en las riberas de los r\u00edos Ozama e Isabela - Conexi\u00f3n 23<\/title>\n<meta name=\"robots\" content=\"index, follow, max-snippet:-1, max-image-preview:large, max-video-preview:-1\" \/>\n<link rel=\"canonical\" href=\"https:\/\/conexion23.com\/?p=13099\" \/>\n<meta property=\"og:locale\" content=\"es_ES\" \/>\n<meta property=\"og:type\" content=\"article\" \/>\n<meta property=\"og:title\" content=\"Buscar\u00e1n a Jochy Batista en las riberas de los r\u00edos Ozama e Isabela - Conexi\u00f3n 23\" \/>\n<meta property=\"og:description\" content=\"La&nbsp;b\u00fasqueda&nbsp;de Jos\u00e9 Antonio Batista (Jochy), quien se encuentra&nbsp;desaparecido&nbsp;desde la noche del viernes, ser\u00e1n ampliadas hoy domingo a las riveras de los&nbsp;r\u00edos Ozama e Isabela, adem\u00e1s de la&nbsp;ca\u00f1ada La Arenita, ubicada en el barrio&nbsp;La Puya de Arroyo Hondo, donde fueron iniciadas este s\u00e1bado. La\u00a0Defensa Civil\u00a0inform\u00f3 que las operaciones ser\u00e1n iniciadas a las 6:00 de la ma\u00f1ana [&hellip;]\" \/>\n<meta property=\"og:url\" content=\"https:\/\/conexion23.com\/?p=13099\" \/>\n<meta property=\"og:site_name\" content=\"Conexi\u00f3n 23\" \/>\n<meta property=\"article:publisher\" content=\"https:\/\/www.facebook.com\/conexion23com\" \/>\n<meta property=\"article:published_time\" content=\"2022-11-06T11:55:20+00:00\" \/>\n<meta property=\"article:modified_time\" content=\"2022-11-06T11:55:24+00:00\" \/>\n<meta name=\"author\" content=\"Raffy Ben\u00edtez\" \/>\n<meta name=\"twitter:card\" content=\"summary_large_image\" \/>\n<meta name=\"twitter:label1\" content=\"Escrito por\" \/>\n\t<meta name=\"twitter:data1\" content=\"Raffy Ben\u00edtez\" \/>\n\t<meta name=\"twitter:label2\" content=\"Tiempo de lectura\" \/>\n\t<meta name=\"twitter:data2\" content=\"2 minutos\" \/>\n<script type=\"application\/ld+json\" class=\"yoast-schema-graph\">{\"@context\":\"https:\\\/\\\/schema.org\",\"@graph\":[{\"@type\":\"Article\",\"@id\":\"https:\\\/\\\/conexion23.com\\\/?p=13099#article\",\"isPartOf\":{\"@id\":\"https:\\\/\\\/conexion23.com\\\/?p=13099\"},\"author\":{\"name\":\"Raffy Ben\u00edtez\",\"@id\":\"https:\\\/\\\/conexion23.com\\\/#\\\/schema\\\/person\\\/03e36043331117e97a373299bbcd30a6\"},\"headline\":\"Buscar\u00e1n a Jochy Batista en las riberas de los r\u00edos Ozama e Isabela\",\"datePublished\":\"2022-11-06T11:55:20+00:00\",\"dateModified\":\"2022-11-06T11:55:24+00:00\",\"mainEntityOfPage\":{\"@id\":\"https:\\\/\\\/conexion23.com\\\/?p=13099\"},\"wordCount\":433,\"commentCount\":0,\"publisher\":{\"@id\":\"https:\\\/\\\/conexion23.com\\\/#organization\"},\"articleSection\":[\"Uncategorized\"],\"inLanguage\":\"es\",\"potentialAction\":[{\"@type\":\"CommentAction\",\"name\":\"Comment\",\"target\":[\"https:\\\/\\\/conexion23.com\\\/?p=13099#respond\"]}]},{\"@type\":\"WebPage\",\"@id\":\"https:\\\/\\\/conexion23.com\\\/?p=13099\",\"url\":\"https:\\\/\\\/conexion23.com\\\/?p=13099\",\"name\":\"Buscar\u00e1n a Jochy Batista en las riberas de los r\u00edos Ozama e Isabela - Conexi\u00f3n 23\",\"isPartOf\":{\"@id\":\"https:\\\/\\\/conexion23.com\\\/#website\"},\"datePublished\":\"2022-11-06T11:55:20+00:00\",\"dateModified\":\"2022-11-06T11:55:24+00:00\",\"breadcrumb\":{\"@id\":\"https:\\\/\\\/conexion23.com\\\/?p=13099#breadcrumb\"},\"inLanguage\":\"es\",\"potentialAction\":[{\"@type\":\"ReadAction\",\"target\":[\"https:\\\/\\\/conexion23.com\\\/?p=13099\"]}]},{\"@type\":\"BreadcrumbList\",\"@id\":\"https:\\\/\\\/conexion23.com\\\/?p=13099#breadcrumb\",\"itemListElement\":[{\"@type\":\"ListItem\",\"position\":1,\"name\":\"Portada\",\"item\":\"https:\\\/\\\/conexion23.com\\\/\"},{\"@type\":\"ListItem\",\"position\":2,\"name\":\"Buscar\u00e1n a Jochy Batista en las riberas de los r\u00edos Ozama e Isabela\"}]},{\"@type\":\"WebSite\",\"@id\":\"https:\\\/\\\/conexion23.com\\\/#website\",\"url\":\"https:\\\/\\\/conexion23.com\\\/\",\"name\":\"Conexi\u00f3n 23\",\"description\":\"Peri\u00f3dico 100% Petromacorisano\",\"publisher\":{\"@id\":\"https:\\\/\\\/conexion23.com\\\/#organization\"},\"potentialAction\":[{\"@type\":\"SearchAction\",\"target\":{\"@type\":\"EntryPoint\",\"urlTemplate\":\"https:\\\/\\\/conexion23.com\\\/?s={search_term_string}\"},\"query-input\":{\"@type\":\"PropertyValueSpecification\",\"valueRequired\":true,\"valueName\":\"search_term_string\"}}],\"inLanguage\":\"es\"},{\"@type\":\"Organization\",\"@id\":\"https:\\\/\\\/conexion23.com\\\/#organization\",\"name\":\"Conexion 23\",\"url\":\"https:\\\/\\\/conexion23.com\\\/\",\"logo\":{\"@type\":\"ImageObject\",\"inLanguage\":\"es\",\"@id\":\"https:\\\/\\\/conexion23.com\\\/#\\\/schema\\\/logo\\\/image\\\/\",\"url\":\"https:\\\/\\\/conexion23.com\\\/wp-content\\\/uploads\\\/2021\\\/11\\\/Diseno-sin-titulo-2.png\",\"contentUrl\":\"https:\\\/\\\/conexion23.com\\\/wp-content\\\/uploads\\\/2021\\\/11\\\/Diseno-sin-titulo-2.png\",\"width\":541,\"height\":90,\"caption\":\"Conexion 23\"},\"image\":{\"@id\":\"https:\\\/\\\/conexion23.com\\\/#\\\/schema\\\/logo\\\/image\\\/\"},\"sameAs\":[\"https:\\\/\\\/www.facebook.com\\\/conexion23com\",\"https:\\\/\\\/www.instagram.com\\\/conexion23com\\\/\",\"https:\\\/\\\/www.youtube.com\\\/channel\\\/UCYc7vxxFZMYLIHNsHHxPZ3Q\"]},{\"@type\":\"Person\",\"@id\":\"https:\\\/\\\/conexion23.com\\\/#\\\/schema\\\/person\\\/03e36043331117e97a373299bbcd30a6\",\"name\":\"Raffy Ben\u00edtez\",\"image\":{\"@type\":\"ImageObject\",\"inLanguage\":\"es\",\"@id\":\"https:\\\/\\\/secure.gravatar.com\\\/avatar\\\/3190a6a6c5e1b0327500f7d6c56b6242472ee6cb974cf09b401ee6b3b0798f23?s=96&d=mm&r=g\",\"url\":\"https:\\\/\\\/secure.gravatar.com\\\/avatar\\\/3190a6a6c5e1b0327500f7d6c56b6242472ee6cb974cf09b401ee6b3b0798f23?s=96&d=mm&r=g\",\"contentUrl\":\"https:\\\/\\\/secure.gravatar.com\\\/avatar\\\/3190a6a6c5e1b0327500f7d6c56b6242472ee6cb974cf09b401ee6b3b0798f23?s=96&d=mm&r=g\",\"caption\":\"Raffy Ben\u00edtez\"},\"url\":\"https:\\\/\\\/conexion23.com\\\/?author=15\"}]}<\/script>\n<!-- \/ Yoast SEO plugin. -->","yoast_head_json":{"title":"Buscar\u00e1n a Jochy Batista en las riberas de los r\u00edos Ozama e Isabela - Conexi\u00f3n 23","robots":{"index":"index","follow":"follow","max-snippet":"max-snippet:-1","max-image-preview":"max-image-preview:large","max-video-preview":"max-video-preview:-1"},"canonical":"https:\/\/conexion23.com\/?p=13099","og_locale":"es_ES","og_type":"article","og_title":"Buscar\u00e1n a Jochy Batista en las riberas de los r\u00edos Ozama e Isabela - Conexi\u00f3n 23","og_description":"La&nbsp;b\u00fasqueda&nbsp;de Jos\u00e9 Antonio Batista (Jochy), quien se encuentra&nbsp;desaparecido&nbsp;desde la noche del viernes, ser\u00e1n ampliadas hoy domingo a las riveras de los&nbsp;r\u00edos Ozama e Isabela, adem\u00e1s de la&nbsp;ca\u00f1ada La Arenita, ubicada en el barrio&nbsp;La Puya de Arroyo Hondo, donde fueron iniciadas este s\u00e1bado. La\u00a0Defensa Civil\u00a0inform\u00f3 que las operaciones ser\u00e1n iniciadas a las 6:00 de la ma\u00f1ana [&hellip;]","og_url":"https:\/\/conexion23.com\/?p=13099","og_site_name":"Conexi\u00f3n 23","article_publisher":"https:\/\/www.facebook.com\/conexion23com","article_published_time":"2022-11-06T11:55:20+00:00","article_modified_time":"2022-11-06T11:55:24+00:00","author":"Raffy Ben\u00edtez","twitter_card":"summary_large_image","twitter_misc":{"Escrito por":"Raffy Ben\u00edtez","Tiempo de lectura":"2 minutos"},"schema":{"@context":"https:\/\/schema.org","@graph":[{"@type":"Article","@id":"https:\/\/conexion23.com\/?p=13099#article","isPartOf":{"@id":"https:\/\/conexion23.com\/?p=13099"},"author":{"name":"Raffy Ben\u00edtez","@id":"https:\/\/conexion23.com\/#\/schema\/person\/03e36043331117e97a373299bbcd30a6"},"headline":"Buscar\u00e1n a Jochy Batista en las riberas de los r\u00edos Ozama e Isabela","datePublished":"2022-11-06T11:55:20+00:00","dateModified":"2022-11-06T11:55:24+00:00","mainEntityOfPage":{"@id":"https:\/\/conexion23.com\/?p=13099"},"wordCount":433,"commentCount":0,"publisher":{"@id":"https:\/\/conexion23.com\/#organization"},"articleSection":["Uncategorized"],"inLanguage":"es","potentialAction":[{"@type":"CommentAction","name":"Comment","target":["https:\/\/conexion23.com\/?p=13099#respond"]}]},{"@type":"WebPage","@id":"https:\/\/conexion23.com\/?p=13099","url":"https:\/\/conexion23.com\/?p=13099","name":"Buscar\u00e1n a Jochy Batista en las riberas de los r\u00edos Ozama e Isabela - Conexi\u00f3n 23","isPartOf":{"@id":"https:\/\/conexion23.com\/#website"},"datePublished":"2022-11-06T11:55:20+00:00","dateModified":"2022-11-06T11:55:24+00:00","breadcrumb":{"@id":"https:\/\/conexion23.com\/?p=13099#breadcrumb"},"inLanguage":"es","potentialAction":[{"@type":"ReadAction","target":["https:\/\/conexion23.com\/?p=13099"]}]},{"@type":"BreadcrumbList","@id":"https:\/\/conexion23.com\/?p=13099#breadcrumb","itemListElement":[{"@type":"ListItem","position":1,"name":"Portada","item":"https:\/\/conexion23.com\/"},{"@type":"ListItem","position":2,"name":"Buscar\u00e1n a Jochy Batista en las riberas de los r\u00edos Ozama e Isabela"}]},{"@type":"WebSite","@id":"https:\/\/conexion23.com\/#website","url":"https:\/\/conexion23.com\/","name":"Conexi\u00f3n 23","description":"Peri\u00f3dico 100% Petromacorisano","publisher":{"@id":"https:\/\/conexion23.com\/#organization"},"potentialAction":[{"@type":"SearchAction","target":{"@type":"EntryPoint","urlTemplate":"https:\/\/conexion23.com\/?s={search_term_string}"},"query-input":{"@type":"PropertyValueSpecification","valueRequired":true,"valueName":"search_term_string"}}],"inLanguage":"es"},{"@type":"Organization","@id":"https:\/\/conexion23.com\/#organization","name":"Conexion 23","url":"https:\/\/conexion23.com\/","logo":{"@type":"ImageObject","inLanguage":"es","@id":"https:\/\/conexion23.com\/#\/schema\/logo\/image\/","url":"https:\/\/conexion23.com\/wp-content\/uploads\/2021\/11\/Diseno-sin-titulo-2.png","contentUrl":"https:\/\/conexion23.com\/wp-content\/uploads\/2021\/11\/Diseno-sin-titulo-2.png","width":541,"height":90,"caption":"Conexion 23"},"image":{"@id":"https:\/\/conexion23.com\/#\/schema\/logo\/image\/"},"sameAs":["https:\/\/www.facebook.com\/conexion23com","https:\/\/www.instagram.com\/conexion23com\/","https:\/\/www.youtube.com\/channel\/UCYc7vxxFZMYLIHNsHHxPZ3Q"]},{"@type":"Person","@id":"https:\/\/conexion23.com\/#\/schema\/person\/03e36043331117e97a373299bbcd30a6","name":"Raffy Ben\u00edtez","image":{"@type":"ImageObject","inLanguage":"es","@id":"https:\/\/secure.gravatar.com\/avatar\/3190a6a6c5e1b0327500f7d6c56b6242472ee6cb974cf09b401ee6b3b0798f23?s=96&d=mm&r=g","url":"https:\/\/secure.gravatar.com\/avatar\/3190a6a6c5e1b0327500f7d6c56b6242472ee6cb974cf09b401ee6b3b0798f23?s=96&d=mm&r=g","contentUrl":"https:\/\/secure.gravatar.com\/avatar\/3190a6a6c5e1b0327500f7d6c56b6242472ee6cb974cf09b401ee6b3b0798f23?s=96&d=mm&r=g","caption":"Raffy Ben\u00edtez"},"url":"https:\/\/conexion23.com\/?author=15"}]}},"_links":{"self":[{"href":"https:\/\/conexion23.com\/index.php?rest_route=\/wp\/v2\/posts\/13099","targetHints":{"allow":["GET"]}}],"collection":[{"href":"https:\/\/conexion23.com\/index.php?rest_route=\/wp\/v2\/posts"}],"about":[{"href":"https:\/\/conexion23.com\/index.php?rest_route=\/wp\/v2\/types\/post"}],"author":[{"embeddable":true,"href":"https:\/\/conexion23.com\/index.php?rest_route=\/wp\/v2\/users\/15"}],"replies":[{"embeddable":true,"href":"https:\/\/conexion23.com\/index.php?rest_route=%2Fwp%2Fv2%2Fcomments&post=13099"}],"version-history":[{"count":1,"href":"https:\/\/conexion23.com\/index.php?rest_route=\/wp\/v2\/posts\/13099\/revisions"}],"predecessor-version":[{"id":13101,"href":"https:\/\/conexion23.com\/index.php?rest_route=\/wp\/v2\/posts\/13099\/revisions\/13101"}],"wp:attachment":[{"href":"https:\/\/conexion23.com\/index.php?rest_route=%2Fwp%2Fv2%2Fmedia&parent=13099"}],"wp:term":[{"taxonomy":"category","embeddable":true,"href":"https:\/\/conexion23.com\/index.php?rest_route=%2Fwp%2Fv2%2Fcategories&post=13099"},{"taxonomy":"post_tag","embeddable":true,"href":"https:\/\/conexion23.com\/index.php?rest_route=%2Fwp%2Fv2%2Ftags&post=13099"}],"curies":[{"name":"wp","href":"https:\/\/api.w.org\/{rel}","templated":true}]}}