{"id":13105,"date":"2022-11-06T08:07:24","date_gmt":"2022-11-06T12:07:24","guid":{"rendered":"https:\/\/conexion23.com\/?p=13105"},"modified":"2022-11-06T08:07:28","modified_gmt":"2022-11-06T12:07:28","slug":"aqui-hubo-planeamiento-hubo-intencion-criminal-psiquiatra-habla-sobre-asesino-de-jesus-cuevas","status":"publish","type":"post","link":"https:\/\/conexion23.com\/?p=13105","title":{"rendered":"\u00abAqu\u00ed hubo planeamiento, hubo intenci\u00f3n criminal\u00bb, psiquiatra habla sobre asesino de Jes\u00fas Cuevas"},"content":{"rendered":"\n<p class=\"wp-block-paragraph\"><strong>Francisco Javier Garc\u00eda Quezada (Antony)<\/strong>, el asesino de&nbsp;<strong>Jes\u00fas Cuevas<\/strong>, podr\u00eda ser una&nbsp;<strong>persona psicop\u00e1tica<\/strong>&nbsp;a quien se le debe realizar un an\u00e1lisis profundo para conocer su historial cl\u00ednico, a juicio del psiquiatra C\u00e9sar Mella.<\/p>\n\n\n\n<p class=\"wp-block-paragraph\">\u00abTodo ese tipo de levantamiento investigativo forense tiene que ser completado\u00bb, dijo el m\u00e9dico, quien asegur\u00f3 que cualquier persona, en circunstancias especiales, puede cometer un asesinato. Mella llam\u00f3 la atenci\u00f3n de que en el asesinato est\u00e9n involucrados personas j\u00f3venes, que trabajaban juntos.<\/p>\n\n\n\n<p class=\"wp-block-paragraph\">Garc\u00eda Quezada\u00a0<strong>habr\u00eda confesado a las autoridades que asesin\u00f3 a Jes\u00fas Cuevas<\/strong>\u00a0de varias pu\u00f1aladas, lo cercen\u00f3 e introdujo las partes en fundas pl\u00e1sticas\u00a0<a href=\"https:\/\/www.diariolibre.com\/actualidad\/sucesos\/2022\/11\/03\/hallan-dentro-de-tanque-de-agua-cadaver-de-un-desaparecido-\/2129960?utm_source=relacionadas&amp;utm_medium=nota&amp;utm_campaign=relacionadas\" target=\"_blank\" rel=\"noreferrer noopener\">que entr\u00f3 en un tanque<\/a>. El recipiente lo cubri\u00f3 con funda pl\u00e1stica negra y lo sell\u00f3 con cinta adhesiva.<\/p>\n\n\n\n<p class=\"wp-block-paragraph\">El tanque, donde fue encontrado el cuerpo de&nbsp;<strong>Jes\u00fas Cuevas<\/strong>, estaba en la parte trasera de la residencia de&nbsp;<strong>Francisco Garc\u00eda Quezada<\/strong>, donde este viv\u00eda con su hijo de tres a\u00f1os. 29 d\u00edas permaneci\u00f3 el cuerpo de Jes\u00fas dentro del tanque.<\/p>\n\n\n\n<p class=\"wp-block-paragraph\">\u201cIndudablemente, aqu\u00ed hubo planeamiento, hubo intenci\u00f3n criminal y, m\u00e1s que eso, hubo lo que no es tan frecuente\u201d, indic\u00f3 Mella, al hacer referencia a que el cuerpo de&nbsp;<strong>Jes\u00fas Cuevas<\/strong>&nbsp;de 30 a\u00f1os y reportado desaparecido desde el 7 de octubre, fuera cortado.<\/p>\n\n\n\n<p class=\"wp-block-paragraph\">El m\u00e9dico se pregunt\u00f3 c\u00f3mo el acusado pudo convivir con un cad\u00e1ver tan cerca y por tanto tiempo, tomando en cuenta el olor que estos desprenden. \u201cEstamos ante una persona psicop\u00e1tica o sociop\u00e1tica que no se arrepiente de lo que ha hecho, que no tiene sentido de culpa, que pudo convivir con el cad\u00e1ver\u201d, agreg\u00f3.<\/p>\n\n\n\n<p class=\"wp-block-paragraph\">Mella explic\u00f3 que este tipo de personas, por lo general, anidan otros sentimientos que solo uno que involucra una deuda de por medio, por lo que consider\u00f3 la importancia del levantamiento investigativo forense para conocer m\u00e1s a fondo qu\u00e9 sucedi\u00f3.<\/p>\n","protected":false},"excerpt":{"rendered":"<p>Francisco Javier Garc\u00eda Quezada (Antony), el asesino de&nbsp;Jes\u00fas Cuevas, podr\u00eda ser una&nbsp;persona psicop\u00e1tica&nbsp;a quien se le debe realizar un an\u00e1lisis profundo para conocer su historial cl\u00ednico, a juicio del psiquiatra C\u00e9sar Mella. \u00abTodo ese tipo de levantamiento investigativo forense tiene que ser completado\u00bb, dijo el m\u00e9dico, quien asegur\u00f3 que cualquier persona, en circunstancias especiales, puede [&hellip;]<\/p>\n","protected":false},"author":15,"featured_media":0,"comment_status":"open","ping_status":"open","sticky":false,"template":"","format":"standard","meta":{"footnotes":""},"categories":[1],"tags":[],"class_list":["post-13105","post","type-post","status-publish","format-standard","category-uncategorized"],"yoast_head":"<!-- This site is optimized with the Yoast SEO plugin v27.6 - https:\/\/yoast.com\/product\/yoast-seo-wordpress\/ -->\n<title>&quot;Aqu\u00ed hubo planeamiento, hubo intenci\u00f3n criminal&quot;, psiquiatra habla sobre asesino de Jes\u00fas Cuevas - Conexi\u00f3n 23<\/title>\n<meta name=\"robots\" content=\"index, follow, max-snippet:-1, max-image-preview:large, max-video-preview:-1\" \/>\n<link rel=\"canonical\" href=\"https:\/\/conexion23.com\/?p=13105\" \/>\n<meta property=\"og:locale\" content=\"es_ES\" \/>\n<meta property=\"og:type\" content=\"article\" \/>\n<meta property=\"og:title\" content=\"&quot;Aqu\u00ed hubo planeamiento, hubo intenci\u00f3n criminal&quot;, psiquiatra habla sobre asesino de Jes\u00fas Cuevas - Conexi\u00f3n 23\" \/>\n<meta property=\"og:description\" content=\"Francisco Javier Garc\u00eda Quezada (Antony), el asesino de&nbsp;Jes\u00fas Cuevas, podr\u00eda ser una&nbsp;persona psicop\u00e1tica&nbsp;a quien se le debe realizar un an\u00e1lisis profundo para conocer su historial cl\u00ednico, a juicio del psiquiatra C\u00e9sar Mella. \u00abTodo ese tipo de levantamiento investigativo forense tiene que ser completado\u00bb, dijo el m\u00e9dico, quien asegur\u00f3 que cualquier persona, en circunstancias especiales, puede [&hellip;]\" \/>\n<meta property=\"og:url\" content=\"https:\/\/conexion23.com\/?p=13105\" \/>\n<meta property=\"og:site_name\" content=\"Conexi\u00f3n 23\" \/>\n<meta property=\"article:publisher\" content=\"https:\/\/www.facebook.com\/conexion23com\" \/>\n<meta property=\"article:published_time\" content=\"2022-11-06T12:07:24+00:00\" \/>\n<meta property=\"article:modified_time\" content=\"2022-11-06T12:07:28+00:00\" \/>\n<meta name=\"author\" content=\"Raffy Ben\u00edtez\" \/>\n<meta name=\"twitter:card\" content=\"summary_large_image\" \/>\n<meta name=\"twitter:label1\" content=\"Escrito por\" \/>\n\t<meta name=\"twitter:data1\" content=\"Raffy Ben\u00edtez\" \/>\n\t<meta name=\"twitter:label2\" content=\"Tiempo de lectura\" \/>\n\t<meta name=\"twitter:data2\" content=\"2 minutos\" \/>\n<script type=\"application\/ld+json\" class=\"yoast-schema-graph\">{\"@context\":\"https:\\\/\\\/schema.org\",\"@graph\":[{\"@type\":\"Article\",\"@id\":\"https:\\\/\\\/conexion23.com\\\/?p=13105#article\",\"isPartOf\":{\"@id\":\"https:\\\/\\\/conexion23.com\\\/?p=13105\"},\"author\":{\"name\":\"Raffy Ben\u00edtez\",\"@id\":\"https:\\\/\\\/conexion23.com\\\/#\\\/schema\\\/person\\\/03e36043331117e97a373299bbcd30a6\"},\"headline\":\"\u00abAqu\u00ed hubo planeamiento, hubo intenci\u00f3n criminal\u00bb, psiquiatra habla sobre asesino de Jes\u00fas Cuevas\",\"datePublished\":\"2022-11-06T12:07:24+00:00\",\"dateModified\":\"2022-11-06T12:07:28+00:00\",\"mainEntityOfPage\":{\"@id\":\"https:\\\/\\\/conexion23.com\\\/?p=13105\"},\"wordCount\":352,\"commentCount\":0,\"publisher\":{\"@id\":\"https:\\\/\\\/conexion23.com\\\/#organization\"},\"articleSection\":[\"Uncategorized\"],\"inLanguage\":\"es\",\"potentialAction\":[{\"@type\":\"CommentAction\",\"name\":\"Comment\",\"target\":[\"https:\\\/\\\/conexion23.com\\\/?p=13105#respond\"]}]},{\"@type\":\"WebPage\",\"@id\":\"https:\\\/\\\/conexion23.com\\\/?p=13105\",\"url\":\"https:\\\/\\\/conexion23.com\\\/?p=13105\",\"name\":\"\\\"Aqu\u00ed hubo planeamiento, hubo intenci\u00f3n criminal\\\", psiquiatra habla sobre asesino de Jes\u00fas Cuevas - Conexi\u00f3n 23\",\"isPartOf\":{\"@id\":\"https:\\\/\\\/conexion23.com\\\/#website\"},\"datePublished\":\"2022-11-06T12:07:24+00:00\",\"dateModified\":\"2022-11-06T12:07:28+00:00\",\"breadcrumb\":{\"@id\":\"https:\\\/\\\/conexion23.com\\\/?p=13105#breadcrumb\"},\"inLanguage\":\"es\",\"potentialAction\":[{\"@type\":\"ReadAction\",\"target\":[\"https:\\\/\\\/conexion23.com\\\/?p=13105\"]}]},{\"@type\":\"BreadcrumbList\",\"@id\":\"https:\\\/\\\/conexion23.com\\\/?p=13105#breadcrumb\",\"itemListElement\":[{\"@type\":\"ListItem\",\"position\":1,\"name\":\"Portada\",\"item\":\"https:\\\/\\\/conexion23.com\\\/\"},{\"@type\":\"ListItem\",\"position\":2,\"name\":\"\u00abAqu\u00ed hubo planeamiento, hubo intenci\u00f3n criminal\u00bb, psiquiatra habla sobre asesino de Jes\u00fas Cuevas\"}]},{\"@type\":\"WebSite\",\"@id\":\"https:\\\/\\\/conexion23.com\\\/#website\",\"url\":\"https:\\\/\\\/conexion23.com\\\/\",\"name\":\"Conexi\u00f3n 23\",\"description\":\"Peri\u00f3dico 100% Petromacorisano\",\"publisher\":{\"@id\":\"https:\\\/\\\/conexion23.com\\\/#organization\"},\"potentialAction\":[{\"@type\":\"SearchAction\",\"target\":{\"@type\":\"EntryPoint\",\"urlTemplate\":\"https:\\\/\\\/conexion23.com\\\/?s={search_term_string}\"},\"query-input\":{\"@type\":\"PropertyValueSpecification\",\"valueRequired\":true,\"valueName\":\"search_term_string\"}}],\"inLanguage\":\"es\"},{\"@type\":\"Organization\",\"@id\":\"https:\\\/\\\/conexion23.com\\\/#organization\",\"name\":\"Conexion 23\",\"url\":\"https:\\\/\\\/conexion23.com\\\/\",\"logo\":{\"@type\":\"ImageObject\",\"inLanguage\":\"es\",\"@id\":\"https:\\\/\\\/conexion23.com\\\/#\\\/schema\\\/logo\\\/image\\\/\",\"url\":\"https:\\\/\\\/conexion23.com\\\/wp-content\\\/uploads\\\/2021\\\/11\\\/Diseno-sin-titulo-2.png\",\"contentUrl\":\"https:\\\/\\\/conexion23.com\\\/wp-content\\\/uploads\\\/2021\\\/11\\\/Diseno-sin-titulo-2.png\",\"width\":541,\"height\":90,\"caption\":\"Conexion 23\"},\"image\":{\"@id\":\"https:\\\/\\\/conexion23.com\\\/#\\\/schema\\\/logo\\\/image\\\/\"},\"sameAs\":[\"https:\\\/\\\/www.facebook.com\\\/conexion23com\",\"https:\\\/\\\/www.instagram.com\\\/conexion23com\\\/\",\"https:\\\/\\\/www.youtube.com\\\/channel\\\/UCYc7vxxFZMYLIHNsHHxPZ3Q\"]},{\"@type\":\"Person\",\"@id\":\"https:\\\/\\\/conexion23.com\\\/#\\\/schema\\\/person\\\/03e36043331117e97a373299bbcd30a6\",\"name\":\"Raffy Ben\u00edtez\",\"image\":{\"@type\":\"ImageObject\",\"inLanguage\":\"es\",\"@id\":\"https:\\\/\\\/secure.gravatar.com\\\/avatar\\\/3190a6a6c5e1b0327500f7d6c56b6242472ee6cb974cf09b401ee6b3b0798f23?s=96&d=mm&r=g\",\"url\":\"https:\\\/\\\/secure.gravatar.com\\\/avatar\\\/3190a6a6c5e1b0327500f7d6c56b6242472ee6cb974cf09b401ee6b3b0798f23?s=96&d=mm&r=g\",\"contentUrl\":\"https:\\\/\\\/secure.gravatar.com\\\/avatar\\\/3190a6a6c5e1b0327500f7d6c56b6242472ee6cb974cf09b401ee6b3b0798f23?s=96&d=mm&r=g\",\"caption\":\"Raffy Ben\u00edtez\"},\"url\":\"https:\\\/\\\/conexion23.com\\\/?author=15\"}]}<\/script>\n<!-- \/ Yoast SEO plugin. -->","yoast_head_json":{"title":"\"Aqu\u00ed hubo planeamiento, hubo intenci\u00f3n criminal\", psiquiatra habla sobre asesino de Jes\u00fas Cuevas - Conexi\u00f3n 23","robots":{"index":"index","follow":"follow","max-snippet":"max-snippet:-1","max-image-preview":"max-image-preview:large","max-video-preview":"max-video-preview:-1"},"canonical":"https:\/\/conexion23.com\/?p=13105","og_locale":"es_ES","og_type":"article","og_title":"\"Aqu\u00ed hubo planeamiento, hubo intenci\u00f3n criminal\", psiquiatra habla sobre asesino de Jes\u00fas Cuevas - Conexi\u00f3n 23","og_description":"Francisco Javier Garc\u00eda Quezada (Antony), el asesino de&nbsp;Jes\u00fas Cuevas, podr\u00eda ser una&nbsp;persona psicop\u00e1tica&nbsp;a quien se le debe realizar un an\u00e1lisis profundo para conocer su historial cl\u00ednico, a juicio del psiquiatra C\u00e9sar Mella. \u00abTodo ese tipo de levantamiento investigativo forense tiene que ser completado\u00bb, dijo el m\u00e9dico, quien asegur\u00f3 que cualquier persona, en circunstancias especiales, puede [&hellip;]","og_url":"https:\/\/conexion23.com\/?p=13105","og_site_name":"Conexi\u00f3n 23","article_publisher":"https:\/\/www.facebook.com\/conexion23com","article_published_time":"2022-11-06T12:07:24+00:00","article_modified_time":"2022-11-06T12:07:28+00:00","author":"Raffy Ben\u00edtez","twitter_card":"summary_large_image","twitter_misc":{"Escrito por":"Raffy Ben\u00edtez","Tiempo de lectura":"2 minutos"},"schema":{"@context":"https:\/\/schema.org","@graph":[{"@type":"Article","@id":"https:\/\/conexion23.com\/?p=13105#article","isPartOf":{"@id":"https:\/\/conexion23.com\/?p=13105"},"author":{"name":"Raffy Ben\u00edtez","@id":"https:\/\/conexion23.com\/#\/schema\/person\/03e36043331117e97a373299bbcd30a6"},"headline":"\u00abAqu\u00ed hubo planeamiento, hubo intenci\u00f3n criminal\u00bb, psiquiatra habla sobre asesino de Jes\u00fas Cuevas","datePublished":"2022-11-06T12:07:24+00:00","dateModified":"2022-11-06T12:07:28+00:00","mainEntityOfPage":{"@id":"https:\/\/conexion23.com\/?p=13105"},"wordCount":352,"commentCount":0,"publisher":{"@id":"https:\/\/conexion23.com\/#organization"},"articleSection":["Uncategorized"],"inLanguage":"es","potentialAction":[{"@type":"CommentAction","name":"Comment","target":["https:\/\/conexion23.com\/?p=13105#respond"]}]},{"@type":"WebPage","@id":"https:\/\/conexion23.com\/?p=13105","url":"https:\/\/conexion23.com\/?p=13105","name":"\"Aqu\u00ed hubo planeamiento, hubo intenci\u00f3n criminal\", psiquiatra habla sobre asesino de Jes\u00fas Cuevas - Conexi\u00f3n 23","isPartOf":{"@id":"https:\/\/conexion23.com\/#website"},"datePublished":"2022-11-06T12:07:24+00:00","dateModified":"2022-11-06T12:07:28+00:00","breadcrumb":{"@id":"https:\/\/conexion23.com\/?p=13105#breadcrumb"},"inLanguage":"es","potentialAction":[{"@type":"ReadAction","target":["https:\/\/conexion23.com\/?p=13105"]}]},{"@type":"BreadcrumbList","@id":"https:\/\/conexion23.com\/?p=13105#breadcrumb","itemListElement":[{"@type":"ListItem","position":1,"name":"Portada","item":"https:\/\/conexion23.com\/"},{"@type":"ListItem","position":2,"name":"\u00abAqu\u00ed hubo planeamiento, hubo intenci\u00f3n criminal\u00bb, psiquiatra habla sobre asesino de Jes\u00fas Cuevas"}]},{"@type":"WebSite","@id":"https:\/\/conexion23.com\/#website","url":"https:\/\/conexion23.com\/","name":"Conexi\u00f3n 23","description":"Peri\u00f3dico 100% Petromacorisano","publisher":{"@id":"https:\/\/conexion23.com\/#organization"},"potentialAction":[{"@type":"SearchAction","target":{"@type":"EntryPoint","urlTemplate":"https:\/\/conexion23.com\/?s={search_term_string}"},"query-input":{"@type":"PropertyValueSpecification","valueRequired":true,"valueName":"search_term_string"}}],"inLanguage":"es"},{"@type":"Organization","@id":"https:\/\/conexion23.com\/#organization","name":"Conexion 23","url":"https:\/\/conexion23.com\/","logo":{"@type":"ImageObject","inLanguage":"es","@id":"https:\/\/conexion23.com\/#\/schema\/logo\/image\/","url":"https:\/\/conexion23.com\/wp-content\/uploads\/2021\/11\/Diseno-sin-titulo-2.png","contentUrl":"https:\/\/conexion23.com\/wp-content\/uploads\/2021\/11\/Diseno-sin-titulo-2.png","width":541,"height":90,"caption":"Conexion 23"},"image":{"@id":"https:\/\/conexion23.com\/#\/schema\/logo\/image\/"},"sameAs":["https:\/\/www.facebook.com\/conexion23com","https:\/\/www.instagram.com\/conexion23com\/","https:\/\/www.youtube.com\/channel\/UCYc7vxxFZMYLIHNsHHxPZ3Q"]},{"@type":"Person","@id":"https:\/\/conexion23.com\/#\/schema\/person\/03e36043331117e97a373299bbcd30a6","name":"Raffy Ben\u00edtez","image":{"@type":"ImageObject","inLanguage":"es","@id":"https:\/\/secure.gravatar.com\/avatar\/3190a6a6c5e1b0327500f7d6c56b6242472ee6cb974cf09b401ee6b3b0798f23?s=96&d=mm&r=g","url":"https:\/\/secure.gravatar.com\/avatar\/3190a6a6c5e1b0327500f7d6c56b6242472ee6cb974cf09b401ee6b3b0798f23?s=96&d=mm&r=g","contentUrl":"https:\/\/secure.gravatar.com\/avatar\/3190a6a6c5e1b0327500f7d6c56b6242472ee6cb974cf09b401ee6b3b0798f23?s=96&d=mm&r=g","caption":"Raffy Ben\u00edtez"},"url":"https:\/\/conexion23.com\/?author=15"}]}},"_links":{"self":[{"href":"https:\/\/conexion23.com\/index.php?rest_route=\/wp\/v2\/posts\/13105","targetHints":{"allow":["GET"]}}],"collection":[{"href":"https:\/\/conexion23.com\/index.php?rest_route=\/wp\/v2\/posts"}],"about":[{"href":"https:\/\/conexion23.com\/index.php?rest_route=\/wp\/v2\/types\/post"}],"author":[{"embeddable":true,"href":"https:\/\/conexion23.com\/index.php?rest_route=\/wp\/v2\/users\/15"}],"replies":[{"embeddable":true,"href":"https:\/\/conexion23.com\/index.php?rest_route=%2Fwp%2Fv2%2Fcomments&post=13105"}],"version-history":[{"count":1,"href":"https:\/\/conexion23.com\/index.php?rest_route=\/wp\/v2\/posts\/13105\/revisions"}],"predecessor-version":[{"id":13107,"href":"https:\/\/conexion23.com\/index.php?rest_route=\/wp\/v2\/posts\/13105\/revisions\/13107"}],"wp:attachment":[{"href":"https:\/\/conexion23.com\/index.php?rest_route=%2Fwp%2Fv2%2Fmedia&parent=13105"}],"wp:term":[{"taxonomy":"category","embeddable":true,"href":"https:\/\/conexion23.com\/index.php?rest_route=%2Fwp%2Fv2%2Fcategories&post=13105"},{"taxonomy":"post_tag","embeddable":true,"href":"https:\/\/conexion23.com\/index.php?rest_route=%2Fwp%2Fv2%2Ftags&post=13105"}],"curies":[{"name":"wp","href":"https:\/\/api.w.org\/{rel}","templated":true}]}}