{"id":13114,"date":"2022-11-06T08:15:50","date_gmt":"2022-11-06T12:15:50","guid":{"rendered":"https:\/\/conexion23.com\/?p=13114"},"modified":"2022-11-06T08:15:54","modified_gmt":"2022-11-06T12:15:54","slug":"el-posible-mensaje-oculto-de-pique-sobre-sus-hijos-en-su-video-de-despedida","status":"publish","type":"post","link":"https:\/\/conexion23.com\/?p=13114","title":{"rendered":"El posible mensaje oculto de Piqu\u00e9 sobre sus hijos en su v\u00eddeo de despedida"},"content":{"rendered":"\n<p class=\"wp-block-paragraph\"><strong>Gerard Piqu\u00e9<\/strong>&nbsp;dej\u00f3 a muchos en shock al&nbsp;anunciar su retiro del equipo&nbsp;<strong><a href=\"https:\/\/twitter.com\/FCBarcelona\">FC Barcelona<\/a><\/strong>.&nbsp;El video de despedida del futbolista se ha vuelto viral y ha dado mucho de qu\u00e9 hablar. \u00bfTiene un mensaje oculto sobre sus hijos con&nbsp;<strong>Shakira<\/strong>?<\/p>\n\n\n\n<p class=\"wp-block-paragraph\">En sus redes sociales, el futbolista, de 35 a\u00f1os, comparti\u00f3 un emotivo video con im\u00e1genes de \u00e9l cuando era ni\u00f1o, cuando empez\u00f3 a so\u00f1ar con triunfar en el Bar\u00e7a y ser un campe\u00f3n de la cancha.<\/p>\n\n\n\n<p class=\"wp-block-paragraph\">\u00abEste&nbsp;s\u00e1bado ser\u00e1 mi \u00faltimo partido en el Camp Nou. Pasar\u00e9 a ser un culer m\u00e1s. Animar\u00e9 al equipo. Y transmitir\u00e9 mi amor por el Bar\u00e7a a mis hijos como hizo mi familia conmigo\u00bb, dice Piqu\u00e9. Esta menci\u00f3n de sus hijos parece reiterar el deseo del futbolista de que sus hijos Sasha y Mil\u00e1n permanezcan en Barcelona a su lado.<\/p>\n\n\n\n<p class=\"wp-block-paragraph\">Si bien se ha reportado que Shakira quiere mudarse a Miami \u2014ciudad que podr\u00eda beneficiar su carrera art\u00edstica\u2014 con los ni\u00f1os despu\u00e9s de la separaci\u00f3n de Piqu\u00e9, \u00e9l no estar\u00eda de acuerdo.<\/p>\n\n\n\n<p class=\"wp-block-paragraph\">Varios medios reportan&nbsp;que otro posible mensaje oculto en el mensaje de despedida del futbolista es que desea regresar al&nbsp;<strong><a href=\"https:\/\/deultimominuto.net\/barcelona-se-prepara-para-homenajear-a-gerard-pique-en-camp-nou\/\">FC Barcelona<\/a><\/strong>&nbsp;como presidente del equipo.<\/p>\n\n\n\n<p class=\"wp-block-paragraph\">\u00abY ya me conoc\u00e9is, tarde o temprano, volver\u00e9. Nos vemos en el Camp Nou. \u00a1Visca el Bar\u00e7a, siempre!\u00bb, dice \u00e9l en el video. Se ha visto esta declaraci\u00f3n como otro posible mensaje oculto. \u00bfPiqu\u00e9 sue\u00f1a con ser presidente del equipo donde triunf\u00f3 como jugador? \u00a1El tiempo lo dir\u00e1!<\/p>\n\n\n\n<p class=\"wp-block-paragraph\">CREDIT: ROY ROCHLIN\/GETTY IMAGES; ALEX CAPARROS\/GETTY IMAGES<\/p>\n\n\n\n<p class=\"wp-block-paragraph\">Su retiro se dio antes de tiempo, asegura el reportero&nbsp;<strong>Jordi Mart\u00edn<\/strong>. \u00abEst\u00e1 terriblemente mal y la presi\u00f3n le ha obligado a retirarse\u00bb, dijo el tambi\u00e9n fot\u00f3grafo al medio espa\u00f1ol&nbsp;Informa Radio.<\/p>\n\n\n\n<p class=\"wp-block-paragraph\">Hasta ahora&nbsp;Shakira, que ha estado visitando a su padre en el hospital&nbsp;y muy pendiente de su crisis de salud, no ha dado declaraciones sobre el retiro del futbolista. People<\/p>\n","protected":false},"excerpt":{"rendered":"<p>Gerard Piqu\u00e9&nbsp;dej\u00f3 a muchos en shock al&nbsp;anunciar su retiro del equipo&nbsp;FC Barcelona.&nbsp;El video de despedida del futbolista se ha vuelto viral y ha dado mucho de qu\u00e9 hablar. \u00bfTiene un mensaje oculto sobre sus hijos con&nbsp;Shakira? En sus redes sociales, el futbolista, de 35 a\u00f1os, comparti\u00f3 un emotivo video con im\u00e1genes de \u00e9l cuando era [&hellip;]<\/p>\n","protected":false},"author":15,"featured_media":0,"comment_status":"open","ping_status":"open","sticky":false,"template":"","format":"standard","meta":{"footnotes":""},"categories":[1],"tags":[],"class_list":["post-13114","post","type-post","status-publish","format-standard","category-uncategorized"],"yoast_head":"<!-- This site is optimized with the Yoast SEO plugin v27.6 - https:\/\/yoast.com\/product\/yoast-seo-wordpress\/ -->\n<title>El posible mensaje oculto de Piqu\u00e9 sobre sus hijos en su v\u00eddeo de despedida - Conexi\u00f3n 23<\/title>\n<meta name=\"robots\" content=\"index, follow, max-snippet:-1, max-image-preview:large, max-video-preview:-1\" \/>\n<link rel=\"canonical\" href=\"https:\/\/conexion23.com\/?p=13114\" \/>\n<meta property=\"og:locale\" content=\"es_ES\" \/>\n<meta property=\"og:type\" content=\"article\" \/>\n<meta property=\"og:title\" content=\"El posible mensaje oculto de Piqu\u00e9 sobre sus hijos en su v\u00eddeo de despedida - Conexi\u00f3n 23\" \/>\n<meta property=\"og:description\" content=\"Gerard Piqu\u00e9&nbsp;dej\u00f3 a muchos en shock al&nbsp;anunciar su retiro del equipo&nbsp;FC Barcelona.&nbsp;El video de despedida del futbolista se ha vuelto viral y ha dado mucho de qu\u00e9 hablar. \u00bfTiene un mensaje oculto sobre sus hijos con&nbsp;Shakira? En sus redes sociales, el futbolista, de 35 a\u00f1os, comparti\u00f3 un emotivo video con im\u00e1genes de \u00e9l cuando era [&hellip;]\" \/>\n<meta property=\"og:url\" content=\"https:\/\/conexion23.com\/?p=13114\" \/>\n<meta property=\"og:site_name\" content=\"Conexi\u00f3n 23\" \/>\n<meta property=\"article:publisher\" content=\"https:\/\/www.facebook.com\/conexion23com\" \/>\n<meta property=\"article:published_time\" content=\"2022-11-06T12:15:50+00:00\" \/>\n<meta property=\"article:modified_time\" content=\"2022-11-06T12:15:54+00:00\" \/>\n<meta name=\"author\" content=\"Raffy Ben\u00edtez\" \/>\n<meta name=\"twitter:card\" content=\"summary_large_image\" \/>\n<meta name=\"twitter:label1\" content=\"Escrito por\" \/>\n\t<meta name=\"twitter:data1\" content=\"Raffy Ben\u00edtez\" \/>\n\t<meta name=\"twitter:label2\" content=\"Tiempo de lectura\" \/>\n\t<meta name=\"twitter:data2\" content=\"2 minutos\" \/>\n<script type=\"application\/ld+json\" class=\"yoast-schema-graph\">{\"@context\":\"https:\\\/\\\/schema.org\",\"@graph\":[{\"@type\":\"Article\",\"@id\":\"https:\\\/\\\/conexion23.com\\\/?p=13114#article\",\"isPartOf\":{\"@id\":\"https:\\\/\\\/conexion23.com\\\/?p=13114\"},\"author\":{\"name\":\"Raffy Ben\u00edtez\",\"@id\":\"https:\\\/\\\/conexion23.com\\\/#\\\/schema\\\/person\\\/03e36043331117e97a373299bbcd30a6\"},\"headline\":\"El posible mensaje oculto de Piqu\u00e9 sobre sus hijos en su v\u00eddeo de despedida\",\"datePublished\":\"2022-11-06T12:15:50+00:00\",\"dateModified\":\"2022-11-06T12:15:54+00:00\",\"mainEntityOfPage\":{\"@id\":\"https:\\\/\\\/conexion23.com\\\/?p=13114\"},\"wordCount\":368,\"commentCount\":0,\"publisher\":{\"@id\":\"https:\\\/\\\/conexion23.com\\\/#organization\"},\"articleSection\":[\"Uncategorized\"],\"inLanguage\":\"es\",\"potentialAction\":[{\"@type\":\"CommentAction\",\"name\":\"Comment\",\"target\":[\"https:\\\/\\\/conexion23.com\\\/?p=13114#respond\"]}]},{\"@type\":\"WebPage\",\"@id\":\"https:\\\/\\\/conexion23.com\\\/?p=13114\",\"url\":\"https:\\\/\\\/conexion23.com\\\/?p=13114\",\"name\":\"El posible mensaje oculto de Piqu\u00e9 sobre sus hijos en su v\u00eddeo de despedida - Conexi\u00f3n 23\",\"isPartOf\":{\"@id\":\"https:\\\/\\\/conexion23.com\\\/#website\"},\"datePublished\":\"2022-11-06T12:15:50+00:00\",\"dateModified\":\"2022-11-06T12:15:54+00:00\",\"breadcrumb\":{\"@id\":\"https:\\\/\\\/conexion23.com\\\/?p=13114#breadcrumb\"},\"inLanguage\":\"es\",\"potentialAction\":[{\"@type\":\"ReadAction\",\"target\":[\"https:\\\/\\\/conexion23.com\\\/?p=13114\"]}]},{\"@type\":\"BreadcrumbList\",\"@id\":\"https:\\\/\\\/conexion23.com\\\/?p=13114#breadcrumb\",\"itemListElement\":[{\"@type\":\"ListItem\",\"position\":1,\"name\":\"Portada\",\"item\":\"https:\\\/\\\/conexion23.com\\\/\"},{\"@type\":\"ListItem\",\"position\":2,\"name\":\"El posible mensaje oculto de Piqu\u00e9 sobre sus hijos en su v\u00eddeo de despedida\"}]},{\"@type\":\"WebSite\",\"@id\":\"https:\\\/\\\/conexion23.com\\\/#website\",\"url\":\"https:\\\/\\\/conexion23.com\\\/\",\"name\":\"Conexi\u00f3n 23\",\"description\":\"Peri\u00f3dico 100% Petromacorisano\",\"publisher\":{\"@id\":\"https:\\\/\\\/conexion23.com\\\/#organization\"},\"potentialAction\":[{\"@type\":\"SearchAction\",\"target\":{\"@type\":\"EntryPoint\",\"urlTemplate\":\"https:\\\/\\\/conexion23.com\\\/?s={search_term_string}\"},\"query-input\":{\"@type\":\"PropertyValueSpecification\",\"valueRequired\":true,\"valueName\":\"search_term_string\"}}],\"inLanguage\":\"es\"},{\"@type\":\"Organization\",\"@id\":\"https:\\\/\\\/conexion23.com\\\/#organization\",\"name\":\"Conexion 23\",\"url\":\"https:\\\/\\\/conexion23.com\\\/\",\"logo\":{\"@type\":\"ImageObject\",\"inLanguage\":\"es\",\"@id\":\"https:\\\/\\\/conexion23.com\\\/#\\\/schema\\\/logo\\\/image\\\/\",\"url\":\"https:\\\/\\\/conexion23.com\\\/wp-content\\\/uploads\\\/2021\\\/11\\\/Diseno-sin-titulo-2.png\",\"contentUrl\":\"https:\\\/\\\/conexion23.com\\\/wp-content\\\/uploads\\\/2021\\\/11\\\/Diseno-sin-titulo-2.png\",\"width\":541,\"height\":90,\"caption\":\"Conexion 23\"},\"image\":{\"@id\":\"https:\\\/\\\/conexion23.com\\\/#\\\/schema\\\/logo\\\/image\\\/\"},\"sameAs\":[\"https:\\\/\\\/www.facebook.com\\\/conexion23com\",\"https:\\\/\\\/www.instagram.com\\\/conexion23com\\\/\",\"https:\\\/\\\/www.youtube.com\\\/channel\\\/UCYc7vxxFZMYLIHNsHHxPZ3Q\"]},{\"@type\":\"Person\",\"@id\":\"https:\\\/\\\/conexion23.com\\\/#\\\/schema\\\/person\\\/03e36043331117e97a373299bbcd30a6\",\"name\":\"Raffy Ben\u00edtez\",\"image\":{\"@type\":\"ImageObject\",\"inLanguage\":\"es\",\"@id\":\"https:\\\/\\\/secure.gravatar.com\\\/avatar\\\/3190a6a6c5e1b0327500f7d6c56b6242472ee6cb974cf09b401ee6b3b0798f23?s=96&d=mm&r=g\",\"url\":\"https:\\\/\\\/secure.gravatar.com\\\/avatar\\\/3190a6a6c5e1b0327500f7d6c56b6242472ee6cb974cf09b401ee6b3b0798f23?s=96&d=mm&r=g\",\"contentUrl\":\"https:\\\/\\\/secure.gravatar.com\\\/avatar\\\/3190a6a6c5e1b0327500f7d6c56b6242472ee6cb974cf09b401ee6b3b0798f23?s=96&d=mm&r=g\",\"caption\":\"Raffy Ben\u00edtez\"},\"url\":\"https:\\\/\\\/conexion23.com\\\/?author=15\"}]}<\/script>\n<!-- \/ Yoast SEO plugin. -->","yoast_head_json":{"title":"El posible mensaje oculto de Piqu\u00e9 sobre sus hijos en su v\u00eddeo de despedida - Conexi\u00f3n 23","robots":{"index":"index","follow":"follow","max-snippet":"max-snippet:-1","max-image-preview":"max-image-preview:large","max-video-preview":"max-video-preview:-1"},"canonical":"https:\/\/conexion23.com\/?p=13114","og_locale":"es_ES","og_type":"article","og_title":"El posible mensaje oculto de Piqu\u00e9 sobre sus hijos en su v\u00eddeo de despedida - Conexi\u00f3n 23","og_description":"Gerard Piqu\u00e9&nbsp;dej\u00f3 a muchos en shock al&nbsp;anunciar su retiro del equipo&nbsp;FC Barcelona.&nbsp;El video de despedida del futbolista se ha vuelto viral y ha dado mucho de qu\u00e9 hablar. \u00bfTiene un mensaje oculto sobre sus hijos con&nbsp;Shakira? En sus redes sociales, el futbolista, de 35 a\u00f1os, comparti\u00f3 un emotivo video con im\u00e1genes de \u00e9l cuando era [&hellip;]","og_url":"https:\/\/conexion23.com\/?p=13114","og_site_name":"Conexi\u00f3n 23","article_publisher":"https:\/\/www.facebook.com\/conexion23com","article_published_time":"2022-11-06T12:15:50+00:00","article_modified_time":"2022-11-06T12:15:54+00:00","author":"Raffy Ben\u00edtez","twitter_card":"summary_large_image","twitter_misc":{"Escrito por":"Raffy Ben\u00edtez","Tiempo de lectura":"2 minutos"},"schema":{"@context":"https:\/\/schema.org","@graph":[{"@type":"Article","@id":"https:\/\/conexion23.com\/?p=13114#article","isPartOf":{"@id":"https:\/\/conexion23.com\/?p=13114"},"author":{"name":"Raffy Ben\u00edtez","@id":"https:\/\/conexion23.com\/#\/schema\/person\/03e36043331117e97a373299bbcd30a6"},"headline":"El posible mensaje oculto de Piqu\u00e9 sobre sus hijos en su v\u00eddeo de despedida","datePublished":"2022-11-06T12:15:50+00:00","dateModified":"2022-11-06T12:15:54+00:00","mainEntityOfPage":{"@id":"https:\/\/conexion23.com\/?p=13114"},"wordCount":368,"commentCount":0,"publisher":{"@id":"https:\/\/conexion23.com\/#organization"},"articleSection":["Uncategorized"],"inLanguage":"es","potentialAction":[{"@type":"CommentAction","name":"Comment","target":["https:\/\/conexion23.com\/?p=13114#respond"]}]},{"@type":"WebPage","@id":"https:\/\/conexion23.com\/?p=13114","url":"https:\/\/conexion23.com\/?p=13114","name":"El posible mensaje oculto de Piqu\u00e9 sobre sus hijos en su v\u00eddeo de despedida - Conexi\u00f3n 23","isPartOf":{"@id":"https:\/\/conexion23.com\/#website"},"datePublished":"2022-11-06T12:15:50+00:00","dateModified":"2022-11-06T12:15:54+00:00","breadcrumb":{"@id":"https:\/\/conexion23.com\/?p=13114#breadcrumb"},"inLanguage":"es","potentialAction":[{"@type":"ReadAction","target":["https:\/\/conexion23.com\/?p=13114"]}]},{"@type":"BreadcrumbList","@id":"https:\/\/conexion23.com\/?p=13114#breadcrumb","itemListElement":[{"@type":"ListItem","position":1,"name":"Portada","item":"https:\/\/conexion23.com\/"},{"@type":"ListItem","position":2,"name":"El posible mensaje oculto de Piqu\u00e9 sobre sus hijos en su v\u00eddeo de despedida"}]},{"@type":"WebSite","@id":"https:\/\/conexion23.com\/#website","url":"https:\/\/conexion23.com\/","name":"Conexi\u00f3n 23","description":"Peri\u00f3dico 100% Petromacorisano","publisher":{"@id":"https:\/\/conexion23.com\/#organization"},"potentialAction":[{"@type":"SearchAction","target":{"@type":"EntryPoint","urlTemplate":"https:\/\/conexion23.com\/?s={search_term_string}"},"query-input":{"@type":"PropertyValueSpecification","valueRequired":true,"valueName":"search_term_string"}}],"inLanguage":"es"},{"@type":"Organization","@id":"https:\/\/conexion23.com\/#organization","name":"Conexion 23","url":"https:\/\/conexion23.com\/","logo":{"@type":"ImageObject","inLanguage":"es","@id":"https:\/\/conexion23.com\/#\/schema\/logo\/image\/","url":"https:\/\/conexion23.com\/wp-content\/uploads\/2021\/11\/Diseno-sin-titulo-2.png","contentUrl":"https:\/\/conexion23.com\/wp-content\/uploads\/2021\/11\/Diseno-sin-titulo-2.png","width":541,"height":90,"caption":"Conexion 23"},"image":{"@id":"https:\/\/conexion23.com\/#\/schema\/logo\/image\/"},"sameAs":["https:\/\/www.facebook.com\/conexion23com","https:\/\/www.instagram.com\/conexion23com\/","https:\/\/www.youtube.com\/channel\/UCYc7vxxFZMYLIHNsHHxPZ3Q"]},{"@type":"Person","@id":"https:\/\/conexion23.com\/#\/schema\/person\/03e36043331117e97a373299bbcd30a6","name":"Raffy Ben\u00edtez","image":{"@type":"ImageObject","inLanguage":"es","@id":"https:\/\/secure.gravatar.com\/avatar\/3190a6a6c5e1b0327500f7d6c56b6242472ee6cb974cf09b401ee6b3b0798f23?s=96&d=mm&r=g","url":"https:\/\/secure.gravatar.com\/avatar\/3190a6a6c5e1b0327500f7d6c56b6242472ee6cb974cf09b401ee6b3b0798f23?s=96&d=mm&r=g","contentUrl":"https:\/\/secure.gravatar.com\/avatar\/3190a6a6c5e1b0327500f7d6c56b6242472ee6cb974cf09b401ee6b3b0798f23?s=96&d=mm&r=g","caption":"Raffy Ben\u00edtez"},"url":"https:\/\/conexion23.com\/?author=15"}]}},"_links":{"self":[{"href":"https:\/\/conexion23.com\/index.php?rest_route=\/wp\/v2\/posts\/13114","targetHints":{"allow":["GET"]}}],"collection":[{"href":"https:\/\/conexion23.com\/index.php?rest_route=\/wp\/v2\/posts"}],"about":[{"href":"https:\/\/conexion23.com\/index.php?rest_route=\/wp\/v2\/types\/post"}],"author":[{"embeddable":true,"href":"https:\/\/conexion23.com\/index.php?rest_route=\/wp\/v2\/users\/15"}],"replies":[{"embeddable":true,"href":"https:\/\/conexion23.com\/index.php?rest_route=%2Fwp%2Fv2%2Fcomments&post=13114"}],"version-history":[{"count":1,"href":"https:\/\/conexion23.com\/index.php?rest_route=\/wp\/v2\/posts\/13114\/revisions"}],"predecessor-version":[{"id":13116,"href":"https:\/\/conexion23.com\/index.php?rest_route=\/wp\/v2\/posts\/13114\/revisions\/13116"}],"wp:attachment":[{"href":"https:\/\/conexion23.com\/index.php?rest_route=%2Fwp%2Fv2%2Fmedia&parent=13114"}],"wp:term":[{"taxonomy":"category","embeddable":true,"href":"https:\/\/conexion23.com\/index.php?rest_route=%2Fwp%2Fv2%2Fcategories&post=13114"},{"taxonomy":"post_tag","embeddable":true,"href":"https:\/\/conexion23.com\/index.php?rest_route=%2Fwp%2Fv2%2Ftags&post=13114"}],"curies":[{"name":"wp","href":"https:\/\/api.w.org\/{rel}","templated":true}]}}