{"id":13139,"date":"2022-11-07T10:12:25","date_gmt":"2022-11-07T14:12:25","guid":{"rendered":"https:\/\/conexion23.com\/?p=13139"},"modified":"2022-11-07T10:12:29","modified_gmt":"2022-11-07T14:12:29","slug":"proyectaran-documental-del-sindicalista-jose-blanche","status":"publish","type":"post","link":"https:\/\/conexion23.com\/?p=13139","title":{"rendered":"Proyectar\u00e1n documental del sindicalista Jos\u00e9 Blanche"},"content":{"rendered":"\n<p class=\"wp-block-paragraph\">San Pedro de Macor\u00eds, RD. La fundaci\u00f3n C\u00edvica y Cultural<br><strong>PERIODISMO CON SENTIDO<\/strong>\u00a0que dirige el periodista y escritor Ces\u00e1reo Silvestre Peguero, anunci\u00f3 la proyecci\u00f3n del\u00a0\u00a0<strong>Documental Audiovisual REFERENTE HIST\u00d3RICO<\/strong>\u00a0del\u00a0sindicalista y ex Diputado\u00a0<strong>Jos\u00e9 Blanche.<\/strong>\u00a0El trabajo de investigaci\u00f3n procura destacar las luchas que asumi\u00f3\u00a0<strong>Blanche<\/strong>\u00a0en beneficio de la clase obrera de San Pedro de Macor\u00eds.<\/p>\n\n\n\n<p class=\"wp-block-paragraph\"><\/p>\n\n\n\n<figure class=\"wp-block-image size-large\"><img decoding=\"async\" src=\"https:\/\/conexion23.com\/wp-content\/uploads\/2022\/11\/1667605891001279-0-662x1024.jpg\" alt=\"\" class=\"wp-image-13140\"\/><figcaption class=\"wp-element-caption\">En el importante Audiovisual, se ofrecen declaraciones de familiares, amigos y relacionados que trataron al reconocido sindicalista de connotaci\u00f3n nacional.\u00a0<br><br>El contenido del audiovisual, est\u00e1 fundamentado en\u00a0<br>testimonios, anecdotas e impactantes revelaciones que hacen reflexionar y redireccionar el futuro del sindicalismo en Rep\u00fablica Dominicana.\u00a0<br>En la producci\u00f3n de ese audiovisual, se revelan\u00a0<br>declaraciones exclusivas de <strong>Rafael \u201cFafa\u201d Taveras,\u00a0<\/strong>del presidente de la Confederaci\u00f3n Nacional de Unidad Sindical (CNUS)<\/figcaption><\/figure>\n\n\n\n<p class=\"wp-block-paragraph\"><\/p>\n\n\n\n<figure class=\"wp-block-image size-full\"><img decoding=\"async\" src=\"https:\/\/conexion23.com\/wp-content\/uploads\/2022\/11\/1667605449025487-1.jpg\" alt=\"\" class=\"wp-image-13141\"\/><\/figure>\n\n\n\n<p class=\"wp-block-paragraph\"><strong>Rafael\u00a0(Pepe) Abreu,<\/strong>\u00a0as\u00ed tambi\u00e9n como del presidente de la Confederaci\u00f3n Aut\u00f3noma Sindical Clasista (CASC),<\/p>\n\n\n\n<p class=\"wp-block-paragraph\"><\/p>\n\n\n\n<figure class=\"wp-block-image size-full\"><img decoding=\"async\" src=\"https:\/\/conexion23.com\/wp-content\/uploads\/2022\/11\/1667605446186590-2.jpg\" alt=\"\" class=\"wp-image-13142\"\/><\/figure>\n\n\n\n<p class=\"wp-block-paragraph\"><strong>Gabriel de R\u00edo Do\u00f1\u00e9<\/strong><\/p>\n\n\n\n<p class=\"wp-block-paragraph\"><\/p>\n\n\n\n<figure class=\"wp-block-image size-full\"><img decoding=\"async\" src=\"https:\/\/conexion23.com\/wp-content\/uploads\/2022\/11\/1667605433717795-3.jpg\" alt=\"\" class=\"wp-image-13143\"\/><\/figure>\n\n\n\n<p class=\"wp-block-paragraph\"><strong>Jacobo Ramos,<\/strong>\u00a0presidente de la Confederaci\u00f3n Nacional de Trabajadores Dominicanos (CNTD)<\/p>\n\n\n\n<p class=\"wp-block-paragraph\"><\/p>\n\n\n\n<figure class=\"wp-block-image size-full\"><img decoding=\"async\" src=\"https:\/\/conexion23.com\/wp-content\/uploads\/2022\/11\/1667605428111430-4.jpg\" alt=\"\" class=\"wp-image-13144\"\/><\/figure>\n\n\n\n<p class=\"wp-block-paragraph\"><strong>Mayra Jim\u00e9nez,\u00a0<\/strong>actual presidenta del ministerio de la mujer, quien en el pasado libro importantes luchas en beneficio de los\u00a0 trabajadores. Se ofrecen tambi\u00e9n declaraciones de las ex integrantes del sindicato que \u00e9l dirigi\u00f3 en la Zona franca industrial de Macor\u00eds del Mar.\u00a0<\/p>\n","protected":false},"excerpt":{"rendered":"<p>San Pedro de Macor\u00eds, RD. La fundaci\u00f3n C\u00edvica y CulturalPERIODISMO CON SENTIDO\u00a0que dirige el periodista y escritor Ces\u00e1reo Silvestre Peguero, anunci\u00f3 la proyecci\u00f3n del\u00a0\u00a0Documental Audiovisual REFERENTE HIST\u00d3RICO\u00a0del\u00a0sindicalista y ex Diputado\u00a0Jos\u00e9 Blanche.\u00a0El trabajo de investigaci\u00f3n procura destacar las luchas que asumi\u00f3\u00a0Blanche\u00a0en beneficio de la clase obrera de San Pedro de Macor\u00eds. Rafael\u00a0(Pepe) Abreu,\u00a0as\u00ed tambi\u00e9n como del [&hellip;]<\/p>\n","protected":false},"author":15,"featured_media":0,"comment_status":"open","ping_status":"open","sticky":false,"template":"","format":"standard","meta":{"footnotes":""},"categories":[35],"tags":[],"class_list":["post-13139","post","type-post","status-publish","format-standard","category-spm"],"yoast_head":"<!-- This site is optimized with the Yoast SEO plugin v27.6 - https:\/\/yoast.com\/product\/yoast-seo-wordpress\/ -->\n<title>Proyectar\u00e1n documental del sindicalista Jos\u00e9 Blanche - Conexi\u00f3n 23<\/title>\n<meta name=\"robots\" content=\"index, follow, max-snippet:-1, max-image-preview:large, max-video-preview:-1\" \/>\n<link rel=\"canonical\" href=\"https:\/\/conexion23.com\/?p=13139\" \/>\n<meta property=\"og:locale\" content=\"es_ES\" \/>\n<meta property=\"og:type\" content=\"article\" \/>\n<meta property=\"og:title\" content=\"Proyectar\u00e1n documental del sindicalista Jos\u00e9 Blanche - Conexi\u00f3n 23\" \/>\n<meta property=\"og:description\" content=\"San Pedro de Macor\u00eds, RD. La fundaci\u00f3n C\u00edvica y CulturalPERIODISMO CON SENTIDO\u00a0que dirige el periodista y escritor Ces\u00e1reo Silvestre Peguero, anunci\u00f3 la proyecci\u00f3n del\u00a0\u00a0Documental Audiovisual REFERENTE HIST\u00d3RICO\u00a0del\u00a0sindicalista y ex Diputado\u00a0Jos\u00e9 Blanche.\u00a0El trabajo de investigaci\u00f3n procura destacar las luchas que asumi\u00f3\u00a0Blanche\u00a0en beneficio de la clase obrera de San Pedro de Macor\u00eds. Rafael\u00a0(Pepe) Abreu,\u00a0as\u00ed tambi\u00e9n como del [&hellip;]\" \/>\n<meta property=\"og:url\" content=\"https:\/\/conexion23.com\/?p=13139\" \/>\n<meta property=\"og:site_name\" content=\"Conexi\u00f3n 23\" \/>\n<meta property=\"article:publisher\" content=\"https:\/\/www.facebook.com\/conexion23com\" \/>\n<meta property=\"article:published_time\" content=\"2022-11-07T14:12:25+00:00\" \/>\n<meta property=\"article:modified_time\" content=\"2022-11-07T14:12:29+00:00\" \/>\n<meta property=\"og:image\" content=\"https:\/\/conexion23.com\/wp-content\/uploads\/2022\/11\/1667605891001279-0-662x1024.jpg\" \/>\n<meta name=\"author\" content=\"Raffy Ben\u00edtez\" \/>\n<meta name=\"twitter:card\" content=\"summary_large_image\" \/>\n<meta name=\"twitter:label1\" content=\"Escrito por\" \/>\n\t<meta name=\"twitter:data1\" content=\"Raffy Ben\u00edtez\" \/>\n\t<meta name=\"twitter:label2\" content=\"Tiempo de lectura\" \/>\n\t<meta name=\"twitter:data2\" content=\"2 minutos\" \/>\n<script type=\"application\/ld+json\" class=\"yoast-schema-graph\">{\"@context\":\"https:\\\/\\\/schema.org\",\"@graph\":[{\"@type\":\"Article\",\"@id\":\"https:\\\/\\\/conexion23.com\\\/?p=13139#article\",\"isPartOf\":{\"@id\":\"https:\\\/\\\/conexion23.com\\\/?p=13139\"},\"author\":{\"name\":\"Raffy Ben\u00edtez\",\"@id\":\"https:\\\/\\\/conexion23.com\\\/#\\\/schema\\\/person\\\/03e36043331117e97a373299bbcd30a6\"},\"headline\":\"Proyectar\u00e1n documental del sindicalista Jos\u00e9 Blanche\",\"datePublished\":\"2022-11-07T14:12:25+00:00\",\"dateModified\":\"2022-11-07T14:12:29+00:00\",\"mainEntityOfPage\":{\"@id\":\"https:\\\/\\\/conexion23.com\\\/?p=13139\"},\"wordCount\":227,\"commentCount\":0,\"publisher\":{\"@id\":\"https:\\\/\\\/conexion23.com\\\/#organization\"},\"image\":{\"@id\":\"https:\\\/\\\/conexion23.com\\\/?p=13139#primaryimage\"},\"thumbnailUrl\":\"https:\\\/\\\/conexion23.com\\\/wp-content\\\/uploads\\\/2022\\\/11\\\/1667605891001279-0-662x1024.jpg\",\"articleSection\":[\"SPM\"],\"inLanguage\":\"es\",\"potentialAction\":[{\"@type\":\"CommentAction\",\"name\":\"Comment\",\"target\":[\"https:\\\/\\\/conexion23.com\\\/?p=13139#respond\"]}]},{\"@type\":\"WebPage\",\"@id\":\"https:\\\/\\\/conexion23.com\\\/?p=13139\",\"url\":\"https:\\\/\\\/conexion23.com\\\/?p=13139\",\"name\":\"Proyectar\u00e1n documental del sindicalista Jos\u00e9 Blanche - Conexi\u00f3n 23\",\"isPartOf\":{\"@id\":\"https:\\\/\\\/conexion23.com\\\/#website\"},\"primaryImageOfPage\":{\"@id\":\"https:\\\/\\\/conexion23.com\\\/?p=13139#primaryimage\"},\"image\":{\"@id\":\"https:\\\/\\\/conexion23.com\\\/?p=13139#primaryimage\"},\"thumbnailUrl\":\"https:\\\/\\\/conexion23.com\\\/wp-content\\\/uploads\\\/2022\\\/11\\\/1667605891001279-0-662x1024.jpg\",\"datePublished\":\"2022-11-07T14:12:25+00:00\",\"dateModified\":\"2022-11-07T14:12:29+00:00\",\"breadcrumb\":{\"@id\":\"https:\\\/\\\/conexion23.com\\\/?p=13139#breadcrumb\"},\"inLanguage\":\"es\",\"potentialAction\":[{\"@type\":\"ReadAction\",\"target\":[\"https:\\\/\\\/conexion23.com\\\/?p=13139\"]}]},{\"@type\":\"ImageObject\",\"inLanguage\":\"es\",\"@id\":\"https:\\\/\\\/conexion23.com\\\/?p=13139#primaryimage\",\"url\":\"\",\"contentUrl\":\"\"},{\"@type\":\"BreadcrumbList\",\"@id\":\"https:\\\/\\\/conexion23.com\\\/?p=13139#breadcrumb\",\"itemListElement\":[{\"@type\":\"ListItem\",\"position\":1,\"name\":\"Portada\",\"item\":\"https:\\\/\\\/conexion23.com\\\/\"},{\"@type\":\"ListItem\",\"position\":2,\"name\":\"Proyectar\u00e1n documental del sindicalista Jos\u00e9 Blanche\"}]},{\"@type\":\"WebSite\",\"@id\":\"https:\\\/\\\/conexion23.com\\\/#website\",\"url\":\"https:\\\/\\\/conexion23.com\\\/\",\"name\":\"Conexi\u00f3n 23\",\"description\":\"Peri\u00f3dico 100% Petromacorisano\",\"publisher\":{\"@id\":\"https:\\\/\\\/conexion23.com\\\/#organization\"},\"potentialAction\":[{\"@type\":\"SearchAction\",\"target\":{\"@type\":\"EntryPoint\",\"urlTemplate\":\"https:\\\/\\\/conexion23.com\\\/?s={search_term_string}\"},\"query-input\":{\"@type\":\"PropertyValueSpecification\",\"valueRequired\":true,\"valueName\":\"search_term_string\"}}],\"inLanguage\":\"es\"},{\"@type\":\"Organization\",\"@id\":\"https:\\\/\\\/conexion23.com\\\/#organization\",\"name\":\"Conexion 23\",\"url\":\"https:\\\/\\\/conexion23.com\\\/\",\"logo\":{\"@type\":\"ImageObject\",\"inLanguage\":\"es\",\"@id\":\"https:\\\/\\\/conexion23.com\\\/#\\\/schema\\\/logo\\\/image\\\/\",\"url\":\"https:\\\/\\\/conexion23.com\\\/wp-content\\\/uploads\\\/2021\\\/11\\\/Diseno-sin-titulo-2.png\",\"contentUrl\":\"https:\\\/\\\/conexion23.com\\\/wp-content\\\/uploads\\\/2021\\\/11\\\/Diseno-sin-titulo-2.png\",\"width\":541,\"height\":90,\"caption\":\"Conexion 23\"},\"image\":{\"@id\":\"https:\\\/\\\/conexion23.com\\\/#\\\/schema\\\/logo\\\/image\\\/\"},\"sameAs\":[\"https:\\\/\\\/www.facebook.com\\\/conexion23com\",\"https:\\\/\\\/www.instagram.com\\\/conexion23com\\\/\",\"https:\\\/\\\/www.youtube.com\\\/channel\\\/UCYc7vxxFZMYLIHNsHHxPZ3Q\"]},{\"@type\":\"Person\",\"@id\":\"https:\\\/\\\/conexion23.com\\\/#\\\/schema\\\/person\\\/03e36043331117e97a373299bbcd30a6\",\"name\":\"Raffy Ben\u00edtez\",\"image\":{\"@type\":\"ImageObject\",\"inLanguage\":\"es\",\"@id\":\"https:\\\/\\\/secure.gravatar.com\\\/avatar\\\/3190a6a6c5e1b0327500f7d6c56b6242472ee6cb974cf09b401ee6b3b0798f23?s=96&d=mm&r=g\",\"url\":\"https:\\\/\\\/secure.gravatar.com\\\/avatar\\\/3190a6a6c5e1b0327500f7d6c56b6242472ee6cb974cf09b401ee6b3b0798f23?s=96&d=mm&r=g\",\"contentUrl\":\"https:\\\/\\\/secure.gravatar.com\\\/avatar\\\/3190a6a6c5e1b0327500f7d6c56b6242472ee6cb974cf09b401ee6b3b0798f23?s=96&d=mm&r=g\",\"caption\":\"Raffy Ben\u00edtez\"},\"url\":\"https:\\\/\\\/conexion23.com\\\/?author=15\"}]}<\/script>\n<!-- \/ Yoast SEO plugin. -->","yoast_head_json":{"title":"Proyectar\u00e1n documental del sindicalista Jos\u00e9 Blanche - Conexi\u00f3n 23","robots":{"index":"index","follow":"follow","max-snippet":"max-snippet:-1","max-image-preview":"max-image-preview:large","max-video-preview":"max-video-preview:-1"},"canonical":"https:\/\/conexion23.com\/?p=13139","og_locale":"es_ES","og_type":"article","og_title":"Proyectar\u00e1n documental del sindicalista Jos\u00e9 Blanche - Conexi\u00f3n 23","og_description":"San Pedro de Macor\u00eds, RD. La fundaci\u00f3n C\u00edvica y CulturalPERIODISMO CON SENTIDO\u00a0que dirige el periodista y escritor Ces\u00e1reo Silvestre Peguero, anunci\u00f3 la proyecci\u00f3n del\u00a0\u00a0Documental Audiovisual REFERENTE HIST\u00d3RICO\u00a0del\u00a0sindicalista y ex Diputado\u00a0Jos\u00e9 Blanche.\u00a0El trabajo de investigaci\u00f3n procura destacar las luchas que asumi\u00f3\u00a0Blanche\u00a0en beneficio de la clase obrera de San Pedro de Macor\u00eds. Rafael\u00a0(Pepe) Abreu,\u00a0as\u00ed tambi\u00e9n como del [&hellip;]","og_url":"https:\/\/conexion23.com\/?p=13139","og_site_name":"Conexi\u00f3n 23","article_publisher":"https:\/\/www.facebook.com\/conexion23com","article_published_time":"2022-11-07T14:12:25+00:00","article_modified_time":"2022-11-07T14:12:29+00:00","og_image":[{"url":"https:\/\/conexion23.com\/wp-content\/uploads\/2022\/11\/1667605891001279-0-662x1024.jpg","type":"","width":"","height":""}],"author":"Raffy Ben\u00edtez","twitter_card":"summary_large_image","twitter_misc":{"Escrito por":"Raffy Ben\u00edtez","Tiempo de lectura":"2 minutos"},"schema":{"@context":"https:\/\/schema.org","@graph":[{"@type":"Article","@id":"https:\/\/conexion23.com\/?p=13139#article","isPartOf":{"@id":"https:\/\/conexion23.com\/?p=13139"},"author":{"name":"Raffy Ben\u00edtez","@id":"https:\/\/conexion23.com\/#\/schema\/person\/03e36043331117e97a373299bbcd30a6"},"headline":"Proyectar\u00e1n documental del sindicalista Jos\u00e9 Blanche","datePublished":"2022-11-07T14:12:25+00:00","dateModified":"2022-11-07T14:12:29+00:00","mainEntityOfPage":{"@id":"https:\/\/conexion23.com\/?p=13139"},"wordCount":227,"commentCount":0,"publisher":{"@id":"https:\/\/conexion23.com\/#organization"},"image":{"@id":"https:\/\/conexion23.com\/?p=13139#primaryimage"},"thumbnailUrl":"https:\/\/conexion23.com\/wp-content\/uploads\/2022\/11\/1667605891001279-0-662x1024.jpg","articleSection":["SPM"],"inLanguage":"es","potentialAction":[{"@type":"CommentAction","name":"Comment","target":["https:\/\/conexion23.com\/?p=13139#respond"]}]},{"@type":"WebPage","@id":"https:\/\/conexion23.com\/?p=13139","url":"https:\/\/conexion23.com\/?p=13139","name":"Proyectar\u00e1n documental del sindicalista Jos\u00e9 Blanche - Conexi\u00f3n 23","isPartOf":{"@id":"https:\/\/conexion23.com\/#website"},"primaryImageOfPage":{"@id":"https:\/\/conexion23.com\/?p=13139#primaryimage"},"image":{"@id":"https:\/\/conexion23.com\/?p=13139#primaryimage"},"thumbnailUrl":"https:\/\/conexion23.com\/wp-content\/uploads\/2022\/11\/1667605891001279-0-662x1024.jpg","datePublished":"2022-11-07T14:12:25+00:00","dateModified":"2022-11-07T14:12:29+00:00","breadcrumb":{"@id":"https:\/\/conexion23.com\/?p=13139#breadcrumb"},"inLanguage":"es","potentialAction":[{"@type":"ReadAction","target":["https:\/\/conexion23.com\/?p=13139"]}]},{"@type":"ImageObject","inLanguage":"es","@id":"https:\/\/conexion23.com\/?p=13139#primaryimage","url":"","contentUrl":""},{"@type":"BreadcrumbList","@id":"https:\/\/conexion23.com\/?p=13139#breadcrumb","itemListElement":[{"@type":"ListItem","position":1,"name":"Portada","item":"https:\/\/conexion23.com\/"},{"@type":"ListItem","position":2,"name":"Proyectar\u00e1n documental del sindicalista Jos\u00e9 Blanche"}]},{"@type":"WebSite","@id":"https:\/\/conexion23.com\/#website","url":"https:\/\/conexion23.com\/","name":"Conexi\u00f3n 23","description":"Peri\u00f3dico 100% Petromacorisano","publisher":{"@id":"https:\/\/conexion23.com\/#organization"},"potentialAction":[{"@type":"SearchAction","target":{"@type":"EntryPoint","urlTemplate":"https:\/\/conexion23.com\/?s={search_term_string}"},"query-input":{"@type":"PropertyValueSpecification","valueRequired":true,"valueName":"search_term_string"}}],"inLanguage":"es"},{"@type":"Organization","@id":"https:\/\/conexion23.com\/#organization","name":"Conexion 23","url":"https:\/\/conexion23.com\/","logo":{"@type":"ImageObject","inLanguage":"es","@id":"https:\/\/conexion23.com\/#\/schema\/logo\/image\/","url":"https:\/\/conexion23.com\/wp-content\/uploads\/2021\/11\/Diseno-sin-titulo-2.png","contentUrl":"https:\/\/conexion23.com\/wp-content\/uploads\/2021\/11\/Diseno-sin-titulo-2.png","width":541,"height":90,"caption":"Conexion 23"},"image":{"@id":"https:\/\/conexion23.com\/#\/schema\/logo\/image\/"},"sameAs":["https:\/\/www.facebook.com\/conexion23com","https:\/\/www.instagram.com\/conexion23com\/","https:\/\/www.youtube.com\/channel\/UCYc7vxxFZMYLIHNsHHxPZ3Q"]},{"@type":"Person","@id":"https:\/\/conexion23.com\/#\/schema\/person\/03e36043331117e97a373299bbcd30a6","name":"Raffy Ben\u00edtez","image":{"@type":"ImageObject","inLanguage":"es","@id":"https:\/\/secure.gravatar.com\/avatar\/3190a6a6c5e1b0327500f7d6c56b6242472ee6cb974cf09b401ee6b3b0798f23?s=96&d=mm&r=g","url":"https:\/\/secure.gravatar.com\/avatar\/3190a6a6c5e1b0327500f7d6c56b6242472ee6cb974cf09b401ee6b3b0798f23?s=96&d=mm&r=g","contentUrl":"https:\/\/secure.gravatar.com\/avatar\/3190a6a6c5e1b0327500f7d6c56b6242472ee6cb974cf09b401ee6b3b0798f23?s=96&d=mm&r=g","caption":"Raffy Ben\u00edtez"},"url":"https:\/\/conexion23.com\/?author=15"}]}},"_links":{"self":[{"href":"https:\/\/conexion23.com\/index.php?rest_route=\/wp\/v2\/posts\/13139","targetHints":{"allow":["GET"]}}],"collection":[{"href":"https:\/\/conexion23.com\/index.php?rest_route=\/wp\/v2\/posts"}],"about":[{"href":"https:\/\/conexion23.com\/index.php?rest_route=\/wp\/v2\/types\/post"}],"author":[{"embeddable":true,"href":"https:\/\/conexion23.com\/index.php?rest_route=\/wp\/v2\/users\/15"}],"replies":[{"embeddable":true,"href":"https:\/\/conexion23.com\/index.php?rest_route=%2Fwp%2Fv2%2Fcomments&post=13139"}],"version-history":[{"count":1,"href":"https:\/\/conexion23.com\/index.php?rest_route=\/wp\/v2\/posts\/13139\/revisions"}],"predecessor-version":[{"id":13146,"href":"https:\/\/conexion23.com\/index.php?rest_route=\/wp\/v2\/posts\/13139\/revisions\/13146"}],"wp:attachment":[{"href":"https:\/\/conexion23.com\/index.php?rest_route=%2Fwp%2Fv2%2Fmedia&parent=13139"}],"wp:term":[{"taxonomy":"category","embeddable":true,"href":"https:\/\/conexion23.com\/index.php?rest_route=%2Fwp%2Fv2%2Fcategories&post=13139"},{"taxonomy":"post_tag","embeddable":true,"href":"https:\/\/conexion23.com\/index.php?rest_route=%2Fwp%2Fv2%2Ftags&post=13139"}],"curies":[{"name":"wp","href":"https:\/\/api.w.org\/{rel}","templated":true}]}}