{"id":13162,"date":"2022-11-07T15:10:20","date_gmt":"2022-11-07T19:10:20","guid":{"rendered":"https:\/\/conexion23.com\/?p=13162"},"modified":"2022-11-07T15:10:24","modified_gmt":"2022-11-07T19:10:24","slug":"venden-terrenos-del-cea-a-ex-alcalde-de-san-pedro-de-macoris-a-8-pesos-el-metro","status":"publish","type":"post","link":"https:\/\/conexion23.com\/?p=13162","title":{"rendered":"Venden terrenos del CEA a ex-alcalde de San Pedro de Macor\u00eds a 8 pesos el metro."},"content":{"rendered":"\n<p class=\"wp-block-paragraph\">Fue remitido el pasado mes de octubre un contrato firmado por el CEA y el exalcalde de San Pedro de Macor\u00eds, Ram\u00f3n Antonio Echavarr\u00eda Peguero (Tony), en el que se detalla que el Consejo Estatal del Az\u00facar vendi\u00f3 tierras al exalcalde a raz\u00f3n de 8 pesos el metro cuadrado.<\/p>\n\n\n\n<p class=\"wp-block-paragraph\">La venta, mediante el contrato CC-2004-01651, del 19 de diciembre de 2019, abarca una superficie de 497.75 tareas, equivalentes a 313,019.71 metros cuadrados, dentro de los terrenos del antiguo Ingenio Consuelo.<\/p>\n\n\n\n<p class=\"wp-block-paragraph\">El costo de 8 pesos al que sale el metro cuadrado fue fijado desde el 2004, durante el gobierno de Leonel Fern\u00e1ndez.<\/p>\n\n\n\n<p class=\"wp-block-paragraph\">Aunque el acto de venta se firm\u00f3 en el 2019, durante el gobierno de Danilo Medina, fue remitido por el presidente Luis Abinader el pasado 10 de octubre al Senado de la Rep\u00fablica para fines de revisi\u00f3n.<\/p>\n","protected":false},"excerpt":{"rendered":"<p>Fue remitido el pasado mes de octubre un contrato firmado por el CEA y el exalcalde de San Pedro de Macor\u00eds, Ram\u00f3n Antonio Echavarr\u00eda Peguero (Tony), en el que se detalla que el Consejo Estatal del Az\u00facar vendi\u00f3 tierras al exalcalde a raz\u00f3n de 8 pesos el metro cuadrado. La venta, mediante el contrato CC-2004-01651, [&hellip;]<\/p>\n","protected":false},"author":15,"featured_media":0,"comment_status":"open","ping_status":"open","sticky":false,"template":"","format":"standard","meta":{"footnotes":""},"categories":[35],"tags":[],"class_list":["post-13162","post","type-post","status-publish","format-standard","category-spm"],"yoast_head":"<!-- This site is optimized with the Yoast SEO plugin v27.6 - https:\/\/yoast.com\/product\/yoast-seo-wordpress\/ -->\n<title>Venden terrenos del CEA a ex-alcalde de San Pedro de Macor\u00eds a 8 pesos el metro. - Conexi\u00f3n 23<\/title>\n<meta name=\"robots\" content=\"index, follow, max-snippet:-1, max-image-preview:large, max-video-preview:-1\" \/>\n<link rel=\"canonical\" href=\"https:\/\/conexion23.com\/?p=13162\" \/>\n<meta property=\"og:locale\" content=\"es_ES\" \/>\n<meta property=\"og:type\" content=\"article\" \/>\n<meta property=\"og:title\" content=\"Venden terrenos del CEA a ex-alcalde de San Pedro de Macor\u00eds a 8 pesos el metro. - Conexi\u00f3n 23\" \/>\n<meta property=\"og:description\" content=\"Fue remitido el pasado mes de octubre un contrato firmado por el CEA y el exalcalde de San Pedro de Macor\u00eds, Ram\u00f3n Antonio Echavarr\u00eda Peguero (Tony), en el que se detalla que el Consejo Estatal del Az\u00facar vendi\u00f3 tierras al exalcalde a raz\u00f3n de 8 pesos el metro cuadrado. La venta, mediante el contrato CC-2004-01651, [&hellip;]\" \/>\n<meta property=\"og:url\" content=\"https:\/\/conexion23.com\/?p=13162\" \/>\n<meta property=\"og:site_name\" content=\"Conexi\u00f3n 23\" \/>\n<meta property=\"article:publisher\" content=\"https:\/\/www.facebook.com\/conexion23com\" \/>\n<meta property=\"article:published_time\" content=\"2022-11-07T19:10:20+00:00\" \/>\n<meta property=\"article:modified_time\" content=\"2022-11-07T19:10:24+00:00\" \/>\n<meta name=\"author\" content=\"Raffy Ben\u00edtez\" \/>\n<meta name=\"twitter:card\" content=\"summary_large_image\" \/>\n<meta name=\"twitter:label1\" content=\"Escrito por\" \/>\n\t<meta name=\"twitter:data1\" content=\"Raffy Ben\u00edtez\" \/>\n\t<meta name=\"twitter:label2\" content=\"Tiempo de lectura\" \/>\n\t<meta name=\"twitter:data2\" content=\"1 minuto\" \/>\n<script type=\"application\/ld+json\" class=\"yoast-schema-graph\">{\"@context\":\"https:\\\/\\\/schema.org\",\"@graph\":[{\"@type\":\"Article\",\"@id\":\"https:\\\/\\\/conexion23.com\\\/?p=13162#article\",\"isPartOf\":{\"@id\":\"https:\\\/\\\/conexion23.com\\\/?p=13162\"},\"author\":{\"name\":\"Raffy Ben\u00edtez\",\"@id\":\"http:\\\/\\\/conexion23.com\\\/#\\\/schema\\\/person\\\/03e36043331117e97a373299bbcd30a6\"},\"headline\":\"Venden terrenos del CEA a ex-alcalde de San Pedro de Macor\u00eds a 8 pesos el metro.\",\"datePublished\":\"2022-11-07T19:10:20+00:00\",\"dateModified\":\"2022-11-07T19:10:24+00:00\",\"mainEntityOfPage\":{\"@id\":\"https:\\\/\\\/conexion23.com\\\/?p=13162\"},\"wordCount\":155,\"commentCount\":0,\"publisher\":{\"@id\":\"http:\\\/\\\/conexion23.com\\\/#organization\"},\"articleSection\":[\"SPM\"],\"inLanguage\":\"es\",\"potentialAction\":[{\"@type\":\"CommentAction\",\"name\":\"Comment\",\"target\":[\"https:\\\/\\\/conexion23.com\\\/?p=13162#respond\"]}]},{\"@type\":\"WebPage\",\"@id\":\"https:\\\/\\\/conexion23.com\\\/?p=13162\",\"url\":\"https:\\\/\\\/conexion23.com\\\/?p=13162\",\"name\":\"Venden terrenos del CEA a ex-alcalde de San Pedro de Macor\u00eds a 8 pesos el metro. - Conexi\u00f3n 23\",\"isPartOf\":{\"@id\":\"http:\\\/\\\/conexion23.com\\\/#website\"},\"datePublished\":\"2022-11-07T19:10:20+00:00\",\"dateModified\":\"2022-11-07T19:10:24+00:00\",\"breadcrumb\":{\"@id\":\"https:\\\/\\\/conexion23.com\\\/?p=13162#breadcrumb\"},\"inLanguage\":\"es\",\"potentialAction\":[{\"@type\":\"ReadAction\",\"target\":[\"https:\\\/\\\/conexion23.com\\\/?p=13162\"]}]},{\"@type\":\"BreadcrumbList\",\"@id\":\"https:\\\/\\\/conexion23.com\\\/?p=13162#breadcrumb\",\"itemListElement\":[{\"@type\":\"ListItem\",\"position\":1,\"name\":\"Portada\",\"item\":\"http:\\\/\\\/conexion23.com\\\/\"},{\"@type\":\"ListItem\",\"position\":2,\"name\":\"Venden terrenos del CEA a ex-alcalde de San Pedro de Macor\u00eds a 8 pesos el metro.\"}]},{\"@type\":\"WebSite\",\"@id\":\"http:\\\/\\\/conexion23.com\\\/#website\",\"url\":\"http:\\\/\\\/conexion23.com\\\/\",\"name\":\"Conexi\u00f3n 23\",\"description\":\"Peri\u00f3dico 100% Petromacorisano\",\"publisher\":{\"@id\":\"http:\\\/\\\/conexion23.com\\\/#organization\"},\"potentialAction\":[{\"@type\":\"SearchAction\",\"target\":{\"@type\":\"EntryPoint\",\"urlTemplate\":\"http:\\\/\\\/conexion23.com\\\/?s={search_term_string}\"},\"query-input\":{\"@type\":\"PropertyValueSpecification\",\"valueRequired\":true,\"valueName\":\"search_term_string\"}}],\"inLanguage\":\"es\"},{\"@type\":\"Organization\",\"@id\":\"http:\\\/\\\/conexion23.com\\\/#organization\",\"name\":\"Conexion 23\",\"url\":\"http:\\\/\\\/conexion23.com\\\/\",\"logo\":{\"@type\":\"ImageObject\",\"inLanguage\":\"es\",\"@id\":\"http:\\\/\\\/conexion23.com\\\/#\\\/schema\\\/logo\\\/image\\\/\",\"url\":\"https:\\\/\\\/conexion23.com\\\/wp-content\\\/uploads\\\/2021\\\/11\\\/Diseno-sin-titulo-2.png\",\"contentUrl\":\"https:\\\/\\\/conexion23.com\\\/wp-content\\\/uploads\\\/2021\\\/11\\\/Diseno-sin-titulo-2.png\",\"width\":541,\"height\":90,\"caption\":\"Conexion 23\"},\"image\":{\"@id\":\"http:\\\/\\\/conexion23.com\\\/#\\\/schema\\\/logo\\\/image\\\/\"},\"sameAs\":[\"https:\\\/\\\/www.facebook.com\\\/conexion23com\",\"https:\\\/\\\/www.instagram.com\\\/conexion23com\\\/\",\"https:\\\/\\\/www.youtube.com\\\/channel\\\/UCYc7vxxFZMYLIHNsHHxPZ3Q\"]},{\"@type\":\"Person\",\"@id\":\"http:\\\/\\\/conexion23.com\\\/#\\\/schema\\\/person\\\/03e36043331117e97a373299bbcd30a6\",\"name\":\"Raffy Ben\u00edtez\",\"image\":{\"@type\":\"ImageObject\",\"inLanguage\":\"es\",\"@id\":\"https:\\\/\\\/secure.gravatar.com\\\/avatar\\\/3190a6a6c5e1b0327500f7d6c56b6242472ee6cb974cf09b401ee6b3b0798f23?s=96&d=mm&r=g\",\"url\":\"https:\\\/\\\/secure.gravatar.com\\\/avatar\\\/3190a6a6c5e1b0327500f7d6c56b6242472ee6cb974cf09b401ee6b3b0798f23?s=96&d=mm&r=g\",\"contentUrl\":\"https:\\\/\\\/secure.gravatar.com\\\/avatar\\\/3190a6a6c5e1b0327500f7d6c56b6242472ee6cb974cf09b401ee6b3b0798f23?s=96&d=mm&r=g\",\"caption\":\"Raffy Ben\u00edtez\"},\"url\":\"https:\\\/\\\/conexion23.com\\\/?author=15\"}]}<\/script>\n<!-- \/ Yoast SEO plugin. -->","yoast_head_json":{"title":"Venden terrenos del CEA a ex-alcalde de San Pedro de Macor\u00eds a 8 pesos el metro. - Conexi\u00f3n 23","robots":{"index":"index","follow":"follow","max-snippet":"max-snippet:-1","max-image-preview":"max-image-preview:large","max-video-preview":"max-video-preview:-1"},"canonical":"https:\/\/conexion23.com\/?p=13162","og_locale":"es_ES","og_type":"article","og_title":"Venden terrenos del CEA a ex-alcalde de San Pedro de Macor\u00eds a 8 pesos el metro. - Conexi\u00f3n 23","og_description":"Fue remitido el pasado mes de octubre un contrato firmado por el CEA y el exalcalde de San Pedro de Macor\u00eds, Ram\u00f3n Antonio Echavarr\u00eda Peguero (Tony), en el que se detalla que el Consejo Estatal del Az\u00facar vendi\u00f3 tierras al exalcalde a raz\u00f3n de 8 pesos el metro cuadrado. La venta, mediante el contrato CC-2004-01651, [&hellip;]","og_url":"https:\/\/conexion23.com\/?p=13162","og_site_name":"Conexi\u00f3n 23","article_publisher":"https:\/\/www.facebook.com\/conexion23com","article_published_time":"2022-11-07T19:10:20+00:00","article_modified_time":"2022-11-07T19:10:24+00:00","author":"Raffy Ben\u00edtez","twitter_card":"summary_large_image","twitter_misc":{"Escrito por":"Raffy Ben\u00edtez","Tiempo de lectura":"1 minuto"},"schema":{"@context":"https:\/\/schema.org","@graph":[{"@type":"Article","@id":"https:\/\/conexion23.com\/?p=13162#article","isPartOf":{"@id":"https:\/\/conexion23.com\/?p=13162"},"author":{"name":"Raffy Ben\u00edtez","@id":"http:\/\/conexion23.com\/#\/schema\/person\/03e36043331117e97a373299bbcd30a6"},"headline":"Venden terrenos del CEA a ex-alcalde de San Pedro de Macor\u00eds a 8 pesos el metro.","datePublished":"2022-11-07T19:10:20+00:00","dateModified":"2022-11-07T19:10:24+00:00","mainEntityOfPage":{"@id":"https:\/\/conexion23.com\/?p=13162"},"wordCount":155,"commentCount":0,"publisher":{"@id":"http:\/\/conexion23.com\/#organization"},"articleSection":["SPM"],"inLanguage":"es","potentialAction":[{"@type":"CommentAction","name":"Comment","target":["https:\/\/conexion23.com\/?p=13162#respond"]}]},{"@type":"WebPage","@id":"https:\/\/conexion23.com\/?p=13162","url":"https:\/\/conexion23.com\/?p=13162","name":"Venden terrenos del CEA a ex-alcalde de San Pedro de Macor\u00eds a 8 pesos el metro. - Conexi\u00f3n 23","isPartOf":{"@id":"http:\/\/conexion23.com\/#website"},"datePublished":"2022-11-07T19:10:20+00:00","dateModified":"2022-11-07T19:10:24+00:00","breadcrumb":{"@id":"https:\/\/conexion23.com\/?p=13162#breadcrumb"},"inLanguage":"es","potentialAction":[{"@type":"ReadAction","target":["https:\/\/conexion23.com\/?p=13162"]}]},{"@type":"BreadcrumbList","@id":"https:\/\/conexion23.com\/?p=13162#breadcrumb","itemListElement":[{"@type":"ListItem","position":1,"name":"Portada","item":"http:\/\/conexion23.com\/"},{"@type":"ListItem","position":2,"name":"Venden terrenos del CEA a ex-alcalde de San Pedro de Macor\u00eds a 8 pesos el metro."}]},{"@type":"WebSite","@id":"http:\/\/conexion23.com\/#website","url":"http:\/\/conexion23.com\/","name":"Conexi\u00f3n 23","description":"Peri\u00f3dico 100% Petromacorisano","publisher":{"@id":"http:\/\/conexion23.com\/#organization"},"potentialAction":[{"@type":"SearchAction","target":{"@type":"EntryPoint","urlTemplate":"http:\/\/conexion23.com\/?s={search_term_string}"},"query-input":{"@type":"PropertyValueSpecification","valueRequired":true,"valueName":"search_term_string"}}],"inLanguage":"es"},{"@type":"Organization","@id":"http:\/\/conexion23.com\/#organization","name":"Conexion 23","url":"http:\/\/conexion23.com\/","logo":{"@type":"ImageObject","inLanguage":"es","@id":"http:\/\/conexion23.com\/#\/schema\/logo\/image\/","url":"https:\/\/conexion23.com\/wp-content\/uploads\/2021\/11\/Diseno-sin-titulo-2.png","contentUrl":"https:\/\/conexion23.com\/wp-content\/uploads\/2021\/11\/Diseno-sin-titulo-2.png","width":541,"height":90,"caption":"Conexion 23"},"image":{"@id":"http:\/\/conexion23.com\/#\/schema\/logo\/image\/"},"sameAs":["https:\/\/www.facebook.com\/conexion23com","https:\/\/www.instagram.com\/conexion23com\/","https:\/\/www.youtube.com\/channel\/UCYc7vxxFZMYLIHNsHHxPZ3Q"]},{"@type":"Person","@id":"http:\/\/conexion23.com\/#\/schema\/person\/03e36043331117e97a373299bbcd30a6","name":"Raffy Ben\u00edtez","image":{"@type":"ImageObject","inLanguage":"es","@id":"https:\/\/secure.gravatar.com\/avatar\/3190a6a6c5e1b0327500f7d6c56b6242472ee6cb974cf09b401ee6b3b0798f23?s=96&d=mm&r=g","url":"https:\/\/secure.gravatar.com\/avatar\/3190a6a6c5e1b0327500f7d6c56b6242472ee6cb974cf09b401ee6b3b0798f23?s=96&d=mm&r=g","contentUrl":"https:\/\/secure.gravatar.com\/avatar\/3190a6a6c5e1b0327500f7d6c56b6242472ee6cb974cf09b401ee6b3b0798f23?s=96&d=mm&r=g","caption":"Raffy Ben\u00edtez"},"url":"https:\/\/conexion23.com\/?author=15"}]}},"_links":{"self":[{"href":"https:\/\/conexion23.com\/index.php?rest_route=\/wp\/v2\/posts\/13162","targetHints":{"allow":["GET"]}}],"collection":[{"href":"https:\/\/conexion23.com\/index.php?rest_route=\/wp\/v2\/posts"}],"about":[{"href":"https:\/\/conexion23.com\/index.php?rest_route=\/wp\/v2\/types\/post"}],"author":[{"embeddable":true,"href":"https:\/\/conexion23.com\/index.php?rest_route=\/wp\/v2\/users\/15"}],"replies":[{"embeddable":true,"href":"https:\/\/conexion23.com\/index.php?rest_route=%2Fwp%2Fv2%2Fcomments&post=13162"}],"version-history":[{"count":1,"href":"https:\/\/conexion23.com\/index.php?rest_route=\/wp\/v2\/posts\/13162\/revisions"}],"predecessor-version":[{"id":13164,"href":"https:\/\/conexion23.com\/index.php?rest_route=\/wp\/v2\/posts\/13162\/revisions\/13164"}],"wp:attachment":[{"href":"https:\/\/conexion23.com\/index.php?rest_route=%2Fwp%2Fv2%2Fmedia&parent=13162"}],"wp:term":[{"taxonomy":"category","embeddable":true,"href":"https:\/\/conexion23.com\/index.php?rest_route=%2Fwp%2Fv2%2Fcategories&post=13162"},{"taxonomy":"post_tag","embeddable":true,"href":"https:\/\/conexion23.com\/index.php?rest_route=%2Fwp%2Fv2%2Ftags&post=13162"}],"curies":[{"name":"wp","href":"https:\/\/api.w.org\/{rel}","templated":true}]}}