{"id":13167,"date":"2022-11-07T15:18:15","date_gmt":"2022-11-07T19:18:15","guid":{"rendered":"https:\/\/conexion23.com\/?p=13167"},"modified":"2022-11-07T15:18:21","modified_gmt":"2022-11-07T19:18:21","slug":"prd-en-ny-felicita-a-miguel-vargas-y-reafirma-apoyo-a-candidatura-presidencial","status":"publish","type":"post","link":"https:\/\/conexion23.com\/?p=13167","title":{"rendered":"PRD en NY felicita a Miguel Vargas y reafirma apoyo a candidatura presidencial"},"content":{"rendered":"\n<p class=\"wp-block-paragraph\"><strong>Nueva York.-&nbsp;<\/strong>La secretaria general de la seccional del PRD y subcoordinadora del Comit\u00e9 Permanente de Partidos Pol\u00edticos (CPPP), Miguelina Fa\u00f1a, felicit\u00f3 al presidente nacional de la organizaci\u00f3n, Miguel Vargas Maldonado por aceptar la candidatura presidencial para las elecciones de 2024 y reafirm\u00f3 el apoyo a las aspiraciones presidenciales del l\u00edder perrede\u00edsta.<\/p>\n\n\n\n<p class=\"wp-block-paragraph\">Fa\u00f1a, dijo que Vargas Maldonado merece ser escogido presidente de la Rep\u00fablica Dominicana por todo el pueblo debido a su larga trayectoria de servicios a la naci\u00f3n y su \u00abentrega total\u00bb a las mejores causas de la sociedad y los m\u00e1s necesitados del pa\u00eds.<\/p>\n\n\n\n<p class=\"wp-block-paragraph\">\u201cFelicito al compa\u00f1ero Miguel Vargas Maldonado por haber tomado la acertada decisi\u00f3n de ser el candidato presidencial de nuestro partido, el PRD en momentos en que la Rep\u00fablica Dominicana necesita de un liderazgo vigoroso, experimentado y diestro en el manejo del estado\u201d, a\u00f1adi\u00f3 Fa\u00f1a.<\/p>\n\n\n\n<p class=\"wp-block-paragraph\">\u201cEl ingeniero ha tenido muy buen recibimiento donde quiera que va, mucho mejor de los que pens\u00e1bamos\u201d, a\u00f1adi\u00f3 la secretaria general perrede\u00edsta.<\/p>\n\n\n\n<p class=\"wp-block-paragraph\">\u201cEst\u00e1 haciendo muy buen trabajo, y partido en Nueva York est\u00e1 trabajando para asumir la campa\u00f1a\u201d, a\u00f1adi\u00f3 diciendo que cada jueves en las reuniones del PRD asiste cada vez m\u00e1s gente.<\/p>\n\n\n\n<p class=\"wp-block-paragraph\">Fa\u00f1a llam\u00f3 a todos los perrede\u00edstas a sumarse a la candidatura de Vargas Maldonado para llevarlo al Palacio Nacional en las elecciones de 2024.<\/p>\n\n\n\n<p class=\"wp-block-paragraph\">\u201cApoyamos a Miguel Vargas cien por ciento\u201d, afirm\u00f3 Fa\u00f1a.<\/p>\n\n\n\n<p class=\"wp-block-paragraph\">Vargas Maldonado acept\u00f3 la candidatura ante cientos de dirigentes de la Regi\u00f3n&nbsp; Metropolitana que incluye el Distrito Nacional y la provincia Santo Domingo en un masivo acto celebrado en el hotel Dominican Fiesta ayer domingo 5 de noviembre 2022.<\/p>\n\n\n\n<p class=\"wp-block-paragraph\">Dijo que &nbsp;su decisi\u00f3n se\u00f1alando que el masivo encuentro de dirigentes es una demostraci\u00f3n de que el PRD crece, se fortalece y est\u00e1 listo para iniciar su camino de convertirse en una opci\u00f3n de poder para las elecciones del a\u00f1o 2024.<\/p>\n\n\n\n<p class=\"wp-block-paragraph\">\u201cLuego de reflexionar sobre los graves problemas que aquejan a la naci\u00f3n, que reflejan el profundo deterioro y retroceso en todos los sectores, motivado por la necesidad que tenemos los dominicanos de reorientar el curso que lleva el pa\u00eds, he decidido optar por la candidatura a la Presidencia de la Rep\u00fablica por nuestro PRD, dentro de lo previsto por las leyes de Partidos y de R\u00e9gimen Electoral\u201d, explic\u00f3.<\/p>\n","protected":false},"excerpt":{"rendered":"<p>Nueva York.-&nbsp;La secretaria general de la seccional del PRD y subcoordinadora del Comit\u00e9 Permanente de Partidos Pol\u00edticos (CPPP), Miguelina Fa\u00f1a, felicit\u00f3 al presidente nacional de la organizaci\u00f3n, Miguel Vargas Maldonado por aceptar la candidatura presidencial para las elecciones de 2024 y reafirm\u00f3 el apoyo a las aspiraciones presidenciales del l\u00edder perrede\u00edsta. Fa\u00f1a, dijo que Vargas [&hellip;]<\/p>\n","protected":false},"author":15,"featured_media":0,"comment_status":"open","ping_status":"open","sticky":false,"template":"","format":"standard","meta":{"footnotes":""},"categories":[1],"tags":[],"class_list":["post-13167","post","type-post","status-publish","format-standard","category-uncategorized"],"yoast_head":"<!-- This site is optimized with the Yoast SEO plugin v27.6 - https:\/\/yoast.com\/product\/yoast-seo-wordpress\/ -->\n<title>PRD en NY felicita a Miguel Vargas y reafirma apoyo a candidatura presidencial - Conexi\u00f3n 23<\/title>\n<meta name=\"robots\" content=\"index, follow, max-snippet:-1, max-image-preview:large, max-video-preview:-1\" \/>\n<link rel=\"canonical\" href=\"https:\/\/conexion23.com\/?p=13167\" \/>\n<meta property=\"og:locale\" content=\"es_ES\" \/>\n<meta property=\"og:type\" content=\"article\" \/>\n<meta property=\"og:title\" content=\"PRD en NY felicita a Miguel Vargas y reafirma apoyo a candidatura presidencial - Conexi\u00f3n 23\" \/>\n<meta property=\"og:description\" content=\"Nueva York.-&nbsp;La secretaria general de la seccional del PRD y subcoordinadora del Comit\u00e9 Permanente de Partidos Pol\u00edticos (CPPP), Miguelina Fa\u00f1a, felicit\u00f3 al presidente nacional de la organizaci\u00f3n, Miguel Vargas Maldonado por aceptar la candidatura presidencial para las elecciones de 2024 y reafirm\u00f3 el apoyo a las aspiraciones presidenciales del l\u00edder perrede\u00edsta. Fa\u00f1a, dijo que Vargas [&hellip;]\" \/>\n<meta property=\"og:url\" content=\"https:\/\/conexion23.com\/?p=13167\" \/>\n<meta property=\"og:site_name\" content=\"Conexi\u00f3n 23\" \/>\n<meta property=\"article:publisher\" content=\"https:\/\/www.facebook.com\/conexion23com\" \/>\n<meta property=\"article:published_time\" content=\"2022-11-07T19:18:15+00:00\" \/>\n<meta property=\"article:modified_time\" content=\"2022-11-07T19:18:21+00:00\" \/>\n<meta name=\"author\" content=\"Raffy Ben\u00edtez\" \/>\n<meta name=\"twitter:card\" content=\"summary_large_image\" \/>\n<meta name=\"twitter:label1\" content=\"Escrito por\" \/>\n\t<meta name=\"twitter:data1\" content=\"Raffy Ben\u00edtez\" \/>\n\t<meta name=\"twitter:label2\" content=\"Tiempo de lectura\" \/>\n\t<meta name=\"twitter:data2\" content=\"2 minutos\" \/>\n<script type=\"application\/ld+json\" class=\"yoast-schema-graph\">{\"@context\":\"https:\\\/\\\/schema.org\",\"@graph\":[{\"@type\":\"Article\",\"@id\":\"https:\\\/\\\/conexion23.com\\\/?p=13167#article\",\"isPartOf\":{\"@id\":\"https:\\\/\\\/conexion23.com\\\/?p=13167\"},\"author\":{\"name\":\"Raffy Ben\u00edtez\",\"@id\":\"http:\\\/\\\/conexion23.com\\\/#\\\/schema\\\/person\\\/03e36043331117e97a373299bbcd30a6\"},\"headline\":\"PRD en NY felicita a Miguel Vargas y reafirma apoyo a candidatura presidencial\",\"datePublished\":\"2022-11-07T19:18:15+00:00\",\"dateModified\":\"2022-11-07T19:18:21+00:00\",\"mainEntityOfPage\":{\"@id\":\"https:\\\/\\\/conexion23.com\\\/?p=13167\"},\"wordCount\":420,\"commentCount\":0,\"publisher\":{\"@id\":\"http:\\\/\\\/conexion23.com\\\/#organization\"},\"articleSection\":[\"Uncategorized\"],\"inLanguage\":\"es\",\"potentialAction\":[{\"@type\":\"CommentAction\",\"name\":\"Comment\",\"target\":[\"https:\\\/\\\/conexion23.com\\\/?p=13167#respond\"]}]},{\"@type\":\"WebPage\",\"@id\":\"https:\\\/\\\/conexion23.com\\\/?p=13167\",\"url\":\"https:\\\/\\\/conexion23.com\\\/?p=13167\",\"name\":\"PRD en NY felicita a Miguel Vargas y reafirma apoyo a candidatura presidencial - Conexi\u00f3n 23\",\"isPartOf\":{\"@id\":\"http:\\\/\\\/conexion23.com\\\/#website\"},\"datePublished\":\"2022-11-07T19:18:15+00:00\",\"dateModified\":\"2022-11-07T19:18:21+00:00\",\"breadcrumb\":{\"@id\":\"https:\\\/\\\/conexion23.com\\\/?p=13167#breadcrumb\"},\"inLanguage\":\"es\",\"potentialAction\":[{\"@type\":\"ReadAction\",\"target\":[\"https:\\\/\\\/conexion23.com\\\/?p=13167\"]}]},{\"@type\":\"BreadcrumbList\",\"@id\":\"https:\\\/\\\/conexion23.com\\\/?p=13167#breadcrumb\",\"itemListElement\":[{\"@type\":\"ListItem\",\"position\":1,\"name\":\"Portada\",\"item\":\"http:\\\/\\\/conexion23.com\\\/\"},{\"@type\":\"ListItem\",\"position\":2,\"name\":\"PRD en NY felicita a Miguel Vargas y reafirma apoyo a candidatura presidencial\"}]},{\"@type\":\"WebSite\",\"@id\":\"http:\\\/\\\/conexion23.com\\\/#website\",\"url\":\"http:\\\/\\\/conexion23.com\\\/\",\"name\":\"Conexi\u00f3n 23\",\"description\":\"Peri\u00f3dico 100% Petromacorisano\",\"publisher\":{\"@id\":\"http:\\\/\\\/conexion23.com\\\/#organization\"},\"potentialAction\":[{\"@type\":\"SearchAction\",\"target\":{\"@type\":\"EntryPoint\",\"urlTemplate\":\"http:\\\/\\\/conexion23.com\\\/?s={search_term_string}\"},\"query-input\":{\"@type\":\"PropertyValueSpecification\",\"valueRequired\":true,\"valueName\":\"search_term_string\"}}],\"inLanguage\":\"es\"},{\"@type\":\"Organization\",\"@id\":\"http:\\\/\\\/conexion23.com\\\/#organization\",\"name\":\"Conexion 23\",\"url\":\"http:\\\/\\\/conexion23.com\\\/\",\"logo\":{\"@type\":\"ImageObject\",\"inLanguage\":\"es\",\"@id\":\"http:\\\/\\\/conexion23.com\\\/#\\\/schema\\\/logo\\\/image\\\/\",\"url\":\"https:\\\/\\\/conexion23.com\\\/wp-content\\\/uploads\\\/2021\\\/11\\\/Diseno-sin-titulo-2.png\",\"contentUrl\":\"https:\\\/\\\/conexion23.com\\\/wp-content\\\/uploads\\\/2021\\\/11\\\/Diseno-sin-titulo-2.png\",\"width\":541,\"height\":90,\"caption\":\"Conexion 23\"},\"image\":{\"@id\":\"http:\\\/\\\/conexion23.com\\\/#\\\/schema\\\/logo\\\/image\\\/\"},\"sameAs\":[\"https:\\\/\\\/www.facebook.com\\\/conexion23com\",\"https:\\\/\\\/www.instagram.com\\\/conexion23com\\\/\",\"https:\\\/\\\/www.youtube.com\\\/channel\\\/UCYc7vxxFZMYLIHNsHHxPZ3Q\"]},{\"@type\":\"Person\",\"@id\":\"http:\\\/\\\/conexion23.com\\\/#\\\/schema\\\/person\\\/03e36043331117e97a373299bbcd30a6\",\"name\":\"Raffy Ben\u00edtez\",\"image\":{\"@type\":\"ImageObject\",\"inLanguage\":\"es\",\"@id\":\"https:\\\/\\\/secure.gravatar.com\\\/avatar\\\/3190a6a6c5e1b0327500f7d6c56b6242472ee6cb974cf09b401ee6b3b0798f23?s=96&d=mm&r=g\",\"url\":\"https:\\\/\\\/secure.gravatar.com\\\/avatar\\\/3190a6a6c5e1b0327500f7d6c56b6242472ee6cb974cf09b401ee6b3b0798f23?s=96&d=mm&r=g\",\"contentUrl\":\"https:\\\/\\\/secure.gravatar.com\\\/avatar\\\/3190a6a6c5e1b0327500f7d6c56b6242472ee6cb974cf09b401ee6b3b0798f23?s=96&d=mm&r=g\",\"caption\":\"Raffy Ben\u00edtez\"},\"url\":\"https:\\\/\\\/conexion23.com\\\/?author=15\"}]}<\/script>\n<!-- \/ Yoast SEO plugin. -->","yoast_head_json":{"title":"PRD en NY felicita a Miguel Vargas y reafirma apoyo a candidatura presidencial - Conexi\u00f3n 23","robots":{"index":"index","follow":"follow","max-snippet":"max-snippet:-1","max-image-preview":"max-image-preview:large","max-video-preview":"max-video-preview:-1"},"canonical":"https:\/\/conexion23.com\/?p=13167","og_locale":"es_ES","og_type":"article","og_title":"PRD en NY felicita a Miguel Vargas y reafirma apoyo a candidatura presidencial - Conexi\u00f3n 23","og_description":"Nueva York.-&nbsp;La secretaria general de la seccional del PRD y subcoordinadora del Comit\u00e9 Permanente de Partidos Pol\u00edticos (CPPP), Miguelina Fa\u00f1a, felicit\u00f3 al presidente nacional de la organizaci\u00f3n, Miguel Vargas Maldonado por aceptar la candidatura presidencial para las elecciones de 2024 y reafirm\u00f3 el apoyo a las aspiraciones presidenciales del l\u00edder perrede\u00edsta. Fa\u00f1a, dijo que Vargas [&hellip;]","og_url":"https:\/\/conexion23.com\/?p=13167","og_site_name":"Conexi\u00f3n 23","article_publisher":"https:\/\/www.facebook.com\/conexion23com","article_published_time":"2022-11-07T19:18:15+00:00","article_modified_time":"2022-11-07T19:18:21+00:00","author":"Raffy Ben\u00edtez","twitter_card":"summary_large_image","twitter_misc":{"Escrito por":"Raffy Ben\u00edtez","Tiempo de lectura":"2 minutos"},"schema":{"@context":"https:\/\/schema.org","@graph":[{"@type":"Article","@id":"https:\/\/conexion23.com\/?p=13167#article","isPartOf":{"@id":"https:\/\/conexion23.com\/?p=13167"},"author":{"name":"Raffy Ben\u00edtez","@id":"http:\/\/conexion23.com\/#\/schema\/person\/03e36043331117e97a373299bbcd30a6"},"headline":"PRD en NY felicita a Miguel Vargas y reafirma apoyo a candidatura presidencial","datePublished":"2022-11-07T19:18:15+00:00","dateModified":"2022-11-07T19:18:21+00:00","mainEntityOfPage":{"@id":"https:\/\/conexion23.com\/?p=13167"},"wordCount":420,"commentCount":0,"publisher":{"@id":"http:\/\/conexion23.com\/#organization"},"articleSection":["Uncategorized"],"inLanguage":"es","potentialAction":[{"@type":"CommentAction","name":"Comment","target":["https:\/\/conexion23.com\/?p=13167#respond"]}]},{"@type":"WebPage","@id":"https:\/\/conexion23.com\/?p=13167","url":"https:\/\/conexion23.com\/?p=13167","name":"PRD en NY felicita a Miguel Vargas y reafirma apoyo a candidatura presidencial - Conexi\u00f3n 23","isPartOf":{"@id":"http:\/\/conexion23.com\/#website"},"datePublished":"2022-11-07T19:18:15+00:00","dateModified":"2022-11-07T19:18:21+00:00","breadcrumb":{"@id":"https:\/\/conexion23.com\/?p=13167#breadcrumb"},"inLanguage":"es","potentialAction":[{"@type":"ReadAction","target":["https:\/\/conexion23.com\/?p=13167"]}]},{"@type":"BreadcrumbList","@id":"https:\/\/conexion23.com\/?p=13167#breadcrumb","itemListElement":[{"@type":"ListItem","position":1,"name":"Portada","item":"http:\/\/conexion23.com\/"},{"@type":"ListItem","position":2,"name":"PRD en NY felicita a Miguel Vargas y reafirma apoyo a candidatura presidencial"}]},{"@type":"WebSite","@id":"http:\/\/conexion23.com\/#website","url":"http:\/\/conexion23.com\/","name":"Conexi\u00f3n 23","description":"Peri\u00f3dico 100% Petromacorisano","publisher":{"@id":"http:\/\/conexion23.com\/#organization"},"potentialAction":[{"@type":"SearchAction","target":{"@type":"EntryPoint","urlTemplate":"http:\/\/conexion23.com\/?s={search_term_string}"},"query-input":{"@type":"PropertyValueSpecification","valueRequired":true,"valueName":"search_term_string"}}],"inLanguage":"es"},{"@type":"Organization","@id":"http:\/\/conexion23.com\/#organization","name":"Conexion 23","url":"http:\/\/conexion23.com\/","logo":{"@type":"ImageObject","inLanguage":"es","@id":"http:\/\/conexion23.com\/#\/schema\/logo\/image\/","url":"https:\/\/conexion23.com\/wp-content\/uploads\/2021\/11\/Diseno-sin-titulo-2.png","contentUrl":"https:\/\/conexion23.com\/wp-content\/uploads\/2021\/11\/Diseno-sin-titulo-2.png","width":541,"height":90,"caption":"Conexion 23"},"image":{"@id":"http:\/\/conexion23.com\/#\/schema\/logo\/image\/"},"sameAs":["https:\/\/www.facebook.com\/conexion23com","https:\/\/www.instagram.com\/conexion23com\/","https:\/\/www.youtube.com\/channel\/UCYc7vxxFZMYLIHNsHHxPZ3Q"]},{"@type":"Person","@id":"http:\/\/conexion23.com\/#\/schema\/person\/03e36043331117e97a373299bbcd30a6","name":"Raffy Ben\u00edtez","image":{"@type":"ImageObject","inLanguage":"es","@id":"https:\/\/secure.gravatar.com\/avatar\/3190a6a6c5e1b0327500f7d6c56b6242472ee6cb974cf09b401ee6b3b0798f23?s=96&d=mm&r=g","url":"https:\/\/secure.gravatar.com\/avatar\/3190a6a6c5e1b0327500f7d6c56b6242472ee6cb974cf09b401ee6b3b0798f23?s=96&d=mm&r=g","contentUrl":"https:\/\/secure.gravatar.com\/avatar\/3190a6a6c5e1b0327500f7d6c56b6242472ee6cb974cf09b401ee6b3b0798f23?s=96&d=mm&r=g","caption":"Raffy Ben\u00edtez"},"url":"https:\/\/conexion23.com\/?author=15"}]}},"_links":{"self":[{"href":"https:\/\/conexion23.com\/index.php?rest_route=\/wp\/v2\/posts\/13167","targetHints":{"allow":["GET"]}}],"collection":[{"href":"https:\/\/conexion23.com\/index.php?rest_route=\/wp\/v2\/posts"}],"about":[{"href":"https:\/\/conexion23.com\/index.php?rest_route=\/wp\/v2\/types\/post"}],"author":[{"embeddable":true,"href":"https:\/\/conexion23.com\/index.php?rest_route=\/wp\/v2\/users\/15"}],"replies":[{"embeddable":true,"href":"https:\/\/conexion23.com\/index.php?rest_route=%2Fwp%2Fv2%2Fcomments&post=13167"}],"version-history":[{"count":1,"href":"https:\/\/conexion23.com\/index.php?rest_route=\/wp\/v2\/posts\/13167\/revisions"}],"predecessor-version":[{"id":13171,"href":"https:\/\/conexion23.com\/index.php?rest_route=\/wp\/v2\/posts\/13167\/revisions\/13171"}],"wp:attachment":[{"href":"https:\/\/conexion23.com\/index.php?rest_route=%2Fwp%2Fv2%2Fmedia&parent=13167"}],"wp:term":[{"taxonomy":"category","embeddable":true,"href":"https:\/\/conexion23.com\/index.php?rest_route=%2Fwp%2Fv2%2Fcategories&post=13167"},{"taxonomy":"post_tag","embeddable":true,"href":"https:\/\/conexion23.com\/index.php?rest_route=%2Fwp%2Fv2%2Ftags&post=13167"}],"curies":[{"name":"wp","href":"https:\/\/api.w.org\/{rel}","templated":true}]}}