{"id":13550,"date":"2022-11-14T06:02:56","date_gmt":"2022-11-14T10:02:56","guid":{"rendered":"https:\/\/conexion23.com\/?p=13550"},"modified":"2022-11-14T06:03:00","modified_gmt":"2022-11-14T10:03:00","slug":"miles-de-mexicanos-marchan-contra-reforma-electoral-y-amlo","status":"publish","type":"post","link":"https:\/\/conexion23.com\/?p=13550","title":{"rendered":"Miles de mexicanos marchan contra reforma electoral y AMLO"},"content":{"rendered":"\n<p class=\"wp-block-paragraph\">Al grito de \u201cM\u00e9xico, despierta\u201d, y entre pancartas en los que se le\u00eda \u201cni una m\u00e1s, ya basta\u201d, miles de manifestantes salieron el domingo a marchar por las calles de la capital mexicana contra una iniciativa de&nbsp;<strong>reforma electoral<\/strong>&nbsp;que se convirti\u00f3 en la mayor protesta contra el presidente Andr\u00e9s Manuel L\u00f3pez Obrador en sus casi cuatro a\u00f1os de mandato.<\/p>\n\n\n\n<p class=\"wp-block-paragraph\">\u201cYa estoy harta de Andr\u00e9s Manuel, de tantas mentiras, de tanta inseguridad\u201d, afirm\u00f3 Alejandra Gal\u00e1n, una administradora de 45 a\u00f1os que llevaba una bandera de M\u00e9xico en la mano izquierda mientras caminaba por una calle atestada de manifestantes pr\u00f3xima al monumento del \u00c1ngel de la Independencia, desde donde inici\u00f3 la&nbsp;<strong>marcha<\/strong>.<\/p>\n\n\n\n<p class=\"wp-block-paragraph\">\u201cNos quiere quitar al INE (Instituto Nacional Electoral) para que esto al rato sea como Venezuela, como Cuba, pero no lo vamos a dejar\u201d, indic\u00f3 Gal\u00e1n, quien portaba un cubrebocas con la leyenda \u201cel INE no se toca\u201d.<\/p>\n\n\n\n<p class=\"wp-block-paragraph\">Las dos hijas adolescentes de Liz Cant\u00fa, un ama de casa de 40 a\u00f1os, llevaban carteles en los que se le\u00eda \u201c<strong>AMLO<\/strong>, traidor de la democracia\u201d.<\/p>\n\n\n\n<p class=\"wp-block-paragraph\">\u201cQueremos defender la democracia. Queremos que nuestros votos valgan y queremos un \u00e1rbitro imparcial\u201d, dijo Cant\u00fa, tras reconocer que estaba muy contenta con la participaci\u00f3n masiva en la&nbsp;<strong>marcha<\/strong>&nbsp;\u201cporque la gente est\u00e1 despertando\u201d.<\/p>\n\n\n\n<p class=\"wp-block-paragraph\">En una calle lateral estaba Enrique Galv\u00e1n, un vigilante privado de 53 a\u00f1os que se mostr\u00f3 favor de la&nbsp;<strong>reforma electoral<\/strong>&nbsp;porque \u00abes una manera de hacer justicia para los que ganan mucho\u00bb. Galv\u00e1n cuestion\u00f3 los salarios de los consejeros del INE y dijo que \u201clo que gano al mes para ellos es un caf\u00e9\u00bb.<\/p>\n\n\n\n<p class=\"wp-block-paragraph\">Rechaz\u00f3 las afirmaciones de algunos de los participantes en la&nbsp;<strong>marcha<\/strong>, quienes se\u00f1alaron al mandatario de querer imponer un r\u00e9gimen autoritario, y expres\u00f3 que \u201cahora vemos la repartici\u00f3n de riqueza&#8230; Libertad y democracia. \u00bfQu\u00e9 m\u00e1s quieren? No hay represi\u00f3n, no hay polic\u00edas que los est\u00e9n madreando (golpeando) como antes\u201d.<\/p>\n\n\n\n<p class=\"wp-block-paragraph\">\u201cAntes march\u00e1bamos por un gobierno justo para ellos, ahora es al rev\u00e9s. Ahora que sientan venirse a quemar con el sol y todo eso. Est\u00e1n en su derecho\u201d, sostuvo.<\/p>\n\n\n\n<p class=\"wp-block-paragraph\">Mart\u00ed Batres, secretario de Gobierno de la Ciudad de M\u00e9xico, dijo en su cuenta de Twitter que la movilizaci\u00f3n se desarroll\u00f3 sin incidentes y que asistieron entre 10,000 y 12,000 personas. Por su parte, el exdiputado opositor Fernando Belaunzar\u00e1n, uno de los promotores de la protesta, indic\u00f3 que m\u00e1s de 200,000 personas acudieron a la&nbsp;<strong>marcha<\/strong>.<\/p>\n\n\n\n<p class=\"wp-block-paragraph\">Con el fin de alentar un movimiento contra la&nbsp;<strong>reforma electoral<\/strong>, m\u00e1s de medio centenar de organizaciones civiles y partidos opositores convocaron a la llamada \u201c<strong>Marcha<\/strong>&nbsp;por la democracia\u201d en el Paseo de la Reforma, la avenida m\u00e1s importante y emblem\u00e1tica de la capital mexicana, que tuvo entre sus asistentes al expresidente Vicente Fox.<\/p>\n\n\n\n<p class=\"wp-block-paragraph\">La movilizaci\u00f3n culmin\u00f3 en el Monumento a la Revoluci\u00f3n, en el centro de la capital. Ah\u00ed, Jos\u00e9 Woldenberg, quien fuera titular del Instituto Federal Electoral \u2014 que fue reemplazado por el INE tras una reforma en el 2014 \u2014 llam\u00f3 a los mexicanos a no permitir \u201cla pretensi\u00f3n de alinear a los \u00f3rganos electorales a la voluntad del gobierno\u201d.<\/p>\n\n\n\n<p class=\"wp-block-paragraph\">Mientras decenas de miles marchaban en la capital, L\u00f3pez Obrador celebraba su cumplea\u00f1os en su casa del estado sure\u00f1o de Chiapas. En un video que difundi\u00f3 en su cuenta de Twitter, dijo \u2014mientras tocaba un cedro\u2014 que \u201ctiene como mi edad, 69 a\u00f1os, y est\u00e1 fuerte\u201d.<\/p>\n\n\n\n<p class=\"wp-block-paragraph\">El gobernante asegura que su iniciativa de reforma busca transformar y depurar el sistema electoral mexicano, mientras que cr\u00edticos y analistas sostienen que la propuesta podr\u00eda asegurarle al oficialismo el control del organismo electoral de cara a las elecciones presidenciales del 2024.<\/p>\n\n\n\n<p class=\"wp-block-paragraph\">Bajo la consigna de \u201cel INE no se toca\u201d, los manifestantes levantaron sus voces contra el proyecto de reforma constitucional que ser\u00e1 discutido en las pr\u00f3ximas semanas en el Congreso de mayor\u00eda oficialista, que contempla la desaparici\u00f3n de las dependencias electorales estatales, la reducci\u00f3n del financiamiento a los partidos, y la elecci\u00f3n de los integrantes del organismo electoral por sufragio ciudadano y no por la C\u00e1mara de Diputados, como es actualmente.<\/p>\n\n\n\n<p class=\"wp-block-paragraph\">La iniciativa tambi\u00e9n plantea la desaparici\u00f3n de los legisladores plurinominales que son electos por representaci\u00f3n proporcional mediante listas regionales, lo que implicar\u00eda la eliminaci\u00f3n de 200 diputados y 32 senadores y reducir\u00eda la c\u00e1mara baja a 300 miembros y el Senado a 96.<\/p>\n\n\n\n<p class=\"wp-block-paragraph\">El oficialismo no cuenta con los votos suficientes para aprobar la reforma constitucional y necesitar\u00eda del apoyo de la oposici\u00f3n para sacarla adelante. Hasta el momento no est\u00e1 clara cu\u00e1l ser\u00e1 la postura del Partido Revolucionario Institucional (PRI), que en septiembre se distanci\u00f3 de sus aliados opositores para apoyar una reforma sobre el uso de fuerzas armadas en la seguridad p\u00fablica impulsada por el mandatario.<\/p>\n\n\n\n<p class=\"wp-block-paragraph\">L\u00f3pez Obrador sostiene que su iniciativa de&nbsp;<strong>reforma electoral<\/strong>&nbsp;busca transformar el INE, reducir su presupuesto, y evitar los \u201cfraudes electorales\u201d que asegura se han cometido en el pasado, aunque la actual directiva del organismo es la que ha avalado los procesos electorales de los \u00faltimos a\u00f1os en los que el partido del mandatario ha resultado vencedor.<\/p>\n\n\n\n<p class=\"wp-block-paragraph\">Aunque algunos analistas estiman que el actual sistema electoral mexicano es costoso y requiere modernizarse, muchos temen que el recorte de gastos y la eliminaci\u00f3n de las dependencias estatales para concentrar la estructura en un organismo federal podr\u00eda implicar una p\u00e9rdida de eficiencia.<\/p>\n\n\n\n<p class=\"wp-block-paragraph\">Otro de los puntos que ha generado un fuerte debate es el cambio del mecanismo de elecci\u00f3n de los magistrados del Tribunal Electoral y la directiva del INE, que tambi\u00e9n se plantea reducir de 11 a siete consejeros.<\/p>\n\n\n\n<p class=\"wp-block-paragraph\">Se teme que la propuesta de elecci\u00f3n de consejeros por voto popular le reste autonom\u00eda a los nuevos integrantes del INE, ya que muchos de los postulados ser\u00edan promovidos por los partidos.<\/p>\n\n\n\n<p class=\"wp-block-paragraph\">Al respecto, Patricio Morelos, acad\u00e9mico del Tecnol\u00f3gico de Monterrey, dijo a The Associated Press que en el contexto actual en el que L\u00f3pez Obrador tiene un alto respaldo popular y en el que su partido Movimiento Regeneraci\u00f3n Nacional (Morena) gobierna en la mayor\u00eda de los 32 estados del pa\u00eds, el oficialismo tendr\u00eda m\u00e1s posibilidad de influir en la opini\u00f3n de los votantes y movilizar su maquinaria para lograr que sus candidatos sean consejeros y asegurarle al gobierno el control del INE.<\/p>\n","protected":false},"excerpt":{"rendered":"<p>Al grito de \u201cM\u00e9xico, despierta\u201d, y entre pancartas en los que se le\u00eda \u201cni una m\u00e1s, ya basta\u201d, miles de manifestantes salieron el domingo a marchar por las calles de la capital mexicana contra una iniciativa de&nbsp;reforma electoral&nbsp;que se convirti\u00f3 en la mayor protesta contra el presidente Andr\u00e9s Manuel L\u00f3pez Obrador en sus casi cuatro [&hellip;]<\/p>\n","protected":false},"author":15,"featured_media":0,"comment_status":"open","ping_status":"open","sticky":false,"template":"","format":"standard","meta":{"footnotes":""},"categories":[1],"tags":[],"class_list":["post-13550","post","type-post","status-publish","format-standard","category-uncategorized"],"yoast_head":"<!-- This site is optimized with the Yoast SEO plugin v27.6 - https:\/\/yoast.com\/product\/yoast-seo-wordpress\/ -->\n<title>Miles de mexicanos marchan contra reforma electoral y AMLO - Conexi\u00f3n 23<\/title>\n<meta name=\"robots\" content=\"index, follow, max-snippet:-1, max-image-preview:large, max-video-preview:-1\" \/>\n<link rel=\"canonical\" href=\"https:\/\/conexion23.com\/?p=13550\" \/>\n<meta property=\"og:locale\" content=\"es_ES\" \/>\n<meta property=\"og:type\" content=\"article\" \/>\n<meta property=\"og:title\" content=\"Miles de mexicanos marchan contra reforma electoral y AMLO - Conexi\u00f3n 23\" \/>\n<meta property=\"og:description\" content=\"Al grito de \u201cM\u00e9xico, despierta\u201d, y entre pancartas en los que se le\u00eda \u201cni una m\u00e1s, ya basta\u201d, miles de manifestantes salieron el domingo a marchar por las calles de la capital mexicana contra una iniciativa de&nbsp;reforma electoral&nbsp;que se convirti\u00f3 en la mayor protesta contra el presidente Andr\u00e9s Manuel L\u00f3pez Obrador en sus casi cuatro [&hellip;]\" \/>\n<meta property=\"og:url\" content=\"https:\/\/conexion23.com\/?p=13550\" \/>\n<meta property=\"og:site_name\" content=\"Conexi\u00f3n 23\" \/>\n<meta property=\"article:publisher\" content=\"https:\/\/www.facebook.com\/conexion23com\" \/>\n<meta property=\"article:published_time\" content=\"2022-11-14T10:02:56+00:00\" \/>\n<meta property=\"article:modified_time\" content=\"2022-11-14T10:03:00+00:00\" \/>\n<meta name=\"author\" content=\"Raffy Ben\u00edtez\" \/>\n<meta name=\"twitter:card\" content=\"summary_large_image\" \/>\n<meta name=\"twitter:label1\" content=\"Escrito por\" \/>\n\t<meta name=\"twitter:data1\" content=\"Raffy Ben\u00edtez\" \/>\n\t<meta name=\"twitter:label2\" content=\"Tiempo de lectura\" \/>\n\t<meta name=\"twitter:data2\" content=\"5 minutos\" \/>\n<script type=\"application\/ld+json\" class=\"yoast-schema-graph\">{\"@context\":\"https:\\\/\\\/schema.org\",\"@graph\":[{\"@type\":\"Article\",\"@id\":\"https:\\\/\\\/conexion23.com\\\/?p=13550#article\",\"isPartOf\":{\"@id\":\"https:\\\/\\\/conexion23.com\\\/?p=13550\"},\"author\":{\"name\":\"Raffy Ben\u00edtez\",\"@id\":\"https:\\\/\\\/conexion23.com\\\/#\\\/schema\\\/person\\\/5d6d767819503a4603e9fd070ecf3ac6\"},\"headline\":\"Miles de mexicanos marchan contra reforma electoral y AMLO\",\"datePublished\":\"2022-11-14T10:02:56+00:00\",\"dateModified\":\"2022-11-14T10:03:00+00:00\",\"mainEntityOfPage\":{\"@id\":\"https:\\\/\\\/conexion23.com\\\/?p=13550\"},\"wordCount\":1114,\"commentCount\":0,\"publisher\":{\"@id\":\"https:\\\/\\\/conexion23.com\\\/#organization\"},\"articleSection\":[\"Uncategorized\"],\"inLanguage\":\"es\",\"potentialAction\":[{\"@type\":\"CommentAction\",\"name\":\"Comment\",\"target\":[\"https:\\\/\\\/conexion23.com\\\/?p=13550#respond\"]}]},{\"@type\":\"WebPage\",\"@id\":\"https:\\\/\\\/conexion23.com\\\/?p=13550\",\"url\":\"https:\\\/\\\/conexion23.com\\\/?p=13550\",\"name\":\"Miles de mexicanos marchan contra reforma electoral y AMLO - Conexi\u00f3n 23\",\"isPartOf\":{\"@id\":\"https:\\\/\\\/conexion23.com\\\/#website\"},\"datePublished\":\"2022-11-14T10:02:56+00:00\",\"dateModified\":\"2022-11-14T10:03:00+00:00\",\"breadcrumb\":{\"@id\":\"https:\\\/\\\/conexion23.com\\\/?p=13550#breadcrumb\"},\"inLanguage\":\"es\",\"potentialAction\":[{\"@type\":\"ReadAction\",\"target\":[\"https:\\\/\\\/conexion23.com\\\/?p=13550\"]}]},{\"@type\":\"BreadcrumbList\",\"@id\":\"https:\\\/\\\/conexion23.com\\\/?p=13550#breadcrumb\",\"itemListElement\":[{\"@type\":\"ListItem\",\"position\":1,\"name\":\"Portada\",\"item\":\"https:\\\/\\\/conexion23.com\\\/\"},{\"@type\":\"ListItem\",\"position\":2,\"name\":\"Miles de mexicanos marchan contra reforma electoral y AMLO\"}]},{\"@type\":\"WebSite\",\"@id\":\"https:\\\/\\\/conexion23.com\\\/#website\",\"url\":\"https:\\\/\\\/conexion23.com\\\/\",\"name\":\"Conexi\u00f3n 23\",\"description\":\"Peri\u00f3dico 100% Petromacorisano\",\"publisher\":{\"@id\":\"https:\\\/\\\/conexion23.com\\\/#organization\"},\"potentialAction\":[{\"@type\":\"SearchAction\",\"target\":{\"@type\":\"EntryPoint\",\"urlTemplate\":\"https:\\\/\\\/conexion23.com\\\/?s={search_term_string}\"},\"query-input\":{\"@type\":\"PropertyValueSpecification\",\"valueRequired\":true,\"valueName\":\"search_term_string\"}}],\"inLanguage\":\"es\"},{\"@type\":\"Organization\",\"@id\":\"https:\\\/\\\/conexion23.com\\\/#organization\",\"name\":\"Conexion 23\",\"url\":\"https:\\\/\\\/conexion23.com\\\/\",\"logo\":{\"@type\":\"ImageObject\",\"inLanguage\":\"es\",\"@id\":\"https:\\\/\\\/conexion23.com\\\/#\\\/schema\\\/logo\\\/image\\\/\",\"url\":\"https:\\\/\\\/conexion23.com\\\/wp-content\\\/uploads\\\/2021\\\/11\\\/Diseno-sin-titulo-2.png\",\"contentUrl\":\"https:\\\/\\\/conexion23.com\\\/wp-content\\\/uploads\\\/2021\\\/11\\\/Diseno-sin-titulo-2.png\",\"width\":541,\"height\":90,\"caption\":\"Conexion 23\"},\"image\":{\"@id\":\"https:\\\/\\\/conexion23.com\\\/#\\\/schema\\\/logo\\\/image\\\/\"},\"sameAs\":[\"https:\\\/\\\/www.facebook.com\\\/conexion23com\",\"https:\\\/\\\/www.instagram.com\\\/conexion23com\\\/\",\"https:\\\/\\\/www.youtube.com\\\/channel\\\/UCYc7vxxFZMYLIHNsHHxPZ3Q\"]},{\"@type\":\"Person\",\"@id\":\"https:\\\/\\\/conexion23.com\\\/#\\\/schema\\\/person\\\/5d6d767819503a4603e9fd070ecf3ac6\",\"name\":\"Raffy Ben\u00edtez\",\"image\":{\"@type\":\"ImageObject\",\"inLanguage\":\"es\",\"@id\":\"https:\\\/\\\/secure.gravatar.com\\\/avatar\\\/3190a6a6c5e1b0327500f7d6c56b6242472ee6cb974cf09b401ee6b3b0798f23?s=96&d=mm&r=g\",\"url\":\"https:\\\/\\\/secure.gravatar.com\\\/avatar\\\/3190a6a6c5e1b0327500f7d6c56b6242472ee6cb974cf09b401ee6b3b0798f23?s=96&d=mm&r=g\",\"contentUrl\":\"https:\\\/\\\/secure.gravatar.com\\\/avatar\\\/3190a6a6c5e1b0327500f7d6c56b6242472ee6cb974cf09b401ee6b3b0798f23?s=96&d=mm&r=g\",\"caption\":\"Raffy Ben\u00edtez\"},\"url\":\"https:\\\/\\\/conexion23.com\\\/?author=15\"}]}<\/script>\n<!-- \/ Yoast SEO plugin. -->","yoast_head_json":{"title":"Miles de mexicanos marchan contra reforma electoral y AMLO - Conexi\u00f3n 23","robots":{"index":"index","follow":"follow","max-snippet":"max-snippet:-1","max-image-preview":"max-image-preview:large","max-video-preview":"max-video-preview:-1"},"canonical":"https:\/\/conexion23.com\/?p=13550","og_locale":"es_ES","og_type":"article","og_title":"Miles de mexicanos marchan contra reforma electoral y AMLO - Conexi\u00f3n 23","og_description":"Al grito de \u201cM\u00e9xico, despierta\u201d, y entre pancartas en los que se le\u00eda \u201cni una m\u00e1s, ya basta\u201d, miles de manifestantes salieron el domingo a marchar por las calles de la capital mexicana contra una iniciativa de&nbsp;reforma electoral&nbsp;que se convirti\u00f3 en la mayor protesta contra el presidente Andr\u00e9s Manuel L\u00f3pez Obrador en sus casi cuatro [&hellip;]","og_url":"https:\/\/conexion23.com\/?p=13550","og_site_name":"Conexi\u00f3n 23","article_publisher":"https:\/\/www.facebook.com\/conexion23com","article_published_time":"2022-11-14T10:02:56+00:00","article_modified_time":"2022-11-14T10:03:00+00:00","author":"Raffy Ben\u00edtez","twitter_card":"summary_large_image","twitter_misc":{"Escrito por":"Raffy Ben\u00edtez","Tiempo de lectura":"5 minutos"},"schema":{"@context":"https:\/\/schema.org","@graph":[{"@type":"Article","@id":"https:\/\/conexion23.com\/?p=13550#article","isPartOf":{"@id":"https:\/\/conexion23.com\/?p=13550"},"author":{"name":"Raffy Ben\u00edtez","@id":"https:\/\/conexion23.com\/#\/schema\/person\/5d6d767819503a4603e9fd070ecf3ac6"},"headline":"Miles de mexicanos marchan contra reforma electoral y AMLO","datePublished":"2022-11-14T10:02:56+00:00","dateModified":"2022-11-14T10:03:00+00:00","mainEntityOfPage":{"@id":"https:\/\/conexion23.com\/?p=13550"},"wordCount":1114,"commentCount":0,"publisher":{"@id":"https:\/\/conexion23.com\/#organization"},"articleSection":["Uncategorized"],"inLanguage":"es","potentialAction":[{"@type":"CommentAction","name":"Comment","target":["https:\/\/conexion23.com\/?p=13550#respond"]}]},{"@type":"WebPage","@id":"https:\/\/conexion23.com\/?p=13550","url":"https:\/\/conexion23.com\/?p=13550","name":"Miles de mexicanos marchan contra reforma electoral y AMLO - Conexi\u00f3n 23","isPartOf":{"@id":"https:\/\/conexion23.com\/#website"},"datePublished":"2022-11-14T10:02:56+00:00","dateModified":"2022-11-14T10:03:00+00:00","breadcrumb":{"@id":"https:\/\/conexion23.com\/?p=13550#breadcrumb"},"inLanguage":"es","potentialAction":[{"@type":"ReadAction","target":["https:\/\/conexion23.com\/?p=13550"]}]},{"@type":"BreadcrumbList","@id":"https:\/\/conexion23.com\/?p=13550#breadcrumb","itemListElement":[{"@type":"ListItem","position":1,"name":"Portada","item":"https:\/\/conexion23.com\/"},{"@type":"ListItem","position":2,"name":"Miles de mexicanos marchan contra reforma electoral y AMLO"}]},{"@type":"WebSite","@id":"https:\/\/conexion23.com\/#website","url":"https:\/\/conexion23.com\/","name":"Conexi\u00f3n 23","description":"Peri\u00f3dico 100% Petromacorisano","publisher":{"@id":"https:\/\/conexion23.com\/#organization"},"potentialAction":[{"@type":"SearchAction","target":{"@type":"EntryPoint","urlTemplate":"https:\/\/conexion23.com\/?s={search_term_string}"},"query-input":{"@type":"PropertyValueSpecification","valueRequired":true,"valueName":"search_term_string"}}],"inLanguage":"es"},{"@type":"Organization","@id":"https:\/\/conexion23.com\/#organization","name":"Conexion 23","url":"https:\/\/conexion23.com\/","logo":{"@type":"ImageObject","inLanguage":"es","@id":"https:\/\/conexion23.com\/#\/schema\/logo\/image\/","url":"https:\/\/conexion23.com\/wp-content\/uploads\/2021\/11\/Diseno-sin-titulo-2.png","contentUrl":"https:\/\/conexion23.com\/wp-content\/uploads\/2021\/11\/Diseno-sin-titulo-2.png","width":541,"height":90,"caption":"Conexion 23"},"image":{"@id":"https:\/\/conexion23.com\/#\/schema\/logo\/image\/"},"sameAs":["https:\/\/www.facebook.com\/conexion23com","https:\/\/www.instagram.com\/conexion23com\/","https:\/\/www.youtube.com\/channel\/UCYc7vxxFZMYLIHNsHHxPZ3Q"]},{"@type":"Person","@id":"https:\/\/conexion23.com\/#\/schema\/person\/5d6d767819503a4603e9fd070ecf3ac6","name":"Raffy Ben\u00edtez","image":{"@type":"ImageObject","inLanguage":"es","@id":"https:\/\/secure.gravatar.com\/avatar\/3190a6a6c5e1b0327500f7d6c56b6242472ee6cb974cf09b401ee6b3b0798f23?s=96&d=mm&r=g","url":"https:\/\/secure.gravatar.com\/avatar\/3190a6a6c5e1b0327500f7d6c56b6242472ee6cb974cf09b401ee6b3b0798f23?s=96&d=mm&r=g","contentUrl":"https:\/\/secure.gravatar.com\/avatar\/3190a6a6c5e1b0327500f7d6c56b6242472ee6cb974cf09b401ee6b3b0798f23?s=96&d=mm&r=g","caption":"Raffy Ben\u00edtez"},"url":"https:\/\/conexion23.com\/?author=15"}]}},"_links":{"self":[{"href":"https:\/\/conexion23.com\/index.php?rest_route=\/wp\/v2\/posts\/13550","targetHints":{"allow":["GET"]}}],"collection":[{"href":"https:\/\/conexion23.com\/index.php?rest_route=\/wp\/v2\/posts"}],"about":[{"href":"https:\/\/conexion23.com\/index.php?rest_route=\/wp\/v2\/types\/post"}],"author":[{"embeddable":true,"href":"https:\/\/conexion23.com\/index.php?rest_route=\/wp\/v2\/users\/15"}],"replies":[{"embeddable":true,"href":"https:\/\/conexion23.com\/index.php?rest_route=%2Fwp%2Fv2%2Fcomments&post=13550"}],"version-history":[{"count":1,"href":"https:\/\/conexion23.com\/index.php?rest_route=\/wp\/v2\/posts\/13550\/revisions"}],"predecessor-version":[{"id":13552,"href":"https:\/\/conexion23.com\/index.php?rest_route=\/wp\/v2\/posts\/13550\/revisions\/13552"}],"wp:attachment":[{"href":"https:\/\/conexion23.com\/index.php?rest_route=%2Fwp%2Fv2%2Fmedia&parent=13550"}],"wp:term":[{"taxonomy":"category","embeddable":true,"href":"https:\/\/conexion23.com\/index.php?rest_route=%2Fwp%2Fv2%2Fcategories&post=13550"},{"taxonomy":"post_tag","embeddable":true,"href":"https:\/\/conexion23.com\/index.php?rest_route=%2Fwp%2Fv2%2Ftags&post=13550"}],"curies":[{"name":"wp","href":"https:\/\/api.w.org\/{rel}","templated":true}]}}