{"id":13560,"date":"2022-11-14T06:47:15","date_gmt":"2022-11-14T10:47:15","guid":{"rendered":"https:\/\/conexion23.com\/?p=13560"},"modified":"2022-11-14T06:47:20","modified_gmt":"2022-11-14T10:47:20","slug":"una-persona-detenida-como-sospechosa-del-atentado-en-estambul","status":"publish","type":"post","link":"https:\/\/conexion23.com\/?p=13560","title":{"rendered":"Una persona detenida como sospechosa del atentado en Estambul"},"content":{"rendered":"\n<p class=\"wp-block-paragraph\">Una persona fue detenida como sospechosa de colocar la bomba que estall\u00f3 el domingo en una c\u00e9ntrica calle de&nbsp;<strong>Estambul<\/strong>&nbsp;y que caus\u00f3 al menos seis muertos y 81 heridos, inform\u00f3 hoy el ministro del Interior, Suleyman Soylu.<\/p>\n\n\n\n<p class=\"wp-block-paragraph\">Los datos preliminares sugieren que el grupo terrorista Partido de los Trabajadores del Kurdist\u00e1n\/Unidades de Protecci\u00f3n Popular (PKK\/YPG) est\u00e1 detr\u00e1s del&nbsp;<strong>atentado<\/strong>&nbsp;en la concurrida avenida peatonal de Istiklal, dijo el ministro en una sesi\u00f3n informativa la madrugada de este lunes, seg\u00fan la televisi\u00f3n p\u00fablica TRT.<\/p>\n\n\n\n<p class=\"wp-block-paragraph\">El PKK pretende desde 1984 la creaci\u00f3n de un Estado kurdo independiente.<\/p>\n\n\n\n<p class=\"wp-block-paragraph\">Horas antes, el vicepresidente turco, Fuat Oktay, dijo en rueda de prensa el domingo que las autoridades evaluaban \u00abque fue un ataque terrorista cometido por una mujer que hizo detonar una bomba\u00bb.<\/p>\n\n\n\n<p class=\"wp-block-paragraph\">El ministro de Justicia, Bekir Bozdag, avanz\u00f3 con anterioridad, en declaraciones en el canal A Haber, una hip\u00f3tesis seg\u00fan la que una mujer hab\u00eda colocado una bolsa con un explosivo en medio de la peatonal antes de alejarse.<\/p>\n\n\n\n<p class=\"wp-block-paragraph\">\u00abHubo una mujer que estaba sentada en un banco un rato largo, m\u00e1s de 40 minutos, luego se levanta y 1-2 minutos despu\u00e9s ocurre la explosi\u00f3n\u00bb, dijo el ministro, matizando que a\u00fan se desconoc\u00eda la identidad de la mujer.<\/p>\n","protected":false},"excerpt":{"rendered":"<p>Una persona fue detenida como sospechosa de colocar la bomba que estall\u00f3 el domingo en una c\u00e9ntrica calle de&nbsp;Estambul&nbsp;y que caus\u00f3 al menos seis muertos y 81 heridos, inform\u00f3 hoy el ministro del Interior, Suleyman Soylu. Los datos preliminares sugieren que el grupo terrorista Partido de los Trabajadores del Kurdist\u00e1n\/Unidades de Protecci\u00f3n Popular (PKK\/YPG) est\u00e1 [&hellip;]<\/p>\n","protected":false},"author":15,"featured_media":0,"comment_status":"open","ping_status":"open","sticky":false,"template":"","format":"standard","meta":{"footnotes":""},"categories":[1],"tags":[],"class_list":["post-13560","post","type-post","status-publish","format-standard","category-uncategorized"],"yoast_head":"<!-- This site is optimized with the Yoast SEO plugin v27.6 - https:\/\/yoast.com\/product\/yoast-seo-wordpress\/ -->\n<title>Una persona detenida como sospechosa del atentado en Estambul - Conexi\u00f3n 23<\/title>\n<meta name=\"robots\" content=\"index, follow, max-snippet:-1, max-image-preview:large, max-video-preview:-1\" \/>\n<link rel=\"canonical\" href=\"https:\/\/conexion23.com\/?p=13560\" \/>\n<meta property=\"og:locale\" content=\"es_ES\" \/>\n<meta property=\"og:type\" content=\"article\" \/>\n<meta property=\"og:title\" content=\"Una persona detenida como sospechosa del atentado en Estambul - Conexi\u00f3n 23\" \/>\n<meta property=\"og:description\" content=\"Una persona fue detenida como sospechosa de colocar la bomba que estall\u00f3 el domingo en una c\u00e9ntrica calle de&nbsp;Estambul&nbsp;y que caus\u00f3 al menos seis muertos y 81 heridos, inform\u00f3 hoy el ministro del Interior, Suleyman Soylu. Los datos preliminares sugieren que el grupo terrorista Partido de los Trabajadores del Kurdist\u00e1n\/Unidades de Protecci\u00f3n Popular (PKK\/YPG) est\u00e1 [&hellip;]\" \/>\n<meta property=\"og:url\" content=\"https:\/\/conexion23.com\/?p=13560\" \/>\n<meta property=\"og:site_name\" content=\"Conexi\u00f3n 23\" \/>\n<meta property=\"article:publisher\" content=\"https:\/\/www.facebook.com\/conexion23com\" \/>\n<meta property=\"article:published_time\" content=\"2022-11-14T10:47:15+00:00\" \/>\n<meta property=\"article:modified_time\" content=\"2022-11-14T10:47:20+00:00\" \/>\n<meta name=\"author\" content=\"Raffy Ben\u00edtez\" \/>\n<meta name=\"twitter:card\" content=\"summary_large_image\" \/>\n<meta name=\"twitter:label1\" content=\"Escrito por\" \/>\n\t<meta name=\"twitter:data1\" content=\"Raffy Ben\u00edtez\" \/>\n\t<meta name=\"twitter:label2\" content=\"Tiempo de lectura\" \/>\n\t<meta name=\"twitter:data2\" content=\"1 minuto\" \/>\n<script type=\"application\/ld+json\" class=\"yoast-schema-graph\">{\"@context\":\"https:\\\/\\\/schema.org\",\"@graph\":[{\"@type\":\"Article\",\"@id\":\"https:\\\/\\\/conexion23.com\\\/?p=13560#article\",\"isPartOf\":{\"@id\":\"https:\\\/\\\/conexion23.com\\\/?p=13560\"},\"author\":{\"name\":\"Raffy Ben\u00edtez\",\"@id\":\"https:\\\/\\\/conexion23.com\\\/#\\\/schema\\\/person\\\/5d6d767819503a4603e9fd070ecf3ac6\"},\"headline\":\"Una persona detenida como sospechosa del atentado en Estambul\",\"datePublished\":\"2022-11-14T10:47:15+00:00\",\"dateModified\":\"2022-11-14T10:47:20+00:00\",\"mainEntityOfPage\":{\"@id\":\"https:\\\/\\\/conexion23.com\\\/?p=13560\"},\"wordCount\":234,\"commentCount\":0,\"publisher\":{\"@id\":\"https:\\\/\\\/conexion23.com\\\/#organization\"},\"articleSection\":[\"Uncategorized\"],\"inLanguage\":\"es\",\"potentialAction\":[{\"@type\":\"CommentAction\",\"name\":\"Comment\",\"target\":[\"https:\\\/\\\/conexion23.com\\\/?p=13560#respond\"]}]},{\"@type\":\"WebPage\",\"@id\":\"https:\\\/\\\/conexion23.com\\\/?p=13560\",\"url\":\"https:\\\/\\\/conexion23.com\\\/?p=13560\",\"name\":\"Una persona detenida como sospechosa del atentado en Estambul - Conexi\u00f3n 23\",\"isPartOf\":{\"@id\":\"https:\\\/\\\/conexion23.com\\\/#website\"},\"datePublished\":\"2022-11-14T10:47:15+00:00\",\"dateModified\":\"2022-11-14T10:47:20+00:00\",\"breadcrumb\":{\"@id\":\"https:\\\/\\\/conexion23.com\\\/?p=13560#breadcrumb\"},\"inLanguage\":\"es\",\"potentialAction\":[{\"@type\":\"ReadAction\",\"target\":[\"https:\\\/\\\/conexion23.com\\\/?p=13560\"]}]},{\"@type\":\"BreadcrumbList\",\"@id\":\"https:\\\/\\\/conexion23.com\\\/?p=13560#breadcrumb\",\"itemListElement\":[{\"@type\":\"ListItem\",\"position\":1,\"name\":\"Portada\",\"item\":\"https:\\\/\\\/conexion23.com\\\/\"},{\"@type\":\"ListItem\",\"position\":2,\"name\":\"Una persona detenida como sospechosa del atentado en Estambul\"}]},{\"@type\":\"WebSite\",\"@id\":\"https:\\\/\\\/conexion23.com\\\/#website\",\"url\":\"https:\\\/\\\/conexion23.com\\\/\",\"name\":\"Conexi\u00f3n 23\",\"description\":\"Peri\u00f3dico 100% Petromacorisano\",\"publisher\":{\"@id\":\"https:\\\/\\\/conexion23.com\\\/#organization\"},\"potentialAction\":[{\"@type\":\"SearchAction\",\"target\":{\"@type\":\"EntryPoint\",\"urlTemplate\":\"https:\\\/\\\/conexion23.com\\\/?s={search_term_string}\"},\"query-input\":{\"@type\":\"PropertyValueSpecification\",\"valueRequired\":true,\"valueName\":\"search_term_string\"}}],\"inLanguage\":\"es\"},{\"@type\":\"Organization\",\"@id\":\"https:\\\/\\\/conexion23.com\\\/#organization\",\"name\":\"Conexion 23\",\"url\":\"https:\\\/\\\/conexion23.com\\\/\",\"logo\":{\"@type\":\"ImageObject\",\"inLanguage\":\"es\",\"@id\":\"https:\\\/\\\/conexion23.com\\\/#\\\/schema\\\/logo\\\/image\\\/\",\"url\":\"https:\\\/\\\/conexion23.com\\\/wp-content\\\/uploads\\\/2021\\\/11\\\/Diseno-sin-titulo-2.png\",\"contentUrl\":\"https:\\\/\\\/conexion23.com\\\/wp-content\\\/uploads\\\/2021\\\/11\\\/Diseno-sin-titulo-2.png\",\"width\":541,\"height\":90,\"caption\":\"Conexion 23\"},\"image\":{\"@id\":\"https:\\\/\\\/conexion23.com\\\/#\\\/schema\\\/logo\\\/image\\\/\"},\"sameAs\":[\"https:\\\/\\\/www.facebook.com\\\/conexion23com\",\"https:\\\/\\\/www.instagram.com\\\/conexion23com\\\/\",\"https:\\\/\\\/www.youtube.com\\\/channel\\\/UCYc7vxxFZMYLIHNsHHxPZ3Q\"]},{\"@type\":\"Person\",\"@id\":\"https:\\\/\\\/conexion23.com\\\/#\\\/schema\\\/person\\\/5d6d767819503a4603e9fd070ecf3ac6\",\"name\":\"Raffy Ben\u00edtez\",\"image\":{\"@type\":\"ImageObject\",\"inLanguage\":\"es\",\"@id\":\"https:\\\/\\\/secure.gravatar.com\\\/avatar\\\/3190a6a6c5e1b0327500f7d6c56b6242472ee6cb974cf09b401ee6b3b0798f23?s=96&d=mm&r=g\",\"url\":\"https:\\\/\\\/secure.gravatar.com\\\/avatar\\\/3190a6a6c5e1b0327500f7d6c56b6242472ee6cb974cf09b401ee6b3b0798f23?s=96&d=mm&r=g\",\"contentUrl\":\"https:\\\/\\\/secure.gravatar.com\\\/avatar\\\/3190a6a6c5e1b0327500f7d6c56b6242472ee6cb974cf09b401ee6b3b0798f23?s=96&d=mm&r=g\",\"caption\":\"Raffy Ben\u00edtez\"},\"url\":\"https:\\\/\\\/conexion23.com\\\/?author=15\"}]}<\/script>\n<!-- \/ Yoast SEO plugin. -->","yoast_head_json":{"title":"Una persona detenida como sospechosa del atentado en Estambul - Conexi\u00f3n 23","robots":{"index":"index","follow":"follow","max-snippet":"max-snippet:-1","max-image-preview":"max-image-preview:large","max-video-preview":"max-video-preview:-1"},"canonical":"https:\/\/conexion23.com\/?p=13560","og_locale":"es_ES","og_type":"article","og_title":"Una persona detenida como sospechosa del atentado en Estambul - Conexi\u00f3n 23","og_description":"Una persona fue detenida como sospechosa de colocar la bomba que estall\u00f3 el domingo en una c\u00e9ntrica calle de&nbsp;Estambul&nbsp;y que caus\u00f3 al menos seis muertos y 81 heridos, inform\u00f3 hoy el ministro del Interior, Suleyman Soylu. Los datos preliminares sugieren que el grupo terrorista Partido de los Trabajadores del Kurdist\u00e1n\/Unidades de Protecci\u00f3n Popular (PKK\/YPG) est\u00e1 [&hellip;]","og_url":"https:\/\/conexion23.com\/?p=13560","og_site_name":"Conexi\u00f3n 23","article_publisher":"https:\/\/www.facebook.com\/conexion23com","article_published_time":"2022-11-14T10:47:15+00:00","article_modified_time":"2022-11-14T10:47:20+00:00","author":"Raffy Ben\u00edtez","twitter_card":"summary_large_image","twitter_misc":{"Escrito por":"Raffy Ben\u00edtez","Tiempo de lectura":"1 minuto"},"schema":{"@context":"https:\/\/schema.org","@graph":[{"@type":"Article","@id":"https:\/\/conexion23.com\/?p=13560#article","isPartOf":{"@id":"https:\/\/conexion23.com\/?p=13560"},"author":{"name":"Raffy Ben\u00edtez","@id":"https:\/\/conexion23.com\/#\/schema\/person\/5d6d767819503a4603e9fd070ecf3ac6"},"headline":"Una persona detenida como sospechosa del atentado en Estambul","datePublished":"2022-11-14T10:47:15+00:00","dateModified":"2022-11-14T10:47:20+00:00","mainEntityOfPage":{"@id":"https:\/\/conexion23.com\/?p=13560"},"wordCount":234,"commentCount":0,"publisher":{"@id":"https:\/\/conexion23.com\/#organization"},"articleSection":["Uncategorized"],"inLanguage":"es","potentialAction":[{"@type":"CommentAction","name":"Comment","target":["https:\/\/conexion23.com\/?p=13560#respond"]}]},{"@type":"WebPage","@id":"https:\/\/conexion23.com\/?p=13560","url":"https:\/\/conexion23.com\/?p=13560","name":"Una persona detenida como sospechosa del atentado en Estambul - Conexi\u00f3n 23","isPartOf":{"@id":"https:\/\/conexion23.com\/#website"},"datePublished":"2022-11-14T10:47:15+00:00","dateModified":"2022-11-14T10:47:20+00:00","breadcrumb":{"@id":"https:\/\/conexion23.com\/?p=13560#breadcrumb"},"inLanguage":"es","potentialAction":[{"@type":"ReadAction","target":["https:\/\/conexion23.com\/?p=13560"]}]},{"@type":"BreadcrumbList","@id":"https:\/\/conexion23.com\/?p=13560#breadcrumb","itemListElement":[{"@type":"ListItem","position":1,"name":"Portada","item":"https:\/\/conexion23.com\/"},{"@type":"ListItem","position":2,"name":"Una persona detenida como sospechosa del atentado en Estambul"}]},{"@type":"WebSite","@id":"https:\/\/conexion23.com\/#website","url":"https:\/\/conexion23.com\/","name":"Conexi\u00f3n 23","description":"Peri\u00f3dico 100% Petromacorisano","publisher":{"@id":"https:\/\/conexion23.com\/#organization"},"potentialAction":[{"@type":"SearchAction","target":{"@type":"EntryPoint","urlTemplate":"https:\/\/conexion23.com\/?s={search_term_string}"},"query-input":{"@type":"PropertyValueSpecification","valueRequired":true,"valueName":"search_term_string"}}],"inLanguage":"es"},{"@type":"Organization","@id":"https:\/\/conexion23.com\/#organization","name":"Conexion 23","url":"https:\/\/conexion23.com\/","logo":{"@type":"ImageObject","inLanguage":"es","@id":"https:\/\/conexion23.com\/#\/schema\/logo\/image\/","url":"https:\/\/conexion23.com\/wp-content\/uploads\/2021\/11\/Diseno-sin-titulo-2.png","contentUrl":"https:\/\/conexion23.com\/wp-content\/uploads\/2021\/11\/Diseno-sin-titulo-2.png","width":541,"height":90,"caption":"Conexion 23"},"image":{"@id":"https:\/\/conexion23.com\/#\/schema\/logo\/image\/"},"sameAs":["https:\/\/www.facebook.com\/conexion23com","https:\/\/www.instagram.com\/conexion23com\/","https:\/\/www.youtube.com\/channel\/UCYc7vxxFZMYLIHNsHHxPZ3Q"]},{"@type":"Person","@id":"https:\/\/conexion23.com\/#\/schema\/person\/5d6d767819503a4603e9fd070ecf3ac6","name":"Raffy Ben\u00edtez","image":{"@type":"ImageObject","inLanguage":"es","@id":"https:\/\/secure.gravatar.com\/avatar\/3190a6a6c5e1b0327500f7d6c56b6242472ee6cb974cf09b401ee6b3b0798f23?s=96&d=mm&r=g","url":"https:\/\/secure.gravatar.com\/avatar\/3190a6a6c5e1b0327500f7d6c56b6242472ee6cb974cf09b401ee6b3b0798f23?s=96&d=mm&r=g","contentUrl":"https:\/\/secure.gravatar.com\/avatar\/3190a6a6c5e1b0327500f7d6c56b6242472ee6cb974cf09b401ee6b3b0798f23?s=96&d=mm&r=g","caption":"Raffy Ben\u00edtez"},"url":"https:\/\/conexion23.com\/?author=15"}]}},"_links":{"self":[{"href":"https:\/\/conexion23.com\/index.php?rest_route=\/wp\/v2\/posts\/13560","targetHints":{"allow":["GET"]}}],"collection":[{"href":"https:\/\/conexion23.com\/index.php?rest_route=\/wp\/v2\/posts"}],"about":[{"href":"https:\/\/conexion23.com\/index.php?rest_route=\/wp\/v2\/types\/post"}],"author":[{"embeddable":true,"href":"https:\/\/conexion23.com\/index.php?rest_route=\/wp\/v2\/users\/15"}],"replies":[{"embeddable":true,"href":"https:\/\/conexion23.com\/index.php?rest_route=%2Fwp%2Fv2%2Fcomments&post=13560"}],"version-history":[{"count":1,"href":"https:\/\/conexion23.com\/index.php?rest_route=\/wp\/v2\/posts\/13560\/revisions"}],"predecessor-version":[{"id":13562,"href":"https:\/\/conexion23.com\/index.php?rest_route=\/wp\/v2\/posts\/13560\/revisions\/13562"}],"wp:attachment":[{"href":"https:\/\/conexion23.com\/index.php?rest_route=%2Fwp%2Fv2%2Fmedia&parent=13560"}],"wp:term":[{"taxonomy":"category","embeddable":true,"href":"https:\/\/conexion23.com\/index.php?rest_route=%2Fwp%2Fv2%2Fcategories&post=13560"},{"taxonomy":"post_tag","embeddable":true,"href":"https:\/\/conexion23.com\/index.php?rest_route=%2Fwp%2Fv2%2Ftags&post=13560"}],"curies":[{"name":"wp","href":"https:\/\/api.w.org\/{rel}","templated":true}]}}