{"id":13601,"date":"2022-11-15T15:13:04","date_gmt":"2022-11-15T19:13:04","guid":{"rendered":"https:\/\/conexion23.com\/?p=13601"},"modified":"2022-11-15T15:13:07","modified_gmt":"2022-11-15T19:13:07","slug":"presidente-colegio-medico-apoya-reclamos-de-mejoras-al-musa","status":"publish","type":"post","link":"https:\/\/conexion23.com\/?p=13601","title":{"rendered":"Presidente Colegio M\u00e9dico apoya reclamos de mejoras al Musa."},"content":{"rendered":"\n<p class=\"wp-block-paragraph\">San Pedro de Macor\u00eds<br>El presidente del Colegio M\u00e9dico Dominicano, doctor Senen Caba, realiz\u00f3 una visita al hospital regional doctor Antonio Musa de esta ciudad donde pudo contactar las problem\u00e1ticas que atraviesa el centro, las cuales han sido causas de varias paralizaciones las \u00faltimas semanas.<br>Sostuvo que al caminar por las \u00e1reas del centro pudo notar las condiciones de precariedad en que tienen que trabajar los m\u00e9dicos.<br>\u00abEstuve por donde se hac\u00eda la entrega de guardia general y ah\u00ed hay una pestilencia que ni los par\u00e1sitos que la producen la aguantan\u00bb sostuvo Caba.<br>El presidente del Colegio M\u00e9dico, estuvo acompa\u00f1ado de la doctora Elsa Herrera, presidenta provincial, as\u00ed como de otros directivos y pasados presidentes.<br>Caba se\u00f1al\u00f3 que como muestra de las debilidades en la seguridad fue el incidente que se produjo el domingo donde familiares de una paciente agredieron al coronel jefe de la seguridad hospitalaria.<br>Senen Caba invit\u00f3 a los m\u00e9dicos de la provincia a sumarse a la lucha por la modificaci\u00f3n de la ley de seguridad social la cual calific\u00f3 como un instrumento que s\u00f3lo beneficia a los propietarios de las mismas, invitando as\u00ed a la gran marcha que se llevar\u00e1 a cabo el d\u00eda 30 de noviembre en la Capital.<\/p>\n","protected":false},"excerpt":{"rendered":"<p>San Pedro de Macor\u00edsEl presidente del Colegio M\u00e9dico Dominicano, doctor Senen Caba, realiz\u00f3 una visita al hospital regional doctor Antonio Musa de esta ciudad donde pudo contactar las problem\u00e1ticas que atraviesa el centro, las cuales han sido causas de varias paralizaciones las \u00faltimas semanas.Sostuvo que al caminar por las \u00e1reas del centro pudo notar las [&hellip;]<\/p>\n","protected":false},"author":15,"featured_media":0,"comment_status":"open","ping_status":"open","sticky":false,"template":"","format":"standard","meta":{"footnotes":""},"categories":[35],"tags":[],"class_list":["post-13601","post","type-post","status-publish","format-standard","category-spm"],"yoast_head":"<!-- This site is optimized with the Yoast SEO plugin v27.6 - https:\/\/yoast.com\/product\/yoast-seo-wordpress\/ -->\n<title>Presidente Colegio M\u00e9dico apoya reclamos de mejoras al Musa. - Conexi\u00f3n 23<\/title>\n<meta name=\"robots\" content=\"index, follow, max-snippet:-1, max-image-preview:large, max-video-preview:-1\" \/>\n<link rel=\"canonical\" href=\"https:\/\/conexion23.com\/?p=13601\" \/>\n<meta property=\"og:locale\" content=\"es_ES\" \/>\n<meta property=\"og:type\" content=\"article\" \/>\n<meta property=\"og:title\" content=\"Presidente Colegio M\u00e9dico apoya reclamos de mejoras al Musa. - Conexi\u00f3n 23\" \/>\n<meta property=\"og:description\" content=\"San Pedro de Macor\u00edsEl presidente del Colegio M\u00e9dico Dominicano, doctor Senen Caba, realiz\u00f3 una visita al hospital regional doctor Antonio Musa de esta ciudad donde pudo contactar las problem\u00e1ticas que atraviesa el centro, las cuales han sido causas de varias paralizaciones las \u00faltimas semanas.Sostuvo que al caminar por las \u00e1reas del centro pudo notar las [&hellip;]\" \/>\n<meta property=\"og:url\" content=\"https:\/\/conexion23.com\/?p=13601\" \/>\n<meta property=\"og:site_name\" content=\"Conexi\u00f3n 23\" \/>\n<meta property=\"article:publisher\" content=\"https:\/\/www.facebook.com\/conexion23com\" \/>\n<meta property=\"article:published_time\" content=\"2022-11-15T19:13:04+00:00\" \/>\n<meta property=\"article:modified_time\" content=\"2022-11-15T19:13:07+00:00\" \/>\n<meta name=\"author\" content=\"Raffy Ben\u00edtez\" \/>\n<meta name=\"twitter:card\" content=\"summary_large_image\" \/>\n<meta name=\"twitter:label1\" content=\"Escrito por\" \/>\n\t<meta name=\"twitter:data1\" content=\"Raffy Ben\u00edtez\" \/>\n\t<meta name=\"twitter:label2\" content=\"Tiempo de lectura\" \/>\n\t<meta name=\"twitter:data2\" content=\"1 minuto\" \/>\n<script type=\"application\/ld+json\" class=\"yoast-schema-graph\">{\"@context\":\"https:\\\/\\\/schema.org\",\"@graph\":[{\"@type\":\"Article\",\"@id\":\"https:\\\/\\\/conexion23.com\\\/?p=13601#article\",\"isPartOf\":{\"@id\":\"https:\\\/\\\/conexion23.com\\\/?p=13601\"},\"author\":{\"name\":\"Raffy Ben\u00edtez\",\"@id\":\"http:\\\/\\\/conexion23.com\\\/#\\\/schema\\\/person\\\/03e36043331117e97a373299bbcd30a6\"},\"headline\":\"Presidente Colegio M\u00e9dico apoya reclamos de mejoras al Musa.\",\"datePublished\":\"2022-11-15T19:13:04+00:00\",\"dateModified\":\"2022-11-15T19:13:07+00:00\",\"mainEntityOfPage\":{\"@id\":\"https:\\\/\\\/conexion23.com\\\/?p=13601\"},\"wordCount\":225,\"commentCount\":0,\"publisher\":{\"@id\":\"http:\\\/\\\/conexion23.com\\\/#organization\"},\"articleSection\":[\"SPM\"],\"inLanguage\":\"es\",\"potentialAction\":[{\"@type\":\"CommentAction\",\"name\":\"Comment\",\"target\":[\"https:\\\/\\\/conexion23.com\\\/?p=13601#respond\"]}]},{\"@type\":\"WebPage\",\"@id\":\"https:\\\/\\\/conexion23.com\\\/?p=13601\",\"url\":\"https:\\\/\\\/conexion23.com\\\/?p=13601\",\"name\":\"Presidente Colegio M\u00e9dico apoya reclamos de mejoras al Musa. - Conexi\u00f3n 23\",\"isPartOf\":{\"@id\":\"http:\\\/\\\/conexion23.com\\\/#website\"},\"datePublished\":\"2022-11-15T19:13:04+00:00\",\"dateModified\":\"2022-11-15T19:13:07+00:00\",\"breadcrumb\":{\"@id\":\"https:\\\/\\\/conexion23.com\\\/?p=13601#breadcrumb\"},\"inLanguage\":\"es\",\"potentialAction\":[{\"@type\":\"ReadAction\",\"target\":[\"https:\\\/\\\/conexion23.com\\\/?p=13601\"]}]},{\"@type\":\"BreadcrumbList\",\"@id\":\"https:\\\/\\\/conexion23.com\\\/?p=13601#breadcrumb\",\"itemListElement\":[{\"@type\":\"ListItem\",\"position\":1,\"name\":\"Portada\",\"item\":\"http:\\\/\\\/conexion23.com\\\/\"},{\"@type\":\"ListItem\",\"position\":2,\"name\":\"Presidente Colegio M\u00e9dico apoya reclamos de mejoras al Musa.\"}]},{\"@type\":\"WebSite\",\"@id\":\"http:\\\/\\\/conexion23.com\\\/#website\",\"url\":\"http:\\\/\\\/conexion23.com\\\/\",\"name\":\"Conexi\u00f3n 23\",\"description\":\"Peri\u00f3dico 100% Petromacorisano\",\"publisher\":{\"@id\":\"http:\\\/\\\/conexion23.com\\\/#organization\"},\"potentialAction\":[{\"@type\":\"SearchAction\",\"target\":{\"@type\":\"EntryPoint\",\"urlTemplate\":\"http:\\\/\\\/conexion23.com\\\/?s={search_term_string}\"},\"query-input\":{\"@type\":\"PropertyValueSpecification\",\"valueRequired\":true,\"valueName\":\"search_term_string\"}}],\"inLanguage\":\"es\"},{\"@type\":\"Organization\",\"@id\":\"http:\\\/\\\/conexion23.com\\\/#organization\",\"name\":\"Conexion 23\",\"url\":\"http:\\\/\\\/conexion23.com\\\/\",\"logo\":{\"@type\":\"ImageObject\",\"inLanguage\":\"es\",\"@id\":\"http:\\\/\\\/conexion23.com\\\/#\\\/schema\\\/logo\\\/image\\\/\",\"url\":\"https:\\\/\\\/conexion23.com\\\/wp-content\\\/uploads\\\/2021\\\/11\\\/Diseno-sin-titulo-2.png\",\"contentUrl\":\"https:\\\/\\\/conexion23.com\\\/wp-content\\\/uploads\\\/2021\\\/11\\\/Diseno-sin-titulo-2.png\",\"width\":541,\"height\":90,\"caption\":\"Conexion 23\"},\"image\":{\"@id\":\"http:\\\/\\\/conexion23.com\\\/#\\\/schema\\\/logo\\\/image\\\/\"},\"sameAs\":[\"https:\\\/\\\/www.facebook.com\\\/conexion23com\",\"https:\\\/\\\/www.instagram.com\\\/conexion23com\\\/\",\"https:\\\/\\\/www.youtube.com\\\/channel\\\/UCYc7vxxFZMYLIHNsHHxPZ3Q\"]},{\"@type\":\"Person\",\"@id\":\"http:\\\/\\\/conexion23.com\\\/#\\\/schema\\\/person\\\/03e36043331117e97a373299bbcd30a6\",\"name\":\"Raffy Ben\u00edtez\",\"image\":{\"@type\":\"ImageObject\",\"inLanguage\":\"es\",\"@id\":\"https:\\\/\\\/secure.gravatar.com\\\/avatar\\\/3190a6a6c5e1b0327500f7d6c56b6242472ee6cb974cf09b401ee6b3b0798f23?s=96&d=mm&r=g\",\"url\":\"https:\\\/\\\/secure.gravatar.com\\\/avatar\\\/3190a6a6c5e1b0327500f7d6c56b6242472ee6cb974cf09b401ee6b3b0798f23?s=96&d=mm&r=g\",\"contentUrl\":\"https:\\\/\\\/secure.gravatar.com\\\/avatar\\\/3190a6a6c5e1b0327500f7d6c56b6242472ee6cb974cf09b401ee6b3b0798f23?s=96&d=mm&r=g\",\"caption\":\"Raffy Ben\u00edtez\"},\"url\":\"https:\\\/\\\/conexion23.com\\\/?author=15\"}]}<\/script>\n<!-- \/ Yoast SEO plugin. -->","yoast_head_json":{"title":"Presidente Colegio M\u00e9dico apoya reclamos de mejoras al Musa. - Conexi\u00f3n 23","robots":{"index":"index","follow":"follow","max-snippet":"max-snippet:-1","max-image-preview":"max-image-preview:large","max-video-preview":"max-video-preview:-1"},"canonical":"https:\/\/conexion23.com\/?p=13601","og_locale":"es_ES","og_type":"article","og_title":"Presidente Colegio M\u00e9dico apoya reclamos de mejoras al Musa. - Conexi\u00f3n 23","og_description":"San Pedro de Macor\u00edsEl presidente del Colegio M\u00e9dico Dominicano, doctor Senen Caba, realiz\u00f3 una visita al hospital regional doctor Antonio Musa de esta ciudad donde pudo contactar las problem\u00e1ticas que atraviesa el centro, las cuales han sido causas de varias paralizaciones las \u00faltimas semanas.Sostuvo que al caminar por las \u00e1reas del centro pudo notar las [&hellip;]","og_url":"https:\/\/conexion23.com\/?p=13601","og_site_name":"Conexi\u00f3n 23","article_publisher":"https:\/\/www.facebook.com\/conexion23com","article_published_time":"2022-11-15T19:13:04+00:00","article_modified_time":"2022-11-15T19:13:07+00:00","author":"Raffy Ben\u00edtez","twitter_card":"summary_large_image","twitter_misc":{"Escrito por":"Raffy Ben\u00edtez","Tiempo de lectura":"1 minuto"},"schema":{"@context":"https:\/\/schema.org","@graph":[{"@type":"Article","@id":"https:\/\/conexion23.com\/?p=13601#article","isPartOf":{"@id":"https:\/\/conexion23.com\/?p=13601"},"author":{"name":"Raffy Ben\u00edtez","@id":"http:\/\/conexion23.com\/#\/schema\/person\/03e36043331117e97a373299bbcd30a6"},"headline":"Presidente Colegio M\u00e9dico apoya reclamos de mejoras al Musa.","datePublished":"2022-11-15T19:13:04+00:00","dateModified":"2022-11-15T19:13:07+00:00","mainEntityOfPage":{"@id":"https:\/\/conexion23.com\/?p=13601"},"wordCount":225,"commentCount":0,"publisher":{"@id":"http:\/\/conexion23.com\/#organization"},"articleSection":["SPM"],"inLanguage":"es","potentialAction":[{"@type":"CommentAction","name":"Comment","target":["https:\/\/conexion23.com\/?p=13601#respond"]}]},{"@type":"WebPage","@id":"https:\/\/conexion23.com\/?p=13601","url":"https:\/\/conexion23.com\/?p=13601","name":"Presidente Colegio M\u00e9dico apoya reclamos de mejoras al Musa. - Conexi\u00f3n 23","isPartOf":{"@id":"http:\/\/conexion23.com\/#website"},"datePublished":"2022-11-15T19:13:04+00:00","dateModified":"2022-11-15T19:13:07+00:00","breadcrumb":{"@id":"https:\/\/conexion23.com\/?p=13601#breadcrumb"},"inLanguage":"es","potentialAction":[{"@type":"ReadAction","target":["https:\/\/conexion23.com\/?p=13601"]}]},{"@type":"BreadcrumbList","@id":"https:\/\/conexion23.com\/?p=13601#breadcrumb","itemListElement":[{"@type":"ListItem","position":1,"name":"Portada","item":"http:\/\/conexion23.com\/"},{"@type":"ListItem","position":2,"name":"Presidente Colegio M\u00e9dico apoya reclamos de mejoras al Musa."}]},{"@type":"WebSite","@id":"http:\/\/conexion23.com\/#website","url":"http:\/\/conexion23.com\/","name":"Conexi\u00f3n 23","description":"Peri\u00f3dico 100% Petromacorisano","publisher":{"@id":"http:\/\/conexion23.com\/#organization"},"potentialAction":[{"@type":"SearchAction","target":{"@type":"EntryPoint","urlTemplate":"http:\/\/conexion23.com\/?s={search_term_string}"},"query-input":{"@type":"PropertyValueSpecification","valueRequired":true,"valueName":"search_term_string"}}],"inLanguage":"es"},{"@type":"Organization","@id":"http:\/\/conexion23.com\/#organization","name":"Conexion 23","url":"http:\/\/conexion23.com\/","logo":{"@type":"ImageObject","inLanguage":"es","@id":"http:\/\/conexion23.com\/#\/schema\/logo\/image\/","url":"https:\/\/conexion23.com\/wp-content\/uploads\/2021\/11\/Diseno-sin-titulo-2.png","contentUrl":"https:\/\/conexion23.com\/wp-content\/uploads\/2021\/11\/Diseno-sin-titulo-2.png","width":541,"height":90,"caption":"Conexion 23"},"image":{"@id":"http:\/\/conexion23.com\/#\/schema\/logo\/image\/"},"sameAs":["https:\/\/www.facebook.com\/conexion23com","https:\/\/www.instagram.com\/conexion23com\/","https:\/\/www.youtube.com\/channel\/UCYc7vxxFZMYLIHNsHHxPZ3Q"]},{"@type":"Person","@id":"http:\/\/conexion23.com\/#\/schema\/person\/03e36043331117e97a373299bbcd30a6","name":"Raffy Ben\u00edtez","image":{"@type":"ImageObject","inLanguage":"es","@id":"https:\/\/secure.gravatar.com\/avatar\/3190a6a6c5e1b0327500f7d6c56b6242472ee6cb974cf09b401ee6b3b0798f23?s=96&d=mm&r=g","url":"https:\/\/secure.gravatar.com\/avatar\/3190a6a6c5e1b0327500f7d6c56b6242472ee6cb974cf09b401ee6b3b0798f23?s=96&d=mm&r=g","contentUrl":"https:\/\/secure.gravatar.com\/avatar\/3190a6a6c5e1b0327500f7d6c56b6242472ee6cb974cf09b401ee6b3b0798f23?s=96&d=mm&r=g","caption":"Raffy Ben\u00edtez"},"url":"https:\/\/conexion23.com\/?author=15"}]}},"_links":{"self":[{"href":"https:\/\/conexion23.com\/index.php?rest_route=\/wp\/v2\/posts\/13601","targetHints":{"allow":["GET"]}}],"collection":[{"href":"https:\/\/conexion23.com\/index.php?rest_route=\/wp\/v2\/posts"}],"about":[{"href":"https:\/\/conexion23.com\/index.php?rest_route=\/wp\/v2\/types\/post"}],"author":[{"embeddable":true,"href":"https:\/\/conexion23.com\/index.php?rest_route=\/wp\/v2\/users\/15"}],"replies":[{"embeddable":true,"href":"https:\/\/conexion23.com\/index.php?rest_route=%2Fwp%2Fv2%2Fcomments&post=13601"}],"version-history":[{"count":1,"href":"https:\/\/conexion23.com\/index.php?rest_route=\/wp\/v2\/posts\/13601\/revisions"}],"predecessor-version":[{"id":13603,"href":"https:\/\/conexion23.com\/index.php?rest_route=\/wp\/v2\/posts\/13601\/revisions\/13603"}],"wp:attachment":[{"href":"https:\/\/conexion23.com\/index.php?rest_route=%2Fwp%2Fv2%2Fmedia&parent=13601"}],"wp:term":[{"taxonomy":"category","embeddable":true,"href":"https:\/\/conexion23.com\/index.php?rest_route=%2Fwp%2Fv2%2Fcategories&post=13601"},{"taxonomy":"post_tag","embeddable":true,"href":"https:\/\/conexion23.com\/index.php?rest_route=%2Fwp%2Fv2%2Ftags&post=13601"}],"curies":[{"name":"wp","href":"https:\/\/api.w.org\/{rel}","templated":true}]}}