{"id":13630,"date":"2022-11-17T09:37:46","date_gmt":"2022-11-17T13:37:46","guid":{"rendered":"https:\/\/conexion23.com\/?p=13630"},"modified":"2022-11-17T09:37:52","modified_gmt":"2022-11-17T13:37:52","slug":"danilo-juramenta-exdirigentes-del-prm-de-san-cristobal-afirma-el-pld-crece-cada-dia","status":"publish","type":"post","link":"https:\/\/conexion23.com\/?p=13630","title":{"rendered":"Danilo juramenta exdirigentes del PRM de San Crist\u00f3bal; afirma el PLD \u201ccrece cada d\u00eda\u201d"},"content":{"rendered":"\n<p class=\"wp-block-paragraph\">El expresidente de la Rep\u00fablica, Danilo Medina, Presidente del Partido de la Liberaci\u00f3n Dominicana (PLD), tom\u00f3 el juramento a una comisi\u00f3n de ex dirigentes del PRM del Municipio San Crist\u00f3bal, quienes al renunciar de dicho partido decidieron organizarse en el PLD.<\/p>\n\n\n\n<p class=\"wp-block-paragraph\">Oficialmente pasan a formar parte del partido morado de la estrella amarilla, asumiendo el compromiso de trabajar de forma intensa por el triunfo pelede\u00edsta y de Abel Mart\u00ednez en las elecciones de 2024.<\/p>\n\n\n\n<p class=\"wp-block-paragraph\">Freddy Rodr\u00edguez dirigente comunitario, Ariel Soto dirigente de la juventud municipal del PRM y Benjam\u00edn Ram\u00edrez, todos junto a sus equipos de trabajo, ingresaron al PLD asentado de inmediato en su plataforma digital de registro de la membres\u00eda.<\/p>\n\n\n\n<p class=\"wp-block-paragraph\">Luego del juramento los miembros de nuevo ingreso del PLD conversaron con el Presidente Danilo Medina y Rafael Hidalgo, miembro del Comit\u00e9 Pol\u00edtico y titular de la Secretar\u00eda de Asuntos Municipales del PLD.<\/p>\n\n\n\n<p class=\"wp-block-paragraph\">Los regidores del PLD en San Crist\u00f3bal Peniel Espinal y Jos\u00e9 Luis N\u00fa\u00f1ez (Sindy) sirvieron de enlaces para el ingreso de estos anteriores dirigentes del PRM al PLD.<\/p>\n\n\n\n<p class=\"wp-block-paragraph\">\u201cEl PLD es un partido fuerte que crece cada d\u00eda con la suma de nuevos hombres y mujeres que pasan a formar parte nuestra organizaci\u00f3n\u201d dijo Peniel Espinal al valorar el paso dado por mun\u00edcipes de San Crist\u00f3bal que pasan a cerrar fila en el Partido de la Liberaci\u00f3n Dominicana.<\/p>\n","protected":false},"excerpt":{"rendered":"<p>El expresidente de la Rep\u00fablica, Danilo Medina, Presidente del Partido de la Liberaci\u00f3n Dominicana (PLD), tom\u00f3 el juramento a una comisi\u00f3n de ex dirigentes del PRM del Municipio San Crist\u00f3bal, quienes al renunciar de dicho partido decidieron organizarse en el PLD. Oficialmente pasan a formar parte del partido morado de la estrella amarilla, asumiendo el [&hellip;]<\/p>\n","protected":false},"author":15,"featured_media":0,"comment_status":"open","ping_status":"open","sticky":false,"template":"","format":"standard","meta":{"footnotes":""},"categories":[1],"tags":[],"class_list":["post-13630","post","type-post","status-publish","format-standard","category-uncategorized"],"yoast_head":"<!-- This site is optimized with the Yoast SEO plugin v27.6 - https:\/\/yoast.com\/product\/yoast-seo-wordpress\/ -->\n<title>Danilo juramenta exdirigentes del PRM de San Crist\u00f3bal; afirma el PLD \u201ccrece cada d\u00eda\u201d - Conexi\u00f3n 23<\/title>\n<meta name=\"robots\" content=\"index, follow, max-snippet:-1, max-image-preview:large, max-video-preview:-1\" \/>\n<link rel=\"canonical\" href=\"https:\/\/conexion23.com\/?p=13630\" \/>\n<meta property=\"og:locale\" content=\"es_ES\" \/>\n<meta property=\"og:type\" content=\"article\" \/>\n<meta property=\"og:title\" content=\"Danilo juramenta exdirigentes del PRM de San Crist\u00f3bal; afirma el PLD \u201ccrece cada d\u00eda\u201d - Conexi\u00f3n 23\" \/>\n<meta property=\"og:description\" content=\"El expresidente de la Rep\u00fablica, Danilo Medina, Presidente del Partido de la Liberaci\u00f3n Dominicana (PLD), tom\u00f3 el juramento a una comisi\u00f3n de ex dirigentes del PRM del Municipio San Crist\u00f3bal, quienes al renunciar de dicho partido decidieron organizarse en el PLD. Oficialmente pasan a formar parte del partido morado de la estrella amarilla, asumiendo el [&hellip;]\" \/>\n<meta property=\"og:url\" content=\"https:\/\/conexion23.com\/?p=13630\" \/>\n<meta property=\"og:site_name\" content=\"Conexi\u00f3n 23\" \/>\n<meta property=\"article:publisher\" content=\"https:\/\/www.facebook.com\/conexion23com\" \/>\n<meta property=\"article:published_time\" content=\"2022-11-17T13:37:46+00:00\" \/>\n<meta property=\"article:modified_time\" content=\"2022-11-17T13:37:52+00:00\" \/>\n<meta name=\"author\" content=\"Raffy Ben\u00edtez\" \/>\n<meta name=\"twitter:card\" content=\"summary_large_image\" \/>\n<meta name=\"twitter:label1\" content=\"Escrito por\" \/>\n\t<meta name=\"twitter:data1\" content=\"Raffy Ben\u00edtez\" \/>\n\t<meta name=\"twitter:label2\" content=\"Tiempo de lectura\" \/>\n\t<meta name=\"twitter:data2\" content=\"2 minutos\" \/>\n<script type=\"application\/ld+json\" class=\"yoast-schema-graph\">{\"@context\":\"https:\\\/\\\/schema.org\",\"@graph\":[{\"@type\":\"Article\",\"@id\":\"https:\\\/\\\/conexion23.com\\\/?p=13630#article\",\"isPartOf\":{\"@id\":\"https:\\\/\\\/conexion23.com\\\/?p=13630\"},\"author\":{\"name\":\"Raffy Ben\u00edtez\",\"@id\":\"https:\\\/\\\/conexion23.com\\\/#\\\/schema\\\/person\\\/03e36043331117e97a373299bbcd30a6\"},\"headline\":\"Danilo juramenta exdirigentes del PRM de San Crist\u00f3bal; afirma el PLD \u201ccrece cada d\u00eda\u201d\",\"datePublished\":\"2022-11-17T13:37:46+00:00\",\"dateModified\":\"2022-11-17T13:37:52+00:00\",\"mainEntityOfPage\":{\"@id\":\"https:\\\/\\\/conexion23.com\\\/?p=13630\"},\"wordCount\":257,\"commentCount\":0,\"publisher\":{\"@id\":\"https:\\\/\\\/conexion23.com\\\/#organization\"},\"articleSection\":[\"Uncategorized\"],\"inLanguage\":\"es\",\"potentialAction\":[{\"@type\":\"CommentAction\",\"name\":\"Comment\",\"target\":[\"https:\\\/\\\/conexion23.com\\\/?p=13630#respond\"]}]},{\"@type\":\"WebPage\",\"@id\":\"https:\\\/\\\/conexion23.com\\\/?p=13630\",\"url\":\"https:\\\/\\\/conexion23.com\\\/?p=13630\",\"name\":\"Danilo juramenta exdirigentes del PRM de San Crist\u00f3bal; afirma el PLD \u201ccrece cada d\u00eda\u201d - Conexi\u00f3n 23\",\"isPartOf\":{\"@id\":\"https:\\\/\\\/conexion23.com\\\/#website\"},\"datePublished\":\"2022-11-17T13:37:46+00:00\",\"dateModified\":\"2022-11-17T13:37:52+00:00\",\"breadcrumb\":{\"@id\":\"https:\\\/\\\/conexion23.com\\\/?p=13630#breadcrumb\"},\"inLanguage\":\"es\",\"potentialAction\":[{\"@type\":\"ReadAction\",\"target\":[\"https:\\\/\\\/conexion23.com\\\/?p=13630\"]}]},{\"@type\":\"BreadcrumbList\",\"@id\":\"https:\\\/\\\/conexion23.com\\\/?p=13630#breadcrumb\",\"itemListElement\":[{\"@type\":\"ListItem\",\"position\":1,\"name\":\"Portada\",\"item\":\"https:\\\/\\\/conexion23.com\\\/\"},{\"@type\":\"ListItem\",\"position\":2,\"name\":\"Danilo juramenta exdirigentes del PRM de San Crist\u00f3bal; afirma el PLD \u201ccrece cada d\u00eda\u201d\"}]},{\"@type\":\"WebSite\",\"@id\":\"https:\\\/\\\/conexion23.com\\\/#website\",\"url\":\"https:\\\/\\\/conexion23.com\\\/\",\"name\":\"Conexi\u00f3n 23\",\"description\":\"Peri\u00f3dico 100% Petromacorisano\",\"publisher\":{\"@id\":\"https:\\\/\\\/conexion23.com\\\/#organization\"},\"potentialAction\":[{\"@type\":\"SearchAction\",\"target\":{\"@type\":\"EntryPoint\",\"urlTemplate\":\"https:\\\/\\\/conexion23.com\\\/?s={search_term_string}\"},\"query-input\":{\"@type\":\"PropertyValueSpecification\",\"valueRequired\":true,\"valueName\":\"search_term_string\"}}],\"inLanguage\":\"es\"},{\"@type\":\"Organization\",\"@id\":\"https:\\\/\\\/conexion23.com\\\/#organization\",\"name\":\"Conexion 23\",\"url\":\"https:\\\/\\\/conexion23.com\\\/\",\"logo\":{\"@type\":\"ImageObject\",\"inLanguage\":\"es\",\"@id\":\"https:\\\/\\\/conexion23.com\\\/#\\\/schema\\\/logo\\\/image\\\/\",\"url\":\"https:\\\/\\\/conexion23.com\\\/wp-content\\\/uploads\\\/2021\\\/11\\\/Diseno-sin-titulo-2.png\",\"contentUrl\":\"https:\\\/\\\/conexion23.com\\\/wp-content\\\/uploads\\\/2021\\\/11\\\/Diseno-sin-titulo-2.png\",\"width\":541,\"height\":90,\"caption\":\"Conexion 23\"},\"image\":{\"@id\":\"https:\\\/\\\/conexion23.com\\\/#\\\/schema\\\/logo\\\/image\\\/\"},\"sameAs\":[\"https:\\\/\\\/www.facebook.com\\\/conexion23com\",\"https:\\\/\\\/www.instagram.com\\\/conexion23com\\\/\",\"https:\\\/\\\/www.youtube.com\\\/channel\\\/UCYc7vxxFZMYLIHNsHHxPZ3Q\"]},{\"@type\":\"Person\",\"@id\":\"https:\\\/\\\/conexion23.com\\\/#\\\/schema\\\/person\\\/03e36043331117e97a373299bbcd30a6\",\"name\":\"Raffy Ben\u00edtez\",\"image\":{\"@type\":\"ImageObject\",\"inLanguage\":\"es\",\"@id\":\"https:\\\/\\\/secure.gravatar.com\\\/avatar\\\/3190a6a6c5e1b0327500f7d6c56b6242472ee6cb974cf09b401ee6b3b0798f23?s=96&d=mm&r=g\",\"url\":\"https:\\\/\\\/secure.gravatar.com\\\/avatar\\\/3190a6a6c5e1b0327500f7d6c56b6242472ee6cb974cf09b401ee6b3b0798f23?s=96&d=mm&r=g\",\"contentUrl\":\"https:\\\/\\\/secure.gravatar.com\\\/avatar\\\/3190a6a6c5e1b0327500f7d6c56b6242472ee6cb974cf09b401ee6b3b0798f23?s=96&d=mm&r=g\",\"caption\":\"Raffy Ben\u00edtez\"},\"url\":\"https:\\\/\\\/conexion23.com\\\/?author=15\"}]}<\/script>\n<!-- \/ Yoast SEO plugin. -->","yoast_head_json":{"title":"Danilo juramenta exdirigentes del PRM de San Crist\u00f3bal; afirma el PLD \u201ccrece cada d\u00eda\u201d - Conexi\u00f3n 23","robots":{"index":"index","follow":"follow","max-snippet":"max-snippet:-1","max-image-preview":"max-image-preview:large","max-video-preview":"max-video-preview:-1"},"canonical":"https:\/\/conexion23.com\/?p=13630","og_locale":"es_ES","og_type":"article","og_title":"Danilo juramenta exdirigentes del PRM de San Crist\u00f3bal; afirma el PLD \u201ccrece cada d\u00eda\u201d - Conexi\u00f3n 23","og_description":"El expresidente de la Rep\u00fablica, Danilo Medina, Presidente del Partido de la Liberaci\u00f3n Dominicana (PLD), tom\u00f3 el juramento a una comisi\u00f3n de ex dirigentes del PRM del Municipio San Crist\u00f3bal, quienes al renunciar de dicho partido decidieron organizarse en el PLD. Oficialmente pasan a formar parte del partido morado de la estrella amarilla, asumiendo el [&hellip;]","og_url":"https:\/\/conexion23.com\/?p=13630","og_site_name":"Conexi\u00f3n 23","article_publisher":"https:\/\/www.facebook.com\/conexion23com","article_published_time":"2022-11-17T13:37:46+00:00","article_modified_time":"2022-11-17T13:37:52+00:00","author":"Raffy Ben\u00edtez","twitter_card":"summary_large_image","twitter_misc":{"Escrito por":"Raffy Ben\u00edtez","Tiempo de lectura":"2 minutos"},"schema":{"@context":"https:\/\/schema.org","@graph":[{"@type":"Article","@id":"https:\/\/conexion23.com\/?p=13630#article","isPartOf":{"@id":"https:\/\/conexion23.com\/?p=13630"},"author":{"name":"Raffy Ben\u00edtez","@id":"https:\/\/conexion23.com\/#\/schema\/person\/03e36043331117e97a373299bbcd30a6"},"headline":"Danilo juramenta exdirigentes del PRM de San Crist\u00f3bal; afirma el PLD \u201ccrece cada d\u00eda\u201d","datePublished":"2022-11-17T13:37:46+00:00","dateModified":"2022-11-17T13:37:52+00:00","mainEntityOfPage":{"@id":"https:\/\/conexion23.com\/?p=13630"},"wordCount":257,"commentCount":0,"publisher":{"@id":"https:\/\/conexion23.com\/#organization"},"articleSection":["Uncategorized"],"inLanguage":"es","potentialAction":[{"@type":"CommentAction","name":"Comment","target":["https:\/\/conexion23.com\/?p=13630#respond"]}]},{"@type":"WebPage","@id":"https:\/\/conexion23.com\/?p=13630","url":"https:\/\/conexion23.com\/?p=13630","name":"Danilo juramenta exdirigentes del PRM de San Crist\u00f3bal; afirma el PLD \u201ccrece cada d\u00eda\u201d - Conexi\u00f3n 23","isPartOf":{"@id":"https:\/\/conexion23.com\/#website"},"datePublished":"2022-11-17T13:37:46+00:00","dateModified":"2022-11-17T13:37:52+00:00","breadcrumb":{"@id":"https:\/\/conexion23.com\/?p=13630#breadcrumb"},"inLanguage":"es","potentialAction":[{"@type":"ReadAction","target":["https:\/\/conexion23.com\/?p=13630"]}]},{"@type":"BreadcrumbList","@id":"https:\/\/conexion23.com\/?p=13630#breadcrumb","itemListElement":[{"@type":"ListItem","position":1,"name":"Portada","item":"https:\/\/conexion23.com\/"},{"@type":"ListItem","position":2,"name":"Danilo juramenta exdirigentes del PRM de San Crist\u00f3bal; afirma el PLD \u201ccrece cada d\u00eda\u201d"}]},{"@type":"WebSite","@id":"https:\/\/conexion23.com\/#website","url":"https:\/\/conexion23.com\/","name":"Conexi\u00f3n 23","description":"Peri\u00f3dico 100% Petromacorisano","publisher":{"@id":"https:\/\/conexion23.com\/#organization"},"potentialAction":[{"@type":"SearchAction","target":{"@type":"EntryPoint","urlTemplate":"https:\/\/conexion23.com\/?s={search_term_string}"},"query-input":{"@type":"PropertyValueSpecification","valueRequired":true,"valueName":"search_term_string"}}],"inLanguage":"es"},{"@type":"Organization","@id":"https:\/\/conexion23.com\/#organization","name":"Conexion 23","url":"https:\/\/conexion23.com\/","logo":{"@type":"ImageObject","inLanguage":"es","@id":"https:\/\/conexion23.com\/#\/schema\/logo\/image\/","url":"https:\/\/conexion23.com\/wp-content\/uploads\/2021\/11\/Diseno-sin-titulo-2.png","contentUrl":"https:\/\/conexion23.com\/wp-content\/uploads\/2021\/11\/Diseno-sin-titulo-2.png","width":541,"height":90,"caption":"Conexion 23"},"image":{"@id":"https:\/\/conexion23.com\/#\/schema\/logo\/image\/"},"sameAs":["https:\/\/www.facebook.com\/conexion23com","https:\/\/www.instagram.com\/conexion23com\/","https:\/\/www.youtube.com\/channel\/UCYc7vxxFZMYLIHNsHHxPZ3Q"]},{"@type":"Person","@id":"https:\/\/conexion23.com\/#\/schema\/person\/03e36043331117e97a373299bbcd30a6","name":"Raffy Ben\u00edtez","image":{"@type":"ImageObject","inLanguage":"es","@id":"https:\/\/secure.gravatar.com\/avatar\/3190a6a6c5e1b0327500f7d6c56b6242472ee6cb974cf09b401ee6b3b0798f23?s=96&d=mm&r=g","url":"https:\/\/secure.gravatar.com\/avatar\/3190a6a6c5e1b0327500f7d6c56b6242472ee6cb974cf09b401ee6b3b0798f23?s=96&d=mm&r=g","contentUrl":"https:\/\/secure.gravatar.com\/avatar\/3190a6a6c5e1b0327500f7d6c56b6242472ee6cb974cf09b401ee6b3b0798f23?s=96&d=mm&r=g","caption":"Raffy Ben\u00edtez"},"url":"https:\/\/conexion23.com\/?author=15"}]}},"_links":{"self":[{"href":"https:\/\/conexion23.com\/index.php?rest_route=\/wp\/v2\/posts\/13630","targetHints":{"allow":["GET"]}}],"collection":[{"href":"https:\/\/conexion23.com\/index.php?rest_route=\/wp\/v2\/posts"}],"about":[{"href":"https:\/\/conexion23.com\/index.php?rest_route=\/wp\/v2\/types\/post"}],"author":[{"embeddable":true,"href":"https:\/\/conexion23.com\/index.php?rest_route=\/wp\/v2\/users\/15"}],"replies":[{"embeddable":true,"href":"https:\/\/conexion23.com\/index.php?rest_route=%2Fwp%2Fv2%2Fcomments&post=13630"}],"version-history":[{"count":1,"href":"https:\/\/conexion23.com\/index.php?rest_route=\/wp\/v2\/posts\/13630\/revisions"}],"predecessor-version":[{"id":13632,"href":"https:\/\/conexion23.com\/index.php?rest_route=\/wp\/v2\/posts\/13630\/revisions\/13632"}],"wp:attachment":[{"href":"https:\/\/conexion23.com\/index.php?rest_route=%2Fwp%2Fv2%2Fmedia&parent=13630"}],"wp:term":[{"taxonomy":"category","embeddable":true,"href":"https:\/\/conexion23.com\/index.php?rest_route=%2Fwp%2Fv2%2Fcategories&post=13630"},{"taxonomy":"post_tag","embeddable":true,"href":"https:\/\/conexion23.com\/index.php?rest_route=%2Fwp%2Fv2%2Ftags&post=13630"}],"curies":[{"name":"wp","href":"https:\/\/api.w.org\/{rel}","templated":true}]}}