{"id":13763,"date":"2022-11-21T05:00:00","date_gmt":"2022-11-21T09:00:00","guid":{"rendered":"https:\/\/conexion23.com\/?p=13763"},"modified":"2022-11-21T08:08:43","modified_gmt":"2022-11-21T12:08:43","slug":"diocesis-de-spm-y-hato-mayor-realiza-gran-concentracion-un-paso-por-mi-familia","status":"publish","type":"post","link":"https:\/\/conexion23.com\/?p=13763","title":{"rendered":"Di\u00f3cesis de SPM realiza gran concentraci\u00f3n \u00abUn Paso Por Mi Familia\u00bb"},"content":{"rendered":"\n<p class=\"wp-block-paragraph\">Cientos de feligreses caminaron este domingo en el desarrollo de la actividad denominada  \u00abUn Paso Por Mi Familia\u00bb, que organiz\u00f3 la Di\u00f3cesis de San Pedro de Macor\u00eds que tambi\u00e9n comprende Hato Mayor.  <\/p>\n\n\n\n<p class=\"wp-block-paragraph\">La multitudinaria caminata inici\u00f3 a las 2 de la tarde, saliendo desde la Catedral San Pedro Ap\u00f3stol hasta llegar el complejo deportivo de esta ciudad, donde culminaron con una Eucarist\u00eda presidida por el Obispo Monse\u00f1or Santiago Rodr\u00edguez Rodr\u00edguez, junto a todos los sacerdotes de la di\u00f3cesis. <\/p>\n\n\n\n<figure class=\"wp-block-image size-large\"><img decoding=\"async\" src=\"https:\/\/conexion23.com\/wp-content\/uploads\/2022\/11\/obispo-1024x824.jpeg\" alt=\"\" class=\"wp-image-13765\" \/><figcaption class=\"wp-element-caption\">Obispo Monse\u00f1or Santiago Rodr\u00edguez Rodr\u00edguez <\/figcaption><\/figure>\n\n\n\n<p class=\"wp-block-paragraph\">El evento se desarroll\u00f3 en el marco de la celebraci\u00f3n del mes de la familia, bajo el lema: \u00abUnidos a la Altagracia, damos un Paso por mi Familia\u00bb, en un ambiente de alegr\u00eda, con las frases: \u00bb Familia regalo de Dios\u00bb, \u00abMar\u00eda ejemplo de mujer en la familia\u00bb, \u00abSalvemos las dos vidas\u00bb, entre otras. <\/p>\n\n\n\n<p class=\"wp-block-paragraph\">La actividad cont\u00f3 con la presencia de autoridades locales y representaci\u00f3n de todas las zonas pastorales. <\/p>\n","protected":false},"excerpt":{"rendered":"<p>Cientos de feligreses caminaron este domingo en el desarrollo de la actividad denominada \u00abUn Paso Por Mi Familia\u00bb, que organiz\u00f3 la Di\u00f3cesis de San Pedro de Macor\u00eds que tambi\u00e9n comprende Hato Mayor. La multitudinaria caminata inici\u00f3 a las 2 de la tarde, saliendo desde la Catedral San Pedro Ap\u00f3stol hasta llegar el complejo deportivo de [&hellip;]<\/p>\n","protected":false},"author":15,"featured_media":0,"comment_status":"open","ping_status":"open","sticky":false,"template":"","format":"standard","meta":{"footnotes":""},"categories":[35],"tags":[],"class_list":["post-13763","post","type-post","status-publish","format-standard","category-spm"],"yoast_head":"<!-- This site is optimized with the Yoast SEO plugin v27.6 - https:\/\/yoast.com\/product\/yoast-seo-wordpress\/ -->\n<title>Di\u00f3cesis de SPM realiza gran concentraci\u00f3n &quot;Un Paso Por Mi Familia&quot; - Conexi\u00f3n 23<\/title>\n<meta name=\"robots\" content=\"index, follow, max-snippet:-1, max-image-preview:large, max-video-preview:-1\" \/>\n<link rel=\"canonical\" href=\"https:\/\/conexion23.com\/?p=13763\" \/>\n<meta property=\"og:locale\" content=\"es_ES\" \/>\n<meta property=\"og:type\" content=\"article\" \/>\n<meta property=\"og:title\" content=\"Di\u00f3cesis de SPM realiza gran concentraci\u00f3n &quot;Un Paso Por Mi Familia&quot; - Conexi\u00f3n 23\" \/>\n<meta property=\"og:description\" content=\"Cientos de feligreses caminaron este domingo en el desarrollo de la actividad denominada \u00abUn Paso Por Mi Familia\u00bb, que organiz\u00f3 la Di\u00f3cesis de San Pedro de Macor\u00eds que tambi\u00e9n comprende Hato Mayor. La multitudinaria caminata inici\u00f3 a las 2 de la tarde, saliendo desde la Catedral San Pedro Ap\u00f3stol hasta llegar el complejo deportivo de [&hellip;]\" \/>\n<meta property=\"og:url\" content=\"https:\/\/conexion23.com\/?p=13763\" \/>\n<meta property=\"og:site_name\" content=\"Conexi\u00f3n 23\" \/>\n<meta property=\"article:publisher\" content=\"https:\/\/www.facebook.com\/conexion23com\" \/>\n<meta property=\"article:published_time\" content=\"2022-11-21T09:00:00+00:00\" \/>\n<meta property=\"article:modified_time\" content=\"2022-11-21T12:08:43+00:00\" \/>\n<meta property=\"og:image\" content=\"https:\/\/conexion23.com\/wp-content\/uploads\/2022\/11\/obispo-1024x824.jpeg\" \/>\n<meta name=\"author\" content=\"Raffy Ben\u00edtez\" \/>\n<meta name=\"twitter:card\" content=\"summary_large_image\" \/>\n<meta name=\"twitter:label1\" content=\"Escrito por\" \/>\n\t<meta name=\"twitter:data1\" content=\"Raffy Ben\u00edtez\" \/>\n\t<meta name=\"twitter:label2\" content=\"Tiempo de lectura\" \/>\n\t<meta name=\"twitter:data2\" content=\"1 minuto\" \/>\n<script type=\"application\/ld+json\" class=\"yoast-schema-graph\">{\"@context\":\"https:\\\/\\\/schema.org\",\"@graph\":[{\"@type\":\"Article\",\"@id\":\"https:\\\/\\\/conexion23.com\\\/?p=13763#article\",\"isPartOf\":{\"@id\":\"https:\\\/\\\/conexion23.com\\\/?p=13763\"},\"author\":{\"name\":\"Raffy Ben\u00edtez\",\"@id\":\"https:\\\/\\\/conexion23.com\\\/#\\\/schema\\\/person\\\/03e36043331117e97a373299bbcd30a6\"},\"headline\":\"Di\u00f3cesis de SPM realiza gran concentraci\u00f3n \u00abUn Paso Por Mi Familia\u00bb\",\"datePublished\":\"2022-11-21T09:00:00+00:00\",\"dateModified\":\"2022-11-21T12:08:43+00:00\",\"mainEntityOfPage\":{\"@id\":\"https:\\\/\\\/conexion23.com\\\/?p=13763\"},\"wordCount\":180,\"commentCount\":0,\"publisher\":{\"@id\":\"https:\\\/\\\/conexion23.com\\\/#organization\"},\"image\":{\"@id\":\"https:\\\/\\\/conexion23.com\\\/?p=13763#primaryimage\"},\"thumbnailUrl\":\"https:\\\/\\\/conexion23.com\\\/wp-content\\\/uploads\\\/2022\\\/11\\\/obispo-1024x824.jpeg\",\"articleSection\":[\"SPM\"],\"inLanguage\":\"es\",\"potentialAction\":[{\"@type\":\"CommentAction\",\"name\":\"Comment\",\"target\":[\"https:\\\/\\\/conexion23.com\\\/?p=13763#respond\"]}]},{\"@type\":\"WebPage\",\"@id\":\"https:\\\/\\\/conexion23.com\\\/?p=13763\",\"url\":\"https:\\\/\\\/conexion23.com\\\/?p=13763\",\"name\":\"Di\u00f3cesis de SPM realiza gran concentraci\u00f3n \\\"Un Paso Por Mi Familia\\\" - Conexi\u00f3n 23\",\"isPartOf\":{\"@id\":\"https:\\\/\\\/conexion23.com\\\/#website\"},\"primaryImageOfPage\":{\"@id\":\"https:\\\/\\\/conexion23.com\\\/?p=13763#primaryimage\"},\"image\":{\"@id\":\"https:\\\/\\\/conexion23.com\\\/?p=13763#primaryimage\"},\"thumbnailUrl\":\"https:\\\/\\\/conexion23.com\\\/wp-content\\\/uploads\\\/2022\\\/11\\\/obispo-1024x824.jpeg\",\"datePublished\":\"2022-11-21T09:00:00+00:00\",\"dateModified\":\"2022-11-21T12:08:43+00:00\",\"breadcrumb\":{\"@id\":\"https:\\\/\\\/conexion23.com\\\/?p=13763#breadcrumb\"},\"inLanguage\":\"es\",\"potentialAction\":[{\"@type\":\"ReadAction\",\"target\":[\"https:\\\/\\\/conexion23.com\\\/?p=13763\"]}]},{\"@type\":\"ImageObject\",\"inLanguage\":\"es\",\"@id\":\"https:\\\/\\\/conexion23.com\\\/?p=13763#primaryimage\",\"url\":\"\",\"contentUrl\":\"\"},{\"@type\":\"BreadcrumbList\",\"@id\":\"https:\\\/\\\/conexion23.com\\\/?p=13763#breadcrumb\",\"itemListElement\":[{\"@type\":\"ListItem\",\"position\":1,\"name\":\"Portada\",\"item\":\"https:\\\/\\\/conexion23.com\\\/\"},{\"@type\":\"ListItem\",\"position\":2,\"name\":\"Di\u00f3cesis de SPM realiza gran concentraci\u00f3n \u00abUn Paso Por Mi Familia\u00bb\"}]},{\"@type\":\"WebSite\",\"@id\":\"https:\\\/\\\/conexion23.com\\\/#website\",\"url\":\"https:\\\/\\\/conexion23.com\\\/\",\"name\":\"Conexi\u00f3n 23\",\"description\":\"Peri\u00f3dico 100% Petromacorisano\",\"publisher\":{\"@id\":\"https:\\\/\\\/conexion23.com\\\/#organization\"},\"potentialAction\":[{\"@type\":\"SearchAction\",\"target\":{\"@type\":\"EntryPoint\",\"urlTemplate\":\"https:\\\/\\\/conexion23.com\\\/?s={search_term_string}\"},\"query-input\":{\"@type\":\"PropertyValueSpecification\",\"valueRequired\":true,\"valueName\":\"search_term_string\"}}],\"inLanguage\":\"es\"},{\"@type\":\"Organization\",\"@id\":\"https:\\\/\\\/conexion23.com\\\/#organization\",\"name\":\"Conexion 23\",\"url\":\"https:\\\/\\\/conexion23.com\\\/\",\"logo\":{\"@type\":\"ImageObject\",\"inLanguage\":\"es\",\"@id\":\"https:\\\/\\\/conexion23.com\\\/#\\\/schema\\\/logo\\\/image\\\/\",\"url\":\"https:\\\/\\\/conexion23.com\\\/wp-content\\\/uploads\\\/2021\\\/11\\\/Diseno-sin-titulo-2.png\",\"contentUrl\":\"https:\\\/\\\/conexion23.com\\\/wp-content\\\/uploads\\\/2021\\\/11\\\/Diseno-sin-titulo-2.png\",\"width\":541,\"height\":90,\"caption\":\"Conexion 23\"},\"image\":{\"@id\":\"https:\\\/\\\/conexion23.com\\\/#\\\/schema\\\/logo\\\/image\\\/\"},\"sameAs\":[\"https:\\\/\\\/www.facebook.com\\\/conexion23com\",\"https:\\\/\\\/www.instagram.com\\\/conexion23com\\\/\",\"https:\\\/\\\/www.youtube.com\\\/channel\\\/UCYc7vxxFZMYLIHNsHHxPZ3Q\"]},{\"@type\":\"Person\",\"@id\":\"https:\\\/\\\/conexion23.com\\\/#\\\/schema\\\/person\\\/03e36043331117e97a373299bbcd30a6\",\"name\":\"Raffy Ben\u00edtez\",\"image\":{\"@type\":\"ImageObject\",\"inLanguage\":\"es\",\"@id\":\"https:\\\/\\\/secure.gravatar.com\\\/avatar\\\/3190a6a6c5e1b0327500f7d6c56b6242472ee6cb974cf09b401ee6b3b0798f23?s=96&d=mm&r=g\",\"url\":\"https:\\\/\\\/secure.gravatar.com\\\/avatar\\\/3190a6a6c5e1b0327500f7d6c56b6242472ee6cb974cf09b401ee6b3b0798f23?s=96&d=mm&r=g\",\"contentUrl\":\"https:\\\/\\\/secure.gravatar.com\\\/avatar\\\/3190a6a6c5e1b0327500f7d6c56b6242472ee6cb974cf09b401ee6b3b0798f23?s=96&d=mm&r=g\",\"caption\":\"Raffy Ben\u00edtez\"},\"url\":\"https:\\\/\\\/conexion23.com\\\/?author=15\"}]}<\/script>\n<!-- \/ Yoast SEO plugin. -->","yoast_head_json":{"title":"Di\u00f3cesis de SPM realiza gran concentraci\u00f3n \"Un Paso Por Mi Familia\" - Conexi\u00f3n 23","robots":{"index":"index","follow":"follow","max-snippet":"max-snippet:-1","max-image-preview":"max-image-preview:large","max-video-preview":"max-video-preview:-1"},"canonical":"https:\/\/conexion23.com\/?p=13763","og_locale":"es_ES","og_type":"article","og_title":"Di\u00f3cesis de SPM realiza gran concentraci\u00f3n \"Un Paso Por Mi Familia\" - Conexi\u00f3n 23","og_description":"Cientos de feligreses caminaron este domingo en el desarrollo de la actividad denominada \u00abUn Paso Por Mi Familia\u00bb, que organiz\u00f3 la Di\u00f3cesis de San Pedro de Macor\u00eds que tambi\u00e9n comprende Hato Mayor. La multitudinaria caminata inici\u00f3 a las 2 de la tarde, saliendo desde la Catedral San Pedro Ap\u00f3stol hasta llegar el complejo deportivo de [&hellip;]","og_url":"https:\/\/conexion23.com\/?p=13763","og_site_name":"Conexi\u00f3n 23","article_publisher":"https:\/\/www.facebook.com\/conexion23com","article_published_time":"2022-11-21T09:00:00+00:00","article_modified_time":"2022-11-21T12:08:43+00:00","og_image":[{"url":"https:\/\/conexion23.com\/wp-content\/uploads\/2022\/11\/obispo-1024x824.jpeg","type":"","width":"","height":""}],"author":"Raffy Ben\u00edtez","twitter_card":"summary_large_image","twitter_misc":{"Escrito por":"Raffy Ben\u00edtez","Tiempo de lectura":"1 minuto"},"schema":{"@context":"https:\/\/schema.org","@graph":[{"@type":"Article","@id":"https:\/\/conexion23.com\/?p=13763#article","isPartOf":{"@id":"https:\/\/conexion23.com\/?p=13763"},"author":{"name":"Raffy Ben\u00edtez","@id":"https:\/\/conexion23.com\/#\/schema\/person\/03e36043331117e97a373299bbcd30a6"},"headline":"Di\u00f3cesis de SPM realiza gran concentraci\u00f3n \u00abUn Paso Por Mi Familia\u00bb","datePublished":"2022-11-21T09:00:00+00:00","dateModified":"2022-11-21T12:08:43+00:00","mainEntityOfPage":{"@id":"https:\/\/conexion23.com\/?p=13763"},"wordCount":180,"commentCount":0,"publisher":{"@id":"https:\/\/conexion23.com\/#organization"},"image":{"@id":"https:\/\/conexion23.com\/?p=13763#primaryimage"},"thumbnailUrl":"https:\/\/conexion23.com\/wp-content\/uploads\/2022\/11\/obispo-1024x824.jpeg","articleSection":["SPM"],"inLanguage":"es","potentialAction":[{"@type":"CommentAction","name":"Comment","target":["https:\/\/conexion23.com\/?p=13763#respond"]}]},{"@type":"WebPage","@id":"https:\/\/conexion23.com\/?p=13763","url":"https:\/\/conexion23.com\/?p=13763","name":"Di\u00f3cesis de SPM realiza gran concentraci\u00f3n \"Un Paso Por Mi Familia\" - Conexi\u00f3n 23","isPartOf":{"@id":"https:\/\/conexion23.com\/#website"},"primaryImageOfPage":{"@id":"https:\/\/conexion23.com\/?p=13763#primaryimage"},"image":{"@id":"https:\/\/conexion23.com\/?p=13763#primaryimage"},"thumbnailUrl":"https:\/\/conexion23.com\/wp-content\/uploads\/2022\/11\/obispo-1024x824.jpeg","datePublished":"2022-11-21T09:00:00+00:00","dateModified":"2022-11-21T12:08:43+00:00","breadcrumb":{"@id":"https:\/\/conexion23.com\/?p=13763#breadcrumb"},"inLanguage":"es","potentialAction":[{"@type":"ReadAction","target":["https:\/\/conexion23.com\/?p=13763"]}]},{"@type":"ImageObject","inLanguage":"es","@id":"https:\/\/conexion23.com\/?p=13763#primaryimage","url":"","contentUrl":""},{"@type":"BreadcrumbList","@id":"https:\/\/conexion23.com\/?p=13763#breadcrumb","itemListElement":[{"@type":"ListItem","position":1,"name":"Portada","item":"https:\/\/conexion23.com\/"},{"@type":"ListItem","position":2,"name":"Di\u00f3cesis de SPM realiza gran concentraci\u00f3n \u00abUn Paso Por Mi Familia\u00bb"}]},{"@type":"WebSite","@id":"https:\/\/conexion23.com\/#website","url":"https:\/\/conexion23.com\/","name":"Conexi\u00f3n 23","description":"Peri\u00f3dico 100% Petromacorisano","publisher":{"@id":"https:\/\/conexion23.com\/#organization"},"potentialAction":[{"@type":"SearchAction","target":{"@type":"EntryPoint","urlTemplate":"https:\/\/conexion23.com\/?s={search_term_string}"},"query-input":{"@type":"PropertyValueSpecification","valueRequired":true,"valueName":"search_term_string"}}],"inLanguage":"es"},{"@type":"Organization","@id":"https:\/\/conexion23.com\/#organization","name":"Conexion 23","url":"https:\/\/conexion23.com\/","logo":{"@type":"ImageObject","inLanguage":"es","@id":"https:\/\/conexion23.com\/#\/schema\/logo\/image\/","url":"https:\/\/conexion23.com\/wp-content\/uploads\/2021\/11\/Diseno-sin-titulo-2.png","contentUrl":"https:\/\/conexion23.com\/wp-content\/uploads\/2021\/11\/Diseno-sin-titulo-2.png","width":541,"height":90,"caption":"Conexion 23"},"image":{"@id":"https:\/\/conexion23.com\/#\/schema\/logo\/image\/"},"sameAs":["https:\/\/www.facebook.com\/conexion23com","https:\/\/www.instagram.com\/conexion23com\/","https:\/\/www.youtube.com\/channel\/UCYc7vxxFZMYLIHNsHHxPZ3Q"]},{"@type":"Person","@id":"https:\/\/conexion23.com\/#\/schema\/person\/03e36043331117e97a373299bbcd30a6","name":"Raffy Ben\u00edtez","image":{"@type":"ImageObject","inLanguage":"es","@id":"https:\/\/secure.gravatar.com\/avatar\/3190a6a6c5e1b0327500f7d6c56b6242472ee6cb974cf09b401ee6b3b0798f23?s=96&d=mm&r=g","url":"https:\/\/secure.gravatar.com\/avatar\/3190a6a6c5e1b0327500f7d6c56b6242472ee6cb974cf09b401ee6b3b0798f23?s=96&d=mm&r=g","contentUrl":"https:\/\/secure.gravatar.com\/avatar\/3190a6a6c5e1b0327500f7d6c56b6242472ee6cb974cf09b401ee6b3b0798f23?s=96&d=mm&r=g","caption":"Raffy Ben\u00edtez"},"url":"https:\/\/conexion23.com\/?author=15"}]}},"_links":{"self":[{"href":"https:\/\/conexion23.com\/index.php?rest_route=\/wp\/v2\/posts\/13763","targetHints":{"allow":["GET"]}}],"collection":[{"href":"https:\/\/conexion23.com\/index.php?rest_route=\/wp\/v2\/posts"}],"about":[{"href":"https:\/\/conexion23.com\/index.php?rest_route=\/wp\/v2\/types\/post"}],"author":[{"embeddable":true,"href":"https:\/\/conexion23.com\/index.php?rest_route=\/wp\/v2\/users\/15"}],"replies":[{"embeddable":true,"href":"https:\/\/conexion23.com\/index.php?rest_route=%2Fwp%2Fv2%2Fcomments&post=13763"}],"version-history":[{"count":3,"href":"https:\/\/conexion23.com\/index.php?rest_route=\/wp\/v2\/posts\/13763\/revisions"}],"predecessor-version":[{"id":13792,"href":"https:\/\/conexion23.com\/index.php?rest_route=\/wp\/v2\/posts\/13763\/revisions\/13792"}],"wp:attachment":[{"href":"https:\/\/conexion23.com\/index.php?rest_route=%2Fwp%2Fv2%2Fmedia&parent=13763"}],"wp:term":[{"taxonomy":"category","embeddable":true,"href":"https:\/\/conexion23.com\/index.php?rest_route=%2Fwp%2Fv2%2Fcategories&post=13763"},{"taxonomy":"post_tag","embeddable":true,"href":"https:\/\/conexion23.com\/index.php?rest_route=%2Fwp%2Fv2%2Ftags&post=13763"}],"curies":[{"name":"wp","href":"https:\/\/api.w.org\/{rel}","templated":true}]}}