{"id":13769,"date":"2022-11-21T05:01:21","date_gmt":"2022-11-21T09:01:21","guid":{"rendered":"https:\/\/conexion23.com\/?p=13769"},"modified":"2022-11-21T05:01:25","modified_gmt":"2022-11-21T09:01:25","slug":"el-gobierno-dominicano-rechaza-acusaciones-de-racismo-de-ee-uu","status":"publish","type":"post","link":"https:\/\/conexion23.com\/?p=13769","title":{"rendered":"El Gobierno dominicano rechaza acusaciones de racismo de EE.UU."},"content":{"rendered":"\n<p class=\"wp-block-paragraph\">La alerta de la Embajada de Estados Unidos en el pa\u00eds asegurando que la Direcci\u00f3n de Migraci\u00f3n detiene a ciudadanos afroestadounidenses por su color de piel provoc\u00f3 el descontento de pol\u00edticos del oficialismo y de la oposici\u00f3n quienes pusieron en duda la ocurrencia de estos hechos.<\/p>\n\n\n\n<p class=\"wp-block-paragraph\">El Gobierno dominicano consider\u00f3 \u201cmanifiestamente infundado, extempor\u00e1neo e infeliz\u201d, el documento presentado el s\u00e1bado por&nbsp; Estados Unidos.<\/p>\n\n\n\n<p class=\"wp-block-paragraph\">\u201cLos t\u00e9rminos de dicho comunicado contradicen la excelente relaci\u00f3n bilateral que existe entre Rep\u00fablica Dominicana y Estados Unidos en todos los \u00e1mbitos: pol\u00edtico, econ\u00f3mico, militar, social y de cooperaci\u00f3n, ya sea en materia de narcotr\u00e1fico, trata de personas, contrabando de armamentos y municiones, corrupci\u00f3n o lucha contra la impunidad, entre otros\u201d, lee el comunicado del Ministerio de Relaciones Exteriores.<\/p>\n\n\n\n<p class=\"wp-block-paragraph\">Y agreg\u00f3: \u201cNuestro pa\u00eds es el primer socio comercial de EE.UU. en el Caribe y el sexto en Latinoam\u00e9rica. Hemos sido uno de los aliados m\u00e1s confiables de Estados Unidos en el mantenimiento de un sistema internacional libre, abierto, pr\u00f3spero y seguro para todas las naciones. En ese tenor, fundamos la Alianza para el Desarrollo en Democracia, para promover los valores democr\u00e1ticos y los derechos humanos\u201d.<\/p>\n\n\n\n<h2 class=\"wp-block-heading\">Una manipulaci\u00f3n<\/h2>\n\n\n\n<p class=\"wp-block-paragraph\">Para Jos\u00e9 Ricardo Taveras, exdirector de Migraci\u00f3n en el periodo 2011-2015, la nota publicada por la embajada es una \u201cmanipulaci\u00f3n\u201d contra el Gobierno dominicano que hace unas semanas se neg\u00f3 a detener las deportaciones de haitianos como solicit\u00f3 el Alto Comisionado de la ONU.<\/p>\n\n\n\n<p class=\"wp-block-paragraph\">\u201cNo puedo endosar la denuncia de la Embajada porque eso no es verdad. La Direcci\u00f3n de Migraci\u00f3n podr\u00e1 cometer un error como se cometen, como lo cometen los norteamericanos porque tiene m\u00e1s de 20 mil devoluciones cada d\u00eda en la frontera con M\u00e9xico y que enfrentan a los haitianos con fustas desde un caballo, entonces con qu\u00e9 autoridad moral viene la embajada americana\u00a0 a emplazar al pueblo dominicano de esa manera, a desacreditarnos, manipulando, una embajada mintiendo porque no he o\u00eddo ni la primera denuncia de un ciudadano norteamericano que haya tenido ning\u00fan tipo de problema\u201d, deplor\u00f3.<\/p>\n\n\n\n<p class=\"wp-block-paragraph\">La embajada estadounidense dijo en su nota de advertencia que tiene informes de que \u201clos detenidos se mantienen en centros de detenci\u00f3n superpoblados, sin la capacidad de impugnar su detenci\u00f3n y sin acceso a alimentos o ba\u00f1os, a veces, durante d\u00edas, antes de ser liberados o deportados a Hait\u00ed\u201d, ante esa \u201csituaci\u00f3n\u201d aconsej\u00f3 a sus ciudadanos de piel oscura a llevar consigo su pasaporte y un tel\u00e9fono m\u00f3vil cargado y reportar a la embajada o al Defensor del Pueblo. &nbsp;<\/p>\n\n\n\n<h2 class=\"wp-block-heading\">Ning\u00fan caso<\/h2>\n\n\n\n<p class=\"wp-block-paragraph\">Diario Libre se comunic\u00f3 con el defensor del pueblo, Pablo Ulloa, para que explicase si en las \u00faltimas semanas ha recibido denuncias similares a las que expresa la embajada.<\/p>\n\n\n\n<p class=\"wp-block-paragraph\">\u201cNo nos ha llegado ning\u00fan caso espec\u00edfico de lo planteado por el documento. Ahora bien, el Defensor del Pueblo est\u00e1 presto y dispuesto para cualquier situaci\u00f3n que se presente donde el ser humano se sienta vulnerado o lacerado por la administraci\u00f3n p\u00fablica\u201d, indic\u00f3 Ulloa.<\/p>\n\n\n\n<p class=\"wp-block-paragraph\">El coordinador residente de las Naciones Unidas en la Rep\u00fablica Dominicana, Mauricio Ram\u00edrez Villegas, dijo que tampoco tiene reportes de situaciones con afroestadounidenses en los puertos de entrada en el pa\u00eds, pero que \u201csin duda hay casos de dominicanos y funcionarios de la ONU que por su color de piel son tratados como presuntos haitianos\u201d.<\/p>\n\n\n\n<p class=\"wp-block-paragraph\">\u201cLas autoridades de Migraci\u00f3n tampoco sistematizan informaci\u00f3n basada en el color de la piel o su origen \u00e9tnico, solo se hace por nacionalidad, no obstante, la alerta emitida por el gobierno de los Estados Unidos, se debe basar en denuncias que sus ciudadanos hayan presentado a su Embajada\u201d, explic\u00f3.<\/p>\n\n\n\n<p class=\"wp-block-paragraph\"><strong>Cuidar protocolo&nbsp;<\/strong><\/p>\n","protected":false},"excerpt":{"rendered":"<p>La alerta de la Embajada de Estados Unidos en el pa\u00eds asegurando que la Direcci\u00f3n de Migraci\u00f3n detiene a ciudadanos afroestadounidenses por su color de piel provoc\u00f3 el descontento de pol\u00edticos del oficialismo y de la oposici\u00f3n quienes pusieron en duda la ocurrencia de estos hechos. El Gobierno dominicano consider\u00f3 \u201cmanifiestamente infundado, extempor\u00e1neo e infeliz\u201d, [&hellip;]<\/p>\n","protected":false},"author":15,"featured_media":0,"comment_status":"open","ping_status":"open","sticky":false,"template":"","format":"standard","meta":{"footnotes":""},"categories":[1],"tags":[],"class_list":["post-13769","post","type-post","status-publish","format-standard","category-uncategorized"],"yoast_head":"<!-- This site is optimized with the Yoast SEO plugin v27.6 - https:\/\/yoast.com\/product\/yoast-seo-wordpress\/ -->\n<title>El Gobierno dominicano rechaza acusaciones de racismo de EE.UU. - Conexi\u00f3n 23<\/title>\n<meta name=\"robots\" content=\"index, follow, max-snippet:-1, max-image-preview:large, max-video-preview:-1\" \/>\n<link rel=\"canonical\" href=\"https:\/\/conexion23.com\/?p=13769\" \/>\n<meta property=\"og:locale\" content=\"es_ES\" \/>\n<meta property=\"og:type\" content=\"article\" \/>\n<meta property=\"og:title\" content=\"El Gobierno dominicano rechaza acusaciones de racismo de EE.UU. - Conexi\u00f3n 23\" \/>\n<meta property=\"og:description\" content=\"La alerta de la Embajada de Estados Unidos en el pa\u00eds asegurando que la Direcci\u00f3n de Migraci\u00f3n detiene a ciudadanos afroestadounidenses por su color de piel provoc\u00f3 el descontento de pol\u00edticos del oficialismo y de la oposici\u00f3n quienes pusieron en duda la ocurrencia de estos hechos. El Gobierno dominicano consider\u00f3 \u201cmanifiestamente infundado, extempor\u00e1neo e infeliz\u201d, [&hellip;]\" \/>\n<meta property=\"og:url\" content=\"https:\/\/conexion23.com\/?p=13769\" \/>\n<meta property=\"og:site_name\" content=\"Conexi\u00f3n 23\" \/>\n<meta property=\"article:publisher\" content=\"https:\/\/www.facebook.com\/conexion23com\" \/>\n<meta property=\"article:published_time\" content=\"2022-11-21T09:01:21+00:00\" \/>\n<meta property=\"article:modified_time\" content=\"2022-11-21T09:01:25+00:00\" \/>\n<meta name=\"author\" content=\"Raffy Ben\u00edtez\" \/>\n<meta name=\"twitter:card\" content=\"summary_large_image\" \/>\n<meta name=\"twitter:label1\" content=\"Escrito por\" \/>\n\t<meta name=\"twitter:data1\" content=\"Raffy Ben\u00edtez\" \/>\n\t<meta name=\"twitter:label2\" content=\"Tiempo de lectura\" \/>\n\t<meta name=\"twitter:data2\" content=\"3 minutos\" \/>\n<script type=\"application\/ld+json\" class=\"yoast-schema-graph\">{\"@context\":\"https:\\\/\\\/schema.org\",\"@graph\":[{\"@type\":\"Article\",\"@id\":\"https:\\\/\\\/conexion23.com\\\/?p=13769#article\",\"isPartOf\":{\"@id\":\"https:\\\/\\\/conexion23.com\\\/?p=13769\"},\"author\":{\"name\":\"Raffy Ben\u00edtez\",\"@id\":\"http:\\\/\\\/conexion23.com\\\/#\\\/schema\\\/person\\\/03e36043331117e97a373299bbcd30a6\"},\"headline\":\"El Gobierno dominicano rechaza acusaciones de racismo de EE.UU.\",\"datePublished\":\"2022-11-21T09:01:21+00:00\",\"dateModified\":\"2022-11-21T09:01:25+00:00\",\"mainEntityOfPage\":{\"@id\":\"https:\\\/\\\/conexion23.com\\\/?p=13769\"},\"wordCount\":652,\"commentCount\":0,\"publisher\":{\"@id\":\"http:\\\/\\\/conexion23.com\\\/#organization\"},\"articleSection\":[\"Uncategorized\"],\"inLanguage\":\"es\",\"potentialAction\":[{\"@type\":\"CommentAction\",\"name\":\"Comment\",\"target\":[\"https:\\\/\\\/conexion23.com\\\/?p=13769#respond\"]}]},{\"@type\":\"WebPage\",\"@id\":\"https:\\\/\\\/conexion23.com\\\/?p=13769\",\"url\":\"https:\\\/\\\/conexion23.com\\\/?p=13769\",\"name\":\"El Gobierno dominicano rechaza acusaciones de racismo de EE.UU. - Conexi\u00f3n 23\",\"isPartOf\":{\"@id\":\"http:\\\/\\\/conexion23.com\\\/#website\"},\"datePublished\":\"2022-11-21T09:01:21+00:00\",\"dateModified\":\"2022-11-21T09:01:25+00:00\",\"breadcrumb\":{\"@id\":\"https:\\\/\\\/conexion23.com\\\/?p=13769#breadcrumb\"},\"inLanguage\":\"es\",\"potentialAction\":[{\"@type\":\"ReadAction\",\"target\":[\"https:\\\/\\\/conexion23.com\\\/?p=13769\"]}]},{\"@type\":\"BreadcrumbList\",\"@id\":\"https:\\\/\\\/conexion23.com\\\/?p=13769#breadcrumb\",\"itemListElement\":[{\"@type\":\"ListItem\",\"position\":1,\"name\":\"Portada\",\"item\":\"http:\\\/\\\/conexion23.com\\\/\"},{\"@type\":\"ListItem\",\"position\":2,\"name\":\"El Gobierno dominicano rechaza acusaciones de racismo de EE.UU.\"}]},{\"@type\":\"WebSite\",\"@id\":\"http:\\\/\\\/conexion23.com\\\/#website\",\"url\":\"http:\\\/\\\/conexion23.com\\\/\",\"name\":\"Conexi\u00f3n 23\",\"description\":\"Peri\u00f3dico 100% Petromacorisano\",\"publisher\":{\"@id\":\"http:\\\/\\\/conexion23.com\\\/#organization\"},\"potentialAction\":[{\"@type\":\"SearchAction\",\"target\":{\"@type\":\"EntryPoint\",\"urlTemplate\":\"http:\\\/\\\/conexion23.com\\\/?s={search_term_string}\"},\"query-input\":{\"@type\":\"PropertyValueSpecification\",\"valueRequired\":true,\"valueName\":\"search_term_string\"}}],\"inLanguage\":\"es\"},{\"@type\":\"Organization\",\"@id\":\"http:\\\/\\\/conexion23.com\\\/#organization\",\"name\":\"Conexion 23\",\"url\":\"http:\\\/\\\/conexion23.com\\\/\",\"logo\":{\"@type\":\"ImageObject\",\"inLanguage\":\"es\",\"@id\":\"http:\\\/\\\/conexion23.com\\\/#\\\/schema\\\/logo\\\/image\\\/\",\"url\":\"https:\\\/\\\/conexion23.com\\\/wp-content\\\/uploads\\\/2021\\\/11\\\/Diseno-sin-titulo-2.png\",\"contentUrl\":\"https:\\\/\\\/conexion23.com\\\/wp-content\\\/uploads\\\/2021\\\/11\\\/Diseno-sin-titulo-2.png\",\"width\":541,\"height\":90,\"caption\":\"Conexion 23\"},\"image\":{\"@id\":\"http:\\\/\\\/conexion23.com\\\/#\\\/schema\\\/logo\\\/image\\\/\"},\"sameAs\":[\"https:\\\/\\\/www.facebook.com\\\/conexion23com\",\"https:\\\/\\\/www.instagram.com\\\/conexion23com\\\/\",\"https:\\\/\\\/www.youtube.com\\\/channel\\\/UCYc7vxxFZMYLIHNsHHxPZ3Q\"]},{\"@type\":\"Person\",\"@id\":\"http:\\\/\\\/conexion23.com\\\/#\\\/schema\\\/person\\\/03e36043331117e97a373299bbcd30a6\",\"name\":\"Raffy Ben\u00edtez\",\"image\":{\"@type\":\"ImageObject\",\"inLanguage\":\"es\",\"@id\":\"https:\\\/\\\/secure.gravatar.com\\\/avatar\\\/3190a6a6c5e1b0327500f7d6c56b6242472ee6cb974cf09b401ee6b3b0798f23?s=96&d=mm&r=g\",\"url\":\"https:\\\/\\\/secure.gravatar.com\\\/avatar\\\/3190a6a6c5e1b0327500f7d6c56b6242472ee6cb974cf09b401ee6b3b0798f23?s=96&d=mm&r=g\",\"contentUrl\":\"https:\\\/\\\/secure.gravatar.com\\\/avatar\\\/3190a6a6c5e1b0327500f7d6c56b6242472ee6cb974cf09b401ee6b3b0798f23?s=96&d=mm&r=g\",\"caption\":\"Raffy Ben\u00edtez\"},\"url\":\"https:\\\/\\\/conexion23.com\\\/?author=15\"}]}<\/script>\n<!-- \/ Yoast SEO plugin. -->","yoast_head_json":{"title":"El Gobierno dominicano rechaza acusaciones de racismo de EE.UU. - Conexi\u00f3n 23","robots":{"index":"index","follow":"follow","max-snippet":"max-snippet:-1","max-image-preview":"max-image-preview:large","max-video-preview":"max-video-preview:-1"},"canonical":"https:\/\/conexion23.com\/?p=13769","og_locale":"es_ES","og_type":"article","og_title":"El Gobierno dominicano rechaza acusaciones de racismo de EE.UU. - Conexi\u00f3n 23","og_description":"La alerta de la Embajada de Estados Unidos en el pa\u00eds asegurando que la Direcci\u00f3n de Migraci\u00f3n detiene a ciudadanos afroestadounidenses por su color de piel provoc\u00f3 el descontento de pol\u00edticos del oficialismo y de la oposici\u00f3n quienes pusieron en duda la ocurrencia de estos hechos. El Gobierno dominicano consider\u00f3 \u201cmanifiestamente infundado, extempor\u00e1neo e infeliz\u201d, [&hellip;]","og_url":"https:\/\/conexion23.com\/?p=13769","og_site_name":"Conexi\u00f3n 23","article_publisher":"https:\/\/www.facebook.com\/conexion23com","article_published_time":"2022-11-21T09:01:21+00:00","article_modified_time":"2022-11-21T09:01:25+00:00","author":"Raffy Ben\u00edtez","twitter_card":"summary_large_image","twitter_misc":{"Escrito por":"Raffy Ben\u00edtez","Tiempo de lectura":"3 minutos"},"schema":{"@context":"https:\/\/schema.org","@graph":[{"@type":"Article","@id":"https:\/\/conexion23.com\/?p=13769#article","isPartOf":{"@id":"https:\/\/conexion23.com\/?p=13769"},"author":{"name":"Raffy Ben\u00edtez","@id":"http:\/\/conexion23.com\/#\/schema\/person\/03e36043331117e97a373299bbcd30a6"},"headline":"El Gobierno dominicano rechaza acusaciones de racismo de EE.UU.","datePublished":"2022-11-21T09:01:21+00:00","dateModified":"2022-11-21T09:01:25+00:00","mainEntityOfPage":{"@id":"https:\/\/conexion23.com\/?p=13769"},"wordCount":652,"commentCount":0,"publisher":{"@id":"http:\/\/conexion23.com\/#organization"},"articleSection":["Uncategorized"],"inLanguage":"es","potentialAction":[{"@type":"CommentAction","name":"Comment","target":["https:\/\/conexion23.com\/?p=13769#respond"]}]},{"@type":"WebPage","@id":"https:\/\/conexion23.com\/?p=13769","url":"https:\/\/conexion23.com\/?p=13769","name":"El Gobierno dominicano rechaza acusaciones de racismo de EE.UU. - Conexi\u00f3n 23","isPartOf":{"@id":"http:\/\/conexion23.com\/#website"},"datePublished":"2022-11-21T09:01:21+00:00","dateModified":"2022-11-21T09:01:25+00:00","breadcrumb":{"@id":"https:\/\/conexion23.com\/?p=13769#breadcrumb"},"inLanguage":"es","potentialAction":[{"@type":"ReadAction","target":["https:\/\/conexion23.com\/?p=13769"]}]},{"@type":"BreadcrumbList","@id":"https:\/\/conexion23.com\/?p=13769#breadcrumb","itemListElement":[{"@type":"ListItem","position":1,"name":"Portada","item":"http:\/\/conexion23.com\/"},{"@type":"ListItem","position":2,"name":"El Gobierno dominicano rechaza acusaciones de racismo de EE.UU."}]},{"@type":"WebSite","@id":"http:\/\/conexion23.com\/#website","url":"http:\/\/conexion23.com\/","name":"Conexi\u00f3n 23","description":"Peri\u00f3dico 100% Petromacorisano","publisher":{"@id":"http:\/\/conexion23.com\/#organization"},"potentialAction":[{"@type":"SearchAction","target":{"@type":"EntryPoint","urlTemplate":"http:\/\/conexion23.com\/?s={search_term_string}"},"query-input":{"@type":"PropertyValueSpecification","valueRequired":true,"valueName":"search_term_string"}}],"inLanguage":"es"},{"@type":"Organization","@id":"http:\/\/conexion23.com\/#organization","name":"Conexion 23","url":"http:\/\/conexion23.com\/","logo":{"@type":"ImageObject","inLanguage":"es","@id":"http:\/\/conexion23.com\/#\/schema\/logo\/image\/","url":"https:\/\/conexion23.com\/wp-content\/uploads\/2021\/11\/Diseno-sin-titulo-2.png","contentUrl":"https:\/\/conexion23.com\/wp-content\/uploads\/2021\/11\/Diseno-sin-titulo-2.png","width":541,"height":90,"caption":"Conexion 23"},"image":{"@id":"http:\/\/conexion23.com\/#\/schema\/logo\/image\/"},"sameAs":["https:\/\/www.facebook.com\/conexion23com","https:\/\/www.instagram.com\/conexion23com\/","https:\/\/www.youtube.com\/channel\/UCYc7vxxFZMYLIHNsHHxPZ3Q"]},{"@type":"Person","@id":"http:\/\/conexion23.com\/#\/schema\/person\/03e36043331117e97a373299bbcd30a6","name":"Raffy Ben\u00edtez","image":{"@type":"ImageObject","inLanguage":"es","@id":"https:\/\/secure.gravatar.com\/avatar\/3190a6a6c5e1b0327500f7d6c56b6242472ee6cb974cf09b401ee6b3b0798f23?s=96&d=mm&r=g","url":"https:\/\/secure.gravatar.com\/avatar\/3190a6a6c5e1b0327500f7d6c56b6242472ee6cb974cf09b401ee6b3b0798f23?s=96&d=mm&r=g","contentUrl":"https:\/\/secure.gravatar.com\/avatar\/3190a6a6c5e1b0327500f7d6c56b6242472ee6cb974cf09b401ee6b3b0798f23?s=96&d=mm&r=g","caption":"Raffy Ben\u00edtez"},"url":"https:\/\/conexion23.com\/?author=15"}]}},"_links":{"self":[{"href":"https:\/\/conexion23.com\/index.php?rest_route=\/wp\/v2\/posts\/13769","targetHints":{"allow":["GET"]}}],"collection":[{"href":"https:\/\/conexion23.com\/index.php?rest_route=\/wp\/v2\/posts"}],"about":[{"href":"https:\/\/conexion23.com\/index.php?rest_route=\/wp\/v2\/types\/post"}],"author":[{"embeddable":true,"href":"https:\/\/conexion23.com\/index.php?rest_route=\/wp\/v2\/users\/15"}],"replies":[{"embeddable":true,"href":"https:\/\/conexion23.com\/index.php?rest_route=%2Fwp%2Fv2%2Fcomments&post=13769"}],"version-history":[{"count":1,"href":"https:\/\/conexion23.com\/index.php?rest_route=\/wp\/v2\/posts\/13769\/revisions"}],"predecessor-version":[{"id":13771,"href":"https:\/\/conexion23.com\/index.php?rest_route=\/wp\/v2\/posts\/13769\/revisions\/13771"}],"wp:attachment":[{"href":"https:\/\/conexion23.com\/index.php?rest_route=%2Fwp%2Fv2%2Fmedia&parent=13769"}],"wp:term":[{"taxonomy":"category","embeddable":true,"href":"https:\/\/conexion23.com\/index.php?rest_route=%2Fwp%2Fv2%2Fcategories&post=13769"},{"taxonomy":"post_tag","embeddable":true,"href":"https:\/\/conexion23.com\/index.php?rest_route=%2Fwp%2Fv2%2Ftags&post=13769"}],"curies":[{"name":"wp","href":"https:\/\/api.w.org\/{rel}","templated":true}]}}