{"id":13772,"date":"2022-11-21T05:06:19","date_gmt":"2022-11-21T09:06:19","guid":{"rendered":"https:\/\/conexion23.com\/?p=13772"},"modified":"2022-11-21T05:06:23","modified_gmt":"2022-11-21T09:06:23","slug":"abel-martinez-arremete-contra-gobierno-prm-lo-califica-de-fracasado","status":"publish","type":"post","link":"https:\/\/conexion23.com\/?p=13772","title":{"rendered":"Abel Mart\u00ednez arremete contra Gobierno PRM; lo califica de \u00abfracasado\u00bb"},"content":{"rendered":"\n<p class=\"wp-block-paragraph\">HIGUEY, Rep\u00fablica Dominicana.- El  aspirante presidencial del Partido de la Liberaci\u00f3n Dominicana (PLD), Abel Mart\u00ednez, hizo este domingo fuertes cr\u00edticas al Gobierno del PRM, al que calific\u00f3 de \u00abfracasado\u00bb.<\/p>\n\n\n\n<p class=\"wp-block-paragraph\">Mart\u00ednez habl\u00f3 en un acto encabezado por el ex presidente Danilo Medina, en el cual fueron juramentados numerosos nuevos miembros de esta organizaci\u00f3n opositora.<\/p>\n\n\n\n<p class=\"wp-block-paragraph\">\u201cEste gobierno es el gobierno de los fracasos porque se ha rendido ante los problemas nacionales; este gobierno del PRM est\u00e1 arrodillado ante la delincuencia y ha dado la espalda a los sectores productivos; se ha rendido ante el costo de la vida y ante los precios de los alimentos; se ha rendido ante el deterioro de la salud y del sistema del 911\u201d, manifest\u00f3 el virtual candidato presidencial.<\/p>\n\n\n\n<p class=\"wp-block-paragraph\">Puso en tela de juicio las medidas tomadas por las autoridades con el fin de controlar el ruido y se\u00f1al\u00f3 que \u201cel mayor ruido es producido desde el Gobierno, ya que perjudica a la poblaci\u00f3n\u201d.<\/p>\n\n\n\n<p class=\"wp-block-paragraph\">\u201cNo hay ruido m\u00e1s nefasto que el caldero vac\u00edo de las familias pobres en Rep\u00fablica Dominicana; por eso&nbsp;le digo a este Gobierno que si quiere prohibir los ruidos, que combata la delincuencia. No hay peor ruido que el que lacera el alma cuando te matan a un familiar en la calle, cuando te lo atracan, cuando te lo violan, cuando te lo secuestran; eso es hacer ruido y eso es lo que el Gobierno ha sido incapaz de corregir\u201d, expres\u00f3.<br>Calific\u00f3 como uno de los peores ruidos, la desesperanza que hoy embarga a la juventud que no encuentra trabajo, e inst\u00f3 a las autoridades a \u201cresolver esos ruidos que son los que verdaderamente mortifican, maltratan a los dominicanos\u201d.<\/p>\n\n\n\n<p class=\"wp-block-paragraph\">\u201cEste gobierno s\u00f3lo sabe hablar; habla m\u00e1s que los pericos y hace menos que los perezosos; por eso en un a\u00f1o cinco meses y 28 d\u00edas en las urnas le diremos que se van, porque no han podido resolver los problemas del pa\u00eds; cada d\u00eda el pobre es m\u00e1s pobre y la comida es m\u00e1s cara\u201d.<\/p>\n\n\n\n<p class=\"wp-block-paragraph\">Llam\u00f3 a la militancia del PLD a trabajar de sol a sol, porque \u201choy m\u00e1s que nunca la historia nos llama a sacar la cara por el pueblo, a combatir un gobierno indolente, nos llama a defender la estrella del PLD<\/p>\n","protected":false},"excerpt":{"rendered":"<p>HIGUEY, Rep\u00fablica Dominicana.- El aspirante presidencial del Partido de la Liberaci\u00f3n Dominicana (PLD), Abel Mart\u00ednez, hizo este domingo fuertes cr\u00edticas al Gobierno del PRM, al que calific\u00f3 de \u00abfracasado\u00bb. Mart\u00ednez habl\u00f3 en un acto encabezado por el ex presidente Danilo Medina, en el cual fueron juramentados numerosos nuevos miembros de esta organizaci\u00f3n opositora. \u201cEste gobierno [&hellip;]<\/p>\n","protected":false},"author":15,"featured_media":0,"comment_status":"open","ping_status":"open","sticky":false,"template":"","format":"standard","meta":{"footnotes":""},"categories":[2474],"tags":[],"class_list":["post-13772","post","type-post","status-publish","format-standard","category-la-altagracia"],"yoast_head":"<!-- This site is optimized with the Yoast SEO plugin v27.6 - https:\/\/yoast.com\/product\/yoast-seo-wordpress\/ -->\n<title>Abel Mart\u00ednez arremete contra Gobierno PRM; lo califica de \u00abfracasado\u00bb - Conexi\u00f3n 23<\/title>\n<meta name=\"robots\" content=\"index, follow, max-snippet:-1, max-image-preview:large, max-video-preview:-1\" \/>\n<link rel=\"canonical\" href=\"https:\/\/conexion23.com\/?p=13772\" \/>\n<meta property=\"og:locale\" content=\"es_ES\" \/>\n<meta property=\"og:type\" content=\"article\" \/>\n<meta property=\"og:title\" content=\"Abel Mart\u00ednez arremete contra Gobierno PRM; lo califica de \u00abfracasado\u00bb - Conexi\u00f3n 23\" \/>\n<meta property=\"og:description\" content=\"HIGUEY, Rep\u00fablica Dominicana.- El aspirante presidencial del Partido de la Liberaci\u00f3n Dominicana (PLD), Abel Mart\u00ednez, hizo este domingo fuertes cr\u00edticas al Gobierno del PRM, al que calific\u00f3 de \u00abfracasado\u00bb. Mart\u00ednez habl\u00f3 en un acto encabezado por el ex presidente Danilo Medina, en el cual fueron juramentados numerosos nuevos miembros de esta organizaci\u00f3n opositora. \u201cEste gobierno [&hellip;]\" \/>\n<meta property=\"og:url\" content=\"https:\/\/conexion23.com\/?p=13772\" \/>\n<meta property=\"og:site_name\" content=\"Conexi\u00f3n 23\" \/>\n<meta property=\"article:publisher\" content=\"https:\/\/www.facebook.com\/conexion23com\" \/>\n<meta property=\"article:published_time\" content=\"2022-11-21T09:06:19+00:00\" \/>\n<meta property=\"article:modified_time\" content=\"2022-11-21T09:06:23+00:00\" \/>\n<meta name=\"author\" content=\"Raffy Ben\u00edtez\" \/>\n<meta name=\"twitter:card\" content=\"summary_large_image\" \/>\n<meta name=\"twitter:label1\" content=\"Escrito por\" \/>\n\t<meta name=\"twitter:data1\" content=\"Raffy Ben\u00edtez\" \/>\n\t<meta name=\"twitter:label2\" content=\"Tiempo de lectura\" \/>\n\t<meta name=\"twitter:data2\" content=\"2 minutos\" \/>\n<script type=\"application\/ld+json\" class=\"yoast-schema-graph\">{\"@context\":\"https:\\\/\\\/schema.org\",\"@graph\":[{\"@type\":\"Article\",\"@id\":\"https:\\\/\\\/conexion23.com\\\/?p=13772#article\",\"isPartOf\":{\"@id\":\"https:\\\/\\\/conexion23.com\\\/?p=13772\"},\"author\":{\"name\":\"Raffy Ben\u00edtez\",\"@id\":\"http:\\\/\\\/conexion23.com\\\/#\\\/schema\\\/person\\\/03e36043331117e97a373299bbcd30a6\"},\"headline\":\"Abel Mart\u00ednez arremete contra Gobierno PRM; lo califica de \u00abfracasado\u00bb\",\"datePublished\":\"2022-11-21T09:06:19+00:00\",\"dateModified\":\"2022-11-21T09:06:23+00:00\",\"mainEntityOfPage\":{\"@id\":\"https:\\\/\\\/conexion23.com\\\/?p=13772\"},\"wordCount\":404,\"commentCount\":0,\"publisher\":{\"@id\":\"http:\\\/\\\/conexion23.com\\\/#organization\"},\"articleSection\":[\"La Altagracia\"],\"inLanguage\":\"es\",\"potentialAction\":[{\"@type\":\"CommentAction\",\"name\":\"Comment\",\"target\":[\"https:\\\/\\\/conexion23.com\\\/?p=13772#respond\"]}]},{\"@type\":\"WebPage\",\"@id\":\"https:\\\/\\\/conexion23.com\\\/?p=13772\",\"url\":\"https:\\\/\\\/conexion23.com\\\/?p=13772\",\"name\":\"Abel Mart\u00ednez arremete contra Gobierno PRM; lo califica de \u00abfracasado\u00bb - Conexi\u00f3n 23\",\"isPartOf\":{\"@id\":\"http:\\\/\\\/conexion23.com\\\/#website\"},\"datePublished\":\"2022-11-21T09:06:19+00:00\",\"dateModified\":\"2022-11-21T09:06:23+00:00\",\"breadcrumb\":{\"@id\":\"https:\\\/\\\/conexion23.com\\\/?p=13772#breadcrumb\"},\"inLanguage\":\"es\",\"potentialAction\":[{\"@type\":\"ReadAction\",\"target\":[\"https:\\\/\\\/conexion23.com\\\/?p=13772\"]}]},{\"@type\":\"BreadcrumbList\",\"@id\":\"https:\\\/\\\/conexion23.com\\\/?p=13772#breadcrumb\",\"itemListElement\":[{\"@type\":\"ListItem\",\"position\":1,\"name\":\"Portada\",\"item\":\"http:\\\/\\\/conexion23.com\\\/\"},{\"@type\":\"ListItem\",\"position\":2,\"name\":\"Abel Mart\u00ednez arremete contra Gobierno PRM; lo califica de \u00abfracasado\u00bb\"}]},{\"@type\":\"WebSite\",\"@id\":\"http:\\\/\\\/conexion23.com\\\/#website\",\"url\":\"http:\\\/\\\/conexion23.com\\\/\",\"name\":\"Conexi\u00f3n 23\",\"description\":\"Peri\u00f3dico 100% Petromacorisano\",\"publisher\":{\"@id\":\"http:\\\/\\\/conexion23.com\\\/#organization\"},\"potentialAction\":[{\"@type\":\"SearchAction\",\"target\":{\"@type\":\"EntryPoint\",\"urlTemplate\":\"http:\\\/\\\/conexion23.com\\\/?s={search_term_string}\"},\"query-input\":{\"@type\":\"PropertyValueSpecification\",\"valueRequired\":true,\"valueName\":\"search_term_string\"}}],\"inLanguage\":\"es\"},{\"@type\":\"Organization\",\"@id\":\"http:\\\/\\\/conexion23.com\\\/#organization\",\"name\":\"Conexion 23\",\"url\":\"http:\\\/\\\/conexion23.com\\\/\",\"logo\":{\"@type\":\"ImageObject\",\"inLanguage\":\"es\",\"@id\":\"http:\\\/\\\/conexion23.com\\\/#\\\/schema\\\/logo\\\/image\\\/\",\"url\":\"https:\\\/\\\/conexion23.com\\\/wp-content\\\/uploads\\\/2021\\\/11\\\/Diseno-sin-titulo-2.png\",\"contentUrl\":\"https:\\\/\\\/conexion23.com\\\/wp-content\\\/uploads\\\/2021\\\/11\\\/Diseno-sin-titulo-2.png\",\"width\":541,\"height\":90,\"caption\":\"Conexion 23\"},\"image\":{\"@id\":\"http:\\\/\\\/conexion23.com\\\/#\\\/schema\\\/logo\\\/image\\\/\"},\"sameAs\":[\"https:\\\/\\\/www.facebook.com\\\/conexion23com\",\"https:\\\/\\\/www.instagram.com\\\/conexion23com\\\/\",\"https:\\\/\\\/www.youtube.com\\\/channel\\\/UCYc7vxxFZMYLIHNsHHxPZ3Q\"]},{\"@type\":\"Person\",\"@id\":\"http:\\\/\\\/conexion23.com\\\/#\\\/schema\\\/person\\\/03e36043331117e97a373299bbcd30a6\",\"name\":\"Raffy Ben\u00edtez\",\"image\":{\"@type\":\"ImageObject\",\"inLanguage\":\"es\",\"@id\":\"https:\\\/\\\/secure.gravatar.com\\\/avatar\\\/3190a6a6c5e1b0327500f7d6c56b6242472ee6cb974cf09b401ee6b3b0798f23?s=96&d=mm&r=g\",\"url\":\"https:\\\/\\\/secure.gravatar.com\\\/avatar\\\/3190a6a6c5e1b0327500f7d6c56b6242472ee6cb974cf09b401ee6b3b0798f23?s=96&d=mm&r=g\",\"contentUrl\":\"https:\\\/\\\/secure.gravatar.com\\\/avatar\\\/3190a6a6c5e1b0327500f7d6c56b6242472ee6cb974cf09b401ee6b3b0798f23?s=96&d=mm&r=g\",\"caption\":\"Raffy Ben\u00edtez\"},\"url\":\"https:\\\/\\\/conexion23.com\\\/?author=15\"}]}<\/script>\n<!-- \/ Yoast SEO plugin. -->","yoast_head_json":{"title":"Abel Mart\u00ednez arremete contra Gobierno PRM; lo califica de \u00abfracasado\u00bb - Conexi\u00f3n 23","robots":{"index":"index","follow":"follow","max-snippet":"max-snippet:-1","max-image-preview":"max-image-preview:large","max-video-preview":"max-video-preview:-1"},"canonical":"https:\/\/conexion23.com\/?p=13772","og_locale":"es_ES","og_type":"article","og_title":"Abel Mart\u00ednez arremete contra Gobierno PRM; lo califica de \u00abfracasado\u00bb - Conexi\u00f3n 23","og_description":"HIGUEY, Rep\u00fablica Dominicana.- El aspirante presidencial del Partido de la Liberaci\u00f3n Dominicana (PLD), Abel Mart\u00ednez, hizo este domingo fuertes cr\u00edticas al Gobierno del PRM, al que calific\u00f3 de \u00abfracasado\u00bb. Mart\u00ednez habl\u00f3 en un acto encabezado por el ex presidente Danilo Medina, en el cual fueron juramentados numerosos nuevos miembros de esta organizaci\u00f3n opositora. \u201cEste gobierno [&hellip;]","og_url":"https:\/\/conexion23.com\/?p=13772","og_site_name":"Conexi\u00f3n 23","article_publisher":"https:\/\/www.facebook.com\/conexion23com","article_published_time":"2022-11-21T09:06:19+00:00","article_modified_time":"2022-11-21T09:06:23+00:00","author":"Raffy Ben\u00edtez","twitter_card":"summary_large_image","twitter_misc":{"Escrito por":"Raffy Ben\u00edtez","Tiempo de lectura":"2 minutos"},"schema":{"@context":"https:\/\/schema.org","@graph":[{"@type":"Article","@id":"https:\/\/conexion23.com\/?p=13772#article","isPartOf":{"@id":"https:\/\/conexion23.com\/?p=13772"},"author":{"name":"Raffy Ben\u00edtez","@id":"http:\/\/conexion23.com\/#\/schema\/person\/03e36043331117e97a373299bbcd30a6"},"headline":"Abel Mart\u00ednez arremete contra Gobierno PRM; lo califica de \u00abfracasado\u00bb","datePublished":"2022-11-21T09:06:19+00:00","dateModified":"2022-11-21T09:06:23+00:00","mainEntityOfPage":{"@id":"https:\/\/conexion23.com\/?p=13772"},"wordCount":404,"commentCount":0,"publisher":{"@id":"http:\/\/conexion23.com\/#organization"},"articleSection":["La Altagracia"],"inLanguage":"es","potentialAction":[{"@type":"CommentAction","name":"Comment","target":["https:\/\/conexion23.com\/?p=13772#respond"]}]},{"@type":"WebPage","@id":"https:\/\/conexion23.com\/?p=13772","url":"https:\/\/conexion23.com\/?p=13772","name":"Abel Mart\u00ednez arremete contra Gobierno PRM; lo califica de \u00abfracasado\u00bb - Conexi\u00f3n 23","isPartOf":{"@id":"http:\/\/conexion23.com\/#website"},"datePublished":"2022-11-21T09:06:19+00:00","dateModified":"2022-11-21T09:06:23+00:00","breadcrumb":{"@id":"https:\/\/conexion23.com\/?p=13772#breadcrumb"},"inLanguage":"es","potentialAction":[{"@type":"ReadAction","target":["https:\/\/conexion23.com\/?p=13772"]}]},{"@type":"BreadcrumbList","@id":"https:\/\/conexion23.com\/?p=13772#breadcrumb","itemListElement":[{"@type":"ListItem","position":1,"name":"Portada","item":"http:\/\/conexion23.com\/"},{"@type":"ListItem","position":2,"name":"Abel Mart\u00ednez arremete contra Gobierno PRM; lo califica de \u00abfracasado\u00bb"}]},{"@type":"WebSite","@id":"http:\/\/conexion23.com\/#website","url":"http:\/\/conexion23.com\/","name":"Conexi\u00f3n 23","description":"Peri\u00f3dico 100% Petromacorisano","publisher":{"@id":"http:\/\/conexion23.com\/#organization"},"potentialAction":[{"@type":"SearchAction","target":{"@type":"EntryPoint","urlTemplate":"http:\/\/conexion23.com\/?s={search_term_string}"},"query-input":{"@type":"PropertyValueSpecification","valueRequired":true,"valueName":"search_term_string"}}],"inLanguage":"es"},{"@type":"Organization","@id":"http:\/\/conexion23.com\/#organization","name":"Conexion 23","url":"http:\/\/conexion23.com\/","logo":{"@type":"ImageObject","inLanguage":"es","@id":"http:\/\/conexion23.com\/#\/schema\/logo\/image\/","url":"https:\/\/conexion23.com\/wp-content\/uploads\/2021\/11\/Diseno-sin-titulo-2.png","contentUrl":"https:\/\/conexion23.com\/wp-content\/uploads\/2021\/11\/Diseno-sin-titulo-2.png","width":541,"height":90,"caption":"Conexion 23"},"image":{"@id":"http:\/\/conexion23.com\/#\/schema\/logo\/image\/"},"sameAs":["https:\/\/www.facebook.com\/conexion23com","https:\/\/www.instagram.com\/conexion23com\/","https:\/\/www.youtube.com\/channel\/UCYc7vxxFZMYLIHNsHHxPZ3Q"]},{"@type":"Person","@id":"http:\/\/conexion23.com\/#\/schema\/person\/03e36043331117e97a373299bbcd30a6","name":"Raffy Ben\u00edtez","image":{"@type":"ImageObject","inLanguage":"es","@id":"https:\/\/secure.gravatar.com\/avatar\/3190a6a6c5e1b0327500f7d6c56b6242472ee6cb974cf09b401ee6b3b0798f23?s=96&d=mm&r=g","url":"https:\/\/secure.gravatar.com\/avatar\/3190a6a6c5e1b0327500f7d6c56b6242472ee6cb974cf09b401ee6b3b0798f23?s=96&d=mm&r=g","contentUrl":"https:\/\/secure.gravatar.com\/avatar\/3190a6a6c5e1b0327500f7d6c56b6242472ee6cb974cf09b401ee6b3b0798f23?s=96&d=mm&r=g","caption":"Raffy Ben\u00edtez"},"url":"https:\/\/conexion23.com\/?author=15"}]}},"_links":{"self":[{"href":"https:\/\/conexion23.com\/index.php?rest_route=\/wp\/v2\/posts\/13772","targetHints":{"allow":["GET"]}}],"collection":[{"href":"https:\/\/conexion23.com\/index.php?rest_route=\/wp\/v2\/posts"}],"about":[{"href":"https:\/\/conexion23.com\/index.php?rest_route=\/wp\/v2\/types\/post"}],"author":[{"embeddable":true,"href":"https:\/\/conexion23.com\/index.php?rest_route=\/wp\/v2\/users\/15"}],"replies":[{"embeddable":true,"href":"https:\/\/conexion23.com\/index.php?rest_route=%2Fwp%2Fv2%2Fcomments&post=13772"}],"version-history":[{"count":1,"href":"https:\/\/conexion23.com\/index.php?rest_route=\/wp\/v2\/posts\/13772\/revisions"}],"predecessor-version":[{"id":13774,"href":"https:\/\/conexion23.com\/index.php?rest_route=\/wp\/v2\/posts\/13772\/revisions\/13774"}],"wp:attachment":[{"href":"https:\/\/conexion23.com\/index.php?rest_route=%2Fwp%2Fv2%2Fmedia&parent=13772"}],"wp:term":[{"taxonomy":"category","embeddable":true,"href":"https:\/\/conexion23.com\/index.php?rest_route=%2Fwp%2Fv2%2Fcategories&post=13772"},{"taxonomy":"post_tag","embeddable":true,"href":"https:\/\/conexion23.com\/index.php?rest_route=%2Fwp%2Fv2%2Ftags&post=13772"}],"curies":[{"name":"wp","href":"https:\/\/api.w.org\/{rel}","templated":true}]}}