{"id":13778,"date":"2022-11-21T05:12:58","date_gmt":"2022-11-21T09:12:58","guid":{"rendered":"https:\/\/conexion23.com\/?p=13778"},"modified":"2022-11-21T05:20:28","modified_gmt":"2022-11-21T09:20:28","slug":"nombran-nuevo-ministro-de-interior-en-japon-tras-la-dimision-del-predecesor","status":"publish","type":"post","link":"https:\/\/conexion23.com\/?p=13778","title":{"rendered":"Nombran nuevo ministro de Interior en Jap\u00f3n tras la dimisi\u00f3n del predecesor"},"content":{"rendered":"[et_pb_section admin_label=\u00bbsection\u00bb]\n\t\t\t[et_pb_row admin_label=\u00bbrow\u00bb]\n\t\t\t\t[et_pb_column type=\u00bb4_4&#8243;][et_pb_text admin_label=\u00bbText\u00bb]\n<p class=\"wp-block-paragraph\">El primer ministro japon\u00e9s, Fumio Kishida, nombr\u00f3 este lunes a Takeaki Matsumoto como nuevo&nbsp;<strong>ministro de Interior<\/strong>, despu\u00e9s de que su predecesor dimitiera en la v\u00edspera al verse envuelto en un esc\u00e1ndalo de financiaci\u00f3n.<\/p>\n\n\n\n<p class=\"wp-block-paragraph\">\u00abHe decidido nombrar para el cargo a Takeaki Matsumoto, quien sabe mucho sobre el sistema fiscal, digitalizaci\u00f3n, telecomunicaci\u00f3n y reforma administrativa, adem\u00e1s de tener experiencia previa como ministro\u00bb, dijo hoy Kishida a los medios.<\/p>\n\n\n\n<p class=\"wp-block-paragraph\">El primer ministro tambi\u00e9n se\u00f1al\u00f3 que existen muchos temas pendientes que debe tratar la cartera de Interior y que \u00abquiere cumplir su responsabilidad como primer ministro \u00abbuscando la aprobaci\u00f3n de los temas importantes y pendientes para recuperar la confianza del pueblo japon\u00e9s\u00bb.<\/p>\n\n\n\n<p class=\"wp-block-paragraph\">Matsumoto (63 a\u00f1os), canciller del Partido Democr\u00e1tico (PD, ahora extinto) entre 2009 y 2012, sustituye en el cargo a Minoru Terada, quien present\u00f3 este domingo su dimisi\u00f3n despu\u00e9s de que Kishida se viera presionado para destituirlo, seg\u00fan filtraciones de los medios.<\/p>\n\n\n\n<p class=\"wp-block-paragraph\">El nuevo ministro pas\u00f3 a militar en el gobernante Partido Liberal Democr\u00e1tico (PLD) en 2017 y es tambi\u00e9n tataranieto del ex primer ministro de&nbsp;<strong>Jap\u00f3n<\/strong>, Hirobumi Ito, el primero del archipi\u00e9lago.<\/p>\n\n\n\n<p class=\"wp-block-paragraph\">La del domingo supone la tercera dimisi\u00f3n de un cargo ministerial del Gabinete de Kishida en menos de un mes y un nuevo golpe para el bajo \u00edndice de aprobaci\u00f3n de su Administraci\u00f3n, que se encuentra en m\u00ednimos poco m\u00e1s de un a\u00f1o despu\u00e9s de acceder al cargo.<\/p>\n\n\n\n<p class=\"wp-block-paragraph\">Terada hab\u00eda sido objeto de cr\u00edticas por varias irregularidades en materia de fondos electorales y hab\u00eda reconocido que uno de sus grupos de apoyo present\u00f3 durante varios a\u00f1os documentaci\u00f3n de financiaci\u00f3n aparentemente firmada por una persona fallecida.<\/p>\n\n\n\n<p class=\"wp-block-paragraph\">El pol\u00edtico, que fue asesor especial de Kishida antes de asumir el cargo ministerial como primerizo en la remodelaci\u00f3n del Gabinete de este verano, insisti\u00f3 en que \u00e9l no es responsable de estos documentos, puesto que el citado grupo lo encabeza otra persona.<\/p>\n\n\n\n<p class=\"wp-block-paragraph\">Pese a llevar a su partido a la victoria en las elecciones parlamentarias parciales de julio, la popularidad de Kishida se ha visto fuertemente mermada despu\u00e9s de que el asesinato del ex primer ministro Shinzo Abe en esas fechas destapara v\u00ednculos entre el PLD y el grupo religioso conocido como Iglesia de la Unificaci\u00f3n.<\/p>\n\n\n\n<p class=\"wp-block-paragraph\">El pasado 24 de octubre el ministro de Revitalizaci\u00f3n Econ\u00f3mica, Daishiro Yamagiwa, abandon\u00f3 el cargo por las cr\u00edticas recibidas por sus v\u00ednculos con el credo, tambi\u00e9n conocido como \u00abSecta Moon\u00bb.<\/p>\n\n\n\n<p class=\"wp-block-paragraph\">M\u00e1s recientemente, Kishida destituy\u00f3 el 11 de noviembre al entonces ministro de Justicia, Yasuhiro Hanashi, tras unos comentarios fr\u00edvolos sobre sus funciones y la pena de muerte.&nbsp;<\/p>\n[\/et_pb_text][\/et_pb_column]\n\t\t\t[\/et_pb_row]\n\t\t[\/et_pb_section]","protected":false},"excerpt":{"rendered":"<p>[et_pb_section admin_label=\u00bbsection\u00bb] [et_pb_row admin_label=\u00bbrow\u00bb] [et_pb_column type=\u00bb4_4&#8243;][et_pb_text admin_label=\u00bbText\u00bb] El primer ministro japon\u00e9s, Fumio Kishida, nombr\u00f3 este lunes a Takeaki Matsumoto como nuevo&nbsp;ministro de Interior, despu\u00e9s de que su predecesor dimitiera en la v\u00edspera al verse envuelto en un esc\u00e1ndalo de financiaci\u00f3n. \u00abHe decidido nombrar para el cargo a Takeaki Matsumoto, quien sabe mucho sobre el sistema [&hellip;]<\/p>\n","protected":false},"author":15,"featured_media":0,"comment_status":"open","ping_status":"open","sticky":false,"template":"","format":"standard","meta":{"footnotes":""},"categories":[1],"tags":[],"class_list":["post-13778","post","type-post","status-publish","format-standard","category-uncategorized"],"yoast_head":"<!-- This site is optimized with the Yoast SEO plugin v27.6 - https:\/\/yoast.com\/product\/yoast-seo-wordpress\/ -->\n<title>Nombran nuevo ministro de Interior en Jap\u00f3n tras la dimisi\u00f3n del predecesor - Conexi\u00f3n 23<\/title>\n<meta name=\"robots\" content=\"index, follow, max-snippet:-1, max-image-preview:large, max-video-preview:-1\" \/>\n<link rel=\"canonical\" href=\"https:\/\/conexion23.com\/?p=13778\" \/>\n<meta property=\"og:locale\" content=\"es_ES\" \/>\n<meta property=\"og:type\" content=\"article\" \/>\n<meta property=\"og:title\" content=\"Nombran nuevo ministro de Interior en Jap\u00f3n tras la dimisi\u00f3n del predecesor - Conexi\u00f3n 23\" \/>\n<meta property=\"og:description\" content=\"[et_pb_section admin_label=\u00bbsection\u00bb] [et_pb_row admin_label=\u00bbrow\u00bb] [et_pb_column type=\u00bb4_4&#8243;][et_pb_text admin_label=\u00bbText\u00bb] El primer ministro japon\u00e9s, Fumio Kishida, nombr\u00f3 este lunes a Takeaki Matsumoto como nuevo&nbsp;ministro de Interior, despu\u00e9s de que su predecesor dimitiera en la v\u00edspera al verse envuelto en un esc\u00e1ndalo de financiaci\u00f3n. \u00abHe decidido nombrar para el cargo a Takeaki Matsumoto, quien sabe mucho sobre el sistema [&hellip;]\" \/>\n<meta property=\"og:url\" content=\"https:\/\/conexion23.com\/?p=13778\" \/>\n<meta property=\"og:site_name\" content=\"Conexi\u00f3n 23\" \/>\n<meta property=\"article:publisher\" content=\"https:\/\/www.facebook.com\/conexion23com\" \/>\n<meta property=\"article:published_time\" content=\"2022-11-21T09:12:58+00:00\" \/>\n<meta property=\"article:modified_time\" content=\"2022-11-21T09:20:28+00:00\" \/>\n<meta name=\"author\" content=\"Raffy Ben\u00edtez\" \/>\n<meta name=\"twitter:card\" content=\"summary_large_image\" \/>\n<meta name=\"twitter:label1\" content=\"Escrito por\" \/>\n\t<meta name=\"twitter:data1\" content=\"Raffy Ben\u00edtez\" \/>\n\t<meta name=\"twitter:label2\" content=\"Tiempo de lectura\" \/>\n\t<meta name=\"twitter:data2\" content=\"2 minutos\" \/>\n<script type=\"application\/ld+json\" class=\"yoast-schema-graph\">{\"@context\":\"https:\\\/\\\/schema.org\",\"@graph\":[{\"@type\":\"Article\",\"@id\":\"https:\\\/\\\/conexion23.com\\\/?p=13778#article\",\"isPartOf\":{\"@id\":\"https:\\\/\\\/conexion23.com\\\/?p=13778\"},\"author\":{\"name\":\"Raffy Ben\u00edtez\",\"@id\":\"https:\\\/\\\/conexion23.com\\\/#\\\/schema\\\/person\\\/03e36043331117e97a373299bbcd30a6\"},\"headline\":\"Nombran nuevo ministro de Interior en Jap\u00f3n tras la dimisi\u00f3n del predecesor\",\"datePublished\":\"2022-11-21T09:12:58+00:00\",\"dateModified\":\"2022-11-21T09:20:28+00:00\",\"mainEntityOfPage\":{\"@id\":\"https:\\\/\\\/conexion23.com\\\/?p=13778\"},\"wordCount\":512,\"commentCount\":0,\"publisher\":{\"@id\":\"https:\\\/\\\/conexion23.com\\\/#organization\"},\"articleSection\":[\"Uncategorized\"],\"inLanguage\":\"es\",\"potentialAction\":[{\"@type\":\"CommentAction\",\"name\":\"Comment\",\"target\":[\"https:\\\/\\\/conexion23.com\\\/?p=13778#respond\"]}]},{\"@type\":\"WebPage\",\"@id\":\"https:\\\/\\\/conexion23.com\\\/?p=13778\",\"url\":\"https:\\\/\\\/conexion23.com\\\/?p=13778\",\"name\":\"Nombran nuevo ministro de Interior en Jap\u00f3n tras la dimisi\u00f3n del predecesor - Conexi\u00f3n 23\",\"isPartOf\":{\"@id\":\"https:\\\/\\\/conexion23.com\\\/#website\"},\"datePublished\":\"2022-11-21T09:12:58+00:00\",\"dateModified\":\"2022-11-21T09:20:28+00:00\",\"breadcrumb\":{\"@id\":\"https:\\\/\\\/conexion23.com\\\/?p=13778#breadcrumb\"},\"inLanguage\":\"es\",\"potentialAction\":[{\"@type\":\"ReadAction\",\"target\":[\"https:\\\/\\\/conexion23.com\\\/?p=13778\"]}]},{\"@type\":\"BreadcrumbList\",\"@id\":\"https:\\\/\\\/conexion23.com\\\/?p=13778#breadcrumb\",\"itemListElement\":[{\"@type\":\"ListItem\",\"position\":1,\"name\":\"Portada\",\"item\":\"https:\\\/\\\/conexion23.com\\\/\"},{\"@type\":\"ListItem\",\"position\":2,\"name\":\"Nombran nuevo ministro de Interior en Jap\u00f3n tras la dimisi\u00f3n del predecesor\"}]},{\"@type\":\"WebSite\",\"@id\":\"https:\\\/\\\/conexion23.com\\\/#website\",\"url\":\"https:\\\/\\\/conexion23.com\\\/\",\"name\":\"Conexi\u00f3n 23\",\"description\":\"Peri\u00f3dico 100% Petromacorisano\",\"publisher\":{\"@id\":\"https:\\\/\\\/conexion23.com\\\/#organization\"},\"potentialAction\":[{\"@type\":\"SearchAction\",\"target\":{\"@type\":\"EntryPoint\",\"urlTemplate\":\"https:\\\/\\\/conexion23.com\\\/?s={search_term_string}\"},\"query-input\":{\"@type\":\"PropertyValueSpecification\",\"valueRequired\":true,\"valueName\":\"search_term_string\"}}],\"inLanguage\":\"es\"},{\"@type\":\"Organization\",\"@id\":\"https:\\\/\\\/conexion23.com\\\/#organization\",\"name\":\"Conexion 23\",\"url\":\"https:\\\/\\\/conexion23.com\\\/\",\"logo\":{\"@type\":\"ImageObject\",\"inLanguage\":\"es\",\"@id\":\"https:\\\/\\\/conexion23.com\\\/#\\\/schema\\\/logo\\\/image\\\/\",\"url\":\"https:\\\/\\\/conexion23.com\\\/wp-content\\\/uploads\\\/2021\\\/11\\\/Diseno-sin-titulo-2.png\",\"contentUrl\":\"https:\\\/\\\/conexion23.com\\\/wp-content\\\/uploads\\\/2021\\\/11\\\/Diseno-sin-titulo-2.png\",\"width\":541,\"height\":90,\"caption\":\"Conexion 23\"},\"image\":{\"@id\":\"https:\\\/\\\/conexion23.com\\\/#\\\/schema\\\/logo\\\/image\\\/\"},\"sameAs\":[\"https:\\\/\\\/www.facebook.com\\\/conexion23com\",\"https:\\\/\\\/www.instagram.com\\\/conexion23com\\\/\",\"https:\\\/\\\/www.youtube.com\\\/channel\\\/UCYc7vxxFZMYLIHNsHHxPZ3Q\"]},{\"@type\":\"Person\",\"@id\":\"https:\\\/\\\/conexion23.com\\\/#\\\/schema\\\/person\\\/03e36043331117e97a373299bbcd30a6\",\"name\":\"Raffy Ben\u00edtez\",\"image\":{\"@type\":\"ImageObject\",\"inLanguage\":\"es\",\"@id\":\"https:\\\/\\\/secure.gravatar.com\\\/avatar\\\/3190a6a6c5e1b0327500f7d6c56b6242472ee6cb974cf09b401ee6b3b0798f23?s=96&d=mm&r=g\",\"url\":\"https:\\\/\\\/secure.gravatar.com\\\/avatar\\\/3190a6a6c5e1b0327500f7d6c56b6242472ee6cb974cf09b401ee6b3b0798f23?s=96&d=mm&r=g\",\"contentUrl\":\"https:\\\/\\\/secure.gravatar.com\\\/avatar\\\/3190a6a6c5e1b0327500f7d6c56b6242472ee6cb974cf09b401ee6b3b0798f23?s=96&d=mm&r=g\",\"caption\":\"Raffy Ben\u00edtez\"},\"url\":\"https:\\\/\\\/conexion23.com\\\/?author=15\"}]}<\/script>\n<!-- \/ Yoast SEO plugin. -->","yoast_head_json":{"title":"Nombran nuevo ministro de Interior en Jap\u00f3n tras la dimisi\u00f3n del predecesor - Conexi\u00f3n 23","robots":{"index":"index","follow":"follow","max-snippet":"max-snippet:-1","max-image-preview":"max-image-preview:large","max-video-preview":"max-video-preview:-1"},"canonical":"https:\/\/conexion23.com\/?p=13778","og_locale":"es_ES","og_type":"article","og_title":"Nombran nuevo ministro de Interior en Jap\u00f3n tras la dimisi\u00f3n del predecesor - Conexi\u00f3n 23","og_description":"[et_pb_section admin_label=\u00bbsection\u00bb] [et_pb_row admin_label=\u00bbrow\u00bb] [et_pb_column type=\u00bb4_4&#8243;][et_pb_text admin_label=\u00bbText\u00bb] El primer ministro japon\u00e9s, Fumio Kishida, nombr\u00f3 este lunes a Takeaki Matsumoto como nuevo&nbsp;ministro de Interior, despu\u00e9s de que su predecesor dimitiera en la v\u00edspera al verse envuelto en un esc\u00e1ndalo de financiaci\u00f3n. \u00abHe decidido nombrar para el cargo a Takeaki Matsumoto, quien sabe mucho sobre el sistema [&hellip;]","og_url":"https:\/\/conexion23.com\/?p=13778","og_site_name":"Conexi\u00f3n 23","article_publisher":"https:\/\/www.facebook.com\/conexion23com","article_published_time":"2022-11-21T09:12:58+00:00","article_modified_time":"2022-11-21T09:20:28+00:00","author":"Raffy Ben\u00edtez","twitter_card":"summary_large_image","twitter_misc":{"Escrito por":"Raffy Ben\u00edtez","Tiempo de lectura":"2 minutos"},"schema":{"@context":"https:\/\/schema.org","@graph":[{"@type":"Article","@id":"https:\/\/conexion23.com\/?p=13778#article","isPartOf":{"@id":"https:\/\/conexion23.com\/?p=13778"},"author":{"name":"Raffy Ben\u00edtez","@id":"https:\/\/conexion23.com\/#\/schema\/person\/03e36043331117e97a373299bbcd30a6"},"headline":"Nombran nuevo ministro de Interior en Jap\u00f3n tras la dimisi\u00f3n del predecesor","datePublished":"2022-11-21T09:12:58+00:00","dateModified":"2022-11-21T09:20:28+00:00","mainEntityOfPage":{"@id":"https:\/\/conexion23.com\/?p=13778"},"wordCount":512,"commentCount":0,"publisher":{"@id":"https:\/\/conexion23.com\/#organization"},"articleSection":["Uncategorized"],"inLanguage":"es","potentialAction":[{"@type":"CommentAction","name":"Comment","target":["https:\/\/conexion23.com\/?p=13778#respond"]}]},{"@type":"WebPage","@id":"https:\/\/conexion23.com\/?p=13778","url":"https:\/\/conexion23.com\/?p=13778","name":"Nombran nuevo ministro de Interior en Jap\u00f3n tras la dimisi\u00f3n del predecesor - Conexi\u00f3n 23","isPartOf":{"@id":"https:\/\/conexion23.com\/#website"},"datePublished":"2022-11-21T09:12:58+00:00","dateModified":"2022-11-21T09:20:28+00:00","breadcrumb":{"@id":"https:\/\/conexion23.com\/?p=13778#breadcrumb"},"inLanguage":"es","potentialAction":[{"@type":"ReadAction","target":["https:\/\/conexion23.com\/?p=13778"]}]},{"@type":"BreadcrumbList","@id":"https:\/\/conexion23.com\/?p=13778#breadcrumb","itemListElement":[{"@type":"ListItem","position":1,"name":"Portada","item":"https:\/\/conexion23.com\/"},{"@type":"ListItem","position":2,"name":"Nombran nuevo ministro de Interior en Jap\u00f3n tras la dimisi\u00f3n del predecesor"}]},{"@type":"WebSite","@id":"https:\/\/conexion23.com\/#website","url":"https:\/\/conexion23.com\/","name":"Conexi\u00f3n 23","description":"Peri\u00f3dico 100% Petromacorisano","publisher":{"@id":"https:\/\/conexion23.com\/#organization"},"potentialAction":[{"@type":"SearchAction","target":{"@type":"EntryPoint","urlTemplate":"https:\/\/conexion23.com\/?s={search_term_string}"},"query-input":{"@type":"PropertyValueSpecification","valueRequired":true,"valueName":"search_term_string"}}],"inLanguage":"es"},{"@type":"Organization","@id":"https:\/\/conexion23.com\/#organization","name":"Conexion 23","url":"https:\/\/conexion23.com\/","logo":{"@type":"ImageObject","inLanguage":"es","@id":"https:\/\/conexion23.com\/#\/schema\/logo\/image\/","url":"https:\/\/conexion23.com\/wp-content\/uploads\/2021\/11\/Diseno-sin-titulo-2.png","contentUrl":"https:\/\/conexion23.com\/wp-content\/uploads\/2021\/11\/Diseno-sin-titulo-2.png","width":541,"height":90,"caption":"Conexion 23"},"image":{"@id":"https:\/\/conexion23.com\/#\/schema\/logo\/image\/"},"sameAs":["https:\/\/www.facebook.com\/conexion23com","https:\/\/www.instagram.com\/conexion23com\/","https:\/\/www.youtube.com\/channel\/UCYc7vxxFZMYLIHNsHHxPZ3Q"]},{"@type":"Person","@id":"https:\/\/conexion23.com\/#\/schema\/person\/03e36043331117e97a373299bbcd30a6","name":"Raffy Ben\u00edtez","image":{"@type":"ImageObject","inLanguage":"es","@id":"https:\/\/secure.gravatar.com\/avatar\/3190a6a6c5e1b0327500f7d6c56b6242472ee6cb974cf09b401ee6b3b0798f23?s=96&d=mm&r=g","url":"https:\/\/secure.gravatar.com\/avatar\/3190a6a6c5e1b0327500f7d6c56b6242472ee6cb974cf09b401ee6b3b0798f23?s=96&d=mm&r=g","contentUrl":"https:\/\/secure.gravatar.com\/avatar\/3190a6a6c5e1b0327500f7d6c56b6242472ee6cb974cf09b401ee6b3b0798f23?s=96&d=mm&r=g","caption":"Raffy Ben\u00edtez"},"url":"https:\/\/conexion23.com\/?author=15"}]}},"_links":{"self":[{"href":"https:\/\/conexion23.com\/index.php?rest_route=\/wp\/v2\/posts\/13778","targetHints":{"allow":["GET"]}}],"collection":[{"href":"https:\/\/conexion23.com\/index.php?rest_route=\/wp\/v2\/posts"}],"about":[{"href":"https:\/\/conexion23.com\/index.php?rest_route=\/wp\/v2\/types\/post"}],"author":[{"embeddable":true,"href":"https:\/\/conexion23.com\/index.php?rest_route=\/wp\/v2\/users\/15"}],"replies":[{"embeddable":true,"href":"https:\/\/conexion23.com\/index.php?rest_route=%2Fwp%2Fv2%2Fcomments&post=13778"}],"version-history":[{"count":2,"href":"https:\/\/conexion23.com\/index.php?rest_route=\/wp\/v2\/posts\/13778\/revisions"}],"predecessor-version":[{"id":13788,"href":"https:\/\/conexion23.com\/index.php?rest_route=\/wp\/v2\/posts\/13778\/revisions\/13788"}],"wp:attachment":[{"href":"https:\/\/conexion23.com\/index.php?rest_route=%2Fwp%2Fv2%2Fmedia&parent=13778"}],"wp:term":[{"taxonomy":"category","embeddable":true,"href":"https:\/\/conexion23.com\/index.php?rest_route=%2Fwp%2Fv2%2Fcategories&post=13778"},{"taxonomy":"post_tag","embeddable":true,"href":"https:\/\/conexion23.com\/index.php?rest_route=%2Fwp%2Fv2%2Ftags&post=13778"}],"curies":[{"name":"wp","href":"https:\/\/api.w.org\/{rel}","templated":true}]}}