{"id":13793,"date":"2022-11-21T08:40:21","date_gmt":"2022-11-21T12:40:21","guid":{"rendered":"https:\/\/conexion23.com\/?p=13793"},"modified":"2025-08-27T21:57:45","modified_gmt":"2025-08-28T01:57:45","slug":"rd-sera-sede-de-eventos-internacionales-sobre-educacion-en-iberoamerica","status":"publish","type":"post","link":"https:\/\/conexion23.com\/?p=13793","title":{"rendered":"RD ser\u00e1 sede de eventos internacionales sobre Educaci\u00f3n en Iberoam\u00e9rica"},"content":{"rendered":"\n<p class=\"wp-block-paragraph\">Los d\u00edas 22 y 26 de noviembre Rep\u00fablica Dominicana ser\u00e1 sede de cuatro eventos internacionales en los que se analizar\u00e1 el presente y futuro de la educaci\u00f3n en Iberoam\u00e9rica.<\/p>\n\n\n\n<p class=\"wp-block-paragraph\">El evento ser\u00e1 bajo la coordinaci\u00f3n local del Ministerio de Educaci\u00f3n, y en el marco de la XXVIII Cumbre Iberoamericana &#8211; Rep\u00fablica Dominicana 2021- 2023, el martes 22 y mi\u00e9rcoles 23 se realizar\u00e1 el II Foro Escuelas Seguras de la Regi\u00f3n SICA (Sistema de la Integraci\u00f3n Centroamericana (SICA); el jueves 24 se llevar\u00e1 a efecto la 47\u00b0 Reuni\u00f3n Consejo de Ministros\/as de Educaci\u00f3n y de Cultura de la CECC\/SICA; el viernes, con la presencia del presidente Luis Abinader se llevar\u00e1 a cabo la XIV Asamblea General Organizaci\u00f3n de Estados Iberoamericanos para la Educaci\u00f3n, la Ciencia y la Cultura (OEI), culminando el s\u00e1bado 26 con la XXVII Conferencia Iberoamericana de Ministros y Ministras de Educaci\u00f3n.<\/p>\n\n\n\n<p class=\"wp-block-paragraph\">En los actos, encabezados por el ministro de Educaci\u00f3n, \u00c1ngel Hern\u00e1ndez, participar\u00e1n las m\u00e1s altas autoridades de la educaci\u00f3n y cultura de los pa\u00edses iberoamericanos, se realizar\u00e1n en los salones del hotel El Embajador.<\/p>\n\n\n\n<p class=\"wp-block-paragraph\">Durante el II Foro de Escuelas Seguras de la regi\u00f3n del Sistema de la Integraci\u00f3n Centroamericana (SICA) se analizar\u00e1n estrategias orientadas a la gesti\u00f3n de riesgos en los centros educativos ante eventos naturales.<\/p>\n\n\n\n<p class=\"wp-block-paragraph\">El foro concluir\u00e1 con el compromiso de los ministros y secretarios de los Ministerios de Educaci\u00f3n de la regi\u00f3n del SICA con el Marco de Seguridad Escolar mediante su respaldo a la Hoja de ruta de la Regi\u00f3n SICA para la Seguridad Escolar ofreciendo recomendaciones para la Declaratoria del II Foro de Escuelas Seguras Regi\u00f3n SICA, as\u00ed como la oficializaci\u00f3n del pa\u00eds que ser\u00e1 sede del III Foro de Escuelas Seguras.<\/p>\n","protected":false},"excerpt":{"rendered":"<p>Los d\u00edas 22 y 26 de noviembre Rep\u00fablica Dominicana ser\u00e1 sede de cuatro eventos internacionales en los que se analizar\u00e1 el presente y futuro de la educaci\u00f3n en Iberoam\u00e9rica. El evento ser\u00e1 bajo la coordinaci\u00f3n local del Ministerio de Educaci\u00f3n, y en el marco de la XXVIII Cumbre Iberoamericana &#8211; Rep\u00fablica Dominicana 2021- 2023, el [&hellip;]<\/p>\n","protected":false},"author":15,"featured_media":0,"comment_status":"open","ping_status":"open","sticky":false,"template":"","format":"standard","meta":{"footnotes":""},"categories":[3881,1],"tags":[],"class_list":["post-13793","post","type-post","status-publish","format-standard","category-internacionales","category-uncategorized"],"yoast_head":"<!-- This site is optimized with the Yoast SEO plugin v27.6 - https:\/\/yoast.com\/product\/yoast-seo-wordpress\/ -->\n<title>RD ser\u00e1 sede de eventos internacionales sobre Educaci\u00f3n en Iberoam\u00e9rica - Conexi\u00f3n 23<\/title>\n<meta name=\"robots\" content=\"index, follow, max-snippet:-1, max-image-preview:large, max-video-preview:-1\" \/>\n<link rel=\"canonical\" href=\"https:\/\/conexion23.com\/?p=13793\" \/>\n<meta property=\"og:locale\" content=\"es_ES\" \/>\n<meta property=\"og:type\" content=\"article\" \/>\n<meta property=\"og:title\" content=\"RD ser\u00e1 sede de eventos internacionales sobre Educaci\u00f3n en Iberoam\u00e9rica - Conexi\u00f3n 23\" \/>\n<meta property=\"og:description\" content=\"Los d\u00edas 22 y 26 de noviembre Rep\u00fablica Dominicana ser\u00e1 sede de cuatro eventos internacionales en los que se analizar\u00e1 el presente y futuro de la educaci\u00f3n en Iberoam\u00e9rica. El evento ser\u00e1 bajo la coordinaci\u00f3n local del Ministerio de Educaci\u00f3n, y en el marco de la XXVIII Cumbre Iberoamericana &#8211; Rep\u00fablica Dominicana 2021- 2023, el [&hellip;]\" \/>\n<meta property=\"og:url\" content=\"https:\/\/conexion23.com\/?p=13793\" \/>\n<meta property=\"og:site_name\" content=\"Conexi\u00f3n 23\" \/>\n<meta property=\"article:publisher\" content=\"https:\/\/www.facebook.com\/conexion23com\" \/>\n<meta property=\"article:published_time\" content=\"2022-11-21T12:40:21+00:00\" \/>\n<meta property=\"article:modified_time\" content=\"2025-08-28T01:57:45+00:00\" \/>\n<meta name=\"author\" content=\"Raffy Ben\u00edtez\" \/>\n<meta name=\"twitter:card\" content=\"summary_large_image\" \/>\n<meta name=\"twitter:label1\" content=\"Escrito por\" \/>\n\t<meta name=\"twitter:data1\" content=\"Raffy Ben\u00edtez\" \/>\n\t<meta name=\"twitter:label2\" content=\"Tiempo de lectura\" \/>\n\t<meta name=\"twitter:data2\" content=\"2 minutos\" \/>\n<script type=\"application\/ld+json\" class=\"yoast-schema-graph\">{\"@context\":\"https:\\\/\\\/schema.org\",\"@graph\":[{\"@type\":\"Article\",\"@id\":\"https:\\\/\\\/conexion23.com\\\/?p=13793#article\",\"isPartOf\":{\"@id\":\"https:\\\/\\\/conexion23.com\\\/?p=13793\"},\"author\":{\"name\":\"Raffy Ben\u00edtez\",\"@id\":\"https:\\\/\\\/conexion23.com\\\/#\\\/schema\\\/person\\\/03e36043331117e97a373299bbcd30a6\"},\"headline\":\"RD ser\u00e1 sede de eventos internacionales sobre Educaci\u00f3n en Iberoam\u00e9rica\",\"datePublished\":\"2022-11-21T12:40:21+00:00\",\"dateModified\":\"2025-08-28T01:57:45+00:00\",\"mainEntityOfPage\":{\"@id\":\"https:\\\/\\\/conexion23.com\\\/?p=13793\"},\"wordCount\":320,\"commentCount\":0,\"publisher\":{\"@id\":\"https:\\\/\\\/conexion23.com\\\/#organization\"},\"articleSection\":[\"Internacionales\",\"Uncategorized\"],\"inLanguage\":\"es\",\"potentialAction\":[{\"@type\":\"CommentAction\",\"name\":\"Comment\",\"target\":[\"https:\\\/\\\/conexion23.com\\\/?p=13793#respond\"]}]},{\"@type\":\"WebPage\",\"@id\":\"https:\\\/\\\/conexion23.com\\\/?p=13793\",\"url\":\"https:\\\/\\\/conexion23.com\\\/?p=13793\",\"name\":\"RD ser\u00e1 sede de eventos internacionales sobre Educaci\u00f3n en Iberoam\u00e9rica - Conexi\u00f3n 23\",\"isPartOf\":{\"@id\":\"https:\\\/\\\/conexion23.com\\\/#website\"},\"datePublished\":\"2022-11-21T12:40:21+00:00\",\"dateModified\":\"2025-08-28T01:57:45+00:00\",\"breadcrumb\":{\"@id\":\"https:\\\/\\\/conexion23.com\\\/?p=13793#breadcrumb\"},\"inLanguage\":\"es\",\"potentialAction\":[{\"@type\":\"ReadAction\",\"target\":[\"https:\\\/\\\/conexion23.com\\\/?p=13793\"]}]},{\"@type\":\"BreadcrumbList\",\"@id\":\"https:\\\/\\\/conexion23.com\\\/?p=13793#breadcrumb\",\"itemListElement\":[{\"@type\":\"ListItem\",\"position\":1,\"name\":\"Portada\",\"item\":\"https:\\\/\\\/conexion23.com\\\/\"},{\"@type\":\"ListItem\",\"position\":2,\"name\":\"RD ser\u00e1 sede de eventos internacionales sobre Educaci\u00f3n en Iberoam\u00e9rica\"}]},{\"@type\":\"WebSite\",\"@id\":\"https:\\\/\\\/conexion23.com\\\/#website\",\"url\":\"https:\\\/\\\/conexion23.com\\\/\",\"name\":\"Conexi\u00f3n 23\",\"description\":\"Peri\u00f3dico 100% Petromacorisano\",\"publisher\":{\"@id\":\"https:\\\/\\\/conexion23.com\\\/#organization\"},\"potentialAction\":[{\"@type\":\"SearchAction\",\"target\":{\"@type\":\"EntryPoint\",\"urlTemplate\":\"https:\\\/\\\/conexion23.com\\\/?s={search_term_string}\"},\"query-input\":{\"@type\":\"PropertyValueSpecification\",\"valueRequired\":true,\"valueName\":\"search_term_string\"}}],\"inLanguage\":\"es\"},{\"@type\":\"Organization\",\"@id\":\"https:\\\/\\\/conexion23.com\\\/#organization\",\"name\":\"Conexion 23\",\"url\":\"https:\\\/\\\/conexion23.com\\\/\",\"logo\":{\"@type\":\"ImageObject\",\"inLanguage\":\"es\",\"@id\":\"https:\\\/\\\/conexion23.com\\\/#\\\/schema\\\/logo\\\/image\\\/\",\"url\":\"https:\\\/\\\/conexion23.com\\\/wp-content\\\/uploads\\\/2021\\\/11\\\/Diseno-sin-titulo-2.png\",\"contentUrl\":\"https:\\\/\\\/conexion23.com\\\/wp-content\\\/uploads\\\/2021\\\/11\\\/Diseno-sin-titulo-2.png\",\"width\":541,\"height\":90,\"caption\":\"Conexion 23\"},\"image\":{\"@id\":\"https:\\\/\\\/conexion23.com\\\/#\\\/schema\\\/logo\\\/image\\\/\"},\"sameAs\":[\"https:\\\/\\\/www.facebook.com\\\/conexion23com\",\"https:\\\/\\\/www.instagram.com\\\/conexion23com\\\/\",\"https:\\\/\\\/www.youtube.com\\\/channel\\\/UCYc7vxxFZMYLIHNsHHxPZ3Q\"]},{\"@type\":\"Person\",\"@id\":\"https:\\\/\\\/conexion23.com\\\/#\\\/schema\\\/person\\\/03e36043331117e97a373299bbcd30a6\",\"name\":\"Raffy Ben\u00edtez\",\"image\":{\"@type\":\"ImageObject\",\"inLanguage\":\"es\",\"@id\":\"https:\\\/\\\/secure.gravatar.com\\\/avatar\\\/3190a6a6c5e1b0327500f7d6c56b6242472ee6cb974cf09b401ee6b3b0798f23?s=96&d=mm&r=g\",\"url\":\"https:\\\/\\\/secure.gravatar.com\\\/avatar\\\/3190a6a6c5e1b0327500f7d6c56b6242472ee6cb974cf09b401ee6b3b0798f23?s=96&d=mm&r=g\",\"contentUrl\":\"https:\\\/\\\/secure.gravatar.com\\\/avatar\\\/3190a6a6c5e1b0327500f7d6c56b6242472ee6cb974cf09b401ee6b3b0798f23?s=96&d=mm&r=g\",\"caption\":\"Raffy Ben\u00edtez\"},\"url\":\"https:\\\/\\\/conexion23.com\\\/?author=15\"}]}<\/script>\n<!-- \/ Yoast SEO plugin. -->","yoast_head_json":{"title":"RD ser\u00e1 sede de eventos internacionales sobre Educaci\u00f3n en Iberoam\u00e9rica - Conexi\u00f3n 23","robots":{"index":"index","follow":"follow","max-snippet":"max-snippet:-1","max-image-preview":"max-image-preview:large","max-video-preview":"max-video-preview:-1"},"canonical":"https:\/\/conexion23.com\/?p=13793","og_locale":"es_ES","og_type":"article","og_title":"RD ser\u00e1 sede de eventos internacionales sobre Educaci\u00f3n en Iberoam\u00e9rica - Conexi\u00f3n 23","og_description":"Los d\u00edas 22 y 26 de noviembre Rep\u00fablica Dominicana ser\u00e1 sede de cuatro eventos internacionales en los que se analizar\u00e1 el presente y futuro de la educaci\u00f3n en Iberoam\u00e9rica. El evento ser\u00e1 bajo la coordinaci\u00f3n local del Ministerio de Educaci\u00f3n, y en el marco de la XXVIII Cumbre Iberoamericana &#8211; Rep\u00fablica Dominicana 2021- 2023, el [&hellip;]","og_url":"https:\/\/conexion23.com\/?p=13793","og_site_name":"Conexi\u00f3n 23","article_publisher":"https:\/\/www.facebook.com\/conexion23com","article_published_time":"2022-11-21T12:40:21+00:00","article_modified_time":"2025-08-28T01:57:45+00:00","author":"Raffy Ben\u00edtez","twitter_card":"summary_large_image","twitter_misc":{"Escrito por":"Raffy Ben\u00edtez","Tiempo de lectura":"2 minutos"},"schema":{"@context":"https:\/\/schema.org","@graph":[{"@type":"Article","@id":"https:\/\/conexion23.com\/?p=13793#article","isPartOf":{"@id":"https:\/\/conexion23.com\/?p=13793"},"author":{"name":"Raffy Ben\u00edtez","@id":"https:\/\/conexion23.com\/#\/schema\/person\/03e36043331117e97a373299bbcd30a6"},"headline":"RD ser\u00e1 sede de eventos internacionales sobre Educaci\u00f3n en Iberoam\u00e9rica","datePublished":"2022-11-21T12:40:21+00:00","dateModified":"2025-08-28T01:57:45+00:00","mainEntityOfPage":{"@id":"https:\/\/conexion23.com\/?p=13793"},"wordCount":320,"commentCount":0,"publisher":{"@id":"https:\/\/conexion23.com\/#organization"},"articleSection":["Internacionales","Uncategorized"],"inLanguage":"es","potentialAction":[{"@type":"CommentAction","name":"Comment","target":["https:\/\/conexion23.com\/?p=13793#respond"]}]},{"@type":"WebPage","@id":"https:\/\/conexion23.com\/?p=13793","url":"https:\/\/conexion23.com\/?p=13793","name":"RD ser\u00e1 sede de eventos internacionales sobre Educaci\u00f3n en Iberoam\u00e9rica - Conexi\u00f3n 23","isPartOf":{"@id":"https:\/\/conexion23.com\/#website"},"datePublished":"2022-11-21T12:40:21+00:00","dateModified":"2025-08-28T01:57:45+00:00","breadcrumb":{"@id":"https:\/\/conexion23.com\/?p=13793#breadcrumb"},"inLanguage":"es","potentialAction":[{"@type":"ReadAction","target":["https:\/\/conexion23.com\/?p=13793"]}]},{"@type":"BreadcrumbList","@id":"https:\/\/conexion23.com\/?p=13793#breadcrumb","itemListElement":[{"@type":"ListItem","position":1,"name":"Portada","item":"https:\/\/conexion23.com\/"},{"@type":"ListItem","position":2,"name":"RD ser\u00e1 sede de eventos internacionales sobre Educaci\u00f3n en Iberoam\u00e9rica"}]},{"@type":"WebSite","@id":"https:\/\/conexion23.com\/#website","url":"https:\/\/conexion23.com\/","name":"Conexi\u00f3n 23","description":"Peri\u00f3dico 100% Petromacorisano","publisher":{"@id":"https:\/\/conexion23.com\/#organization"},"potentialAction":[{"@type":"SearchAction","target":{"@type":"EntryPoint","urlTemplate":"https:\/\/conexion23.com\/?s={search_term_string}"},"query-input":{"@type":"PropertyValueSpecification","valueRequired":true,"valueName":"search_term_string"}}],"inLanguage":"es"},{"@type":"Organization","@id":"https:\/\/conexion23.com\/#organization","name":"Conexion 23","url":"https:\/\/conexion23.com\/","logo":{"@type":"ImageObject","inLanguage":"es","@id":"https:\/\/conexion23.com\/#\/schema\/logo\/image\/","url":"https:\/\/conexion23.com\/wp-content\/uploads\/2021\/11\/Diseno-sin-titulo-2.png","contentUrl":"https:\/\/conexion23.com\/wp-content\/uploads\/2021\/11\/Diseno-sin-titulo-2.png","width":541,"height":90,"caption":"Conexion 23"},"image":{"@id":"https:\/\/conexion23.com\/#\/schema\/logo\/image\/"},"sameAs":["https:\/\/www.facebook.com\/conexion23com","https:\/\/www.instagram.com\/conexion23com\/","https:\/\/www.youtube.com\/channel\/UCYc7vxxFZMYLIHNsHHxPZ3Q"]},{"@type":"Person","@id":"https:\/\/conexion23.com\/#\/schema\/person\/03e36043331117e97a373299bbcd30a6","name":"Raffy Ben\u00edtez","image":{"@type":"ImageObject","inLanguage":"es","@id":"https:\/\/secure.gravatar.com\/avatar\/3190a6a6c5e1b0327500f7d6c56b6242472ee6cb974cf09b401ee6b3b0798f23?s=96&d=mm&r=g","url":"https:\/\/secure.gravatar.com\/avatar\/3190a6a6c5e1b0327500f7d6c56b6242472ee6cb974cf09b401ee6b3b0798f23?s=96&d=mm&r=g","contentUrl":"https:\/\/secure.gravatar.com\/avatar\/3190a6a6c5e1b0327500f7d6c56b6242472ee6cb974cf09b401ee6b3b0798f23?s=96&d=mm&r=g","caption":"Raffy Ben\u00edtez"},"url":"https:\/\/conexion23.com\/?author=15"}]}},"_links":{"self":[{"href":"https:\/\/conexion23.com\/index.php?rest_route=\/wp\/v2\/posts\/13793","targetHints":{"allow":["GET"]}}],"collection":[{"href":"https:\/\/conexion23.com\/index.php?rest_route=\/wp\/v2\/posts"}],"about":[{"href":"https:\/\/conexion23.com\/index.php?rest_route=\/wp\/v2\/types\/post"}],"author":[{"embeddable":true,"href":"https:\/\/conexion23.com\/index.php?rest_route=\/wp\/v2\/users\/15"}],"replies":[{"embeddable":true,"href":"https:\/\/conexion23.com\/index.php?rest_route=%2Fwp%2Fv2%2Fcomments&post=13793"}],"version-history":[{"count":1,"href":"https:\/\/conexion23.com\/index.php?rest_route=\/wp\/v2\/posts\/13793\/revisions"}],"predecessor-version":[{"id":13795,"href":"https:\/\/conexion23.com\/index.php?rest_route=\/wp\/v2\/posts\/13793\/revisions\/13795"}],"wp:attachment":[{"href":"https:\/\/conexion23.com\/index.php?rest_route=%2Fwp%2Fv2%2Fmedia&parent=13793"}],"wp:term":[{"taxonomy":"category","embeddable":true,"href":"https:\/\/conexion23.com\/index.php?rest_route=%2Fwp%2Fv2%2Fcategories&post=13793"},{"taxonomy":"post_tag","embeddable":true,"href":"https:\/\/conexion23.com\/index.php?rest_route=%2Fwp%2Fv2%2Ftags&post=13793"}],"curies":[{"name":"wp","href":"https:\/\/api.w.org\/{rel}","templated":true}]}}