{"id":13848,"date":"2022-11-22T10:51:49","date_gmt":"2022-11-22T14:51:49","guid":{"rendered":"https:\/\/conexion23.com\/?p=13848"},"modified":"2022-11-22T10:51:54","modified_gmt":"2022-11-22T14:51:54","slug":"vida-y-trayectoria-del-cantautor-cubano-pablo-milanes","status":"publish","type":"post","link":"https:\/\/conexion23.com\/?p=13848","title":{"rendered":"Vida y trayectoria del cantautor cubano Pablo Milan\u00e9s"},"content":{"rendered":"\n<p class=\"wp-block-paragraph\"><strong>Pablo Milan\u00e9s<\/strong>, tan m\u00fasico como&nbsp;<strong>poeta y cantante<\/strong>, cualidades dif\u00edciles de reunir, lleg\u00f3 al final de su vida este lunes con el privilegio de trascender con un memorable legado para&nbsp;<strong>Cuba<\/strong>&nbsp;y otros pa\u00edses que disfrutaron su obra.<\/p>\n\n\n\n<p class=\"wp-block-paragraph\">Su \u00faltima gira art\u00edstica \u00abD\u00edas de luz\u00bb trajo al m\u00edtico cantautor el alivio al volver a cantar y estar en contacto con el p\u00fablico, que lo recib\u00eda jubiloso en cada concierto y coreaba sus temas de siempre junto a las nuevas entregas que produjo durante el par\u00f3n pand\u00e9mico.<\/p>\n\n\n\n<p class=\"wp-block-paragraph\">Las \u00faltimas fechas anunciadas en Espa\u00f1a, M\u00e9xico y Santo Domingo fueron pospuestas por un empeoramiento de diversas afecciones ligadas a\u00a0<a href=\"https:\/\/www.instagram.com\/p\/ClP7eJiMC5C\/?utm_source=ig_web_copy_link\" target=\"_blank\" rel=\"noreferrer noopener\">los problemas de salud\u00a0<\/a>que le aquejaban desde hac\u00eda d\u00e9cadas. Hac\u00eda a\u00f1os se hab\u00eda trasladado a vivir a Espa\u00f1a para tratarse una enfermedad oncohematol\u00f3gica.<\/p>\n\n\n\n<p class=\"wp-block-paragraph\">\u00abLa m\u00fasica es todo para m\u00ed, la mejor forma que encuentro para expresarme, la mejor manera de sentir e incluso de pensar. Creo que los m\u00fasicos contamos con otro lenguaje muy especial, que nos permite comunicar, eso es algo \u00fanico\u00bb, confes\u00f3 el artista, nacido en Bayamo (este) el 24 de febrero de 1943.<\/p>\n\n\n\n<p class=\"wp-block-paragraph\">De hecho, afirmaba que sus mejores recitales, \u00ablos m\u00e1s abiertos y espont\u00e1neos, ocurren ante el p\u00fablico de mi isla\u00bb.<\/p>\n\n\n\n<h2 class=\"wp-block-heading\" id=\"h-en-la-habana\">En la Habana<\/h2>\n\n\n\n<p class=\"wp-block-paragraph\">El pasado junio, La Habana acogi\u00f3 su \u00faltima actuaci\u00f3n en Cuba. Y fue todo un acontecimiento.<\/p>\n\n\n\n<p class=\"wp-block-paragraph\">Los boletos para el primer escenario propuesto, el Teatro Nacional, se agotaron en breve y la protesta de sus seguidores, subida como una marea en las redes sociales, se sald\u00f3 con el traslado del concierto al Coliseo de la Ciudad Deportiva, con una capacidad cuatro veces superior.<\/p>\n\n\n\n<p class=\"wp-block-paragraph\">El p\u00fablico cubano vio entonces a Milan\u00e9s llegar al plat\u00f3 en una silla de ruedas, imagen que para muchos result\u00f3 un presagio de que se hab\u00edan agudizado los problemas de salud arrastrados por d\u00e9cadas.<\/p>\n\n\n\n<p class=\"wp-block-paragraph\">Esta visita a La Habana tambi\u00e9n signific\u00f3 reencontrarse con su familia en la isla cinco meses despu\u00e9s de la inesperada muerte de su hija Suyl\u00e9n a causa de un accidente cerebrovascular al inicio de 2022.<\/p>\n\n\n\n<p class=\"wp-block-paragraph\">Milan\u00e9s residi\u00f3 desde 2014 en Vigo (Espa\u00f1a), junto a su \u00faltima esposa y m\u00e1nager, la historiadora gallega Nancy P\u00e9rez, con quien tuvo dos hijos.<\/p>\n\n\n\n<h2 class=\"wp-block-heading\"><strong>29 veces al quir\u00f3fano<\/strong><\/h2>\n\n\n\n<p class=\"wp-block-paragraph\">A lo largo de su vida, Milan\u00e9s entr\u00f3 29 veces al quir\u00f3fano, debido principalmente a una necrosis cr\u00f3nica en la cabeza del f\u00e9mur, pero tambi\u00e9n por una hernia y por una insuficiencia renal, que lo llev\u00f3 a someterse a un trasplante de ri\u00f1\u00f3n donado por su mujer en 2014.<\/p>\n\n\n\n<p class=\"wp-block-paragraph\">Se suma a ello su padecimiento del mal de Dupuytr\u00e9n, una enfermedad que le provoc\u00f3 el cierre progresivo de la mano y le impidi\u00f3 tocar la guitarra durante varios a\u00f1os.<\/p>\n\n\n\n<p class=\"wp-block-paragraph\">En 2017 se traslad\u00f3 a vivir a Espa\u00f1a para tratarse un tipo de c\u00e1ncer que afectaba su respuesta inmunol\u00f3gica.<\/p>\n\n\n\n<p class=\"wp-block-paragraph\">Pero el m\u00fasico siempre se impuso ante las adversidades y persist\u00eda en su voluntad de seguir su labor. Compuso m\u00e1s de 400 canciones y public\u00f3 m\u00e1s de cuarenta \u00e1lbumes, adem\u00e1s de componer m\u00fasica para siete largometrajes y m\u00e1s de treinta documentales y series de televisi\u00f3n.<\/p>\n\n\n\n<h2 class=\"wp-block-heading\"><strong>Pablo y la pol\u00edtica<\/strong><\/h2>\n\n\n\n<p class=\"wp-block-paragraph\">Fundador de la Nueva Trova cubana junto con Silvio Rodr\u00edguez y el fallecido Noel Nicola, un movimiento musical cargado de tintes pol\u00edticos, Milan\u00e9s fue durante las \u00faltimas d\u00e9cadas una de las figuras de la cultura cubana m\u00e1s cr\u00edticas con el sistema pol\u00edtico de la isla.<\/p>\n\n\n\n<p class=\"wp-block-paragraph\">\u00abEn el a\u00f1o 1992 tuve la convicci\u00f3n de que definitivamente el sistema cubano hab\u00eda fracasado y lo denunci\u00e9\u00bb, declar\u00f3 tras las protestas antigubernamentales del 11 de julio de 2021 en la isla, las mayores en d\u00e9cadas.<\/p>\n\n\n\n<p class=\"wp-block-paragraph\">El creador de \u00abPara vivir\u00bb, \u00abEl breve espacio en que no est\u00e1s\u00bb y \u00abAmo esta isla\u00bb, reiter\u00f3 entonces su confianza en el pueblo cubano \u00abpara buscar el mejor sistema posible de convivencia y prosperidad, con libertades plenas y sin represi\u00f3n\u00bb.<\/p>\n\n\n\n<p class=\"wp-block-paragraph\">En septiembre pasado Pablo Milan\u00e9s fue parte del centenar de artistas e intelectuales cubanos que suscribi\u00f3 un manifiesto de la sociedad civil y se pronunci\u00f3 en las redes sociales por el impulso de cambios en su pa\u00eds \u00abdentro de un esp\u00edritu de soberan\u00eda, inclusi\u00f3n y respeto al ser humano, a su dignidad y aspiraciones m\u00e1s b\u00e1sicas\u00bb.<\/p>\n\n\n\n<h2 class=\"wp-block-heading\"><strong>Yolanda, su canci\u00f3n himno<\/strong><\/h2>\n\n\n\n<p class=\"wp-block-paragraph\">De todos sus temas, ha sido \u00abYolanda\u00bb el m\u00e1s cantado por \u00e9l a lo largo de m\u00e1s de cinco d\u00e9cadas de trayectoria art\u00edstica, a tal punto de que ha llegado a inscribirse a la cabeza de su repertorio como un himno.<\/p>\n\n\n\n<p class=\"wp-block-paragraph\">Yolanda Benet, su segunda esposa y madre de sus tres primeras hijas -Lynn, Liam y Suyl\u00e9n- fue la musa inspiradora y seg\u00fan ella cont\u00f3 la primera vez que Pablo Milan\u00e9s le cant\u00f3 el tema \u00abla paraliz\u00f3\u00bb.<\/p>\n\n\n\n<p class=\"wp-block-paragraph\">Es sin dudas su tema estrella, el vencedor de la prueba impuesta por el paso del tiempo, una canci\u00f3n de amor presente en cada uno de sus conciertos coreada por el p\u00fablico verso a verso del poeta que fue due\u00f1o de una voz como un torrente, n\u00edtida, especial e inolvidable.<\/p>\n","protected":false},"excerpt":{"rendered":"<p>Pablo Milan\u00e9s, tan m\u00fasico como&nbsp;poeta y cantante, cualidades dif\u00edciles de reunir, lleg\u00f3 al final de su vida este lunes con el privilegio de trascender con un memorable legado para&nbsp;Cuba&nbsp;y otros pa\u00edses que disfrutaron su obra. Su \u00faltima gira art\u00edstica \u00abD\u00edas de luz\u00bb trajo al m\u00edtico cantautor el alivio al volver a cantar y estar en [&hellip;]<\/p>\n","protected":false},"author":15,"featured_media":0,"comment_status":"open","ping_status":"open","sticky":false,"template":"","format":"standard","meta":{"footnotes":""},"categories":[1],"tags":[],"class_list":["post-13848","post","type-post","status-publish","format-standard","category-uncategorized"],"yoast_head":"<!-- This site is optimized with the Yoast SEO plugin v27.6 - https:\/\/yoast.com\/product\/yoast-seo-wordpress\/ -->\n<title>Vida y trayectoria del cantautor cubano Pablo Milan\u00e9s - Conexi\u00f3n 23<\/title>\n<meta name=\"robots\" content=\"index, follow, max-snippet:-1, max-image-preview:large, max-video-preview:-1\" \/>\n<link rel=\"canonical\" href=\"https:\/\/conexion23.com\/?p=13848\" \/>\n<meta property=\"og:locale\" content=\"es_ES\" \/>\n<meta property=\"og:type\" content=\"article\" \/>\n<meta property=\"og:title\" content=\"Vida y trayectoria del cantautor cubano Pablo Milan\u00e9s - Conexi\u00f3n 23\" \/>\n<meta property=\"og:description\" content=\"Pablo Milan\u00e9s, tan m\u00fasico como&nbsp;poeta y cantante, cualidades dif\u00edciles de reunir, lleg\u00f3 al final de su vida este lunes con el privilegio de trascender con un memorable legado para&nbsp;Cuba&nbsp;y otros pa\u00edses que disfrutaron su obra. Su \u00faltima gira art\u00edstica \u00abD\u00edas de luz\u00bb trajo al m\u00edtico cantautor el alivio al volver a cantar y estar en [&hellip;]\" \/>\n<meta property=\"og:url\" content=\"https:\/\/conexion23.com\/?p=13848\" \/>\n<meta property=\"og:site_name\" content=\"Conexi\u00f3n 23\" \/>\n<meta property=\"article:publisher\" content=\"https:\/\/www.facebook.com\/conexion23com\" \/>\n<meta property=\"article:published_time\" content=\"2022-11-22T14:51:49+00:00\" \/>\n<meta property=\"article:modified_time\" content=\"2022-11-22T14:51:54+00:00\" \/>\n<meta name=\"author\" content=\"Raffy Ben\u00edtez\" \/>\n<meta name=\"twitter:card\" content=\"summary_large_image\" \/>\n<meta name=\"twitter:label1\" content=\"Escrito por\" \/>\n\t<meta name=\"twitter:data1\" content=\"Raffy Ben\u00edtez\" \/>\n\t<meta name=\"twitter:label2\" content=\"Tiempo de lectura\" \/>\n\t<meta name=\"twitter:data2\" content=\"4 minutos\" \/>\n<script type=\"application\/ld+json\" class=\"yoast-schema-graph\">{\"@context\":\"https:\\\/\\\/schema.org\",\"@graph\":[{\"@type\":\"Article\",\"@id\":\"https:\\\/\\\/conexion23.com\\\/?p=13848#article\",\"isPartOf\":{\"@id\":\"https:\\\/\\\/conexion23.com\\\/?p=13848\"},\"author\":{\"name\":\"Raffy Ben\u00edtez\",\"@id\":\"https:\\\/\\\/conexion23.com\\\/#\\\/schema\\\/person\\\/03e36043331117e97a373299bbcd30a6\"},\"headline\":\"Vida y trayectoria del cantautor cubano Pablo Milan\u00e9s\",\"datePublished\":\"2022-11-22T14:51:49+00:00\",\"dateModified\":\"2022-11-22T14:51:54+00:00\",\"mainEntityOfPage\":{\"@id\":\"https:\\\/\\\/conexion23.com\\\/?p=13848\"},\"wordCount\":910,\"commentCount\":0,\"publisher\":{\"@id\":\"https:\\\/\\\/conexion23.com\\\/#organization\"},\"articleSection\":[\"Uncategorized\"],\"inLanguage\":\"es\",\"potentialAction\":[{\"@type\":\"CommentAction\",\"name\":\"Comment\",\"target\":[\"https:\\\/\\\/conexion23.com\\\/?p=13848#respond\"]}]},{\"@type\":\"WebPage\",\"@id\":\"https:\\\/\\\/conexion23.com\\\/?p=13848\",\"url\":\"https:\\\/\\\/conexion23.com\\\/?p=13848\",\"name\":\"Vida y trayectoria del cantautor cubano Pablo Milan\u00e9s - Conexi\u00f3n 23\",\"isPartOf\":{\"@id\":\"https:\\\/\\\/conexion23.com\\\/#website\"},\"datePublished\":\"2022-11-22T14:51:49+00:00\",\"dateModified\":\"2022-11-22T14:51:54+00:00\",\"breadcrumb\":{\"@id\":\"https:\\\/\\\/conexion23.com\\\/?p=13848#breadcrumb\"},\"inLanguage\":\"es\",\"potentialAction\":[{\"@type\":\"ReadAction\",\"target\":[\"https:\\\/\\\/conexion23.com\\\/?p=13848\"]}]},{\"@type\":\"BreadcrumbList\",\"@id\":\"https:\\\/\\\/conexion23.com\\\/?p=13848#breadcrumb\",\"itemListElement\":[{\"@type\":\"ListItem\",\"position\":1,\"name\":\"Portada\",\"item\":\"https:\\\/\\\/conexion23.com\\\/\"},{\"@type\":\"ListItem\",\"position\":2,\"name\":\"Vida y trayectoria del cantautor cubano Pablo Milan\u00e9s\"}]},{\"@type\":\"WebSite\",\"@id\":\"https:\\\/\\\/conexion23.com\\\/#website\",\"url\":\"https:\\\/\\\/conexion23.com\\\/\",\"name\":\"Conexi\u00f3n 23\",\"description\":\"Peri\u00f3dico 100% Petromacorisano\",\"publisher\":{\"@id\":\"https:\\\/\\\/conexion23.com\\\/#organization\"},\"potentialAction\":[{\"@type\":\"SearchAction\",\"target\":{\"@type\":\"EntryPoint\",\"urlTemplate\":\"https:\\\/\\\/conexion23.com\\\/?s={search_term_string}\"},\"query-input\":{\"@type\":\"PropertyValueSpecification\",\"valueRequired\":true,\"valueName\":\"search_term_string\"}}],\"inLanguage\":\"es\"},{\"@type\":\"Organization\",\"@id\":\"https:\\\/\\\/conexion23.com\\\/#organization\",\"name\":\"Conexion 23\",\"url\":\"https:\\\/\\\/conexion23.com\\\/\",\"logo\":{\"@type\":\"ImageObject\",\"inLanguage\":\"es\",\"@id\":\"https:\\\/\\\/conexion23.com\\\/#\\\/schema\\\/logo\\\/image\\\/\",\"url\":\"https:\\\/\\\/conexion23.com\\\/wp-content\\\/uploads\\\/2021\\\/11\\\/Diseno-sin-titulo-2.png\",\"contentUrl\":\"https:\\\/\\\/conexion23.com\\\/wp-content\\\/uploads\\\/2021\\\/11\\\/Diseno-sin-titulo-2.png\",\"width\":541,\"height\":90,\"caption\":\"Conexion 23\"},\"image\":{\"@id\":\"https:\\\/\\\/conexion23.com\\\/#\\\/schema\\\/logo\\\/image\\\/\"},\"sameAs\":[\"https:\\\/\\\/www.facebook.com\\\/conexion23com\",\"https:\\\/\\\/www.instagram.com\\\/conexion23com\\\/\",\"https:\\\/\\\/www.youtube.com\\\/channel\\\/UCYc7vxxFZMYLIHNsHHxPZ3Q\"]},{\"@type\":\"Person\",\"@id\":\"https:\\\/\\\/conexion23.com\\\/#\\\/schema\\\/person\\\/03e36043331117e97a373299bbcd30a6\",\"name\":\"Raffy Ben\u00edtez\",\"image\":{\"@type\":\"ImageObject\",\"inLanguage\":\"es\",\"@id\":\"https:\\\/\\\/secure.gravatar.com\\\/avatar\\\/3190a6a6c5e1b0327500f7d6c56b6242472ee6cb974cf09b401ee6b3b0798f23?s=96&d=mm&r=g\",\"url\":\"https:\\\/\\\/secure.gravatar.com\\\/avatar\\\/3190a6a6c5e1b0327500f7d6c56b6242472ee6cb974cf09b401ee6b3b0798f23?s=96&d=mm&r=g\",\"contentUrl\":\"https:\\\/\\\/secure.gravatar.com\\\/avatar\\\/3190a6a6c5e1b0327500f7d6c56b6242472ee6cb974cf09b401ee6b3b0798f23?s=96&d=mm&r=g\",\"caption\":\"Raffy Ben\u00edtez\"},\"url\":\"https:\\\/\\\/conexion23.com\\\/?author=15\"}]}<\/script>\n<!-- \/ Yoast SEO plugin. -->","yoast_head_json":{"title":"Vida y trayectoria del cantautor cubano Pablo Milan\u00e9s - Conexi\u00f3n 23","robots":{"index":"index","follow":"follow","max-snippet":"max-snippet:-1","max-image-preview":"max-image-preview:large","max-video-preview":"max-video-preview:-1"},"canonical":"https:\/\/conexion23.com\/?p=13848","og_locale":"es_ES","og_type":"article","og_title":"Vida y trayectoria del cantautor cubano Pablo Milan\u00e9s - Conexi\u00f3n 23","og_description":"Pablo Milan\u00e9s, tan m\u00fasico como&nbsp;poeta y cantante, cualidades dif\u00edciles de reunir, lleg\u00f3 al final de su vida este lunes con el privilegio de trascender con un memorable legado para&nbsp;Cuba&nbsp;y otros pa\u00edses que disfrutaron su obra. Su \u00faltima gira art\u00edstica \u00abD\u00edas de luz\u00bb trajo al m\u00edtico cantautor el alivio al volver a cantar y estar en [&hellip;]","og_url":"https:\/\/conexion23.com\/?p=13848","og_site_name":"Conexi\u00f3n 23","article_publisher":"https:\/\/www.facebook.com\/conexion23com","article_published_time":"2022-11-22T14:51:49+00:00","article_modified_time":"2022-11-22T14:51:54+00:00","author":"Raffy Ben\u00edtez","twitter_card":"summary_large_image","twitter_misc":{"Escrito por":"Raffy Ben\u00edtez","Tiempo de lectura":"4 minutos"},"schema":{"@context":"https:\/\/schema.org","@graph":[{"@type":"Article","@id":"https:\/\/conexion23.com\/?p=13848#article","isPartOf":{"@id":"https:\/\/conexion23.com\/?p=13848"},"author":{"name":"Raffy Ben\u00edtez","@id":"https:\/\/conexion23.com\/#\/schema\/person\/03e36043331117e97a373299bbcd30a6"},"headline":"Vida y trayectoria del cantautor cubano Pablo Milan\u00e9s","datePublished":"2022-11-22T14:51:49+00:00","dateModified":"2022-11-22T14:51:54+00:00","mainEntityOfPage":{"@id":"https:\/\/conexion23.com\/?p=13848"},"wordCount":910,"commentCount":0,"publisher":{"@id":"https:\/\/conexion23.com\/#organization"},"articleSection":["Uncategorized"],"inLanguage":"es","potentialAction":[{"@type":"CommentAction","name":"Comment","target":["https:\/\/conexion23.com\/?p=13848#respond"]}]},{"@type":"WebPage","@id":"https:\/\/conexion23.com\/?p=13848","url":"https:\/\/conexion23.com\/?p=13848","name":"Vida y trayectoria del cantautor cubano Pablo Milan\u00e9s - Conexi\u00f3n 23","isPartOf":{"@id":"https:\/\/conexion23.com\/#website"},"datePublished":"2022-11-22T14:51:49+00:00","dateModified":"2022-11-22T14:51:54+00:00","breadcrumb":{"@id":"https:\/\/conexion23.com\/?p=13848#breadcrumb"},"inLanguage":"es","potentialAction":[{"@type":"ReadAction","target":["https:\/\/conexion23.com\/?p=13848"]}]},{"@type":"BreadcrumbList","@id":"https:\/\/conexion23.com\/?p=13848#breadcrumb","itemListElement":[{"@type":"ListItem","position":1,"name":"Portada","item":"https:\/\/conexion23.com\/"},{"@type":"ListItem","position":2,"name":"Vida y trayectoria del cantautor cubano Pablo Milan\u00e9s"}]},{"@type":"WebSite","@id":"https:\/\/conexion23.com\/#website","url":"https:\/\/conexion23.com\/","name":"Conexi\u00f3n 23","description":"Peri\u00f3dico 100% Petromacorisano","publisher":{"@id":"https:\/\/conexion23.com\/#organization"},"potentialAction":[{"@type":"SearchAction","target":{"@type":"EntryPoint","urlTemplate":"https:\/\/conexion23.com\/?s={search_term_string}"},"query-input":{"@type":"PropertyValueSpecification","valueRequired":true,"valueName":"search_term_string"}}],"inLanguage":"es"},{"@type":"Organization","@id":"https:\/\/conexion23.com\/#organization","name":"Conexion 23","url":"https:\/\/conexion23.com\/","logo":{"@type":"ImageObject","inLanguage":"es","@id":"https:\/\/conexion23.com\/#\/schema\/logo\/image\/","url":"https:\/\/conexion23.com\/wp-content\/uploads\/2021\/11\/Diseno-sin-titulo-2.png","contentUrl":"https:\/\/conexion23.com\/wp-content\/uploads\/2021\/11\/Diseno-sin-titulo-2.png","width":541,"height":90,"caption":"Conexion 23"},"image":{"@id":"https:\/\/conexion23.com\/#\/schema\/logo\/image\/"},"sameAs":["https:\/\/www.facebook.com\/conexion23com","https:\/\/www.instagram.com\/conexion23com\/","https:\/\/www.youtube.com\/channel\/UCYc7vxxFZMYLIHNsHHxPZ3Q"]},{"@type":"Person","@id":"https:\/\/conexion23.com\/#\/schema\/person\/03e36043331117e97a373299bbcd30a6","name":"Raffy Ben\u00edtez","image":{"@type":"ImageObject","inLanguage":"es","@id":"https:\/\/secure.gravatar.com\/avatar\/3190a6a6c5e1b0327500f7d6c56b6242472ee6cb974cf09b401ee6b3b0798f23?s=96&d=mm&r=g","url":"https:\/\/secure.gravatar.com\/avatar\/3190a6a6c5e1b0327500f7d6c56b6242472ee6cb974cf09b401ee6b3b0798f23?s=96&d=mm&r=g","contentUrl":"https:\/\/secure.gravatar.com\/avatar\/3190a6a6c5e1b0327500f7d6c56b6242472ee6cb974cf09b401ee6b3b0798f23?s=96&d=mm&r=g","caption":"Raffy Ben\u00edtez"},"url":"https:\/\/conexion23.com\/?author=15"}]}},"_links":{"self":[{"href":"https:\/\/conexion23.com\/index.php?rest_route=\/wp\/v2\/posts\/13848","targetHints":{"allow":["GET"]}}],"collection":[{"href":"https:\/\/conexion23.com\/index.php?rest_route=\/wp\/v2\/posts"}],"about":[{"href":"https:\/\/conexion23.com\/index.php?rest_route=\/wp\/v2\/types\/post"}],"author":[{"embeddable":true,"href":"https:\/\/conexion23.com\/index.php?rest_route=\/wp\/v2\/users\/15"}],"replies":[{"embeddable":true,"href":"https:\/\/conexion23.com\/index.php?rest_route=%2Fwp%2Fv2%2Fcomments&post=13848"}],"version-history":[{"count":1,"href":"https:\/\/conexion23.com\/index.php?rest_route=\/wp\/v2\/posts\/13848\/revisions"}],"predecessor-version":[{"id":13850,"href":"https:\/\/conexion23.com\/index.php?rest_route=\/wp\/v2\/posts\/13848\/revisions\/13850"}],"wp:attachment":[{"href":"https:\/\/conexion23.com\/index.php?rest_route=%2Fwp%2Fv2%2Fmedia&parent=13848"}],"wp:term":[{"taxonomy":"category","embeddable":true,"href":"https:\/\/conexion23.com\/index.php?rest_route=%2Fwp%2Fv2%2Fcategories&post=13848"},{"taxonomy":"post_tag","embeddable":true,"href":"https:\/\/conexion23.com\/index.php?rest_route=%2Fwp%2Fv2%2Ftags&post=13848"}],"curies":[{"name":"wp","href":"https:\/\/api.w.org\/{rel}","templated":true}]}}