{"id":13851,"date":"2022-11-22T10:54:02","date_gmt":"2022-11-22T14:54:02","guid":{"rendered":"https:\/\/conexion23.com\/?p=13851"},"modified":"2022-11-22T10:54:05","modified_gmt":"2022-11-22T14:54:05","slug":"implicado-en-caso-falcon-sera-extraditado-a-ee-uu","status":"publish","type":"post","link":"https:\/\/conexion23.com\/?p=13851","title":{"rendered":"Implicado en caso Falc\u00f3n ser\u00e1 extraditado a EE.UU."},"content":{"rendered":"\n<p class=\"wp-block-paragraph\">Osiris D\u00edaz Medina, implicado en el Caso Falc\u00f3n ser\u00e1 extraditado a Estdos Unidos tras ser requerido por argos de narcotr\u00e1fico y lavado de activos.<\/p>\n\n\n\n<p class=\"wp-block-paragraph\">La orden de extradicci\u00f3n fue interpuesta por la Segunda Sala Penal de la Suprema Corte de Justicia, quien&nbsp;declar\u00f3 con ha lugar la extradici\u00f3n de D\u00edaz Medina, en la celda de extraditados de la c\u00e1rcel de Najayo.<\/p>\n\n\n\n<p class=\"wp-block-paragraph\">El tribunal declar\u00f3 regular y v\u00e1lida, en cuanto a la forma, la solicitud de extradici\u00f3n a los Estados Unidos de D\u00edaz Medina, por haber sido incoada de conformidad con la normativa nacional y con los instrumentos jur\u00eddicos internacionales vinculantes entre ambos pa\u00edses.<\/p>\n\n\n\n<p class=\"wp-block-paragraph\">Asimismo, los jueces pusieron a cargo de la Procuradur\u00eda General de la Rep\u00fablica la tramitaci\u00f3n y ejecuci\u00f3n de la presente decisi\u00f3n, de conformidad con los t\u00e9rminos de la Constituci\u00f3n de la Rep\u00fablica y las leyes sobre la materia.<\/p>\n\n\n\n<p class=\"wp-block-paragraph\">Los jueces tomaron la decisi\u00f3n, tras acoger un pedimento del procurador adjunto Andr\u00e9s Chalas V\u00e1squez, del Departamento de Cooperaci\u00f3n Internacional y Extradiciones de la Procuradur\u00eda General de la Rep\u00fablica, y la abogada Analdis Alc\u00e1ntara, quien representa los intereses de los Estados Unidos en el pa\u00eds.<\/p>\n\n\n\n<p class=\"wp-block-paragraph\">D\u00edaz Medina fue arrestado en una finca del municipio Sabana Grande de Boy\u00e1, provincia Monte Plata, por un equipo \u00e9lite integrado por fiscales y un personal t\u00e1ctico de la Direcci\u00f3n Nacional de Control de Drogas (DNCD).<\/p>\n","protected":false},"excerpt":{"rendered":"<p>Osiris D\u00edaz Medina, implicado en el Caso Falc\u00f3n ser\u00e1 extraditado a Estdos Unidos tras ser requerido por argos de narcotr\u00e1fico y lavado de activos. La orden de extradicci\u00f3n fue interpuesta por la Segunda Sala Penal de la Suprema Corte de Justicia, quien&nbsp;declar\u00f3 con ha lugar la extradici\u00f3n de D\u00edaz Medina, en la celda de extraditados [&hellip;]<\/p>\n","protected":false},"author":15,"featured_media":0,"comment_status":"open","ping_status":"open","sticky":false,"template":"","format":"standard","meta":{"footnotes":""},"categories":[1],"tags":[],"class_list":["post-13851","post","type-post","status-publish","format-standard","category-uncategorized"],"yoast_head":"<!-- This site is optimized with the Yoast SEO plugin v27.6 - https:\/\/yoast.com\/product\/yoast-seo-wordpress\/ -->\n<title>Implicado en caso Falc\u00f3n ser\u00e1 extraditado a EE.UU. - Conexi\u00f3n 23<\/title>\n<meta name=\"robots\" content=\"index, follow, max-snippet:-1, max-image-preview:large, max-video-preview:-1\" \/>\n<link rel=\"canonical\" href=\"https:\/\/conexion23.com\/?p=13851\" \/>\n<meta property=\"og:locale\" content=\"es_ES\" \/>\n<meta property=\"og:type\" content=\"article\" \/>\n<meta property=\"og:title\" content=\"Implicado en caso Falc\u00f3n ser\u00e1 extraditado a EE.UU. - Conexi\u00f3n 23\" \/>\n<meta property=\"og:description\" content=\"Osiris D\u00edaz Medina, implicado en el Caso Falc\u00f3n ser\u00e1 extraditado a Estdos Unidos tras ser requerido por argos de narcotr\u00e1fico y lavado de activos. La orden de extradicci\u00f3n fue interpuesta por la Segunda Sala Penal de la Suprema Corte de Justicia, quien&nbsp;declar\u00f3 con ha lugar la extradici\u00f3n de D\u00edaz Medina, en la celda de extraditados [&hellip;]\" \/>\n<meta property=\"og:url\" content=\"https:\/\/conexion23.com\/?p=13851\" \/>\n<meta property=\"og:site_name\" content=\"Conexi\u00f3n 23\" \/>\n<meta property=\"article:publisher\" content=\"https:\/\/www.facebook.com\/conexion23com\" \/>\n<meta property=\"article:published_time\" content=\"2022-11-22T14:54:02+00:00\" \/>\n<meta property=\"article:modified_time\" content=\"2022-11-22T14:54:05+00:00\" \/>\n<meta name=\"author\" content=\"Raffy Ben\u00edtez\" \/>\n<meta name=\"twitter:card\" content=\"summary_large_image\" \/>\n<meta name=\"twitter:label1\" content=\"Escrito por\" \/>\n\t<meta name=\"twitter:data1\" content=\"Raffy Ben\u00edtez\" \/>\n\t<meta name=\"twitter:label2\" content=\"Tiempo de lectura\" \/>\n\t<meta name=\"twitter:data2\" content=\"2 minutos\" \/>\n<script type=\"application\/ld+json\" class=\"yoast-schema-graph\">{\"@context\":\"https:\\\/\\\/schema.org\",\"@graph\":[{\"@type\":\"Article\",\"@id\":\"https:\\\/\\\/conexion23.com\\\/?p=13851#article\",\"isPartOf\":{\"@id\":\"https:\\\/\\\/conexion23.com\\\/?p=13851\"},\"author\":{\"name\":\"Raffy Ben\u00edtez\",\"@id\":\"https:\\\/\\\/conexion23.com\\\/#\\\/schema\\\/person\\\/03e36043331117e97a373299bbcd30a6\"},\"headline\":\"Implicado en caso Falc\u00f3n ser\u00e1 extraditado a EE.UU.\",\"datePublished\":\"2022-11-22T14:54:02+00:00\",\"dateModified\":\"2022-11-22T14:54:05+00:00\",\"mainEntityOfPage\":{\"@id\":\"https:\\\/\\\/conexion23.com\\\/?p=13851\"},\"wordCount\":264,\"commentCount\":0,\"publisher\":{\"@id\":\"https:\\\/\\\/conexion23.com\\\/#organization\"},\"articleSection\":[\"Uncategorized\"],\"inLanguage\":\"es\",\"potentialAction\":[{\"@type\":\"CommentAction\",\"name\":\"Comment\",\"target\":[\"https:\\\/\\\/conexion23.com\\\/?p=13851#respond\"]}]},{\"@type\":\"WebPage\",\"@id\":\"https:\\\/\\\/conexion23.com\\\/?p=13851\",\"url\":\"https:\\\/\\\/conexion23.com\\\/?p=13851\",\"name\":\"Implicado en caso Falc\u00f3n ser\u00e1 extraditado a EE.UU. - Conexi\u00f3n 23\",\"isPartOf\":{\"@id\":\"https:\\\/\\\/conexion23.com\\\/#website\"},\"datePublished\":\"2022-11-22T14:54:02+00:00\",\"dateModified\":\"2022-11-22T14:54:05+00:00\",\"breadcrumb\":{\"@id\":\"https:\\\/\\\/conexion23.com\\\/?p=13851#breadcrumb\"},\"inLanguage\":\"es\",\"potentialAction\":[{\"@type\":\"ReadAction\",\"target\":[\"https:\\\/\\\/conexion23.com\\\/?p=13851\"]}]},{\"@type\":\"BreadcrumbList\",\"@id\":\"https:\\\/\\\/conexion23.com\\\/?p=13851#breadcrumb\",\"itemListElement\":[{\"@type\":\"ListItem\",\"position\":1,\"name\":\"Portada\",\"item\":\"https:\\\/\\\/conexion23.com\\\/\"},{\"@type\":\"ListItem\",\"position\":2,\"name\":\"Implicado en caso Falc\u00f3n ser\u00e1 extraditado a EE.UU.\"}]},{\"@type\":\"WebSite\",\"@id\":\"https:\\\/\\\/conexion23.com\\\/#website\",\"url\":\"https:\\\/\\\/conexion23.com\\\/\",\"name\":\"Conexi\u00f3n 23\",\"description\":\"Peri\u00f3dico 100% Petromacorisano\",\"publisher\":{\"@id\":\"https:\\\/\\\/conexion23.com\\\/#organization\"},\"potentialAction\":[{\"@type\":\"SearchAction\",\"target\":{\"@type\":\"EntryPoint\",\"urlTemplate\":\"https:\\\/\\\/conexion23.com\\\/?s={search_term_string}\"},\"query-input\":{\"@type\":\"PropertyValueSpecification\",\"valueRequired\":true,\"valueName\":\"search_term_string\"}}],\"inLanguage\":\"es\"},{\"@type\":\"Organization\",\"@id\":\"https:\\\/\\\/conexion23.com\\\/#organization\",\"name\":\"Conexion 23\",\"url\":\"https:\\\/\\\/conexion23.com\\\/\",\"logo\":{\"@type\":\"ImageObject\",\"inLanguage\":\"es\",\"@id\":\"https:\\\/\\\/conexion23.com\\\/#\\\/schema\\\/logo\\\/image\\\/\",\"url\":\"https:\\\/\\\/conexion23.com\\\/wp-content\\\/uploads\\\/2021\\\/11\\\/Diseno-sin-titulo-2.png\",\"contentUrl\":\"https:\\\/\\\/conexion23.com\\\/wp-content\\\/uploads\\\/2021\\\/11\\\/Diseno-sin-titulo-2.png\",\"width\":541,\"height\":90,\"caption\":\"Conexion 23\"},\"image\":{\"@id\":\"https:\\\/\\\/conexion23.com\\\/#\\\/schema\\\/logo\\\/image\\\/\"},\"sameAs\":[\"https:\\\/\\\/www.facebook.com\\\/conexion23com\",\"https:\\\/\\\/www.instagram.com\\\/conexion23com\\\/\",\"https:\\\/\\\/www.youtube.com\\\/channel\\\/UCYc7vxxFZMYLIHNsHHxPZ3Q\"]},{\"@type\":\"Person\",\"@id\":\"https:\\\/\\\/conexion23.com\\\/#\\\/schema\\\/person\\\/03e36043331117e97a373299bbcd30a6\",\"name\":\"Raffy Ben\u00edtez\",\"image\":{\"@type\":\"ImageObject\",\"inLanguage\":\"es\",\"@id\":\"https:\\\/\\\/secure.gravatar.com\\\/avatar\\\/3190a6a6c5e1b0327500f7d6c56b6242472ee6cb974cf09b401ee6b3b0798f23?s=96&d=mm&r=g\",\"url\":\"https:\\\/\\\/secure.gravatar.com\\\/avatar\\\/3190a6a6c5e1b0327500f7d6c56b6242472ee6cb974cf09b401ee6b3b0798f23?s=96&d=mm&r=g\",\"contentUrl\":\"https:\\\/\\\/secure.gravatar.com\\\/avatar\\\/3190a6a6c5e1b0327500f7d6c56b6242472ee6cb974cf09b401ee6b3b0798f23?s=96&d=mm&r=g\",\"caption\":\"Raffy Ben\u00edtez\"},\"url\":\"https:\\\/\\\/conexion23.com\\\/?author=15\"}]}<\/script>\n<!-- \/ Yoast SEO plugin. -->","yoast_head_json":{"title":"Implicado en caso Falc\u00f3n ser\u00e1 extraditado a EE.UU. - Conexi\u00f3n 23","robots":{"index":"index","follow":"follow","max-snippet":"max-snippet:-1","max-image-preview":"max-image-preview:large","max-video-preview":"max-video-preview:-1"},"canonical":"https:\/\/conexion23.com\/?p=13851","og_locale":"es_ES","og_type":"article","og_title":"Implicado en caso Falc\u00f3n ser\u00e1 extraditado a EE.UU. - Conexi\u00f3n 23","og_description":"Osiris D\u00edaz Medina, implicado en el Caso Falc\u00f3n ser\u00e1 extraditado a Estdos Unidos tras ser requerido por argos de narcotr\u00e1fico y lavado de activos. La orden de extradicci\u00f3n fue interpuesta por la Segunda Sala Penal de la Suprema Corte de Justicia, quien&nbsp;declar\u00f3 con ha lugar la extradici\u00f3n de D\u00edaz Medina, en la celda de extraditados [&hellip;]","og_url":"https:\/\/conexion23.com\/?p=13851","og_site_name":"Conexi\u00f3n 23","article_publisher":"https:\/\/www.facebook.com\/conexion23com","article_published_time":"2022-11-22T14:54:02+00:00","article_modified_time":"2022-11-22T14:54:05+00:00","author":"Raffy Ben\u00edtez","twitter_card":"summary_large_image","twitter_misc":{"Escrito por":"Raffy Ben\u00edtez","Tiempo de lectura":"2 minutos"},"schema":{"@context":"https:\/\/schema.org","@graph":[{"@type":"Article","@id":"https:\/\/conexion23.com\/?p=13851#article","isPartOf":{"@id":"https:\/\/conexion23.com\/?p=13851"},"author":{"name":"Raffy Ben\u00edtez","@id":"https:\/\/conexion23.com\/#\/schema\/person\/03e36043331117e97a373299bbcd30a6"},"headline":"Implicado en caso Falc\u00f3n ser\u00e1 extraditado a EE.UU.","datePublished":"2022-11-22T14:54:02+00:00","dateModified":"2022-11-22T14:54:05+00:00","mainEntityOfPage":{"@id":"https:\/\/conexion23.com\/?p=13851"},"wordCount":264,"commentCount":0,"publisher":{"@id":"https:\/\/conexion23.com\/#organization"},"articleSection":["Uncategorized"],"inLanguage":"es","potentialAction":[{"@type":"CommentAction","name":"Comment","target":["https:\/\/conexion23.com\/?p=13851#respond"]}]},{"@type":"WebPage","@id":"https:\/\/conexion23.com\/?p=13851","url":"https:\/\/conexion23.com\/?p=13851","name":"Implicado en caso Falc\u00f3n ser\u00e1 extraditado a EE.UU. - Conexi\u00f3n 23","isPartOf":{"@id":"https:\/\/conexion23.com\/#website"},"datePublished":"2022-11-22T14:54:02+00:00","dateModified":"2022-11-22T14:54:05+00:00","breadcrumb":{"@id":"https:\/\/conexion23.com\/?p=13851#breadcrumb"},"inLanguage":"es","potentialAction":[{"@type":"ReadAction","target":["https:\/\/conexion23.com\/?p=13851"]}]},{"@type":"BreadcrumbList","@id":"https:\/\/conexion23.com\/?p=13851#breadcrumb","itemListElement":[{"@type":"ListItem","position":1,"name":"Portada","item":"https:\/\/conexion23.com\/"},{"@type":"ListItem","position":2,"name":"Implicado en caso Falc\u00f3n ser\u00e1 extraditado a EE.UU."}]},{"@type":"WebSite","@id":"https:\/\/conexion23.com\/#website","url":"https:\/\/conexion23.com\/","name":"Conexi\u00f3n 23","description":"Peri\u00f3dico 100% Petromacorisano","publisher":{"@id":"https:\/\/conexion23.com\/#organization"},"potentialAction":[{"@type":"SearchAction","target":{"@type":"EntryPoint","urlTemplate":"https:\/\/conexion23.com\/?s={search_term_string}"},"query-input":{"@type":"PropertyValueSpecification","valueRequired":true,"valueName":"search_term_string"}}],"inLanguage":"es"},{"@type":"Organization","@id":"https:\/\/conexion23.com\/#organization","name":"Conexion 23","url":"https:\/\/conexion23.com\/","logo":{"@type":"ImageObject","inLanguage":"es","@id":"https:\/\/conexion23.com\/#\/schema\/logo\/image\/","url":"https:\/\/conexion23.com\/wp-content\/uploads\/2021\/11\/Diseno-sin-titulo-2.png","contentUrl":"https:\/\/conexion23.com\/wp-content\/uploads\/2021\/11\/Diseno-sin-titulo-2.png","width":541,"height":90,"caption":"Conexion 23"},"image":{"@id":"https:\/\/conexion23.com\/#\/schema\/logo\/image\/"},"sameAs":["https:\/\/www.facebook.com\/conexion23com","https:\/\/www.instagram.com\/conexion23com\/","https:\/\/www.youtube.com\/channel\/UCYc7vxxFZMYLIHNsHHxPZ3Q"]},{"@type":"Person","@id":"https:\/\/conexion23.com\/#\/schema\/person\/03e36043331117e97a373299bbcd30a6","name":"Raffy Ben\u00edtez","image":{"@type":"ImageObject","inLanguage":"es","@id":"https:\/\/secure.gravatar.com\/avatar\/3190a6a6c5e1b0327500f7d6c56b6242472ee6cb974cf09b401ee6b3b0798f23?s=96&d=mm&r=g","url":"https:\/\/secure.gravatar.com\/avatar\/3190a6a6c5e1b0327500f7d6c56b6242472ee6cb974cf09b401ee6b3b0798f23?s=96&d=mm&r=g","contentUrl":"https:\/\/secure.gravatar.com\/avatar\/3190a6a6c5e1b0327500f7d6c56b6242472ee6cb974cf09b401ee6b3b0798f23?s=96&d=mm&r=g","caption":"Raffy Ben\u00edtez"},"url":"https:\/\/conexion23.com\/?author=15"}]}},"_links":{"self":[{"href":"https:\/\/conexion23.com\/index.php?rest_route=\/wp\/v2\/posts\/13851","targetHints":{"allow":["GET"]}}],"collection":[{"href":"https:\/\/conexion23.com\/index.php?rest_route=\/wp\/v2\/posts"}],"about":[{"href":"https:\/\/conexion23.com\/index.php?rest_route=\/wp\/v2\/types\/post"}],"author":[{"embeddable":true,"href":"https:\/\/conexion23.com\/index.php?rest_route=\/wp\/v2\/users\/15"}],"replies":[{"embeddable":true,"href":"https:\/\/conexion23.com\/index.php?rest_route=%2Fwp%2Fv2%2Fcomments&post=13851"}],"version-history":[{"count":1,"href":"https:\/\/conexion23.com\/index.php?rest_route=\/wp\/v2\/posts\/13851\/revisions"}],"predecessor-version":[{"id":13853,"href":"https:\/\/conexion23.com\/index.php?rest_route=\/wp\/v2\/posts\/13851\/revisions\/13853"}],"wp:attachment":[{"href":"https:\/\/conexion23.com\/index.php?rest_route=%2Fwp%2Fv2%2Fmedia&parent=13851"}],"wp:term":[{"taxonomy":"category","embeddable":true,"href":"https:\/\/conexion23.com\/index.php?rest_route=%2Fwp%2Fv2%2Fcategories&post=13851"},{"taxonomy":"post_tag","embeddable":true,"href":"https:\/\/conexion23.com\/index.php?rest_route=%2Fwp%2Fv2%2Ftags&post=13851"}],"curies":[{"name":"wp","href":"https:\/\/api.w.org\/{rel}","templated":true}]}}