{"id":13857,"date":"2022-11-22T11:03:27","date_gmt":"2022-11-22T15:03:27","guid":{"rendered":"https:\/\/conexion23.com\/?p=13857"},"modified":"2022-11-22T11:03:31","modified_gmt":"2022-11-22T15:03:31","slug":"jabonero-aspira-a-su-reeleccion-al-frente-de-la-oei-en-rd","status":"publish","type":"post","link":"https:\/\/conexion23.com\/?p=13857","title":{"rendered":"Jabonero aspira a su reelecci\u00f3n al frente de la OEI en RD"},"content":{"rendered":"\n<p class=\"wp-block-paragraph\">Mariano Jabonero, actual secretario general de la Organizaci\u00f3n de Estados Iberoamericanos para la Educaci\u00f3n, la Ciencia y la Cultura (OEI), presentar\u00e1 su candidatura para ser reelegido en el cargo para el periodo 2023-2026, durante la XIV Reuni\u00f3n Ordinaria de la Asamblea General de la instituci\u00f3n, el pr\u00f3ximo viernes en Rep\u00fablica Dominicana.<\/p>\n\n\n\n<p class=\"wp-block-paragraph\">Jabonero, candidato del Gobierno de Espa\u00f1a, fue elegido en 2018 como secretario general en la \u00faltima Asamblea General en Ciudad de M\u00e9xico, en la que sucedi\u00f3 al brasile\u00f1o Paulo Speller.<\/p>\n\n\n\n<p class=\"wp-block-paragraph\">Adem\u00e1s, durante el encuentro en Rep\u00fablica Dominicana se presentar\u00e1 la memoria de actividades de la OEI de los \u00faltimos cuatro a\u00f1os, un periodo marcado principalmente por la crisis de la COVID-19 que llev\u00f3, como apunta la organizaci\u00f3n en un comunicado, al cierre de centros educativos en la regi\u00f3n, \u201cque afect\u00f3 a 180 millones de estudiantes\u201d.<\/p>\n\n\n\n<p class=\"wp-block-paragraph\">Algunos de los hitos que se expondr\u00e1n en la XIV reuni\u00f3n son los avances en la transformaci\u00f3n digital de la educaci\u00f3n en Iberoam\u00e9rica, el impulso de las industrias creativas y culturales o el afianzamiento del espa\u00f1ol y el portugu\u00e9s como lenguas cient\u00edficas.<\/p>\n\n\n\n<p class=\"wp-block-paragraph\">La asamblea tambi\u00e9n acoger\u00e1 la conferencia magistral \u201cInteligencias m\u00faltiples y la mente sint\u00e9tica\u201d, del investigador y psic\u00f3logo estadounidense Howard Gardner, donde se tratar\u00e1 la capacidad de los estudiantes iberoamericanos de \u201cpotenciar las habilidades en diferentes \u00e1mbitos, con una mirada integral e inclusiva\u201d.<\/p>\n\n\n\n<p class=\"wp-block-paragraph\">Celebrada cada cuatro a\u00f1os, la Asamblea General de la OEI es la \u201cm\u00e1xima autoridad\u201d del organismo y est\u00e1 integrada por delegaciones oficiales de sus 23 Estados miembros (Andorra, Argentina, Bolivia, Brasil, Chile, Colombia, Costa Rica, Cuba, Ecuador, El Salvador, Espa\u00f1a, Guatemala, Guinea Ecuatorial, Honduras, M\u00e9xico, Nicaragua, Panam\u00e1, Paraguay, Per\u00fa, Portugal, Rep\u00fablica Dominicana, Uruguay y Venezuela).<\/p>\n\n\n\n<p class=\"wp-block-paragraph\">\u00c1ngel Hern\u00e1ndez, ministro de Educaci\u00f3n de la Rep\u00fablica Dominicana \u2014en calidad de presidente del Consejo Directivo de la OEI\u2014, ser\u00e1 el anfitri\u00f3n y contar\u00e1 con la participaci\u00f3n del presidente dominicano, Luis Abinader, y ministros de Educaci\u00f3n de pa\u00edses de la regi\u00f3n como la espa\u00f1ola Pilar Alegr\u00eda.<\/p>\n\n\n\n<p class=\"wp-block-paragraph\">El encuentro contar\u00e1 tambi\u00e9n con la participaci\u00f3n de organizaciones observadoras de la OEI como la Comunidad de Pa\u00edses de Lengua Portuguesa (CPLP), el Sistema de la Integraci\u00f3n Centroamericana (SICA) y la Fundaci\u00f3n EU-LAC, adem\u00e1s de otras entidades invitadas como el Banco Interamericano de Desarrollo (BID), la Unesco, el Banco de Desarrollo de Am\u00e9rica Latina (CAF) y la Secretar\u00eda General Iberoamericana (SEGIB).<\/p>\n\n\n\n<p class=\"wp-block-paragraph\"><strong>EFE<\/strong><\/p>\n","protected":false},"excerpt":{"rendered":"<p>Mariano Jabonero, actual secretario general de la Organizaci\u00f3n de Estados Iberoamericanos para la Educaci\u00f3n, la Ciencia y la Cultura (OEI), presentar\u00e1 su candidatura para ser reelegido en el cargo para el periodo 2023-2026, durante la XIV Reuni\u00f3n Ordinaria de la Asamblea General de la instituci\u00f3n, el pr\u00f3ximo viernes en Rep\u00fablica Dominicana. Jabonero, candidato del Gobierno [&hellip;]<\/p>\n","protected":false},"author":15,"featured_media":0,"comment_status":"open","ping_status":"open","sticky":false,"template":"","format":"standard","meta":{"footnotes":""},"categories":[1],"tags":[],"class_list":["post-13857","post","type-post","status-publish","format-standard","category-uncategorized"],"yoast_head":"<!-- This site is optimized with the Yoast SEO plugin v27.6 - https:\/\/yoast.com\/product\/yoast-seo-wordpress\/ -->\n<title>Jabonero aspira a su reelecci\u00f3n al frente de la OEI en RD - Conexi\u00f3n 23<\/title>\n<meta name=\"robots\" content=\"index, follow, max-snippet:-1, max-image-preview:large, max-video-preview:-1\" \/>\n<link rel=\"canonical\" href=\"https:\/\/conexion23.com\/?p=13857\" \/>\n<meta property=\"og:locale\" content=\"es_ES\" \/>\n<meta property=\"og:type\" content=\"article\" \/>\n<meta property=\"og:title\" content=\"Jabonero aspira a su reelecci\u00f3n al frente de la OEI en RD - Conexi\u00f3n 23\" \/>\n<meta property=\"og:description\" content=\"Mariano Jabonero, actual secretario general de la Organizaci\u00f3n de Estados Iberoamericanos para la Educaci\u00f3n, la Ciencia y la Cultura (OEI), presentar\u00e1 su candidatura para ser reelegido en el cargo para el periodo 2023-2026, durante la XIV Reuni\u00f3n Ordinaria de la Asamblea General de la instituci\u00f3n, el pr\u00f3ximo viernes en Rep\u00fablica Dominicana. Jabonero, candidato del Gobierno [&hellip;]\" \/>\n<meta property=\"og:url\" content=\"https:\/\/conexion23.com\/?p=13857\" \/>\n<meta property=\"og:site_name\" content=\"Conexi\u00f3n 23\" \/>\n<meta property=\"article:publisher\" content=\"https:\/\/www.facebook.com\/conexion23com\" \/>\n<meta property=\"article:published_time\" content=\"2022-11-22T15:03:27+00:00\" \/>\n<meta property=\"article:modified_time\" content=\"2022-11-22T15:03:31+00:00\" \/>\n<meta name=\"author\" content=\"Raffy Ben\u00edtez\" \/>\n<meta name=\"twitter:card\" content=\"summary_large_image\" \/>\n<meta name=\"twitter:label1\" content=\"Escrito por\" \/>\n\t<meta name=\"twitter:data1\" content=\"Raffy Ben\u00edtez\" \/>\n\t<meta name=\"twitter:label2\" content=\"Tiempo de lectura\" \/>\n\t<meta name=\"twitter:data2\" content=\"2 minutos\" \/>\n<script type=\"application\/ld+json\" class=\"yoast-schema-graph\">{\"@context\":\"https:\\\/\\\/schema.org\",\"@graph\":[{\"@type\":\"Article\",\"@id\":\"https:\\\/\\\/conexion23.com\\\/?p=13857#article\",\"isPartOf\":{\"@id\":\"https:\\\/\\\/conexion23.com\\\/?p=13857\"},\"author\":{\"name\":\"Raffy Ben\u00edtez\",\"@id\":\"https:\\\/\\\/conexion23.com\\\/#\\\/schema\\\/person\\\/03e36043331117e97a373299bbcd30a6\"},\"headline\":\"Jabonero aspira a su reelecci\u00f3n al frente de la OEI en RD\",\"datePublished\":\"2022-11-22T15:03:27+00:00\",\"dateModified\":\"2022-11-22T15:03:31+00:00\",\"mainEntityOfPage\":{\"@id\":\"https:\\\/\\\/conexion23.com\\\/?p=13857\"},\"wordCount\":442,\"commentCount\":0,\"publisher\":{\"@id\":\"https:\\\/\\\/conexion23.com\\\/#organization\"},\"articleSection\":[\"Uncategorized\"],\"inLanguage\":\"es\",\"potentialAction\":[{\"@type\":\"CommentAction\",\"name\":\"Comment\",\"target\":[\"https:\\\/\\\/conexion23.com\\\/?p=13857#respond\"]}]},{\"@type\":\"WebPage\",\"@id\":\"https:\\\/\\\/conexion23.com\\\/?p=13857\",\"url\":\"https:\\\/\\\/conexion23.com\\\/?p=13857\",\"name\":\"Jabonero aspira a su reelecci\u00f3n al frente de la OEI en RD - Conexi\u00f3n 23\",\"isPartOf\":{\"@id\":\"https:\\\/\\\/conexion23.com\\\/#website\"},\"datePublished\":\"2022-11-22T15:03:27+00:00\",\"dateModified\":\"2022-11-22T15:03:31+00:00\",\"breadcrumb\":{\"@id\":\"https:\\\/\\\/conexion23.com\\\/?p=13857#breadcrumb\"},\"inLanguage\":\"es\",\"potentialAction\":[{\"@type\":\"ReadAction\",\"target\":[\"https:\\\/\\\/conexion23.com\\\/?p=13857\"]}]},{\"@type\":\"BreadcrumbList\",\"@id\":\"https:\\\/\\\/conexion23.com\\\/?p=13857#breadcrumb\",\"itemListElement\":[{\"@type\":\"ListItem\",\"position\":1,\"name\":\"Portada\",\"item\":\"https:\\\/\\\/conexion23.com\\\/\"},{\"@type\":\"ListItem\",\"position\":2,\"name\":\"Jabonero aspira a su reelecci\u00f3n al frente de la OEI en RD\"}]},{\"@type\":\"WebSite\",\"@id\":\"https:\\\/\\\/conexion23.com\\\/#website\",\"url\":\"https:\\\/\\\/conexion23.com\\\/\",\"name\":\"Conexi\u00f3n 23\",\"description\":\"Peri\u00f3dico 100% Petromacorisano\",\"publisher\":{\"@id\":\"https:\\\/\\\/conexion23.com\\\/#organization\"},\"potentialAction\":[{\"@type\":\"SearchAction\",\"target\":{\"@type\":\"EntryPoint\",\"urlTemplate\":\"https:\\\/\\\/conexion23.com\\\/?s={search_term_string}\"},\"query-input\":{\"@type\":\"PropertyValueSpecification\",\"valueRequired\":true,\"valueName\":\"search_term_string\"}}],\"inLanguage\":\"es\"},{\"@type\":\"Organization\",\"@id\":\"https:\\\/\\\/conexion23.com\\\/#organization\",\"name\":\"Conexion 23\",\"url\":\"https:\\\/\\\/conexion23.com\\\/\",\"logo\":{\"@type\":\"ImageObject\",\"inLanguage\":\"es\",\"@id\":\"https:\\\/\\\/conexion23.com\\\/#\\\/schema\\\/logo\\\/image\\\/\",\"url\":\"https:\\\/\\\/conexion23.com\\\/wp-content\\\/uploads\\\/2021\\\/11\\\/Diseno-sin-titulo-2.png\",\"contentUrl\":\"https:\\\/\\\/conexion23.com\\\/wp-content\\\/uploads\\\/2021\\\/11\\\/Diseno-sin-titulo-2.png\",\"width\":541,\"height\":90,\"caption\":\"Conexion 23\"},\"image\":{\"@id\":\"https:\\\/\\\/conexion23.com\\\/#\\\/schema\\\/logo\\\/image\\\/\"},\"sameAs\":[\"https:\\\/\\\/www.facebook.com\\\/conexion23com\",\"https:\\\/\\\/www.instagram.com\\\/conexion23com\\\/\",\"https:\\\/\\\/www.youtube.com\\\/channel\\\/UCYc7vxxFZMYLIHNsHHxPZ3Q\"]},{\"@type\":\"Person\",\"@id\":\"https:\\\/\\\/conexion23.com\\\/#\\\/schema\\\/person\\\/03e36043331117e97a373299bbcd30a6\",\"name\":\"Raffy Ben\u00edtez\",\"image\":{\"@type\":\"ImageObject\",\"inLanguage\":\"es\",\"@id\":\"https:\\\/\\\/secure.gravatar.com\\\/avatar\\\/3190a6a6c5e1b0327500f7d6c56b6242472ee6cb974cf09b401ee6b3b0798f23?s=96&d=mm&r=g\",\"url\":\"https:\\\/\\\/secure.gravatar.com\\\/avatar\\\/3190a6a6c5e1b0327500f7d6c56b6242472ee6cb974cf09b401ee6b3b0798f23?s=96&d=mm&r=g\",\"contentUrl\":\"https:\\\/\\\/secure.gravatar.com\\\/avatar\\\/3190a6a6c5e1b0327500f7d6c56b6242472ee6cb974cf09b401ee6b3b0798f23?s=96&d=mm&r=g\",\"caption\":\"Raffy Ben\u00edtez\"},\"url\":\"https:\\\/\\\/conexion23.com\\\/?author=15\"}]}<\/script>\n<!-- \/ Yoast SEO plugin. -->","yoast_head_json":{"title":"Jabonero aspira a su reelecci\u00f3n al frente de la OEI en RD - Conexi\u00f3n 23","robots":{"index":"index","follow":"follow","max-snippet":"max-snippet:-1","max-image-preview":"max-image-preview:large","max-video-preview":"max-video-preview:-1"},"canonical":"https:\/\/conexion23.com\/?p=13857","og_locale":"es_ES","og_type":"article","og_title":"Jabonero aspira a su reelecci\u00f3n al frente de la OEI en RD - Conexi\u00f3n 23","og_description":"Mariano Jabonero, actual secretario general de la Organizaci\u00f3n de Estados Iberoamericanos para la Educaci\u00f3n, la Ciencia y la Cultura (OEI), presentar\u00e1 su candidatura para ser reelegido en el cargo para el periodo 2023-2026, durante la XIV Reuni\u00f3n Ordinaria de la Asamblea General de la instituci\u00f3n, el pr\u00f3ximo viernes en Rep\u00fablica Dominicana. Jabonero, candidato del Gobierno [&hellip;]","og_url":"https:\/\/conexion23.com\/?p=13857","og_site_name":"Conexi\u00f3n 23","article_publisher":"https:\/\/www.facebook.com\/conexion23com","article_published_time":"2022-11-22T15:03:27+00:00","article_modified_time":"2022-11-22T15:03:31+00:00","author":"Raffy Ben\u00edtez","twitter_card":"summary_large_image","twitter_misc":{"Escrito por":"Raffy Ben\u00edtez","Tiempo de lectura":"2 minutos"},"schema":{"@context":"https:\/\/schema.org","@graph":[{"@type":"Article","@id":"https:\/\/conexion23.com\/?p=13857#article","isPartOf":{"@id":"https:\/\/conexion23.com\/?p=13857"},"author":{"name":"Raffy Ben\u00edtez","@id":"https:\/\/conexion23.com\/#\/schema\/person\/03e36043331117e97a373299bbcd30a6"},"headline":"Jabonero aspira a su reelecci\u00f3n al frente de la OEI en RD","datePublished":"2022-11-22T15:03:27+00:00","dateModified":"2022-11-22T15:03:31+00:00","mainEntityOfPage":{"@id":"https:\/\/conexion23.com\/?p=13857"},"wordCount":442,"commentCount":0,"publisher":{"@id":"https:\/\/conexion23.com\/#organization"},"articleSection":["Uncategorized"],"inLanguage":"es","potentialAction":[{"@type":"CommentAction","name":"Comment","target":["https:\/\/conexion23.com\/?p=13857#respond"]}]},{"@type":"WebPage","@id":"https:\/\/conexion23.com\/?p=13857","url":"https:\/\/conexion23.com\/?p=13857","name":"Jabonero aspira a su reelecci\u00f3n al frente de la OEI en RD - Conexi\u00f3n 23","isPartOf":{"@id":"https:\/\/conexion23.com\/#website"},"datePublished":"2022-11-22T15:03:27+00:00","dateModified":"2022-11-22T15:03:31+00:00","breadcrumb":{"@id":"https:\/\/conexion23.com\/?p=13857#breadcrumb"},"inLanguage":"es","potentialAction":[{"@type":"ReadAction","target":["https:\/\/conexion23.com\/?p=13857"]}]},{"@type":"BreadcrumbList","@id":"https:\/\/conexion23.com\/?p=13857#breadcrumb","itemListElement":[{"@type":"ListItem","position":1,"name":"Portada","item":"https:\/\/conexion23.com\/"},{"@type":"ListItem","position":2,"name":"Jabonero aspira a su reelecci\u00f3n al frente de la OEI en RD"}]},{"@type":"WebSite","@id":"https:\/\/conexion23.com\/#website","url":"https:\/\/conexion23.com\/","name":"Conexi\u00f3n 23","description":"Peri\u00f3dico 100% Petromacorisano","publisher":{"@id":"https:\/\/conexion23.com\/#organization"},"potentialAction":[{"@type":"SearchAction","target":{"@type":"EntryPoint","urlTemplate":"https:\/\/conexion23.com\/?s={search_term_string}"},"query-input":{"@type":"PropertyValueSpecification","valueRequired":true,"valueName":"search_term_string"}}],"inLanguage":"es"},{"@type":"Organization","@id":"https:\/\/conexion23.com\/#organization","name":"Conexion 23","url":"https:\/\/conexion23.com\/","logo":{"@type":"ImageObject","inLanguage":"es","@id":"https:\/\/conexion23.com\/#\/schema\/logo\/image\/","url":"https:\/\/conexion23.com\/wp-content\/uploads\/2021\/11\/Diseno-sin-titulo-2.png","contentUrl":"https:\/\/conexion23.com\/wp-content\/uploads\/2021\/11\/Diseno-sin-titulo-2.png","width":541,"height":90,"caption":"Conexion 23"},"image":{"@id":"https:\/\/conexion23.com\/#\/schema\/logo\/image\/"},"sameAs":["https:\/\/www.facebook.com\/conexion23com","https:\/\/www.instagram.com\/conexion23com\/","https:\/\/www.youtube.com\/channel\/UCYc7vxxFZMYLIHNsHHxPZ3Q"]},{"@type":"Person","@id":"https:\/\/conexion23.com\/#\/schema\/person\/03e36043331117e97a373299bbcd30a6","name":"Raffy Ben\u00edtez","image":{"@type":"ImageObject","inLanguage":"es","@id":"https:\/\/secure.gravatar.com\/avatar\/3190a6a6c5e1b0327500f7d6c56b6242472ee6cb974cf09b401ee6b3b0798f23?s=96&d=mm&r=g","url":"https:\/\/secure.gravatar.com\/avatar\/3190a6a6c5e1b0327500f7d6c56b6242472ee6cb974cf09b401ee6b3b0798f23?s=96&d=mm&r=g","contentUrl":"https:\/\/secure.gravatar.com\/avatar\/3190a6a6c5e1b0327500f7d6c56b6242472ee6cb974cf09b401ee6b3b0798f23?s=96&d=mm&r=g","caption":"Raffy Ben\u00edtez"},"url":"https:\/\/conexion23.com\/?author=15"}]}},"_links":{"self":[{"href":"https:\/\/conexion23.com\/index.php?rest_route=\/wp\/v2\/posts\/13857","targetHints":{"allow":["GET"]}}],"collection":[{"href":"https:\/\/conexion23.com\/index.php?rest_route=\/wp\/v2\/posts"}],"about":[{"href":"https:\/\/conexion23.com\/index.php?rest_route=\/wp\/v2\/types\/post"}],"author":[{"embeddable":true,"href":"https:\/\/conexion23.com\/index.php?rest_route=\/wp\/v2\/users\/15"}],"replies":[{"embeddable":true,"href":"https:\/\/conexion23.com\/index.php?rest_route=%2Fwp%2Fv2%2Fcomments&post=13857"}],"version-history":[{"count":1,"href":"https:\/\/conexion23.com\/index.php?rest_route=\/wp\/v2\/posts\/13857\/revisions"}],"predecessor-version":[{"id":13859,"href":"https:\/\/conexion23.com\/index.php?rest_route=\/wp\/v2\/posts\/13857\/revisions\/13859"}],"wp:attachment":[{"href":"https:\/\/conexion23.com\/index.php?rest_route=%2Fwp%2Fv2%2Fmedia&parent=13857"}],"wp:term":[{"taxonomy":"category","embeddable":true,"href":"https:\/\/conexion23.com\/index.php?rest_route=%2Fwp%2Fv2%2Fcategories&post=13857"},{"taxonomy":"post_tag","embeddable":true,"href":"https:\/\/conexion23.com\/index.php?rest_route=%2Fwp%2Fv2%2Ftags&post=13857"}],"curies":[{"name":"wp","href":"https:\/\/api.w.org\/{rel}","templated":true}]}}