{"id":14063,"date":"2022-11-26T13:57:44","date_gmt":"2022-11-26T17:57:44","guid":{"rendered":"https:\/\/conexion23.com\/?p=14063"},"modified":"2022-11-26T13:57:47","modified_gmt":"2022-11-26T17:57:47","slug":"la-oficina-senatorial-de-spm-imparte-taller-de-defensa-personal","status":"publish","type":"post","link":"https:\/\/conexion23.com\/?p=14063","title":{"rendered":"La Oficina Senatorial de SPM imparte Taller de Defensa Personal."},"content":{"rendered":"\n<p class=\"wp-block-paragraph\">San Pedro de Macor\u00eds.<br>La Oficina de Gesti\u00f3n Senatorial de esta ciudad realiz\u00f3 este s\u00e1bado un taller sobre Defensa Personal, impartido por Ram\u00f3n P\u00e9rez Mateo, miembro del Sal\u00f3n de la Fama del Taekwondo de los Estados Unidos.<\/p>\n\n\n\n<p class=\"wp-block-paragraph\">La mesa principal estaba compuesta por el Lcdo. Sergio Cede\u00f1o en representaci\u00f3n del senador Franklin Pe\u00f1a, quien no pudo estar presente por encontrarse cumpliendo compromisos senatoriales, la Lcda. Yajaira Anglada enlace entre el senador y los ministros y por supuesto el invitado de honor Ramon P\u00e9rez Mateo, el moderador fue el comunicador Jhon Carmelo Gil.<\/p>\n\n\n\n<figure class=\"wp-block-image size-large\"><img decoding=\"async\" src=\"https:\/\/conexion23.com\/wp-content\/uploads\/2022\/11\/0a985613-b495-4521-9e1f-ffdfcb5c6198-768x1024.jpg\" alt=\"\" class=\"wp-image-14065\" \/><\/figure>\n\n\n\n<p class=\"wp-block-paragraph\">Decenas de personas, entre ellas j\u00f3venes del mundo de la belleza y el modelaje, autoridades y comunicadores se dieron cita para presenciar esta actividad, la cual estuvo matizada por la disciplina y el respeto que engrandecen a esta categor\u00eda del deporte.<\/p>\n\n\n\n<p class=\"wp-block-paragraph\">Ram\u00f3n P\u00e9rez Mateo \u201cMom\u00f3n\u201d fue exaltado el 19 de agosto al Sal\u00f3n de la Fama de Taekwondo en Jersey City, New Jersey, Estados Unidos y recibido el d\u00eda 25 de agosto en el municipio Consuelo.<\/p>\n\n\n\n<figure class=\"wp-block-gallery has-nested-images columns-default is-cropped wp-block-gallery-1 is-layout-flex wp-block-gallery-is-layout-flex\">\n<figure class=\"wp-block-image size-large\"><img decoding=\"async\" data-id=\"14066\" src=\"https:\/\/conexion23.com\/wp-content\/uploads\/2022\/11\/ee09407d-62cb-4115-8cd7-98c0a88ad633-1024x768.jpg\" alt=\"\" class=\"wp-image-14066\" \/><\/figure>\n<\/figure>\n\n\n\n<p class=\"wp-block-paragraph\">Recientemente el Senado de la Rep\u00fablica recibi\u00f3 a Ram\u00f3n P\u00e9rez Mateo en reconocimiento por haber logrado la haza\u00f1a de pertenecer al Sal\u00f3n de la Fama del Taekwondo Mundial, en calidad de invitado especial del senador Franklin Pe\u00f1a (San Pedro de Macor\u00eds), en el marco del programa Visitas Guiadas.<\/p>\n","protected":false},"excerpt":{"rendered":"<p>San Pedro de Macor\u00eds.La Oficina de Gesti\u00f3n Senatorial de esta ciudad realiz\u00f3 este s\u00e1bado un taller sobre Defensa Personal, impartido por Ram\u00f3n P\u00e9rez Mateo, miembro del Sal\u00f3n de la Fama del Taekwondo de los Estados Unidos. La mesa principal estaba compuesta por el Lcdo. Sergio Cede\u00f1o en representaci\u00f3n del senador Franklin Pe\u00f1a, quien no pudo [&hellip;]<\/p>\n","protected":false},"author":15,"featured_media":0,"comment_status":"open","ping_status":"open","sticky":false,"template":"","format":"standard","meta":{"footnotes":""},"categories":[35],"tags":[],"class_list":["post-14063","post","type-post","status-publish","format-standard","category-spm"],"yoast_head":"<!-- This site is optimized with the Yoast SEO plugin v27.6 - https:\/\/yoast.com\/product\/yoast-seo-wordpress\/ -->\n<title>La Oficina Senatorial de SPM imparte Taller de Defensa Personal. - Conexi\u00f3n 23<\/title>\n<meta name=\"robots\" content=\"index, follow, max-snippet:-1, max-image-preview:large, max-video-preview:-1\" \/>\n<link rel=\"canonical\" href=\"https:\/\/conexion23.com\/?p=14063\" \/>\n<meta property=\"og:locale\" content=\"es_ES\" \/>\n<meta property=\"og:type\" content=\"article\" \/>\n<meta property=\"og:title\" content=\"La Oficina Senatorial de SPM imparte Taller de Defensa Personal. - Conexi\u00f3n 23\" \/>\n<meta property=\"og:description\" content=\"San Pedro de Macor\u00eds.La Oficina de Gesti\u00f3n Senatorial de esta ciudad realiz\u00f3 este s\u00e1bado un taller sobre Defensa Personal, impartido por Ram\u00f3n P\u00e9rez Mateo, miembro del Sal\u00f3n de la Fama del Taekwondo de los Estados Unidos. La mesa principal estaba compuesta por el Lcdo. Sergio Cede\u00f1o en representaci\u00f3n del senador Franklin Pe\u00f1a, quien no pudo [&hellip;]\" \/>\n<meta property=\"og:url\" content=\"https:\/\/conexion23.com\/?p=14063\" \/>\n<meta property=\"og:site_name\" content=\"Conexi\u00f3n 23\" \/>\n<meta property=\"article:publisher\" content=\"https:\/\/www.facebook.com\/conexion23com\" \/>\n<meta property=\"article:published_time\" content=\"2022-11-26T17:57:44+00:00\" \/>\n<meta property=\"article:modified_time\" content=\"2022-11-26T17:57:47+00:00\" \/>\n<meta property=\"og:image\" content=\"https:\/\/conexion23.com\/wp-content\/uploads\/2022\/11\/0a985613-b495-4521-9e1f-ffdfcb5c6198-768x1024.jpg\" \/>\n<meta name=\"author\" content=\"Raffy Ben\u00edtez\" \/>\n<meta name=\"twitter:card\" content=\"summary_large_image\" \/>\n<meta name=\"twitter:label1\" content=\"Escrito por\" \/>\n\t<meta name=\"twitter:data1\" content=\"Raffy Ben\u00edtez\" \/>\n\t<meta name=\"twitter:label2\" content=\"Tiempo de lectura\" \/>\n\t<meta name=\"twitter:data2\" content=\"2 minutos\" \/>\n<script type=\"application\/ld+json\" class=\"yoast-schema-graph\">{\"@context\":\"https:\\\/\\\/schema.org\",\"@graph\":[{\"@type\":\"Article\",\"@id\":\"https:\\\/\\\/conexion23.com\\\/?p=14063#article\",\"isPartOf\":{\"@id\":\"https:\\\/\\\/conexion23.com\\\/?p=14063\"},\"author\":{\"name\":\"Raffy Ben\u00edtez\",\"@id\":\"https:\\\/\\\/conexion23.com\\\/#\\\/schema\\\/person\\\/03e36043331117e97a373299bbcd30a6\"},\"headline\":\"La Oficina Senatorial de SPM imparte Taller de Defensa Personal.\",\"datePublished\":\"2022-11-26T17:57:44+00:00\",\"dateModified\":\"2022-11-26T17:57:47+00:00\",\"mainEntityOfPage\":{\"@id\":\"https:\\\/\\\/conexion23.com\\\/?p=14063\"},\"wordCount\":248,\"commentCount\":0,\"publisher\":{\"@id\":\"https:\\\/\\\/conexion23.com\\\/#organization\"},\"image\":{\"@id\":\"https:\\\/\\\/conexion23.com\\\/?p=14063#primaryimage\"},\"thumbnailUrl\":\"https:\\\/\\\/conexion23.com\\\/wp-content\\\/uploads\\\/2022\\\/11\\\/0a985613-b495-4521-9e1f-ffdfcb5c6198-768x1024.jpg\",\"articleSection\":[\"SPM\"],\"inLanguage\":\"es\",\"potentialAction\":[{\"@type\":\"CommentAction\",\"name\":\"Comment\",\"target\":[\"https:\\\/\\\/conexion23.com\\\/?p=14063#respond\"]}]},{\"@type\":\"WebPage\",\"@id\":\"https:\\\/\\\/conexion23.com\\\/?p=14063\",\"url\":\"https:\\\/\\\/conexion23.com\\\/?p=14063\",\"name\":\"La Oficina Senatorial de SPM imparte Taller de Defensa Personal. - Conexi\u00f3n 23\",\"isPartOf\":{\"@id\":\"https:\\\/\\\/conexion23.com\\\/#website\"},\"primaryImageOfPage\":{\"@id\":\"https:\\\/\\\/conexion23.com\\\/?p=14063#primaryimage\"},\"image\":{\"@id\":\"https:\\\/\\\/conexion23.com\\\/?p=14063#primaryimage\"},\"thumbnailUrl\":\"https:\\\/\\\/conexion23.com\\\/wp-content\\\/uploads\\\/2022\\\/11\\\/0a985613-b495-4521-9e1f-ffdfcb5c6198-768x1024.jpg\",\"datePublished\":\"2022-11-26T17:57:44+00:00\",\"dateModified\":\"2022-11-26T17:57:47+00:00\",\"breadcrumb\":{\"@id\":\"https:\\\/\\\/conexion23.com\\\/?p=14063#breadcrumb\"},\"inLanguage\":\"es\",\"potentialAction\":[{\"@type\":\"ReadAction\",\"target\":[\"https:\\\/\\\/conexion23.com\\\/?p=14063\"]}]},{\"@type\":\"ImageObject\",\"inLanguage\":\"es\",\"@id\":\"https:\\\/\\\/conexion23.com\\\/?p=14063#primaryimage\",\"url\":\"\",\"contentUrl\":\"\"},{\"@type\":\"BreadcrumbList\",\"@id\":\"https:\\\/\\\/conexion23.com\\\/?p=14063#breadcrumb\",\"itemListElement\":[{\"@type\":\"ListItem\",\"position\":1,\"name\":\"Portada\",\"item\":\"https:\\\/\\\/conexion23.com\\\/\"},{\"@type\":\"ListItem\",\"position\":2,\"name\":\"La Oficina Senatorial de SPM imparte Taller de Defensa Personal.\"}]},{\"@type\":\"WebSite\",\"@id\":\"https:\\\/\\\/conexion23.com\\\/#website\",\"url\":\"https:\\\/\\\/conexion23.com\\\/\",\"name\":\"Conexi\u00f3n 23\",\"description\":\"Peri\u00f3dico 100% Petromacorisano\",\"publisher\":{\"@id\":\"https:\\\/\\\/conexion23.com\\\/#organization\"},\"potentialAction\":[{\"@type\":\"SearchAction\",\"target\":{\"@type\":\"EntryPoint\",\"urlTemplate\":\"https:\\\/\\\/conexion23.com\\\/?s={search_term_string}\"},\"query-input\":{\"@type\":\"PropertyValueSpecification\",\"valueRequired\":true,\"valueName\":\"search_term_string\"}}],\"inLanguage\":\"es\"},{\"@type\":\"Organization\",\"@id\":\"https:\\\/\\\/conexion23.com\\\/#organization\",\"name\":\"Conexion 23\",\"url\":\"https:\\\/\\\/conexion23.com\\\/\",\"logo\":{\"@type\":\"ImageObject\",\"inLanguage\":\"es\",\"@id\":\"https:\\\/\\\/conexion23.com\\\/#\\\/schema\\\/logo\\\/image\\\/\",\"url\":\"https:\\\/\\\/conexion23.com\\\/wp-content\\\/uploads\\\/2021\\\/11\\\/Diseno-sin-titulo-2.png\",\"contentUrl\":\"https:\\\/\\\/conexion23.com\\\/wp-content\\\/uploads\\\/2021\\\/11\\\/Diseno-sin-titulo-2.png\",\"width\":541,\"height\":90,\"caption\":\"Conexion 23\"},\"image\":{\"@id\":\"https:\\\/\\\/conexion23.com\\\/#\\\/schema\\\/logo\\\/image\\\/\"},\"sameAs\":[\"https:\\\/\\\/www.facebook.com\\\/conexion23com\",\"https:\\\/\\\/www.instagram.com\\\/conexion23com\\\/\",\"https:\\\/\\\/www.youtube.com\\\/channel\\\/UCYc7vxxFZMYLIHNsHHxPZ3Q\"]},{\"@type\":\"Person\",\"@id\":\"https:\\\/\\\/conexion23.com\\\/#\\\/schema\\\/person\\\/03e36043331117e97a373299bbcd30a6\",\"name\":\"Raffy Ben\u00edtez\",\"image\":{\"@type\":\"ImageObject\",\"inLanguage\":\"es\",\"@id\":\"https:\\\/\\\/secure.gravatar.com\\\/avatar\\\/3190a6a6c5e1b0327500f7d6c56b6242472ee6cb974cf09b401ee6b3b0798f23?s=96&d=mm&r=g\",\"url\":\"https:\\\/\\\/secure.gravatar.com\\\/avatar\\\/3190a6a6c5e1b0327500f7d6c56b6242472ee6cb974cf09b401ee6b3b0798f23?s=96&d=mm&r=g\",\"contentUrl\":\"https:\\\/\\\/secure.gravatar.com\\\/avatar\\\/3190a6a6c5e1b0327500f7d6c56b6242472ee6cb974cf09b401ee6b3b0798f23?s=96&d=mm&r=g\",\"caption\":\"Raffy Ben\u00edtez\"},\"url\":\"https:\\\/\\\/conexion23.com\\\/?author=15\"}]}<\/script>\n<!-- \/ Yoast SEO plugin. -->","yoast_head_json":{"title":"La Oficina Senatorial de SPM imparte Taller de Defensa Personal. - Conexi\u00f3n 23","robots":{"index":"index","follow":"follow","max-snippet":"max-snippet:-1","max-image-preview":"max-image-preview:large","max-video-preview":"max-video-preview:-1"},"canonical":"https:\/\/conexion23.com\/?p=14063","og_locale":"es_ES","og_type":"article","og_title":"La Oficina Senatorial de SPM imparte Taller de Defensa Personal. - Conexi\u00f3n 23","og_description":"San Pedro de Macor\u00eds.La Oficina de Gesti\u00f3n Senatorial de esta ciudad realiz\u00f3 este s\u00e1bado un taller sobre Defensa Personal, impartido por Ram\u00f3n P\u00e9rez Mateo, miembro del Sal\u00f3n de la Fama del Taekwondo de los Estados Unidos. La mesa principal estaba compuesta por el Lcdo. Sergio Cede\u00f1o en representaci\u00f3n del senador Franklin Pe\u00f1a, quien no pudo [&hellip;]","og_url":"https:\/\/conexion23.com\/?p=14063","og_site_name":"Conexi\u00f3n 23","article_publisher":"https:\/\/www.facebook.com\/conexion23com","article_published_time":"2022-11-26T17:57:44+00:00","article_modified_time":"2022-11-26T17:57:47+00:00","og_image":[{"url":"https:\/\/conexion23.com\/wp-content\/uploads\/2022\/11\/0a985613-b495-4521-9e1f-ffdfcb5c6198-768x1024.jpg","type":"","width":"","height":""}],"author":"Raffy Ben\u00edtez","twitter_card":"summary_large_image","twitter_misc":{"Escrito por":"Raffy Ben\u00edtez","Tiempo de lectura":"2 minutos"},"schema":{"@context":"https:\/\/schema.org","@graph":[{"@type":"Article","@id":"https:\/\/conexion23.com\/?p=14063#article","isPartOf":{"@id":"https:\/\/conexion23.com\/?p=14063"},"author":{"name":"Raffy Ben\u00edtez","@id":"https:\/\/conexion23.com\/#\/schema\/person\/03e36043331117e97a373299bbcd30a6"},"headline":"La Oficina Senatorial de SPM imparte Taller de Defensa Personal.","datePublished":"2022-11-26T17:57:44+00:00","dateModified":"2022-11-26T17:57:47+00:00","mainEntityOfPage":{"@id":"https:\/\/conexion23.com\/?p=14063"},"wordCount":248,"commentCount":0,"publisher":{"@id":"https:\/\/conexion23.com\/#organization"},"image":{"@id":"https:\/\/conexion23.com\/?p=14063#primaryimage"},"thumbnailUrl":"https:\/\/conexion23.com\/wp-content\/uploads\/2022\/11\/0a985613-b495-4521-9e1f-ffdfcb5c6198-768x1024.jpg","articleSection":["SPM"],"inLanguage":"es","potentialAction":[{"@type":"CommentAction","name":"Comment","target":["https:\/\/conexion23.com\/?p=14063#respond"]}]},{"@type":"WebPage","@id":"https:\/\/conexion23.com\/?p=14063","url":"https:\/\/conexion23.com\/?p=14063","name":"La Oficina Senatorial de SPM imparte Taller de Defensa Personal. - Conexi\u00f3n 23","isPartOf":{"@id":"https:\/\/conexion23.com\/#website"},"primaryImageOfPage":{"@id":"https:\/\/conexion23.com\/?p=14063#primaryimage"},"image":{"@id":"https:\/\/conexion23.com\/?p=14063#primaryimage"},"thumbnailUrl":"https:\/\/conexion23.com\/wp-content\/uploads\/2022\/11\/0a985613-b495-4521-9e1f-ffdfcb5c6198-768x1024.jpg","datePublished":"2022-11-26T17:57:44+00:00","dateModified":"2022-11-26T17:57:47+00:00","breadcrumb":{"@id":"https:\/\/conexion23.com\/?p=14063#breadcrumb"},"inLanguage":"es","potentialAction":[{"@type":"ReadAction","target":["https:\/\/conexion23.com\/?p=14063"]}]},{"@type":"ImageObject","inLanguage":"es","@id":"https:\/\/conexion23.com\/?p=14063#primaryimage","url":"","contentUrl":""},{"@type":"BreadcrumbList","@id":"https:\/\/conexion23.com\/?p=14063#breadcrumb","itemListElement":[{"@type":"ListItem","position":1,"name":"Portada","item":"https:\/\/conexion23.com\/"},{"@type":"ListItem","position":2,"name":"La Oficina Senatorial de SPM imparte Taller de Defensa Personal."}]},{"@type":"WebSite","@id":"https:\/\/conexion23.com\/#website","url":"https:\/\/conexion23.com\/","name":"Conexi\u00f3n 23","description":"Peri\u00f3dico 100% Petromacorisano","publisher":{"@id":"https:\/\/conexion23.com\/#organization"},"potentialAction":[{"@type":"SearchAction","target":{"@type":"EntryPoint","urlTemplate":"https:\/\/conexion23.com\/?s={search_term_string}"},"query-input":{"@type":"PropertyValueSpecification","valueRequired":true,"valueName":"search_term_string"}}],"inLanguage":"es"},{"@type":"Organization","@id":"https:\/\/conexion23.com\/#organization","name":"Conexion 23","url":"https:\/\/conexion23.com\/","logo":{"@type":"ImageObject","inLanguage":"es","@id":"https:\/\/conexion23.com\/#\/schema\/logo\/image\/","url":"https:\/\/conexion23.com\/wp-content\/uploads\/2021\/11\/Diseno-sin-titulo-2.png","contentUrl":"https:\/\/conexion23.com\/wp-content\/uploads\/2021\/11\/Diseno-sin-titulo-2.png","width":541,"height":90,"caption":"Conexion 23"},"image":{"@id":"https:\/\/conexion23.com\/#\/schema\/logo\/image\/"},"sameAs":["https:\/\/www.facebook.com\/conexion23com","https:\/\/www.instagram.com\/conexion23com\/","https:\/\/www.youtube.com\/channel\/UCYc7vxxFZMYLIHNsHHxPZ3Q"]},{"@type":"Person","@id":"https:\/\/conexion23.com\/#\/schema\/person\/03e36043331117e97a373299bbcd30a6","name":"Raffy Ben\u00edtez","image":{"@type":"ImageObject","inLanguage":"es","@id":"https:\/\/secure.gravatar.com\/avatar\/3190a6a6c5e1b0327500f7d6c56b6242472ee6cb974cf09b401ee6b3b0798f23?s=96&d=mm&r=g","url":"https:\/\/secure.gravatar.com\/avatar\/3190a6a6c5e1b0327500f7d6c56b6242472ee6cb974cf09b401ee6b3b0798f23?s=96&d=mm&r=g","contentUrl":"https:\/\/secure.gravatar.com\/avatar\/3190a6a6c5e1b0327500f7d6c56b6242472ee6cb974cf09b401ee6b3b0798f23?s=96&d=mm&r=g","caption":"Raffy Ben\u00edtez"},"url":"https:\/\/conexion23.com\/?author=15"}]}},"_links":{"self":[{"href":"https:\/\/conexion23.com\/index.php?rest_route=\/wp\/v2\/posts\/14063","targetHints":{"allow":["GET"]}}],"collection":[{"href":"https:\/\/conexion23.com\/index.php?rest_route=\/wp\/v2\/posts"}],"about":[{"href":"https:\/\/conexion23.com\/index.php?rest_route=\/wp\/v2\/types\/post"}],"author":[{"embeddable":true,"href":"https:\/\/conexion23.com\/index.php?rest_route=\/wp\/v2\/users\/15"}],"replies":[{"embeddable":true,"href":"https:\/\/conexion23.com\/index.php?rest_route=%2Fwp%2Fv2%2Fcomments&post=14063"}],"version-history":[{"count":1,"href":"https:\/\/conexion23.com\/index.php?rest_route=\/wp\/v2\/posts\/14063\/revisions"}],"predecessor-version":[{"id":14067,"href":"https:\/\/conexion23.com\/index.php?rest_route=\/wp\/v2\/posts\/14063\/revisions\/14067"}],"wp:attachment":[{"href":"https:\/\/conexion23.com\/index.php?rest_route=%2Fwp%2Fv2%2Fmedia&parent=14063"}],"wp:term":[{"taxonomy":"category","embeddable":true,"href":"https:\/\/conexion23.com\/index.php?rest_route=%2Fwp%2Fv2%2Fcategories&post=14063"},{"taxonomy":"post_tag","embeddable":true,"href":"https:\/\/conexion23.com\/index.php?rest_route=%2Fwp%2Fv2%2Ftags&post=14063"}],"curies":[{"name":"wp","href":"https:\/\/api.w.org\/{rel}","templated":true}]}}