{"id":14410,"date":"2022-12-02T07:18:33","date_gmt":"2022-12-02T11:18:33","guid":{"rendered":"https:\/\/conexion23.com\/?p=14410"},"modified":"2022-12-02T07:18:37","modified_gmt":"2022-12-02T11:18:37","slug":"camacho-ve-irracional-decision-mantiene-en-sus-casas-a-3-de-caso-antipulpo","status":"publish","type":"post","link":"https:\/\/conexion23.com\/?p=14410","title":{"rendered":"Camacho ve \u00abirracional\u00bb decisi\u00f3n mantiene en sus casas a 3 de caso Antipulpo"},"content":{"rendered":"\n<p class=\"wp-block-paragraph\">La Tercera Sala Penal de la Corte de Apelaci\u00f3n del Distrito Nacional rechaz\u00f3 un recurso de apelaci\u00f3n del Ministerio P\u00fablico que procuraba retornar a la c\u00e1rcel de Najayo a Alexis Medina S\u00e1nchez, al exdirector del Fondo Patrimonial de las Empresas Privadas (Fonper), Fernando Rosa, y a Jos\u00e9 Dolores Santana, implicados en el caso Antipulpo.<\/p>\n\n\n\n<p class=\"wp-block-paragraph\">Wilson Camacho, director de la Procuradur\u00eda Especializada de Persecuci\u00f3n de la Corrupci\u00f3n Administrativa (Pepca), calific\u00f3 la decisi\u00f3n de \u00abirracional\u00bb y critic\u00f3 que el tribunal, presidido por Nancy Joaqu\u00edn e integrado por Daniel Nolasco y Maria Daneira Garc\u00eda, \u00abno valor\u00f3 elementos a los que hemos hecho alusi\u00f3n nosotros en el S\u00e9ptimo Juzgado de la Instrucci\u00f3n y que hemos hecho aqu\u00ed, con relaci\u00f3n al nivel de complejidad de estos procesos\u00bb<\/p>\n\n\n\n<p class=\"wp-block-paragraph\">\u00abLa corte ha tomado una decisi\u00f3n irracional, en el mismo nivel de irracionalidad de la decisi\u00f3n que hab\u00eda tomado previamente el S\u00e9ptimo Juzgado de la Instrucci\u00f3n\u00bb, indic\u00f3 Camacho en un comunicado enviado por la Procuradur\u00eda General de la Rep\u00fablica (PGR).<\/p>\n\n\n\n<p class=\"wp-block-paragraph\">Asegur\u00f3 que en la audiencia de este jueves el tribunal no respondi\u00f3 a los argumentos planteados por el Ministerio P\u00fablico para revertir la decisi\u00f3n que envi\u00f3 a prisi\u00f3n domiciliaria a los imputados.<\/p>\n\n\n\n<p class=\"wp-block-paragraph\">\u00abNo sabemos si en este caso el tribunal lo har\u00e1 en su decisi\u00f3n por escrito, pero en la decisi\u00f3n oral que se rindi\u00f3 en el d\u00eda de hoy, la corte ha dejado de responder los principales argumentos presentados por el Ministerio P\u00fablico\u00bb, sostuvo.<\/p>\n\n\n\n<p class=\"wp-block-paragraph\">En la audiencia de este jueves el Ministerio P\u00fablico buscaba el cese de la resoluci\u00f3n que vari\u00f3 a prisi\u00f3n domiciliaria la medida de coerci\u00f3n de prisi\u00f3n de preventiva que pesaba sobre los acusados Juan Alexis Medina S\u00e1nchez, Fernando Rosa, Jos\u00e9 Dolores Santana Carmona y Wacal Bernab\u00e9 M\u00e9ndez Pineda, decisi\u00f3n que fue tomada por el juez Deiby Timoteo Peguero, del S\u00e9ptimo Juzgado de la Instrucci\u00f3n del Distrito Nacional.<\/p>\n\n\n\n<p class=\"wp-block-paragraph\">Para hacer efectiva esta variaci\u00f3n, Medina S\u00e1nchez, principal acusado del caso, present\u00f3 una garant\u00eda econ\u00f3mica de 60 millones de pesos y Fernando Rosa, expresidente del Fondo Patrimonial de las Empresas Reformadas (Fonper), otra de 30 millones de pesos.<\/p>\n\n\n\n<p class=\"wp-block-paragraph\">En tanto que a Jos\u00e9 Dolores Santana y a Wacal Bernab\u00e9 M\u00e9ndez Pineda les impuestas garant\u00edas de 20 millones de pesos a cada uno.<\/p>\n\n\n\n<p class=\"wp-block-paragraph\">\u00abPodemos concluir que se trata de otra decisi\u00f3n irracional, pero las irracionalidades suelen ser comunes en los casos de corrupci\u00f3n\u00bb, acot\u00f3 Camacho.<\/p>\n\n\n\n<p class=\"wp-block-paragraph\">El Ministerio P\u00fablico acusa a Medina S\u00e1nchez de supuestamente dirigir un entramado de corrupci\u00f3n que presuntamente estaf\u00f3 al Estado dominicano con miles de millones de pesos de los contribuyentes, aprovechando su condici\u00f3n de hermano del entonces presidente de la Rep\u00fablica, Danilo Medina S\u00e1nchez.<\/p>\n\n\n\n<p class=\"wp-block-paragraph\">Medina S\u00e1nchez y otras 27 personas f\u00edsicas y 21 compa\u00f1\u00edas enfrentan cargos en un extenso expediente por presunta corrupci\u00f3n y lavado de activos, de unas 3,500 p\u00e1ginas. Tambi\u00e9n, el caso se sigue contra Francisco Pag\u00e1n Rodr\u00edguez, ex director general de la Oficina de Ingenieros Supervisores de Obras del Estado (Oisoe).<\/p>\n\n\n\n<p class=\"wp-block-paragraph\">La acusaci\u00f3n del caso presentada por la Pepca y la Direcci\u00f3n General de Persecuci\u00f3n del Ministerio P\u00fablico tambi\u00e9n incluye a Juli\u00e1n Suriel Suazo, Lorenzo Wilfredo (Freddy) Hidalgo N\u00fa\u00f1ez, quien era ministro de Salud P\u00fablica, al ex contralor general Rafael Antonio Germos\u00e9n y a Domingo Antonio Santiago Mu\u00f1oz.<\/p>\n\n\n\n<p class=\"wp-block-paragraph\">El Ministerio P\u00fablico present\u00f3 cargos, adem\u00e1s, contra las empresas General Supply Corporation S.R.L., Domedical Supply S.R.L., Fuel Am\u00e9rica Inc. Dominicana S.R.L., y Globus Electrical S.R.L., entre otras.<\/p>\n\n\n\n<p class=\"wp-block-paragraph\">El pasado 1 de agosto, por su presunta vinculaci\u00f3n con el caso, el juez Peguero impuso prisi\u00f3n preventiva de tres meses a Carlos Montes de Oca, para cumplirla como los dem\u00e1s acusados en el Centro de Correcci\u00f3n y Rehabilitaci\u00f3n (CCR) Najayo Hombres, mientras que a Paola Mercedes Suazo se le impuso garant\u00eda econ\u00f3mica, presentaci\u00f3n peri\u00f3dica ante el Ministerio P\u00fablico e impedimento de salida del pa\u00eds.<\/p>\n\n\n\n<p class=\"wp-block-paragraph\">FUENTE EXTERNA.<\/p>\n","protected":false},"excerpt":{"rendered":"<p>La Tercera Sala Penal de la Corte de Apelaci\u00f3n del Distrito Nacional rechaz\u00f3 un recurso de apelaci\u00f3n del Ministerio P\u00fablico que procuraba retornar a la c\u00e1rcel de Najayo a Alexis Medina S\u00e1nchez, al exdirector del Fondo Patrimonial de las Empresas Privadas (Fonper), Fernando Rosa, y a Jos\u00e9 Dolores Santana, implicados en el caso Antipulpo. Wilson [&hellip;]<\/p>\n","protected":false},"author":15,"featured_media":0,"comment_status":"open","ping_status":"open","sticky":false,"template":"","format":"standard","meta":{"footnotes":""},"categories":[1],"tags":[],"class_list":["post-14410","post","type-post","status-publish","format-standard","category-uncategorized"],"yoast_head":"<!-- This site is optimized with the Yoast SEO plugin v27.6 - https:\/\/yoast.com\/product\/yoast-seo-wordpress\/ -->\n<title>Camacho ve &quot;irracional&quot; decisi\u00f3n mantiene en sus casas a 3 de caso Antipulpo - Conexi\u00f3n 23<\/title>\n<meta name=\"robots\" content=\"index, follow, max-snippet:-1, max-image-preview:large, max-video-preview:-1\" \/>\n<link rel=\"canonical\" href=\"https:\/\/conexion23.com\/?p=14410\" \/>\n<meta property=\"og:locale\" content=\"es_ES\" \/>\n<meta property=\"og:type\" content=\"article\" \/>\n<meta property=\"og:title\" content=\"Camacho ve &quot;irracional&quot; decisi\u00f3n mantiene en sus casas a 3 de caso Antipulpo - Conexi\u00f3n 23\" \/>\n<meta property=\"og:description\" content=\"La Tercera Sala Penal de la Corte de Apelaci\u00f3n del Distrito Nacional rechaz\u00f3 un recurso de apelaci\u00f3n del Ministerio P\u00fablico que procuraba retornar a la c\u00e1rcel de Najayo a Alexis Medina S\u00e1nchez, al exdirector del Fondo Patrimonial de las Empresas Privadas (Fonper), Fernando Rosa, y a Jos\u00e9 Dolores Santana, implicados en el caso Antipulpo. Wilson [&hellip;]\" \/>\n<meta property=\"og:url\" content=\"https:\/\/conexion23.com\/?p=14410\" \/>\n<meta property=\"og:site_name\" content=\"Conexi\u00f3n 23\" \/>\n<meta property=\"article:publisher\" content=\"https:\/\/www.facebook.com\/conexion23com\" \/>\n<meta property=\"article:published_time\" content=\"2022-12-02T11:18:33+00:00\" \/>\n<meta property=\"article:modified_time\" content=\"2022-12-02T11:18:37+00:00\" \/>\n<meta name=\"author\" content=\"Raffy Ben\u00edtez\" \/>\n<meta name=\"twitter:card\" content=\"summary_large_image\" \/>\n<meta name=\"twitter:label1\" content=\"Escrito por\" \/>\n\t<meta name=\"twitter:data1\" content=\"Raffy Ben\u00edtez\" \/>\n\t<meta name=\"twitter:label2\" content=\"Tiempo de lectura\" \/>\n\t<meta name=\"twitter:data2\" content=\"3 minutos\" \/>\n<script type=\"application\/ld+json\" class=\"yoast-schema-graph\">{\"@context\":\"https:\\\/\\\/schema.org\",\"@graph\":[{\"@type\":\"Article\",\"@id\":\"https:\\\/\\\/conexion23.com\\\/?p=14410#article\",\"isPartOf\":{\"@id\":\"https:\\\/\\\/conexion23.com\\\/?p=14410\"},\"author\":{\"name\":\"Raffy Ben\u00edtez\",\"@id\":\"https:\\\/\\\/conexion23.com\\\/#\\\/schema\\\/person\\\/03e36043331117e97a373299bbcd30a6\"},\"headline\":\"Camacho ve \u00abirracional\u00bb decisi\u00f3n mantiene en sus casas a 3 de caso Antipulpo\",\"datePublished\":\"2022-12-02T11:18:33+00:00\",\"dateModified\":\"2022-12-02T11:18:37+00:00\",\"mainEntityOfPage\":{\"@id\":\"https:\\\/\\\/conexion23.com\\\/?p=14410\"},\"wordCount\":721,\"commentCount\":0,\"publisher\":{\"@id\":\"https:\\\/\\\/conexion23.com\\\/#organization\"},\"articleSection\":[\"Uncategorized\"],\"inLanguage\":\"es\",\"potentialAction\":[{\"@type\":\"CommentAction\",\"name\":\"Comment\",\"target\":[\"https:\\\/\\\/conexion23.com\\\/?p=14410#respond\"]}]},{\"@type\":\"WebPage\",\"@id\":\"https:\\\/\\\/conexion23.com\\\/?p=14410\",\"url\":\"https:\\\/\\\/conexion23.com\\\/?p=14410\",\"name\":\"Camacho ve \\\"irracional\\\" decisi\u00f3n mantiene en sus casas a 3 de caso Antipulpo - Conexi\u00f3n 23\",\"isPartOf\":{\"@id\":\"https:\\\/\\\/conexion23.com\\\/#website\"},\"datePublished\":\"2022-12-02T11:18:33+00:00\",\"dateModified\":\"2022-12-02T11:18:37+00:00\",\"breadcrumb\":{\"@id\":\"https:\\\/\\\/conexion23.com\\\/?p=14410#breadcrumb\"},\"inLanguage\":\"es\",\"potentialAction\":[{\"@type\":\"ReadAction\",\"target\":[\"https:\\\/\\\/conexion23.com\\\/?p=14410\"]}]},{\"@type\":\"BreadcrumbList\",\"@id\":\"https:\\\/\\\/conexion23.com\\\/?p=14410#breadcrumb\",\"itemListElement\":[{\"@type\":\"ListItem\",\"position\":1,\"name\":\"Portada\",\"item\":\"https:\\\/\\\/conexion23.com\\\/\"},{\"@type\":\"ListItem\",\"position\":2,\"name\":\"Camacho ve \u00abirracional\u00bb decisi\u00f3n mantiene en sus casas a 3 de caso Antipulpo\"}]},{\"@type\":\"WebSite\",\"@id\":\"https:\\\/\\\/conexion23.com\\\/#website\",\"url\":\"https:\\\/\\\/conexion23.com\\\/\",\"name\":\"Conexi\u00f3n 23\",\"description\":\"Peri\u00f3dico 100% Petromacorisano\",\"publisher\":{\"@id\":\"https:\\\/\\\/conexion23.com\\\/#organization\"},\"potentialAction\":[{\"@type\":\"SearchAction\",\"target\":{\"@type\":\"EntryPoint\",\"urlTemplate\":\"https:\\\/\\\/conexion23.com\\\/?s={search_term_string}\"},\"query-input\":{\"@type\":\"PropertyValueSpecification\",\"valueRequired\":true,\"valueName\":\"search_term_string\"}}],\"inLanguage\":\"es\"},{\"@type\":\"Organization\",\"@id\":\"https:\\\/\\\/conexion23.com\\\/#organization\",\"name\":\"Conexion 23\",\"url\":\"https:\\\/\\\/conexion23.com\\\/\",\"logo\":{\"@type\":\"ImageObject\",\"inLanguage\":\"es\",\"@id\":\"https:\\\/\\\/conexion23.com\\\/#\\\/schema\\\/logo\\\/image\\\/\",\"url\":\"https:\\\/\\\/conexion23.com\\\/wp-content\\\/uploads\\\/2021\\\/11\\\/Diseno-sin-titulo-2.png\",\"contentUrl\":\"https:\\\/\\\/conexion23.com\\\/wp-content\\\/uploads\\\/2021\\\/11\\\/Diseno-sin-titulo-2.png\",\"width\":541,\"height\":90,\"caption\":\"Conexion 23\"},\"image\":{\"@id\":\"https:\\\/\\\/conexion23.com\\\/#\\\/schema\\\/logo\\\/image\\\/\"},\"sameAs\":[\"https:\\\/\\\/www.facebook.com\\\/conexion23com\",\"https:\\\/\\\/www.instagram.com\\\/conexion23com\\\/\",\"https:\\\/\\\/www.youtube.com\\\/channel\\\/UCYc7vxxFZMYLIHNsHHxPZ3Q\"]},{\"@type\":\"Person\",\"@id\":\"https:\\\/\\\/conexion23.com\\\/#\\\/schema\\\/person\\\/03e36043331117e97a373299bbcd30a6\",\"name\":\"Raffy Ben\u00edtez\",\"image\":{\"@type\":\"ImageObject\",\"inLanguage\":\"es\",\"@id\":\"https:\\\/\\\/secure.gravatar.com\\\/avatar\\\/3190a6a6c5e1b0327500f7d6c56b6242472ee6cb974cf09b401ee6b3b0798f23?s=96&d=mm&r=g\",\"url\":\"https:\\\/\\\/secure.gravatar.com\\\/avatar\\\/3190a6a6c5e1b0327500f7d6c56b6242472ee6cb974cf09b401ee6b3b0798f23?s=96&d=mm&r=g\",\"contentUrl\":\"https:\\\/\\\/secure.gravatar.com\\\/avatar\\\/3190a6a6c5e1b0327500f7d6c56b6242472ee6cb974cf09b401ee6b3b0798f23?s=96&d=mm&r=g\",\"caption\":\"Raffy Ben\u00edtez\"},\"url\":\"https:\\\/\\\/conexion23.com\\\/?author=15\"}]}<\/script>\n<!-- \/ Yoast SEO plugin. -->","yoast_head_json":{"title":"Camacho ve \"irracional\" decisi\u00f3n mantiene en sus casas a 3 de caso Antipulpo - Conexi\u00f3n 23","robots":{"index":"index","follow":"follow","max-snippet":"max-snippet:-1","max-image-preview":"max-image-preview:large","max-video-preview":"max-video-preview:-1"},"canonical":"https:\/\/conexion23.com\/?p=14410","og_locale":"es_ES","og_type":"article","og_title":"Camacho ve \"irracional\" decisi\u00f3n mantiene en sus casas a 3 de caso Antipulpo - Conexi\u00f3n 23","og_description":"La Tercera Sala Penal de la Corte de Apelaci\u00f3n del Distrito Nacional rechaz\u00f3 un recurso de apelaci\u00f3n del Ministerio P\u00fablico que procuraba retornar a la c\u00e1rcel de Najayo a Alexis Medina S\u00e1nchez, al exdirector del Fondo Patrimonial de las Empresas Privadas (Fonper), Fernando Rosa, y a Jos\u00e9 Dolores Santana, implicados en el caso Antipulpo. Wilson [&hellip;]","og_url":"https:\/\/conexion23.com\/?p=14410","og_site_name":"Conexi\u00f3n 23","article_publisher":"https:\/\/www.facebook.com\/conexion23com","article_published_time":"2022-12-02T11:18:33+00:00","article_modified_time":"2022-12-02T11:18:37+00:00","author":"Raffy Ben\u00edtez","twitter_card":"summary_large_image","twitter_misc":{"Escrito por":"Raffy Ben\u00edtez","Tiempo de lectura":"3 minutos"},"schema":{"@context":"https:\/\/schema.org","@graph":[{"@type":"Article","@id":"https:\/\/conexion23.com\/?p=14410#article","isPartOf":{"@id":"https:\/\/conexion23.com\/?p=14410"},"author":{"name":"Raffy Ben\u00edtez","@id":"https:\/\/conexion23.com\/#\/schema\/person\/03e36043331117e97a373299bbcd30a6"},"headline":"Camacho ve \u00abirracional\u00bb decisi\u00f3n mantiene en sus casas a 3 de caso Antipulpo","datePublished":"2022-12-02T11:18:33+00:00","dateModified":"2022-12-02T11:18:37+00:00","mainEntityOfPage":{"@id":"https:\/\/conexion23.com\/?p=14410"},"wordCount":721,"commentCount":0,"publisher":{"@id":"https:\/\/conexion23.com\/#organization"},"articleSection":["Uncategorized"],"inLanguage":"es","potentialAction":[{"@type":"CommentAction","name":"Comment","target":["https:\/\/conexion23.com\/?p=14410#respond"]}]},{"@type":"WebPage","@id":"https:\/\/conexion23.com\/?p=14410","url":"https:\/\/conexion23.com\/?p=14410","name":"Camacho ve \"irracional\" decisi\u00f3n mantiene en sus casas a 3 de caso Antipulpo - Conexi\u00f3n 23","isPartOf":{"@id":"https:\/\/conexion23.com\/#website"},"datePublished":"2022-12-02T11:18:33+00:00","dateModified":"2022-12-02T11:18:37+00:00","breadcrumb":{"@id":"https:\/\/conexion23.com\/?p=14410#breadcrumb"},"inLanguage":"es","potentialAction":[{"@type":"ReadAction","target":["https:\/\/conexion23.com\/?p=14410"]}]},{"@type":"BreadcrumbList","@id":"https:\/\/conexion23.com\/?p=14410#breadcrumb","itemListElement":[{"@type":"ListItem","position":1,"name":"Portada","item":"https:\/\/conexion23.com\/"},{"@type":"ListItem","position":2,"name":"Camacho ve \u00abirracional\u00bb decisi\u00f3n mantiene en sus casas a 3 de caso Antipulpo"}]},{"@type":"WebSite","@id":"https:\/\/conexion23.com\/#website","url":"https:\/\/conexion23.com\/","name":"Conexi\u00f3n 23","description":"Peri\u00f3dico 100% Petromacorisano","publisher":{"@id":"https:\/\/conexion23.com\/#organization"},"potentialAction":[{"@type":"SearchAction","target":{"@type":"EntryPoint","urlTemplate":"https:\/\/conexion23.com\/?s={search_term_string}"},"query-input":{"@type":"PropertyValueSpecification","valueRequired":true,"valueName":"search_term_string"}}],"inLanguage":"es"},{"@type":"Organization","@id":"https:\/\/conexion23.com\/#organization","name":"Conexion 23","url":"https:\/\/conexion23.com\/","logo":{"@type":"ImageObject","inLanguage":"es","@id":"https:\/\/conexion23.com\/#\/schema\/logo\/image\/","url":"https:\/\/conexion23.com\/wp-content\/uploads\/2021\/11\/Diseno-sin-titulo-2.png","contentUrl":"https:\/\/conexion23.com\/wp-content\/uploads\/2021\/11\/Diseno-sin-titulo-2.png","width":541,"height":90,"caption":"Conexion 23"},"image":{"@id":"https:\/\/conexion23.com\/#\/schema\/logo\/image\/"},"sameAs":["https:\/\/www.facebook.com\/conexion23com","https:\/\/www.instagram.com\/conexion23com\/","https:\/\/www.youtube.com\/channel\/UCYc7vxxFZMYLIHNsHHxPZ3Q"]},{"@type":"Person","@id":"https:\/\/conexion23.com\/#\/schema\/person\/03e36043331117e97a373299bbcd30a6","name":"Raffy Ben\u00edtez","image":{"@type":"ImageObject","inLanguage":"es","@id":"https:\/\/secure.gravatar.com\/avatar\/3190a6a6c5e1b0327500f7d6c56b6242472ee6cb974cf09b401ee6b3b0798f23?s=96&d=mm&r=g","url":"https:\/\/secure.gravatar.com\/avatar\/3190a6a6c5e1b0327500f7d6c56b6242472ee6cb974cf09b401ee6b3b0798f23?s=96&d=mm&r=g","contentUrl":"https:\/\/secure.gravatar.com\/avatar\/3190a6a6c5e1b0327500f7d6c56b6242472ee6cb974cf09b401ee6b3b0798f23?s=96&d=mm&r=g","caption":"Raffy Ben\u00edtez"},"url":"https:\/\/conexion23.com\/?author=15"}]}},"_links":{"self":[{"href":"https:\/\/conexion23.com\/index.php?rest_route=\/wp\/v2\/posts\/14410","targetHints":{"allow":["GET"]}}],"collection":[{"href":"https:\/\/conexion23.com\/index.php?rest_route=\/wp\/v2\/posts"}],"about":[{"href":"https:\/\/conexion23.com\/index.php?rest_route=\/wp\/v2\/types\/post"}],"author":[{"embeddable":true,"href":"https:\/\/conexion23.com\/index.php?rest_route=\/wp\/v2\/users\/15"}],"replies":[{"embeddable":true,"href":"https:\/\/conexion23.com\/index.php?rest_route=%2Fwp%2Fv2%2Fcomments&post=14410"}],"version-history":[{"count":1,"href":"https:\/\/conexion23.com\/index.php?rest_route=\/wp\/v2\/posts\/14410\/revisions"}],"predecessor-version":[{"id":14412,"href":"https:\/\/conexion23.com\/index.php?rest_route=\/wp\/v2\/posts\/14410\/revisions\/14412"}],"wp:attachment":[{"href":"https:\/\/conexion23.com\/index.php?rest_route=%2Fwp%2Fv2%2Fmedia&parent=14410"}],"wp:term":[{"taxonomy":"category","embeddable":true,"href":"https:\/\/conexion23.com\/index.php?rest_route=%2Fwp%2Fv2%2Fcategories&post=14410"},{"taxonomy":"post_tag","embeddable":true,"href":"https:\/\/conexion23.com\/index.php?rest_route=%2Fwp%2Fv2%2Ftags&post=14410"}],"curies":[{"name":"wp","href":"https:\/\/api.w.org\/{rel}","templated":true}]}}