{"id":14413,"date":"2022-12-02T07:20:08","date_gmt":"2022-12-02T11:20:08","guid":{"rendered":"https:\/\/conexion23.com\/?p=14413"},"modified":"2022-12-02T07:20:13","modified_gmt":"2022-12-02T11:20:13","slug":"lider-de-la-banda-bts-lanza-su-primer-album-en-solitario","status":"publish","type":"post","link":"https:\/\/conexion23.com\/?p=14413","title":{"rendered":"L\u00edder de la banda BTS lanza su primer \u00e1lbum en solitario"},"content":{"rendered":"\n<p class=\"wp-block-paragraph\"><strong>Se\u00fal. \u2013 RM<\/strong>, el<strong>&nbsp;l\u00edder de la banda surcoreana BTS<\/strong>, lanz\u00f3 \u00abIndigo\u00bb, que supone su<strong>&nbsp;primer \u00e1lbum en solitario&nbsp;<\/strong>y se centra en la<strong>&nbsp;pasi\u00f3n del rapero<\/strong>&nbsp;por las artes y especialmente la pintura moderna y contempor\u00e1nea.<\/p>\n\n\n\n<p class=\"wp-block-paragraph\">RM, cuyo verdadero nombre es Kim Nam-joon, ha coordinado toda la producci\u00f3n, incluyendo la composici\u00f3n de los diez cortes del disco, y toda la direcci\u00f3n art\u00edstica ligada al \u00e1lbum, seg\u00fan detall\u00f3 la agencia Big Hit Music.<\/p>\n\n\n\n<p class=\"wp-block-paragraph\">En el sencillo principal del \u00e1lbum, \u00abWild flower\u00bb, interviene tambi\u00e9n Cho Youjeen, cantante de la banda de rock surcoreana Cheery Filter, mientras que la producci\u00f3n del corte ha corrido a cargo de DOCSKIM, que trabaj\u00f3 con la ic\u00f3nica banda Seo Taiji and boys, una de los grupos que en los noventa supusieron la semilla de la actual industria del K-Pop.<\/p>\n\n\n\n<p class=\"wp-block-paragraph\">Entre el resto de artistas que han colaborado en \u00abIndigo\u00bb se cuentan la brit\u00e1nica Mahalia, los estadounidenses Erykah Badu y Anderson Paak, o el rapero coreano canadiense Tablo del grupo Epik High.<\/p>\n\n\n\n<p class=\"wp-block-paragraph\">Kim, de 28 a\u00f1os, ha querido que todo el \u00e1lbum gire en torno a los tonos azules oscuros (de ah\u00ed el t\u00edtulo) y en las fotos que acompa\u00f1an a la promoci\u00f3n del \u00e1lbum se le ve posando delante del cuadro \u00abAzul\u00bb, pintado en 1972 por Yoon Hyung-geun, uno de los m\u00e1ximos representantes del llamado movimiento \u00abmonocromista\u00bb surcoreano y uno de los artistas predilectos del l\u00edder de BTS.<\/p>\n\n\n\n<h2 class=\"wp-block-heading\" id=\"h-otros\">Otros<\/h2>\n\n\n\n<p class=\"wp-block-paragraph\">RM, que ya hab\u00eda lanzado dos \u00abmixtapes\u00bb en solitario en 2015 y 2018, lleva a\u00f1os volcado en la escena art\u00edstica en Corea del Sur, realizando donaciones para&nbsp;<a href=\"https:\/\/twitter.com\/COLIMDO\" target=\"_blank\" rel=\"noreferrer noopener\">preservaci\u00f3n<\/a>&nbsp;de obras y patrimonio art\u00edstico o como coleccionista.<\/p>\n\n\n\n<p class=\"wp-block-paragraph\">\u00abIndigo\u00bb se publica despu\u00e9s de que en octubre BTS anunciaran un par\u00f3n que durar\u00e1 al menos hasta 2025 en el que sus siete integrantes (RM, Jimin, Jin, V, Suga, J-Hope y Jungkook) aprovechar\u00e1n para realizar el servicio militar (que en Corea del Sur es obligatorio para todos los varones h\u00e1biles y dura un m\u00ednimo de 18 meses) y centrarse en distintos proyectos individuales.<\/p>\n","protected":false},"excerpt":{"rendered":"<p>Se\u00fal. \u2013 RM, el&nbsp;l\u00edder de la banda surcoreana BTS, lanz\u00f3 \u00abIndigo\u00bb, que supone su&nbsp;primer \u00e1lbum en solitario&nbsp;y se centra en la&nbsp;pasi\u00f3n del rapero&nbsp;por las artes y especialmente la pintura moderna y contempor\u00e1nea. RM, cuyo verdadero nombre es Kim Nam-joon, ha coordinado toda la producci\u00f3n, incluyendo la composici\u00f3n de los diez cortes del disco, y toda [&hellip;]<\/p>\n","protected":false},"author":7,"featured_media":0,"comment_status":"open","ping_status":"open","sticky":false,"template":"","format":"standard","meta":{"footnotes":""},"categories":[1],"tags":[],"class_list":["post-14413","post","type-post","status-publish","format-standard","category-uncategorized"],"yoast_head":"<!-- This site is optimized with the Yoast SEO plugin v27.6 - https:\/\/yoast.com\/product\/yoast-seo-wordpress\/ -->\n<title>L\u00edder de la banda BTS lanza su primer \u00e1lbum en solitario - Conexi\u00f3n 23<\/title>\n<meta name=\"robots\" content=\"index, follow, max-snippet:-1, max-image-preview:large, max-video-preview:-1\" \/>\n<link rel=\"canonical\" href=\"https:\/\/conexion23.com\/?p=14413\" \/>\n<meta property=\"og:locale\" content=\"es_ES\" \/>\n<meta property=\"og:type\" content=\"article\" \/>\n<meta property=\"og:title\" content=\"L\u00edder de la banda BTS lanza su primer \u00e1lbum en solitario - Conexi\u00f3n 23\" \/>\n<meta property=\"og:description\" content=\"Se\u00fal. \u2013 RM, el&nbsp;l\u00edder de la banda surcoreana BTS, lanz\u00f3 \u00abIndigo\u00bb, que supone su&nbsp;primer \u00e1lbum en solitario&nbsp;y se centra en la&nbsp;pasi\u00f3n del rapero&nbsp;por las artes y especialmente la pintura moderna y contempor\u00e1nea. RM, cuyo verdadero nombre es Kim Nam-joon, ha coordinado toda la producci\u00f3n, incluyendo la composici\u00f3n de los diez cortes del disco, y toda [&hellip;]\" \/>\n<meta property=\"og:url\" content=\"https:\/\/conexion23.com\/?p=14413\" \/>\n<meta property=\"og:site_name\" content=\"Conexi\u00f3n 23\" \/>\n<meta property=\"article:publisher\" content=\"https:\/\/www.facebook.com\/conexion23com\" \/>\n<meta property=\"article:published_time\" content=\"2022-12-02T11:20:08+00:00\" \/>\n<meta property=\"article:modified_time\" content=\"2022-12-02T11:20:13+00:00\" \/>\n<meta name=\"author\" content=\"Benjam\u00edn Rosario\" \/>\n<meta name=\"twitter:card\" content=\"summary_large_image\" \/>\n<meta name=\"twitter:label1\" content=\"Escrito por\" \/>\n\t<meta name=\"twitter:data1\" content=\"Benjam\u00edn Rosario\" \/>\n\t<meta name=\"twitter:label2\" content=\"Tiempo de lectura\" \/>\n\t<meta name=\"twitter:data2\" content=\"2 minutos\" \/>\n<script type=\"application\/ld+json\" class=\"yoast-schema-graph\">{\"@context\":\"https:\\\/\\\/schema.org\",\"@graph\":[{\"@type\":\"Article\",\"@id\":\"https:\\\/\\\/conexion23.com\\\/?p=14413#article\",\"isPartOf\":{\"@id\":\"https:\\\/\\\/conexion23.com\\\/?p=14413\"},\"author\":{\"name\":\"Benjam\u00edn Rosario\",\"@id\":\"https:\\\/\\\/conexion23.com\\\/#\\\/schema\\\/person\\\/c0b7ce1f0e7a915d08fa289072b8353a\"},\"headline\":\"L\u00edder de la banda BTS lanza su primer \u00e1lbum en solitario\",\"datePublished\":\"2022-12-02T11:20:08+00:00\",\"dateModified\":\"2022-12-02T11:20:13+00:00\",\"mainEntityOfPage\":{\"@id\":\"https:\\\/\\\/conexion23.com\\\/?p=14413\"},\"wordCount\":373,\"commentCount\":0,\"publisher\":{\"@id\":\"https:\\\/\\\/conexion23.com\\\/#organization\"},\"articleSection\":[\"Uncategorized\"],\"inLanguage\":\"es\",\"potentialAction\":[{\"@type\":\"CommentAction\",\"name\":\"Comment\",\"target\":[\"https:\\\/\\\/conexion23.com\\\/?p=14413#respond\"]}]},{\"@type\":\"WebPage\",\"@id\":\"https:\\\/\\\/conexion23.com\\\/?p=14413\",\"url\":\"https:\\\/\\\/conexion23.com\\\/?p=14413\",\"name\":\"L\u00edder de la banda BTS lanza su primer \u00e1lbum en solitario - Conexi\u00f3n 23\",\"isPartOf\":{\"@id\":\"https:\\\/\\\/conexion23.com\\\/#website\"},\"datePublished\":\"2022-12-02T11:20:08+00:00\",\"dateModified\":\"2022-12-02T11:20:13+00:00\",\"breadcrumb\":{\"@id\":\"https:\\\/\\\/conexion23.com\\\/?p=14413#breadcrumb\"},\"inLanguage\":\"es\",\"potentialAction\":[{\"@type\":\"ReadAction\",\"target\":[\"https:\\\/\\\/conexion23.com\\\/?p=14413\"]}]},{\"@type\":\"BreadcrumbList\",\"@id\":\"https:\\\/\\\/conexion23.com\\\/?p=14413#breadcrumb\",\"itemListElement\":[{\"@type\":\"ListItem\",\"position\":1,\"name\":\"Portada\",\"item\":\"https:\\\/\\\/conexion23.com\\\/\"},{\"@type\":\"ListItem\",\"position\":2,\"name\":\"L\u00edder de la banda BTS lanza su primer \u00e1lbum en solitario\"}]},{\"@type\":\"WebSite\",\"@id\":\"https:\\\/\\\/conexion23.com\\\/#website\",\"url\":\"https:\\\/\\\/conexion23.com\\\/\",\"name\":\"Conexi\u00f3n 23\",\"description\":\"Peri\u00f3dico 100% Petromacorisano\",\"publisher\":{\"@id\":\"https:\\\/\\\/conexion23.com\\\/#organization\"},\"potentialAction\":[{\"@type\":\"SearchAction\",\"target\":{\"@type\":\"EntryPoint\",\"urlTemplate\":\"https:\\\/\\\/conexion23.com\\\/?s={search_term_string}\"},\"query-input\":{\"@type\":\"PropertyValueSpecification\",\"valueRequired\":true,\"valueName\":\"search_term_string\"}}],\"inLanguage\":\"es\"},{\"@type\":\"Organization\",\"@id\":\"https:\\\/\\\/conexion23.com\\\/#organization\",\"name\":\"Conexion 23\",\"url\":\"https:\\\/\\\/conexion23.com\\\/\",\"logo\":{\"@type\":\"ImageObject\",\"inLanguage\":\"es\",\"@id\":\"https:\\\/\\\/conexion23.com\\\/#\\\/schema\\\/logo\\\/image\\\/\",\"url\":\"https:\\\/\\\/conexion23.com\\\/wp-content\\\/uploads\\\/2021\\\/11\\\/Diseno-sin-titulo-2.png\",\"contentUrl\":\"https:\\\/\\\/conexion23.com\\\/wp-content\\\/uploads\\\/2021\\\/11\\\/Diseno-sin-titulo-2.png\",\"width\":541,\"height\":90,\"caption\":\"Conexion 23\"},\"image\":{\"@id\":\"https:\\\/\\\/conexion23.com\\\/#\\\/schema\\\/logo\\\/image\\\/\"},\"sameAs\":[\"https:\\\/\\\/www.facebook.com\\\/conexion23com\",\"https:\\\/\\\/www.instagram.com\\\/conexion23com\\\/\",\"https:\\\/\\\/www.youtube.com\\\/channel\\\/UCYc7vxxFZMYLIHNsHHxPZ3Q\"]},{\"@type\":\"Person\",\"@id\":\"https:\\\/\\\/conexion23.com\\\/#\\\/schema\\\/person\\\/c0b7ce1f0e7a915d08fa289072b8353a\",\"name\":\"Benjam\u00edn Rosario\",\"image\":{\"@type\":\"ImageObject\",\"inLanguage\":\"es\",\"@id\":\"https:\\\/\\\/secure.gravatar.com\\\/avatar\\\/62e1b2539b49cdeb50ee302e2a5f2bd31dc7fdba412bbac67e2a2a6e0c89bb2a?s=96&d=mm&r=g\",\"url\":\"https:\\\/\\\/secure.gravatar.com\\\/avatar\\\/62e1b2539b49cdeb50ee302e2a5f2bd31dc7fdba412bbac67e2a2a6e0c89bb2a?s=96&d=mm&r=g\",\"contentUrl\":\"https:\\\/\\\/secure.gravatar.com\\\/avatar\\\/62e1b2539b49cdeb50ee302e2a5f2bd31dc7fdba412bbac67e2a2a6e0c89bb2a?s=96&d=mm&r=g\",\"caption\":\"Benjam\u00edn Rosario\"},\"url\":\"https:\\\/\\\/conexion23.com\\\/?author=7\"}]}<\/script>\n<!-- \/ Yoast SEO plugin. -->","yoast_head_json":{"title":"L\u00edder de la banda BTS lanza su primer \u00e1lbum en solitario - Conexi\u00f3n 23","robots":{"index":"index","follow":"follow","max-snippet":"max-snippet:-1","max-image-preview":"max-image-preview:large","max-video-preview":"max-video-preview:-1"},"canonical":"https:\/\/conexion23.com\/?p=14413","og_locale":"es_ES","og_type":"article","og_title":"L\u00edder de la banda BTS lanza su primer \u00e1lbum en solitario - Conexi\u00f3n 23","og_description":"Se\u00fal. \u2013 RM, el&nbsp;l\u00edder de la banda surcoreana BTS, lanz\u00f3 \u00abIndigo\u00bb, que supone su&nbsp;primer \u00e1lbum en solitario&nbsp;y se centra en la&nbsp;pasi\u00f3n del rapero&nbsp;por las artes y especialmente la pintura moderna y contempor\u00e1nea. RM, cuyo verdadero nombre es Kim Nam-joon, ha coordinado toda la producci\u00f3n, incluyendo la composici\u00f3n de los diez cortes del disco, y toda [&hellip;]","og_url":"https:\/\/conexion23.com\/?p=14413","og_site_name":"Conexi\u00f3n 23","article_publisher":"https:\/\/www.facebook.com\/conexion23com","article_published_time":"2022-12-02T11:20:08+00:00","article_modified_time":"2022-12-02T11:20:13+00:00","author":"Benjam\u00edn Rosario","twitter_card":"summary_large_image","twitter_misc":{"Escrito por":"Benjam\u00edn Rosario","Tiempo de lectura":"2 minutos"},"schema":{"@context":"https:\/\/schema.org","@graph":[{"@type":"Article","@id":"https:\/\/conexion23.com\/?p=14413#article","isPartOf":{"@id":"https:\/\/conexion23.com\/?p=14413"},"author":{"name":"Benjam\u00edn Rosario","@id":"https:\/\/conexion23.com\/#\/schema\/person\/c0b7ce1f0e7a915d08fa289072b8353a"},"headline":"L\u00edder de la banda BTS lanza su primer \u00e1lbum en solitario","datePublished":"2022-12-02T11:20:08+00:00","dateModified":"2022-12-02T11:20:13+00:00","mainEntityOfPage":{"@id":"https:\/\/conexion23.com\/?p=14413"},"wordCount":373,"commentCount":0,"publisher":{"@id":"https:\/\/conexion23.com\/#organization"},"articleSection":["Uncategorized"],"inLanguage":"es","potentialAction":[{"@type":"CommentAction","name":"Comment","target":["https:\/\/conexion23.com\/?p=14413#respond"]}]},{"@type":"WebPage","@id":"https:\/\/conexion23.com\/?p=14413","url":"https:\/\/conexion23.com\/?p=14413","name":"L\u00edder de la banda BTS lanza su primer \u00e1lbum en solitario - Conexi\u00f3n 23","isPartOf":{"@id":"https:\/\/conexion23.com\/#website"},"datePublished":"2022-12-02T11:20:08+00:00","dateModified":"2022-12-02T11:20:13+00:00","breadcrumb":{"@id":"https:\/\/conexion23.com\/?p=14413#breadcrumb"},"inLanguage":"es","potentialAction":[{"@type":"ReadAction","target":["https:\/\/conexion23.com\/?p=14413"]}]},{"@type":"BreadcrumbList","@id":"https:\/\/conexion23.com\/?p=14413#breadcrumb","itemListElement":[{"@type":"ListItem","position":1,"name":"Portada","item":"https:\/\/conexion23.com\/"},{"@type":"ListItem","position":2,"name":"L\u00edder de la banda BTS lanza su primer \u00e1lbum en solitario"}]},{"@type":"WebSite","@id":"https:\/\/conexion23.com\/#website","url":"https:\/\/conexion23.com\/","name":"Conexi\u00f3n 23","description":"Peri\u00f3dico 100% Petromacorisano","publisher":{"@id":"https:\/\/conexion23.com\/#organization"},"potentialAction":[{"@type":"SearchAction","target":{"@type":"EntryPoint","urlTemplate":"https:\/\/conexion23.com\/?s={search_term_string}"},"query-input":{"@type":"PropertyValueSpecification","valueRequired":true,"valueName":"search_term_string"}}],"inLanguage":"es"},{"@type":"Organization","@id":"https:\/\/conexion23.com\/#organization","name":"Conexion 23","url":"https:\/\/conexion23.com\/","logo":{"@type":"ImageObject","inLanguage":"es","@id":"https:\/\/conexion23.com\/#\/schema\/logo\/image\/","url":"https:\/\/conexion23.com\/wp-content\/uploads\/2021\/11\/Diseno-sin-titulo-2.png","contentUrl":"https:\/\/conexion23.com\/wp-content\/uploads\/2021\/11\/Diseno-sin-titulo-2.png","width":541,"height":90,"caption":"Conexion 23"},"image":{"@id":"https:\/\/conexion23.com\/#\/schema\/logo\/image\/"},"sameAs":["https:\/\/www.facebook.com\/conexion23com","https:\/\/www.instagram.com\/conexion23com\/","https:\/\/www.youtube.com\/channel\/UCYc7vxxFZMYLIHNsHHxPZ3Q"]},{"@type":"Person","@id":"https:\/\/conexion23.com\/#\/schema\/person\/c0b7ce1f0e7a915d08fa289072b8353a","name":"Benjam\u00edn Rosario","image":{"@type":"ImageObject","inLanguage":"es","@id":"https:\/\/secure.gravatar.com\/avatar\/62e1b2539b49cdeb50ee302e2a5f2bd31dc7fdba412bbac67e2a2a6e0c89bb2a?s=96&d=mm&r=g","url":"https:\/\/secure.gravatar.com\/avatar\/62e1b2539b49cdeb50ee302e2a5f2bd31dc7fdba412bbac67e2a2a6e0c89bb2a?s=96&d=mm&r=g","contentUrl":"https:\/\/secure.gravatar.com\/avatar\/62e1b2539b49cdeb50ee302e2a5f2bd31dc7fdba412bbac67e2a2a6e0c89bb2a?s=96&d=mm&r=g","caption":"Benjam\u00edn Rosario"},"url":"https:\/\/conexion23.com\/?author=7"}]}},"_links":{"self":[{"href":"https:\/\/conexion23.com\/index.php?rest_route=\/wp\/v2\/posts\/14413","targetHints":{"allow":["GET"]}}],"collection":[{"href":"https:\/\/conexion23.com\/index.php?rest_route=\/wp\/v2\/posts"}],"about":[{"href":"https:\/\/conexion23.com\/index.php?rest_route=\/wp\/v2\/types\/post"}],"author":[{"embeddable":true,"href":"https:\/\/conexion23.com\/index.php?rest_route=\/wp\/v2\/users\/7"}],"replies":[{"embeddable":true,"href":"https:\/\/conexion23.com\/index.php?rest_route=%2Fwp%2Fv2%2Fcomments&post=14413"}],"version-history":[{"count":1,"href":"https:\/\/conexion23.com\/index.php?rest_route=\/wp\/v2\/posts\/14413\/revisions"}],"predecessor-version":[{"id":14415,"href":"https:\/\/conexion23.com\/index.php?rest_route=\/wp\/v2\/posts\/14413\/revisions\/14415"}],"wp:attachment":[{"href":"https:\/\/conexion23.com\/index.php?rest_route=%2Fwp%2Fv2%2Fmedia&parent=14413"}],"wp:term":[{"taxonomy":"category","embeddable":true,"href":"https:\/\/conexion23.com\/index.php?rest_route=%2Fwp%2Fv2%2Fcategories&post=14413"},{"taxonomy":"post_tag","embeddable":true,"href":"https:\/\/conexion23.com\/index.php?rest_route=%2Fwp%2Fv2%2Ftags&post=14413"}],"curies":[{"name":"wp","href":"https:\/\/api.w.org\/{rel}","templated":true}]}}