{"id":14416,"date":"2022-12-02T07:21:55","date_gmt":"2022-12-02T11:21:55","guid":{"rendered":"https:\/\/conexion23.com\/?p=14416"},"modified":"2022-12-02T07:22:00","modified_gmt":"2022-12-02T11:22:00","slug":"japon-sanciona-entidades-vinculadas-a-programas-de-armas-de-corea-del-norte","status":"publish","type":"post","link":"https:\/\/conexion23.com\/?p=14416","title":{"rendered":"Jap\u00f3n sanciona entidades vinculadas a programas de armas de Corea del Norte"},"content":{"rendered":"\n<p class=\"wp-block-paragraph\"><strong>Tokio. \u2013<\/strong>&nbsp;El<strong>&nbsp;Gobierno japon\u00e9s<\/strong>&nbsp;anunci\u00f3 este viernes la inclusi\u00f3n de tres entidades y un individuo a su lista de&nbsp;<strong>sanciones impuestas<\/strong>&nbsp;a cuenta de los programas de&nbsp;<strong>armas norcoreanos,&nbsp;<\/strong>medidas que ha venido endureciendo al comp\u00e1s de la intensificaci\u00f3n de las pruebas de misiles del pa\u00eds vecino.<\/p>\n\n\n\n<p class=\"wp-block-paragraph\">Las entidades que se ver\u00e1n afectadas por medidas como la congelaci\u00f3n de activos en el archipi\u00e9lago son las casas comerciales norcoreanas Haegumgang y Namgang, y el grupo de piratas inform\u00e1ticos Lazarus, que se considera ligada al r\u00e9gimen y que en meses anteriores amenaz\u00f3 p\u00fablicamente y tumb\u00f3 las p\u00e1ginas webs de varias entidades gubernamentales y otras instituciones.<\/p>\n\n\n\n<p class=\"wp-block-paragraph\">El individuo que ser\u00e1 a\u00f1adido a la lista de sanciones niponas es un ciudadano norcoreano, Kim Su-il, radicado en Vietnam como representante del Departamento de Industria de Municiones, detall\u00f3 el Ministerio de Asuntos Exteriores nip\u00f3n en un comunicado.<\/p>\n\n\n\n<p class=\"wp-block-paragraph\">Jap\u00f3n decidi\u00f3 engrosar las sanciones que tiene impuestas sobre Corea del Norte a ra\u00edz del lanzamiento el pasado 18 de noviembre de un misil bal\u00edstico intercontinental (ICBM) que cay\u00f3 en aguas de su zona econ\u00f3mica exclusiva (ZEE).<\/p>\n\n\n\n<p class=\"wp-block-paragraph\">Esta acci\u00f3n se ha llevado a cabo de forma coordinada con EE.UU. y Corea del Sur, que anunciaron tambi\u00e9n hoy nuevas medidas punitivas destinadas a frenar los programas de desarrollo de misiles y nuclear de Pionyang.<\/p>\n\n\n\n<p class=\"wp-block-paragraph\">Las sanciones unilaterales japonesas anunciadas hoy siguen a otras que el pa\u00eds impuso en octubre (a ra\u00edz del test de un misil que sobrevol\u00f3 territorio japon\u00e9s) y en abril,&nbsp;<a href=\"https:\/\/twitter.com\/IndyEspanol\" target=\"_blank\" rel=\"noreferrer noopener\">cuando el pa\u00eds<\/a>&nbsp;llev\u00f3 a cabo el lanzamiento de un otro misil bal\u00edstico intercontinental, el primero de este tipo que realizaba desde 2017.<\/p>\n\n\n\n<h2 class=\"wp-block-heading\" id=\"h-la-tension\">La tensi\u00f3n<\/h2>\n\n\n\n<p class=\"wp-block-paragraph\">La tensi\u00f3n en la pen\u00ednsula coreana y sus alrededores est\u00e1 alcanzando cotas in\u00e9ditas ante las repetidas pruebas de armas norcoreanas a un ritmo sin precedentes, las maniobras de los aliados contundentemente protestadas por Pionyang y la posibilidad de que, tal y como indican los sat\u00e9lites, el r\u00e9gimen de Kim Jong-un ya est\u00e9 listo para realizar su primera prueba nuclear desde 2017.<\/p>\n","protected":false},"excerpt":{"rendered":"<p>Tokio. \u2013&nbsp;El&nbsp;Gobierno japon\u00e9s&nbsp;anunci\u00f3 este viernes la inclusi\u00f3n de tres entidades y un individuo a su lista de&nbsp;sanciones impuestas&nbsp;a cuenta de los programas de&nbsp;armas norcoreanos,&nbsp;medidas que ha venido endureciendo al comp\u00e1s de la intensificaci\u00f3n de las pruebas de misiles del pa\u00eds vecino. Las entidades que se ver\u00e1n afectadas por medidas como la congelaci\u00f3n de activos en [&hellip;]<\/p>\n","protected":false},"author":15,"featured_media":0,"comment_status":"open","ping_status":"open","sticky":false,"template":"","format":"standard","meta":{"footnotes":""},"categories":[1],"tags":[],"class_list":["post-14416","post","type-post","status-publish","format-standard","category-uncategorized"],"yoast_head":"<!-- This site is optimized with the Yoast SEO plugin v27.6 - https:\/\/yoast.com\/product\/yoast-seo-wordpress\/ -->\n<title>Jap\u00f3n sanciona entidades vinculadas a programas de armas de Corea del Norte - Conexi\u00f3n 23<\/title>\n<meta name=\"robots\" content=\"index, follow, max-snippet:-1, max-image-preview:large, max-video-preview:-1\" \/>\n<link rel=\"canonical\" href=\"https:\/\/conexion23.com\/?p=14416\" \/>\n<meta property=\"og:locale\" content=\"es_ES\" \/>\n<meta property=\"og:type\" content=\"article\" \/>\n<meta property=\"og:title\" content=\"Jap\u00f3n sanciona entidades vinculadas a programas de armas de Corea del Norte - Conexi\u00f3n 23\" \/>\n<meta property=\"og:description\" content=\"Tokio. \u2013&nbsp;El&nbsp;Gobierno japon\u00e9s&nbsp;anunci\u00f3 este viernes la inclusi\u00f3n de tres entidades y un individuo a su lista de&nbsp;sanciones impuestas&nbsp;a cuenta de los programas de&nbsp;armas norcoreanos,&nbsp;medidas que ha venido endureciendo al comp\u00e1s de la intensificaci\u00f3n de las pruebas de misiles del pa\u00eds vecino. Las entidades que se ver\u00e1n afectadas por medidas como la congelaci\u00f3n de activos en [&hellip;]\" \/>\n<meta property=\"og:url\" content=\"https:\/\/conexion23.com\/?p=14416\" \/>\n<meta property=\"og:site_name\" content=\"Conexi\u00f3n 23\" \/>\n<meta property=\"article:publisher\" content=\"https:\/\/www.facebook.com\/conexion23com\" \/>\n<meta property=\"article:published_time\" content=\"2022-12-02T11:21:55+00:00\" \/>\n<meta property=\"article:modified_time\" content=\"2022-12-02T11:22:00+00:00\" \/>\n<meta name=\"author\" content=\"Raffy Ben\u00edtez\" \/>\n<meta name=\"twitter:card\" content=\"summary_large_image\" \/>\n<meta name=\"twitter:label1\" content=\"Escrito por\" \/>\n\t<meta name=\"twitter:data1\" content=\"Raffy Ben\u00edtez\" \/>\n\t<meta name=\"twitter:label2\" content=\"Tiempo de lectura\" \/>\n\t<meta name=\"twitter:data2\" content=\"2 minutos\" \/>\n<script type=\"application\/ld+json\" class=\"yoast-schema-graph\">{\"@context\":\"https:\\\/\\\/schema.org\",\"@graph\":[{\"@type\":\"Article\",\"@id\":\"https:\\\/\\\/conexion23.com\\\/?p=14416#article\",\"isPartOf\":{\"@id\":\"https:\\\/\\\/conexion23.com\\\/?p=14416\"},\"author\":{\"name\":\"Raffy Ben\u00edtez\",\"@id\":\"https:\\\/\\\/conexion23.com\\\/#\\\/schema\\\/person\\\/03e36043331117e97a373299bbcd30a6\"},\"headline\":\"Jap\u00f3n sanciona entidades vinculadas a programas de armas de Corea del Norte\",\"datePublished\":\"2022-12-02T11:21:55+00:00\",\"dateModified\":\"2022-12-02T11:22:00+00:00\",\"mainEntityOfPage\":{\"@id\":\"https:\\\/\\\/conexion23.com\\\/?p=14416\"},\"wordCount\":380,\"commentCount\":0,\"publisher\":{\"@id\":\"https:\\\/\\\/conexion23.com\\\/#organization\"},\"articleSection\":[\"Uncategorized\"],\"inLanguage\":\"es\",\"potentialAction\":[{\"@type\":\"CommentAction\",\"name\":\"Comment\",\"target\":[\"https:\\\/\\\/conexion23.com\\\/?p=14416#respond\"]}]},{\"@type\":\"WebPage\",\"@id\":\"https:\\\/\\\/conexion23.com\\\/?p=14416\",\"url\":\"https:\\\/\\\/conexion23.com\\\/?p=14416\",\"name\":\"Jap\u00f3n sanciona entidades vinculadas a programas de armas de Corea del Norte - Conexi\u00f3n 23\",\"isPartOf\":{\"@id\":\"https:\\\/\\\/conexion23.com\\\/#website\"},\"datePublished\":\"2022-12-02T11:21:55+00:00\",\"dateModified\":\"2022-12-02T11:22:00+00:00\",\"breadcrumb\":{\"@id\":\"https:\\\/\\\/conexion23.com\\\/?p=14416#breadcrumb\"},\"inLanguage\":\"es\",\"potentialAction\":[{\"@type\":\"ReadAction\",\"target\":[\"https:\\\/\\\/conexion23.com\\\/?p=14416\"]}]},{\"@type\":\"BreadcrumbList\",\"@id\":\"https:\\\/\\\/conexion23.com\\\/?p=14416#breadcrumb\",\"itemListElement\":[{\"@type\":\"ListItem\",\"position\":1,\"name\":\"Portada\",\"item\":\"https:\\\/\\\/conexion23.com\\\/\"},{\"@type\":\"ListItem\",\"position\":2,\"name\":\"Jap\u00f3n sanciona entidades vinculadas a programas de armas de Corea del Norte\"}]},{\"@type\":\"WebSite\",\"@id\":\"https:\\\/\\\/conexion23.com\\\/#website\",\"url\":\"https:\\\/\\\/conexion23.com\\\/\",\"name\":\"Conexi\u00f3n 23\",\"description\":\"Peri\u00f3dico 100% Petromacorisano\",\"publisher\":{\"@id\":\"https:\\\/\\\/conexion23.com\\\/#organization\"},\"potentialAction\":[{\"@type\":\"SearchAction\",\"target\":{\"@type\":\"EntryPoint\",\"urlTemplate\":\"https:\\\/\\\/conexion23.com\\\/?s={search_term_string}\"},\"query-input\":{\"@type\":\"PropertyValueSpecification\",\"valueRequired\":true,\"valueName\":\"search_term_string\"}}],\"inLanguage\":\"es\"},{\"@type\":\"Organization\",\"@id\":\"https:\\\/\\\/conexion23.com\\\/#organization\",\"name\":\"Conexion 23\",\"url\":\"https:\\\/\\\/conexion23.com\\\/\",\"logo\":{\"@type\":\"ImageObject\",\"inLanguage\":\"es\",\"@id\":\"https:\\\/\\\/conexion23.com\\\/#\\\/schema\\\/logo\\\/image\\\/\",\"url\":\"https:\\\/\\\/conexion23.com\\\/wp-content\\\/uploads\\\/2021\\\/11\\\/Diseno-sin-titulo-2.png\",\"contentUrl\":\"https:\\\/\\\/conexion23.com\\\/wp-content\\\/uploads\\\/2021\\\/11\\\/Diseno-sin-titulo-2.png\",\"width\":541,\"height\":90,\"caption\":\"Conexion 23\"},\"image\":{\"@id\":\"https:\\\/\\\/conexion23.com\\\/#\\\/schema\\\/logo\\\/image\\\/\"},\"sameAs\":[\"https:\\\/\\\/www.facebook.com\\\/conexion23com\",\"https:\\\/\\\/www.instagram.com\\\/conexion23com\\\/\",\"https:\\\/\\\/www.youtube.com\\\/channel\\\/UCYc7vxxFZMYLIHNsHHxPZ3Q\"]},{\"@type\":\"Person\",\"@id\":\"https:\\\/\\\/conexion23.com\\\/#\\\/schema\\\/person\\\/03e36043331117e97a373299bbcd30a6\",\"name\":\"Raffy Ben\u00edtez\",\"image\":{\"@type\":\"ImageObject\",\"inLanguage\":\"es\",\"@id\":\"https:\\\/\\\/secure.gravatar.com\\\/avatar\\\/3190a6a6c5e1b0327500f7d6c56b6242472ee6cb974cf09b401ee6b3b0798f23?s=96&d=mm&r=g\",\"url\":\"https:\\\/\\\/secure.gravatar.com\\\/avatar\\\/3190a6a6c5e1b0327500f7d6c56b6242472ee6cb974cf09b401ee6b3b0798f23?s=96&d=mm&r=g\",\"contentUrl\":\"https:\\\/\\\/secure.gravatar.com\\\/avatar\\\/3190a6a6c5e1b0327500f7d6c56b6242472ee6cb974cf09b401ee6b3b0798f23?s=96&d=mm&r=g\",\"caption\":\"Raffy Ben\u00edtez\"},\"url\":\"https:\\\/\\\/conexion23.com\\\/?author=15\"}]}<\/script>\n<!-- \/ Yoast SEO plugin. -->","yoast_head_json":{"title":"Jap\u00f3n sanciona entidades vinculadas a programas de armas de Corea del Norte - Conexi\u00f3n 23","robots":{"index":"index","follow":"follow","max-snippet":"max-snippet:-1","max-image-preview":"max-image-preview:large","max-video-preview":"max-video-preview:-1"},"canonical":"https:\/\/conexion23.com\/?p=14416","og_locale":"es_ES","og_type":"article","og_title":"Jap\u00f3n sanciona entidades vinculadas a programas de armas de Corea del Norte - Conexi\u00f3n 23","og_description":"Tokio. \u2013&nbsp;El&nbsp;Gobierno japon\u00e9s&nbsp;anunci\u00f3 este viernes la inclusi\u00f3n de tres entidades y un individuo a su lista de&nbsp;sanciones impuestas&nbsp;a cuenta de los programas de&nbsp;armas norcoreanos,&nbsp;medidas que ha venido endureciendo al comp\u00e1s de la intensificaci\u00f3n de las pruebas de misiles del pa\u00eds vecino. Las entidades que se ver\u00e1n afectadas por medidas como la congelaci\u00f3n de activos en [&hellip;]","og_url":"https:\/\/conexion23.com\/?p=14416","og_site_name":"Conexi\u00f3n 23","article_publisher":"https:\/\/www.facebook.com\/conexion23com","article_published_time":"2022-12-02T11:21:55+00:00","article_modified_time":"2022-12-02T11:22:00+00:00","author":"Raffy Ben\u00edtez","twitter_card":"summary_large_image","twitter_misc":{"Escrito por":"Raffy Ben\u00edtez","Tiempo de lectura":"2 minutos"},"schema":{"@context":"https:\/\/schema.org","@graph":[{"@type":"Article","@id":"https:\/\/conexion23.com\/?p=14416#article","isPartOf":{"@id":"https:\/\/conexion23.com\/?p=14416"},"author":{"name":"Raffy Ben\u00edtez","@id":"https:\/\/conexion23.com\/#\/schema\/person\/03e36043331117e97a373299bbcd30a6"},"headline":"Jap\u00f3n sanciona entidades vinculadas a programas de armas de Corea del Norte","datePublished":"2022-12-02T11:21:55+00:00","dateModified":"2022-12-02T11:22:00+00:00","mainEntityOfPage":{"@id":"https:\/\/conexion23.com\/?p=14416"},"wordCount":380,"commentCount":0,"publisher":{"@id":"https:\/\/conexion23.com\/#organization"},"articleSection":["Uncategorized"],"inLanguage":"es","potentialAction":[{"@type":"CommentAction","name":"Comment","target":["https:\/\/conexion23.com\/?p=14416#respond"]}]},{"@type":"WebPage","@id":"https:\/\/conexion23.com\/?p=14416","url":"https:\/\/conexion23.com\/?p=14416","name":"Jap\u00f3n sanciona entidades vinculadas a programas de armas de Corea del Norte - Conexi\u00f3n 23","isPartOf":{"@id":"https:\/\/conexion23.com\/#website"},"datePublished":"2022-12-02T11:21:55+00:00","dateModified":"2022-12-02T11:22:00+00:00","breadcrumb":{"@id":"https:\/\/conexion23.com\/?p=14416#breadcrumb"},"inLanguage":"es","potentialAction":[{"@type":"ReadAction","target":["https:\/\/conexion23.com\/?p=14416"]}]},{"@type":"BreadcrumbList","@id":"https:\/\/conexion23.com\/?p=14416#breadcrumb","itemListElement":[{"@type":"ListItem","position":1,"name":"Portada","item":"https:\/\/conexion23.com\/"},{"@type":"ListItem","position":2,"name":"Jap\u00f3n sanciona entidades vinculadas a programas de armas de Corea del Norte"}]},{"@type":"WebSite","@id":"https:\/\/conexion23.com\/#website","url":"https:\/\/conexion23.com\/","name":"Conexi\u00f3n 23","description":"Peri\u00f3dico 100% Petromacorisano","publisher":{"@id":"https:\/\/conexion23.com\/#organization"},"potentialAction":[{"@type":"SearchAction","target":{"@type":"EntryPoint","urlTemplate":"https:\/\/conexion23.com\/?s={search_term_string}"},"query-input":{"@type":"PropertyValueSpecification","valueRequired":true,"valueName":"search_term_string"}}],"inLanguage":"es"},{"@type":"Organization","@id":"https:\/\/conexion23.com\/#organization","name":"Conexion 23","url":"https:\/\/conexion23.com\/","logo":{"@type":"ImageObject","inLanguage":"es","@id":"https:\/\/conexion23.com\/#\/schema\/logo\/image\/","url":"https:\/\/conexion23.com\/wp-content\/uploads\/2021\/11\/Diseno-sin-titulo-2.png","contentUrl":"https:\/\/conexion23.com\/wp-content\/uploads\/2021\/11\/Diseno-sin-titulo-2.png","width":541,"height":90,"caption":"Conexion 23"},"image":{"@id":"https:\/\/conexion23.com\/#\/schema\/logo\/image\/"},"sameAs":["https:\/\/www.facebook.com\/conexion23com","https:\/\/www.instagram.com\/conexion23com\/","https:\/\/www.youtube.com\/channel\/UCYc7vxxFZMYLIHNsHHxPZ3Q"]},{"@type":"Person","@id":"https:\/\/conexion23.com\/#\/schema\/person\/03e36043331117e97a373299bbcd30a6","name":"Raffy Ben\u00edtez","image":{"@type":"ImageObject","inLanguage":"es","@id":"https:\/\/secure.gravatar.com\/avatar\/3190a6a6c5e1b0327500f7d6c56b6242472ee6cb974cf09b401ee6b3b0798f23?s=96&d=mm&r=g","url":"https:\/\/secure.gravatar.com\/avatar\/3190a6a6c5e1b0327500f7d6c56b6242472ee6cb974cf09b401ee6b3b0798f23?s=96&d=mm&r=g","contentUrl":"https:\/\/secure.gravatar.com\/avatar\/3190a6a6c5e1b0327500f7d6c56b6242472ee6cb974cf09b401ee6b3b0798f23?s=96&d=mm&r=g","caption":"Raffy Ben\u00edtez"},"url":"https:\/\/conexion23.com\/?author=15"}]}},"_links":{"self":[{"href":"https:\/\/conexion23.com\/index.php?rest_route=\/wp\/v2\/posts\/14416","targetHints":{"allow":["GET"]}}],"collection":[{"href":"https:\/\/conexion23.com\/index.php?rest_route=\/wp\/v2\/posts"}],"about":[{"href":"https:\/\/conexion23.com\/index.php?rest_route=\/wp\/v2\/types\/post"}],"author":[{"embeddable":true,"href":"https:\/\/conexion23.com\/index.php?rest_route=\/wp\/v2\/users\/15"}],"replies":[{"embeddable":true,"href":"https:\/\/conexion23.com\/index.php?rest_route=%2Fwp%2Fv2%2Fcomments&post=14416"}],"version-history":[{"count":1,"href":"https:\/\/conexion23.com\/index.php?rest_route=\/wp\/v2\/posts\/14416\/revisions"}],"predecessor-version":[{"id":14418,"href":"https:\/\/conexion23.com\/index.php?rest_route=\/wp\/v2\/posts\/14416\/revisions\/14418"}],"wp:attachment":[{"href":"https:\/\/conexion23.com\/index.php?rest_route=%2Fwp%2Fv2%2Fmedia&parent=14416"}],"wp:term":[{"taxonomy":"category","embeddable":true,"href":"https:\/\/conexion23.com\/index.php?rest_route=%2Fwp%2Fv2%2Fcategories&post=14416"},{"taxonomy":"post_tag","embeddable":true,"href":"https:\/\/conexion23.com\/index.php?rest_route=%2Fwp%2Fv2%2Ftags&post=14416"}],"curies":[{"name":"wp","href":"https:\/\/api.w.org\/{rel}","templated":true}]}}