{"id":14422,"date":"2022-12-02T07:26:29","date_gmt":"2022-12-02T11:26:29","guid":{"rendered":"https:\/\/conexion23.com\/?p=14422"},"modified":"2022-12-02T07:26:32","modified_gmt":"2022-12-02T11:26:32","slug":"sigue-desaparecido-prestamista-de-san-pedro-de-macoris","status":"publish","type":"post","link":"https:\/\/conexion23.com\/?p=14422","title":{"rendered":"Sigue desaparecido prestamista de San Pedro de Macor\u00eds"},"content":{"rendered":"\n<p class=\"wp-block-paragraph\">El misterio de la desaparici\u00f3n de&nbsp;<strong>Isidro Jim\u00e9nez Pe\u00f1a<\/strong>, un&nbsp;<strong>prestamista<\/strong>&nbsp;de San Pedro de Macor\u00eds, sigue vigente. Han pasado cinco meses y su familia denuncia que no hay rastro de \u00e9l desde la tarde del pasado&nbsp;<strong>1 de julio.<\/strong><\/p>\n\n\n\n<p class=\"wp-block-paragraph\">Ese d\u00eda, Jim\u00e9nez Pe\u00f1a, de 50 a\u00f1os, cerr\u00f3 su local\/oficina donde atend\u00eda a sus deudores, para ir a su casa a almorzar con su esposa y no lleg\u00f3.<\/p>\n\n\n\n<p class=\"wp-block-paragraph\">Seg\u00fan cont\u00f3 su hermana, Sor Liliam Jim\u00e9nez, una c\u00e1mara de v\u00eddeo capt\u00f3 la \u00faltima imagen del\u00a0<strong>prestamista<\/strong>\u00a0a dos esquinas de su vivienda en el sector Las Caobas.<\/p>\n\n\n\n<p class=\"wp-block-paragraph\">Desconoce qu\u00e9 pudo haber pasado con su hermano, pero destac\u00f3 que, seg\u00fan informaciones obtenidas en la investigaci\u00f3n independiente de la familia, el lunes antes de la desaparici\u00f3n de Isidro, este hab\u00eda sostenido una fuerte discusi\u00f3n en conversaci\u00f3n telef\u00f3nica con una persona. La religiosa no revel\u00f3 el nombre del individuo \u201cpara no entorpecer\u201d la dilatada investigaci\u00f3n.<\/p>\n","protected":false},"excerpt":{"rendered":"<p>El misterio de la desaparici\u00f3n de&nbsp;Isidro Jim\u00e9nez Pe\u00f1a, un&nbsp;prestamista&nbsp;de San Pedro de Macor\u00eds, sigue vigente. Han pasado cinco meses y su familia denuncia que no hay rastro de \u00e9l desde la tarde del pasado&nbsp;1 de julio. Ese d\u00eda, Jim\u00e9nez Pe\u00f1a, de 50 a\u00f1os, cerr\u00f3 su local\/oficina donde atend\u00eda a sus deudores, para ir a su [&hellip;]<\/p>\n","protected":false},"author":15,"featured_media":0,"comment_status":"open","ping_status":"open","sticky":false,"template":"","format":"standard","meta":{"footnotes":""},"categories":[35],"tags":[],"class_list":["post-14422","post","type-post","status-publish","format-standard","category-spm"],"yoast_head":"<!-- This site is optimized with the Yoast SEO plugin v27.6 - https:\/\/yoast.com\/product\/yoast-seo-wordpress\/ -->\n<title>Sigue desaparecido prestamista de San Pedro de Macor\u00eds - Conexi\u00f3n 23<\/title>\n<meta name=\"robots\" content=\"index, follow, max-snippet:-1, max-image-preview:large, max-video-preview:-1\" \/>\n<link rel=\"canonical\" href=\"https:\/\/conexion23.com\/?p=14422\" \/>\n<meta property=\"og:locale\" content=\"es_ES\" \/>\n<meta property=\"og:type\" content=\"article\" \/>\n<meta property=\"og:title\" content=\"Sigue desaparecido prestamista de San Pedro de Macor\u00eds - Conexi\u00f3n 23\" \/>\n<meta property=\"og:description\" content=\"El misterio de la desaparici\u00f3n de&nbsp;Isidro Jim\u00e9nez Pe\u00f1a, un&nbsp;prestamista&nbsp;de San Pedro de Macor\u00eds, sigue vigente. Han pasado cinco meses y su familia denuncia que no hay rastro de \u00e9l desde la tarde del pasado&nbsp;1 de julio. Ese d\u00eda, Jim\u00e9nez Pe\u00f1a, de 50 a\u00f1os, cerr\u00f3 su local\/oficina donde atend\u00eda a sus deudores, para ir a su [&hellip;]\" \/>\n<meta property=\"og:url\" content=\"https:\/\/conexion23.com\/?p=14422\" \/>\n<meta property=\"og:site_name\" content=\"Conexi\u00f3n 23\" \/>\n<meta property=\"article:publisher\" content=\"https:\/\/www.facebook.com\/conexion23com\" \/>\n<meta property=\"article:published_time\" content=\"2022-12-02T11:26:29+00:00\" \/>\n<meta property=\"article:modified_time\" content=\"2022-12-02T11:26:32+00:00\" \/>\n<meta name=\"author\" content=\"Raffy Ben\u00edtez\" \/>\n<meta name=\"twitter:card\" content=\"summary_large_image\" \/>\n<meta name=\"twitter:label1\" content=\"Escrito por\" \/>\n\t<meta name=\"twitter:data1\" content=\"Raffy Ben\u00edtez\" \/>\n\t<meta name=\"twitter:label2\" content=\"Tiempo de lectura\" \/>\n\t<meta name=\"twitter:data2\" content=\"1 minuto\" \/>\n<script type=\"application\/ld+json\" class=\"yoast-schema-graph\">{\"@context\":\"https:\\\/\\\/schema.org\",\"@graph\":[{\"@type\":\"Article\",\"@id\":\"https:\\\/\\\/conexion23.com\\\/?p=14422#article\",\"isPartOf\":{\"@id\":\"https:\\\/\\\/conexion23.com\\\/?p=14422\"},\"author\":{\"name\":\"Raffy Ben\u00edtez\",\"@id\":\"https:\\\/\\\/conexion23.com\\\/#\\\/schema\\\/person\\\/03e36043331117e97a373299bbcd30a6\"},\"headline\":\"Sigue desaparecido prestamista de San Pedro de Macor\u00eds\",\"datePublished\":\"2022-12-02T11:26:29+00:00\",\"dateModified\":\"2022-12-02T11:26:32+00:00\",\"mainEntityOfPage\":{\"@id\":\"https:\\\/\\\/conexion23.com\\\/?p=14422\"},\"wordCount\":184,\"commentCount\":0,\"publisher\":{\"@id\":\"https:\\\/\\\/conexion23.com\\\/#organization\"},\"articleSection\":[\"SPM\"],\"inLanguage\":\"es\",\"potentialAction\":[{\"@type\":\"CommentAction\",\"name\":\"Comment\",\"target\":[\"https:\\\/\\\/conexion23.com\\\/?p=14422#respond\"]}]},{\"@type\":\"WebPage\",\"@id\":\"https:\\\/\\\/conexion23.com\\\/?p=14422\",\"url\":\"https:\\\/\\\/conexion23.com\\\/?p=14422\",\"name\":\"Sigue desaparecido prestamista de San Pedro de Macor\u00eds - Conexi\u00f3n 23\",\"isPartOf\":{\"@id\":\"https:\\\/\\\/conexion23.com\\\/#website\"},\"datePublished\":\"2022-12-02T11:26:29+00:00\",\"dateModified\":\"2022-12-02T11:26:32+00:00\",\"breadcrumb\":{\"@id\":\"https:\\\/\\\/conexion23.com\\\/?p=14422#breadcrumb\"},\"inLanguage\":\"es\",\"potentialAction\":[{\"@type\":\"ReadAction\",\"target\":[\"https:\\\/\\\/conexion23.com\\\/?p=14422\"]}]},{\"@type\":\"BreadcrumbList\",\"@id\":\"https:\\\/\\\/conexion23.com\\\/?p=14422#breadcrumb\",\"itemListElement\":[{\"@type\":\"ListItem\",\"position\":1,\"name\":\"Portada\",\"item\":\"https:\\\/\\\/conexion23.com\\\/\"},{\"@type\":\"ListItem\",\"position\":2,\"name\":\"Sigue desaparecido prestamista de San Pedro de Macor\u00eds\"}]},{\"@type\":\"WebSite\",\"@id\":\"https:\\\/\\\/conexion23.com\\\/#website\",\"url\":\"https:\\\/\\\/conexion23.com\\\/\",\"name\":\"Conexi\u00f3n 23\",\"description\":\"Peri\u00f3dico 100% Petromacorisano\",\"publisher\":{\"@id\":\"https:\\\/\\\/conexion23.com\\\/#organization\"},\"potentialAction\":[{\"@type\":\"SearchAction\",\"target\":{\"@type\":\"EntryPoint\",\"urlTemplate\":\"https:\\\/\\\/conexion23.com\\\/?s={search_term_string}\"},\"query-input\":{\"@type\":\"PropertyValueSpecification\",\"valueRequired\":true,\"valueName\":\"search_term_string\"}}],\"inLanguage\":\"es\"},{\"@type\":\"Organization\",\"@id\":\"https:\\\/\\\/conexion23.com\\\/#organization\",\"name\":\"Conexion 23\",\"url\":\"https:\\\/\\\/conexion23.com\\\/\",\"logo\":{\"@type\":\"ImageObject\",\"inLanguage\":\"es\",\"@id\":\"https:\\\/\\\/conexion23.com\\\/#\\\/schema\\\/logo\\\/image\\\/\",\"url\":\"https:\\\/\\\/conexion23.com\\\/wp-content\\\/uploads\\\/2021\\\/11\\\/Diseno-sin-titulo-2.png\",\"contentUrl\":\"https:\\\/\\\/conexion23.com\\\/wp-content\\\/uploads\\\/2021\\\/11\\\/Diseno-sin-titulo-2.png\",\"width\":541,\"height\":90,\"caption\":\"Conexion 23\"},\"image\":{\"@id\":\"https:\\\/\\\/conexion23.com\\\/#\\\/schema\\\/logo\\\/image\\\/\"},\"sameAs\":[\"https:\\\/\\\/www.facebook.com\\\/conexion23com\",\"https:\\\/\\\/www.instagram.com\\\/conexion23com\\\/\",\"https:\\\/\\\/www.youtube.com\\\/channel\\\/UCYc7vxxFZMYLIHNsHHxPZ3Q\"]},{\"@type\":\"Person\",\"@id\":\"https:\\\/\\\/conexion23.com\\\/#\\\/schema\\\/person\\\/03e36043331117e97a373299bbcd30a6\",\"name\":\"Raffy Ben\u00edtez\",\"image\":{\"@type\":\"ImageObject\",\"inLanguage\":\"es\",\"@id\":\"https:\\\/\\\/secure.gravatar.com\\\/avatar\\\/3190a6a6c5e1b0327500f7d6c56b6242472ee6cb974cf09b401ee6b3b0798f23?s=96&d=mm&r=g\",\"url\":\"https:\\\/\\\/secure.gravatar.com\\\/avatar\\\/3190a6a6c5e1b0327500f7d6c56b6242472ee6cb974cf09b401ee6b3b0798f23?s=96&d=mm&r=g\",\"contentUrl\":\"https:\\\/\\\/secure.gravatar.com\\\/avatar\\\/3190a6a6c5e1b0327500f7d6c56b6242472ee6cb974cf09b401ee6b3b0798f23?s=96&d=mm&r=g\",\"caption\":\"Raffy Ben\u00edtez\"},\"url\":\"https:\\\/\\\/conexion23.com\\\/?author=15\"}]}<\/script>\n<!-- \/ Yoast SEO plugin. -->","yoast_head_json":{"title":"Sigue desaparecido prestamista de San Pedro de Macor\u00eds - Conexi\u00f3n 23","robots":{"index":"index","follow":"follow","max-snippet":"max-snippet:-1","max-image-preview":"max-image-preview:large","max-video-preview":"max-video-preview:-1"},"canonical":"https:\/\/conexion23.com\/?p=14422","og_locale":"es_ES","og_type":"article","og_title":"Sigue desaparecido prestamista de San Pedro de Macor\u00eds - Conexi\u00f3n 23","og_description":"El misterio de la desaparici\u00f3n de&nbsp;Isidro Jim\u00e9nez Pe\u00f1a, un&nbsp;prestamista&nbsp;de San Pedro de Macor\u00eds, sigue vigente. Han pasado cinco meses y su familia denuncia que no hay rastro de \u00e9l desde la tarde del pasado&nbsp;1 de julio. Ese d\u00eda, Jim\u00e9nez Pe\u00f1a, de 50 a\u00f1os, cerr\u00f3 su local\/oficina donde atend\u00eda a sus deudores, para ir a su [&hellip;]","og_url":"https:\/\/conexion23.com\/?p=14422","og_site_name":"Conexi\u00f3n 23","article_publisher":"https:\/\/www.facebook.com\/conexion23com","article_published_time":"2022-12-02T11:26:29+00:00","article_modified_time":"2022-12-02T11:26:32+00:00","author":"Raffy Ben\u00edtez","twitter_card":"summary_large_image","twitter_misc":{"Escrito por":"Raffy Ben\u00edtez","Tiempo de lectura":"1 minuto"},"schema":{"@context":"https:\/\/schema.org","@graph":[{"@type":"Article","@id":"https:\/\/conexion23.com\/?p=14422#article","isPartOf":{"@id":"https:\/\/conexion23.com\/?p=14422"},"author":{"name":"Raffy Ben\u00edtez","@id":"https:\/\/conexion23.com\/#\/schema\/person\/03e36043331117e97a373299bbcd30a6"},"headline":"Sigue desaparecido prestamista de San Pedro de Macor\u00eds","datePublished":"2022-12-02T11:26:29+00:00","dateModified":"2022-12-02T11:26:32+00:00","mainEntityOfPage":{"@id":"https:\/\/conexion23.com\/?p=14422"},"wordCount":184,"commentCount":0,"publisher":{"@id":"https:\/\/conexion23.com\/#organization"},"articleSection":["SPM"],"inLanguage":"es","potentialAction":[{"@type":"CommentAction","name":"Comment","target":["https:\/\/conexion23.com\/?p=14422#respond"]}]},{"@type":"WebPage","@id":"https:\/\/conexion23.com\/?p=14422","url":"https:\/\/conexion23.com\/?p=14422","name":"Sigue desaparecido prestamista de San Pedro de Macor\u00eds - Conexi\u00f3n 23","isPartOf":{"@id":"https:\/\/conexion23.com\/#website"},"datePublished":"2022-12-02T11:26:29+00:00","dateModified":"2022-12-02T11:26:32+00:00","breadcrumb":{"@id":"https:\/\/conexion23.com\/?p=14422#breadcrumb"},"inLanguage":"es","potentialAction":[{"@type":"ReadAction","target":["https:\/\/conexion23.com\/?p=14422"]}]},{"@type":"BreadcrumbList","@id":"https:\/\/conexion23.com\/?p=14422#breadcrumb","itemListElement":[{"@type":"ListItem","position":1,"name":"Portada","item":"https:\/\/conexion23.com\/"},{"@type":"ListItem","position":2,"name":"Sigue desaparecido prestamista de San Pedro de Macor\u00eds"}]},{"@type":"WebSite","@id":"https:\/\/conexion23.com\/#website","url":"https:\/\/conexion23.com\/","name":"Conexi\u00f3n 23","description":"Peri\u00f3dico 100% Petromacorisano","publisher":{"@id":"https:\/\/conexion23.com\/#organization"},"potentialAction":[{"@type":"SearchAction","target":{"@type":"EntryPoint","urlTemplate":"https:\/\/conexion23.com\/?s={search_term_string}"},"query-input":{"@type":"PropertyValueSpecification","valueRequired":true,"valueName":"search_term_string"}}],"inLanguage":"es"},{"@type":"Organization","@id":"https:\/\/conexion23.com\/#organization","name":"Conexion 23","url":"https:\/\/conexion23.com\/","logo":{"@type":"ImageObject","inLanguage":"es","@id":"https:\/\/conexion23.com\/#\/schema\/logo\/image\/","url":"https:\/\/conexion23.com\/wp-content\/uploads\/2021\/11\/Diseno-sin-titulo-2.png","contentUrl":"https:\/\/conexion23.com\/wp-content\/uploads\/2021\/11\/Diseno-sin-titulo-2.png","width":541,"height":90,"caption":"Conexion 23"},"image":{"@id":"https:\/\/conexion23.com\/#\/schema\/logo\/image\/"},"sameAs":["https:\/\/www.facebook.com\/conexion23com","https:\/\/www.instagram.com\/conexion23com\/","https:\/\/www.youtube.com\/channel\/UCYc7vxxFZMYLIHNsHHxPZ3Q"]},{"@type":"Person","@id":"https:\/\/conexion23.com\/#\/schema\/person\/03e36043331117e97a373299bbcd30a6","name":"Raffy Ben\u00edtez","image":{"@type":"ImageObject","inLanguage":"es","@id":"https:\/\/secure.gravatar.com\/avatar\/3190a6a6c5e1b0327500f7d6c56b6242472ee6cb974cf09b401ee6b3b0798f23?s=96&d=mm&r=g","url":"https:\/\/secure.gravatar.com\/avatar\/3190a6a6c5e1b0327500f7d6c56b6242472ee6cb974cf09b401ee6b3b0798f23?s=96&d=mm&r=g","contentUrl":"https:\/\/secure.gravatar.com\/avatar\/3190a6a6c5e1b0327500f7d6c56b6242472ee6cb974cf09b401ee6b3b0798f23?s=96&d=mm&r=g","caption":"Raffy Ben\u00edtez"},"url":"https:\/\/conexion23.com\/?author=15"}]}},"_links":{"self":[{"href":"https:\/\/conexion23.com\/index.php?rest_route=\/wp\/v2\/posts\/14422","targetHints":{"allow":["GET"]}}],"collection":[{"href":"https:\/\/conexion23.com\/index.php?rest_route=\/wp\/v2\/posts"}],"about":[{"href":"https:\/\/conexion23.com\/index.php?rest_route=\/wp\/v2\/types\/post"}],"author":[{"embeddable":true,"href":"https:\/\/conexion23.com\/index.php?rest_route=\/wp\/v2\/users\/15"}],"replies":[{"embeddable":true,"href":"https:\/\/conexion23.com\/index.php?rest_route=%2Fwp%2Fv2%2Fcomments&post=14422"}],"version-history":[{"count":1,"href":"https:\/\/conexion23.com\/index.php?rest_route=\/wp\/v2\/posts\/14422\/revisions"}],"predecessor-version":[{"id":14424,"href":"https:\/\/conexion23.com\/index.php?rest_route=\/wp\/v2\/posts\/14422\/revisions\/14424"}],"wp:attachment":[{"href":"https:\/\/conexion23.com\/index.php?rest_route=%2Fwp%2Fv2%2Fmedia&parent=14422"}],"wp:term":[{"taxonomy":"category","embeddable":true,"href":"https:\/\/conexion23.com\/index.php?rest_route=%2Fwp%2Fv2%2Fcategories&post=14422"},{"taxonomy":"post_tag","embeddable":true,"href":"https:\/\/conexion23.com\/index.php?rest_route=%2Fwp%2Fv2%2Ftags&post=14422"}],"curies":[{"name":"wp","href":"https:\/\/api.w.org\/{rel}","templated":true}]}}