{"id":14558,"date":"2022-12-05T15:03:41","date_gmt":"2022-12-05T19:03:41","guid":{"rendered":"https:\/\/conexion23.com\/?p=14558"},"modified":"2022-12-05T15:05:16","modified_gmt":"2022-12-05T19:05:16","slug":"decenas-de-personas-asisten-a-despedir-al-exsenador-amable-aristy-castro","status":"publish","type":"post","link":"https:\/\/conexion23.com\/?p=14558","title":{"rendered":"Decenas de personas asisten a despedir al exsenador Amable Aristy Castro"},"content":{"rendered":"\n<p class=\"wp-block-paragraph\"><strong>Hig\u00fcey. \u2013&nbsp;<\/strong>Decenas de personas se han dado cita este lunes a la casa del reci\u00e9n fallecido exsenador de la provincia La Altagracia, Amable Aristy Castro, en la calle Juan Ponce de Le\u00f3n, del barrio La Bas\u00edlica, donde son velados sus restos.<\/p>\n\n\n\n<p class=\"wp-block-paragraph\">En las afueras de la casa se ubicaron varias carpas y sillas para proteger a los asistentes. Hasta el momento, no se permite la entrada de la prensa a la casa por pedido de los familiares.<\/p>\n\n\n\n<p class=\"wp-block-paragraph\">Aristy Castro fue candidato presidencial en 2008 del Partido Reformista Social Cristiano (PRSC), organizaci\u00f3n de la que por d\u00e9cadas fue un alto dirigente y de la que pas\u00f3 a formar su propio partido en 2014, el Liberal Reformista (PLR).<\/p>\n\n\n\n<p class=\"wp-block-paragraph\">Fue senador entre 1990 y 2020, a\u00f1o en el que se qued\u00f3 por primera vez sin un esca\u00f1o parlamentario desde 1982, cuando entr\u00f3 en la C\u00e1mara de los Diputados.<\/p>\n\n\n\n<p class=\"wp-block-paragraph\">Su fallecimiento, que se produjo poco despu\u00e9s de asistir a la inauguraci\u00f3n de una plaza comercial en su provincia, gener\u00f3 una lluvia de reacciones en la clase pol\u00edtica local.<\/p>\n","protected":false},"excerpt":{"rendered":"<p>Hig\u00fcey. \u2013&nbsp;Decenas de personas se han dado cita este lunes a la casa del reci\u00e9n fallecido exsenador de la provincia La Altagracia, Amable Aristy Castro, en la calle Juan Ponce de Le\u00f3n, del barrio La Bas\u00edlica, donde son velados sus restos. En las afueras de la casa se ubicaron varias carpas y sillas para proteger [&hellip;]<\/p>\n","protected":false},"author":15,"featured_media":0,"comment_status":"open","ping_status":"open","sticky":false,"template":"","format":"standard","meta":{"footnotes":""},"categories":[2474],"tags":[],"class_list":["post-14558","post","type-post","status-publish","format-standard","category-la-altagracia"],"yoast_head":"<!-- This site is optimized with the Yoast SEO plugin v27.6 - https:\/\/yoast.com\/product\/yoast-seo-wordpress\/ -->\n<title>Decenas de personas asisten a despedir al exsenador Amable Aristy Castro - Conexi\u00f3n 23<\/title>\n<meta name=\"robots\" content=\"index, follow, max-snippet:-1, max-image-preview:large, max-video-preview:-1\" \/>\n<link rel=\"canonical\" href=\"https:\/\/conexion23.com\/?p=14558\" \/>\n<meta property=\"og:locale\" content=\"es_ES\" \/>\n<meta property=\"og:type\" content=\"article\" \/>\n<meta property=\"og:title\" content=\"Decenas de personas asisten a despedir al exsenador Amable Aristy Castro - Conexi\u00f3n 23\" \/>\n<meta property=\"og:description\" content=\"Hig\u00fcey. \u2013&nbsp;Decenas de personas se han dado cita este lunes a la casa del reci\u00e9n fallecido exsenador de la provincia La Altagracia, Amable Aristy Castro, en la calle Juan Ponce de Le\u00f3n, del barrio La Bas\u00edlica, donde son velados sus restos. En las afueras de la casa se ubicaron varias carpas y sillas para proteger [&hellip;]\" \/>\n<meta property=\"og:url\" content=\"https:\/\/conexion23.com\/?p=14558\" \/>\n<meta property=\"og:site_name\" content=\"Conexi\u00f3n 23\" \/>\n<meta property=\"article:publisher\" content=\"https:\/\/www.facebook.com\/conexion23com\" \/>\n<meta property=\"article:published_time\" content=\"2022-12-05T19:03:41+00:00\" \/>\n<meta property=\"article:modified_time\" content=\"2022-12-05T19:05:16+00:00\" \/>\n<meta name=\"author\" content=\"Raffy Ben\u00edtez\" \/>\n<meta name=\"twitter:card\" content=\"summary_large_image\" \/>\n<meta name=\"twitter:label1\" content=\"Escrito por\" \/>\n\t<meta name=\"twitter:data1\" content=\"Raffy Ben\u00edtez\" \/>\n\t<meta name=\"twitter:label2\" content=\"Tiempo de lectura\" \/>\n\t<meta name=\"twitter:data2\" content=\"1 minuto\" \/>\n<script type=\"application\/ld+json\" class=\"yoast-schema-graph\">{\"@context\":\"https:\\\/\\\/schema.org\",\"@graph\":[{\"@type\":\"Article\",\"@id\":\"https:\\\/\\\/conexion23.com\\\/?p=14558#article\",\"isPartOf\":{\"@id\":\"https:\\\/\\\/conexion23.com\\\/?p=14558\"},\"author\":{\"name\":\"Raffy Ben\u00edtez\",\"@id\":\"https:\\\/\\\/conexion23.com\\\/#\\\/schema\\\/person\\\/03e36043331117e97a373299bbcd30a6\"},\"headline\":\"Decenas de personas asisten a despedir al exsenador Amable Aristy Castro\",\"datePublished\":\"2022-12-05T19:03:41+00:00\",\"dateModified\":\"2022-12-05T19:05:16+00:00\",\"mainEntityOfPage\":{\"@id\":\"https:\\\/\\\/conexion23.com\\\/?p=14558\"},\"wordCount\":193,\"commentCount\":0,\"publisher\":{\"@id\":\"https:\\\/\\\/conexion23.com\\\/#organization\"},\"articleSection\":[\"La Altagracia\"],\"inLanguage\":\"es\",\"potentialAction\":[{\"@type\":\"CommentAction\",\"name\":\"Comment\",\"target\":[\"https:\\\/\\\/conexion23.com\\\/?p=14558#respond\"]}]},{\"@type\":\"WebPage\",\"@id\":\"https:\\\/\\\/conexion23.com\\\/?p=14558\",\"url\":\"https:\\\/\\\/conexion23.com\\\/?p=14558\",\"name\":\"Decenas de personas asisten a despedir al exsenador Amable Aristy Castro - Conexi\u00f3n 23\",\"isPartOf\":{\"@id\":\"https:\\\/\\\/conexion23.com\\\/#website\"},\"datePublished\":\"2022-12-05T19:03:41+00:00\",\"dateModified\":\"2022-12-05T19:05:16+00:00\",\"breadcrumb\":{\"@id\":\"https:\\\/\\\/conexion23.com\\\/?p=14558#breadcrumb\"},\"inLanguage\":\"es\",\"potentialAction\":[{\"@type\":\"ReadAction\",\"target\":[\"https:\\\/\\\/conexion23.com\\\/?p=14558\"]}]},{\"@type\":\"BreadcrumbList\",\"@id\":\"https:\\\/\\\/conexion23.com\\\/?p=14558#breadcrumb\",\"itemListElement\":[{\"@type\":\"ListItem\",\"position\":1,\"name\":\"Portada\",\"item\":\"https:\\\/\\\/conexion23.com\\\/\"},{\"@type\":\"ListItem\",\"position\":2,\"name\":\"Decenas de personas asisten a despedir al exsenador Amable Aristy Castro\"}]},{\"@type\":\"WebSite\",\"@id\":\"https:\\\/\\\/conexion23.com\\\/#website\",\"url\":\"https:\\\/\\\/conexion23.com\\\/\",\"name\":\"Conexi\u00f3n 23\",\"description\":\"Peri\u00f3dico 100% Petromacorisano\",\"publisher\":{\"@id\":\"https:\\\/\\\/conexion23.com\\\/#organization\"},\"potentialAction\":[{\"@type\":\"SearchAction\",\"target\":{\"@type\":\"EntryPoint\",\"urlTemplate\":\"https:\\\/\\\/conexion23.com\\\/?s={search_term_string}\"},\"query-input\":{\"@type\":\"PropertyValueSpecification\",\"valueRequired\":true,\"valueName\":\"search_term_string\"}}],\"inLanguage\":\"es\"},{\"@type\":\"Organization\",\"@id\":\"https:\\\/\\\/conexion23.com\\\/#organization\",\"name\":\"Conexion 23\",\"url\":\"https:\\\/\\\/conexion23.com\\\/\",\"logo\":{\"@type\":\"ImageObject\",\"inLanguage\":\"es\",\"@id\":\"https:\\\/\\\/conexion23.com\\\/#\\\/schema\\\/logo\\\/image\\\/\",\"url\":\"https:\\\/\\\/conexion23.com\\\/wp-content\\\/uploads\\\/2021\\\/11\\\/Diseno-sin-titulo-2.png\",\"contentUrl\":\"https:\\\/\\\/conexion23.com\\\/wp-content\\\/uploads\\\/2021\\\/11\\\/Diseno-sin-titulo-2.png\",\"width\":541,\"height\":90,\"caption\":\"Conexion 23\"},\"image\":{\"@id\":\"https:\\\/\\\/conexion23.com\\\/#\\\/schema\\\/logo\\\/image\\\/\"},\"sameAs\":[\"https:\\\/\\\/www.facebook.com\\\/conexion23com\",\"https:\\\/\\\/www.instagram.com\\\/conexion23com\\\/\",\"https:\\\/\\\/www.youtube.com\\\/channel\\\/UCYc7vxxFZMYLIHNsHHxPZ3Q\"]},{\"@type\":\"Person\",\"@id\":\"https:\\\/\\\/conexion23.com\\\/#\\\/schema\\\/person\\\/03e36043331117e97a373299bbcd30a6\",\"name\":\"Raffy Ben\u00edtez\",\"image\":{\"@type\":\"ImageObject\",\"inLanguage\":\"es\",\"@id\":\"https:\\\/\\\/secure.gravatar.com\\\/avatar\\\/3190a6a6c5e1b0327500f7d6c56b6242472ee6cb974cf09b401ee6b3b0798f23?s=96&d=mm&r=g\",\"url\":\"https:\\\/\\\/secure.gravatar.com\\\/avatar\\\/3190a6a6c5e1b0327500f7d6c56b6242472ee6cb974cf09b401ee6b3b0798f23?s=96&d=mm&r=g\",\"contentUrl\":\"https:\\\/\\\/secure.gravatar.com\\\/avatar\\\/3190a6a6c5e1b0327500f7d6c56b6242472ee6cb974cf09b401ee6b3b0798f23?s=96&d=mm&r=g\",\"caption\":\"Raffy Ben\u00edtez\"},\"url\":\"https:\\\/\\\/conexion23.com\\\/?author=15\"}]}<\/script>\n<!-- \/ Yoast SEO plugin. -->","yoast_head_json":{"title":"Decenas de personas asisten a despedir al exsenador Amable Aristy Castro - Conexi\u00f3n 23","robots":{"index":"index","follow":"follow","max-snippet":"max-snippet:-1","max-image-preview":"max-image-preview:large","max-video-preview":"max-video-preview:-1"},"canonical":"https:\/\/conexion23.com\/?p=14558","og_locale":"es_ES","og_type":"article","og_title":"Decenas de personas asisten a despedir al exsenador Amable Aristy Castro - Conexi\u00f3n 23","og_description":"Hig\u00fcey. \u2013&nbsp;Decenas de personas se han dado cita este lunes a la casa del reci\u00e9n fallecido exsenador de la provincia La Altagracia, Amable Aristy Castro, en la calle Juan Ponce de Le\u00f3n, del barrio La Bas\u00edlica, donde son velados sus restos. En las afueras de la casa se ubicaron varias carpas y sillas para proteger [&hellip;]","og_url":"https:\/\/conexion23.com\/?p=14558","og_site_name":"Conexi\u00f3n 23","article_publisher":"https:\/\/www.facebook.com\/conexion23com","article_published_time":"2022-12-05T19:03:41+00:00","article_modified_time":"2022-12-05T19:05:16+00:00","author":"Raffy Ben\u00edtez","twitter_card":"summary_large_image","twitter_misc":{"Escrito por":"Raffy Ben\u00edtez","Tiempo de lectura":"1 minuto"},"schema":{"@context":"https:\/\/schema.org","@graph":[{"@type":"Article","@id":"https:\/\/conexion23.com\/?p=14558#article","isPartOf":{"@id":"https:\/\/conexion23.com\/?p=14558"},"author":{"name":"Raffy Ben\u00edtez","@id":"https:\/\/conexion23.com\/#\/schema\/person\/03e36043331117e97a373299bbcd30a6"},"headline":"Decenas de personas asisten a despedir al exsenador Amable Aristy Castro","datePublished":"2022-12-05T19:03:41+00:00","dateModified":"2022-12-05T19:05:16+00:00","mainEntityOfPage":{"@id":"https:\/\/conexion23.com\/?p=14558"},"wordCount":193,"commentCount":0,"publisher":{"@id":"https:\/\/conexion23.com\/#organization"},"articleSection":["La Altagracia"],"inLanguage":"es","potentialAction":[{"@type":"CommentAction","name":"Comment","target":["https:\/\/conexion23.com\/?p=14558#respond"]}]},{"@type":"WebPage","@id":"https:\/\/conexion23.com\/?p=14558","url":"https:\/\/conexion23.com\/?p=14558","name":"Decenas de personas asisten a despedir al exsenador Amable Aristy Castro - Conexi\u00f3n 23","isPartOf":{"@id":"https:\/\/conexion23.com\/#website"},"datePublished":"2022-12-05T19:03:41+00:00","dateModified":"2022-12-05T19:05:16+00:00","breadcrumb":{"@id":"https:\/\/conexion23.com\/?p=14558#breadcrumb"},"inLanguage":"es","potentialAction":[{"@type":"ReadAction","target":["https:\/\/conexion23.com\/?p=14558"]}]},{"@type":"BreadcrumbList","@id":"https:\/\/conexion23.com\/?p=14558#breadcrumb","itemListElement":[{"@type":"ListItem","position":1,"name":"Portada","item":"https:\/\/conexion23.com\/"},{"@type":"ListItem","position":2,"name":"Decenas de personas asisten a despedir al exsenador Amable Aristy Castro"}]},{"@type":"WebSite","@id":"https:\/\/conexion23.com\/#website","url":"https:\/\/conexion23.com\/","name":"Conexi\u00f3n 23","description":"Peri\u00f3dico 100% Petromacorisano","publisher":{"@id":"https:\/\/conexion23.com\/#organization"},"potentialAction":[{"@type":"SearchAction","target":{"@type":"EntryPoint","urlTemplate":"https:\/\/conexion23.com\/?s={search_term_string}"},"query-input":{"@type":"PropertyValueSpecification","valueRequired":true,"valueName":"search_term_string"}}],"inLanguage":"es"},{"@type":"Organization","@id":"https:\/\/conexion23.com\/#organization","name":"Conexion 23","url":"https:\/\/conexion23.com\/","logo":{"@type":"ImageObject","inLanguage":"es","@id":"https:\/\/conexion23.com\/#\/schema\/logo\/image\/","url":"https:\/\/conexion23.com\/wp-content\/uploads\/2021\/11\/Diseno-sin-titulo-2.png","contentUrl":"https:\/\/conexion23.com\/wp-content\/uploads\/2021\/11\/Diseno-sin-titulo-2.png","width":541,"height":90,"caption":"Conexion 23"},"image":{"@id":"https:\/\/conexion23.com\/#\/schema\/logo\/image\/"},"sameAs":["https:\/\/www.facebook.com\/conexion23com","https:\/\/www.instagram.com\/conexion23com\/","https:\/\/www.youtube.com\/channel\/UCYc7vxxFZMYLIHNsHHxPZ3Q"]},{"@type":"Person","@id":"https:\/\/conexion23.com\/#\/schema\/person\/03e36043331117e97a373299bbcd30a6","name":"Raffy Ben\u00edtez","image":{"@type":"ImageObject","inLanguage":"es","@id":"https:\/\/secure.gravatar.com\/avatar\/3190a6a6c5e1b0327500f7d6c56b6242472ee6cb974cf09b401ee6b3b0798f23?s=96&d=mm&r=g","url":"https:\/\/secure.gravatar.com\/avatar\/3190a6a6c5e1b0327500f7d6c56b6242472ee6cb974cf09b401ee6b3b0798f23?s=96&d=mm&r=g","contentUrl":"https:\/\/secure.gravatar.com\/avatar\/3190a6a6c5e1b0327500f7d6c56b6242472ee6cb974cf09b401ee6b3b0798f23?s=96&d=mm&r=g","caption":"Raffy Ben\u00edtez"},"url":"https:\/\/conexion23.com\/?author=15"}]}},"_links":{"self":[{"href":"https:\/\/conexion23.com\/index.php?rest_route=\/wp\/v2\/posts\/14558","targetHints":{"allow":["GET"]}}],"collection":[{"href":"https:\/\/conexion23.com\/index.php?rest_route=\/wp\/v2\/posts"}],"about":[{"href":"https:\/\/conexion23.com\/index.php?rest_route=\/wp\/v2\/types\/post"}],"author":[{"embeddable":true,"href":"https:\/\/conexion23.com\/index.php?rest_route=\/wp\/v2\/users\/15"}],"replies":[{"embeddable":true,"href":"https:\/\/conexion23.com\/index.php?rest_route=%2Fwp%2Fv2%2Fcomments&post=14558"}],"version-history":[{"count":1,"href":"https:\/\/conexion23.com\/index.php?rest_route=\/wp\/v2\/posts\/14558\/revisions"}],"predecessor-version":[{"id":14562,"href":"https:\/\/conexion23.com\/index.php?rest_route=\/wp\/v2\/posts\/14558\/revisions\/14562"}],"wp:attachment":[{"href":"https:\/\/conexion23.com\/index.php?rest_route=%2Fwp%2Fv2%2Fmedia&parent=14558"}],"wp:term":[{"taxonomy":"category","embeddable":true,"href":"https:\/\/conexion23.com\/index.php?rest_route=%2Fwp%2Fv2%2Fcategories&post=14558"},{"taxonomy":"post_tag","embeddable":true,"href":"https:\/\/conexion23.com\/index.php?rest_route=%2Fwp%2Fv2%2Ftags&post=14558"}],"curies":[{"name":"wp","href":"https:\/\/api.w.org\/{rel}","templated":true}]}}