{"id":14565,"date":"2022-12-05T15:25:18","date_gmt":"2022-12-05T19:25:18","guid":{"rendered":"https:\/\/conexion23.com\/?p=14565"},"modified":"2022-12-05T15:25:22","modified_gmt":"2022-12-05T19:25:22","slug":"familiares-no-quisieron-restos-de-amable-fueran-trasladados-al-congreso-lmd-y-al-prsc","status":"publish","type":"post","link":"https:\/\/conexion23.com\/?p=14565","title":{"rendered":"Familiares no quisieron restos de Amable fueran trasladados al Congreso, LMD y al PRSC"},"content":{"rendered":"\n<p class=\"wp-block-paragraph\">Los familiares del fenecido excongresista, Amable Aristy Castro, decidieron que su cuerpo no fuera traslado desde Hig\u00fcey para recibir honores p\u00f3stumos en el Congreso Nacional, La Liga municipal Dominicana y el Partido Reformista.<\/p>\n\n\n\n<p class=\"wp-block-paragraph\">El primer vicepredente del PRSC, Ram\u00f3n Rogelio Genao, inform\u00f3 que ante esa decisi\u00f3n familiar, el Senado de la Rep\u00fablica decidi\u00f3 suspenderla la sesi\u00f3n del martes y sus miembros acudir\u00e1n a las honras f\u00fanebres en la Bas\u00edlica de Hig\u00fcey y luego en la sepultura, en el cementerio municipal.<\/p>\n\n\n\n<p class=\"wp-block-paragraph\">\u201cEl Senado pospuso la sesi\u00f3n de ma\u00f1ana martes para el mi\u00e9rcoles, para que todos los senadores puedan participar de esas honras f\u00fanebres. Todos los senadores acudiremos a la Bas\u00edlica a expresar respeto\u201d, sostuvo Genao.<\/p>\n\n\n\n<p class=\"wp-block-paragraph\">Aristy Castro fue presidente del Senado y tambi\u00e9n fue diputado, razones por las que el protocolo establece el merecimiento honores p\u00f3stumos, de cuerpo presente, en ambas c\u00e1maras legislativas.<\/p>\n\n\n\n<p class=\"wp-block-paragraph\">Tambi\u00e9n fue secretario general de la Liga Municipal Dominicana, donde agot\u00f3 tres per\u00edodos, equivalente a 12 a\u00f1os (1998-2010).<\/p>\n\n\n\n<p class=\"wp-block-paragraph\">PRSC. Mientras que el PRSC, organizaci\u00f3n en la que Amable permaneci\u00f3 por 39 a\u00f1os y alcanz\u00f3 dos diputaciones, seis senadur\u00edas y la candidatura presidencial en las elecciones del 2008, rendir\u00e1 honores al que fue uno de sus dirigentes m\u00e1s hist\u00f3ricos.<\/p>\n\n\n\n<p class=\"wp-block-paragraph\">Genao inform\u00f3 que una comisi\u00f3n de alto nivel del PRSC participar\u00e1 de todas las honras f\u00fanebres en Hig\u00fcey.<\/p>\n\n\n\n<p class=\"wp-block-paragraph\">La comisi\u00f3n la integran, Genao, el secretario general Rafael Pspito Cruz; el secretario de organizaci\u00f3n, Ra\u00fal Mart\u00ednez, el encargado de asuntos electorales y el secretario general de la LMD, Johnny Jones.<\/p>\n\n\n\n<p class=\"wp-block-paragraph\">Tambi\u00e9n los diputados Rafaela Alburquerque, M\u00e1ximo Castro Silverio, Rogelio Alfonso Genao Lanza, Pedro Botello y otros.<\/p>\n\n\n\n<p class=\"wp-block-paragraph\">&nbsp;\u201cRendiremos honores como excandidato presidencial y principal l\u00edder hist\u00f3rico del PRSC\u201d.<\/p>\n\n\n\n<p class=\"wp-block-paragraph\"><a href=\"https:\/\/n.com.do\/2022\/12\/05\/familiares-no-quisieron-restos-de-amable-fueran-trasladados-al-congreso-lmd-y-al-prsc\/#\"><\/a><\/p>\n","protected":false},"excerpt":{"rendered":"<p>Los familiares del fenecido excongresista, Amable Aristy Castro, decidieron que su cuerpo no fuera traslado desde Hig\u00fcey para recibir honores p\u00f3stumos en el Congreso Nacional, La Liga municipal Dominicana y el Partido Reformista. El primer vicepredente del PRSC, Ram\u00f3n Rogelio Genao, inform\u00f3 que ante esa decisi\u00f3n familiar, el Senado de la Rep\u00fablica decidi\u00f3 suspenderla la [&hellip;]<\/p>\n","protected":false},"author":15,"featured_media":0,"comment_status":"open","ping_status":"open","sticky":false,"template":"","format":"standard","meta":{"footnotes":""},"categories":[2474],"tags":[],"class_list":["post-14565","post","type-post","status-publish","format-standard","category-la-altagracia"],"yoast_head":"<!-- This site is optimized with the Yoast SEO plugin v27.6 - https:\/\/yoast.com\/product\/yoast-seo-wordpress\/ -->\n<title>Familiares no quisieron restos de Amable fueran trasladados al Congreso, LMD y al PRSC - Conexi\u00f3n 23<\/title>\n<meta name=\"robots\" content=\"index, follow, max-snippet:-1, max-image-preview:large, max-video-preview:-1\" \/>\n<link rel=\"canonical\" href=\"https:\/\/conexion23.com\/?p=14565\" \/>\n<meta property=\"og:locale\" content=\"es_ES\" \/>\n<meta property=\"og:type\" content=\"article\" \/>\n<meta property=\"og:title\" content=\"Familiares no quisieron restos de Amable fueran trasladados al Congreso, LMD y al PRSC - Conexi\u00f3n 23\" \/>\n<meta property=\"og:description\" content=\"Los familiares del fenecido excongresista, Amable Aristy Castro, decidieron que su cuerpo no fuera traslado desde Hig\u00fcey para recibir honores p\u00f3stumos en el Congreso Nacional, La Liga municipal Dominicana y el Partido Reformista. El primer vicepredente del PRSC, Ram\u00f3n Rogelio Genao, inform\u00f3 que ante esa decisi\u00f3n familiar, el Senado de la Rep\u00fablica decidi\u00f3 suspenderla la [&hellip;]\" \/>\n<meta property=\"og:url\" content=\"https:\/\/conexion23.com\/?p=14565\" \/>\n<meta property=\"og:site_name\" content=\"Conexi\u00f3n 23\" \/>\n<meta property=\"article:publisher\" content=\"https:\/\/www.facebook.com\/conexion23com\" \/>\n<meta property=\"article:published_time\" content=\"2022-12-05T19:25:18+00:00\" \/>\n<meta property=\"article:modified_time\" content=\"2022-12-05T19:25:22+00:00\" \/>\n<meta name=\"author\" content=\"Raffy Ben\u00edtez\" \/>\n<meta name=\"twitter:card\" content=\"summary_large_image\" \/>\n<meta name=\"twitter:label1\" content=\"Escrito por\" \/>\n\t<meta name=\"twitter:data1\" content=\"Raffy Ben\u00edtez\" \/>\n\t<meta name=\"twitter:label2\" content=\"Tiempo de lectura\" \/>\n\t<meta name=\"twitter:data2\" content=\"2 minutos\" \/>\n<script type=\"application\/ld+json\" class=\"yoast-schema-graph\">{\"@context\":\"https:\\\/\\\/schema.org\",\"@graph\":[{\"@type\":\"Article\",\"@id\":\"https:\\\/\\\/conexion23.com\\\/?p=14565#article\",\"isPartOf\":{\"@id\":\"https:\\\/\\\/conexion23.com\\\/?p=14565\"},\"author\":{\"name\":\"Raffy Ben\u00edtez\",\"@id\":\"https:\\\/\\\/conexion23.com\\\/#\\\/schema\\\/person\\\/03e36043331117e97a373299bbcd30a6\"},\"headline\":\"Familiares no quisieron restos de Amable fueran trasladados al Congreso, LMD y al PRSC\",\"datePublished\":\"2022-12-05T19:25:18+00:00\",\"dateModified\":\"2022-12-05T19:25:22+00:00\",\"mainEntityOfPage\":{\"@id\":\"https:\\\/\\\/conexion23.com\\\/?p=14565\"},\"wordCount\":325,\"commentCount\":0,\"publisher\":{\"@id\":\"https:\\\/\\\/conexion23.com\\\/#organization\"},\"articleSection\":[\"La Altagracia\"],\"inLanguage\":\"es\",\"potentialAction\":[{\"@type\":\"CommentAction\",\"name\":\"Comment\",\"target\":[\"https:\\\/\\\/conexion23.com\\\/?p=14565#respond\"]}]},{\"@type\":\"WebPage\",\"@id\":\"https:\\\/\\\/conexion23.com\\\/?p=14565\",\"url\":\"https:\\\/\\\/conexion23.com\\\/?p=14565\",\"name\":\"Familiares no quisieron restos de Amable fueran trasladados al Congreso, LMD y al PRSC - Conexi\u00f3n 23\",\"isPartOf\":{\"@id\":\"https:\\\/\\\/conexion23.com\\\/#website\"},\"datePublished\":\"2022-12-05T19:25:18+00:00\",\"dateModified\":\"2022-12-05T19:25:22+00:00\",\"breadcrumb\":{\"@id\":\"https:\\\/\\\/conexion23.com\\\/?p=14565#breadcrumb\"},\"inLanguage\":\"es\",\"potentialAction\":[{\"@type\":\"ReadAction\",\"target\":[\"https:\\\/\\\/conexion23.com\\\/?p=14565\"]}]},{\"@type\":\"BreadcrumbList\",\"@id\":\"https:\\\/\\\/conexion23.com\\\/?p=14565#breadcrumb\",\"itemListElement\":[{\"@type\":\"ListItem\",\"position\":1,\"name\":\"Portada\",\"item\":\"https:\\\/\\\/conexion23.com\\\/\"},{\"@type\":\"ListItem\",\"position\":2,\"name\":\"Familiares no quisieron restos de Amable fueran trasladados al Congreso, LMD y al PRSC\"}]},{\"@type\":\"WebSite\",\"@id\":\"https:\\\/\\\/conexion23.com\\\/#website\",\"url\":\"https:\\\/\\\/conexion23.com\\\/\",\"name\":\"Conexi\u00f3n 23\",\"description\":\"Peri\u00f3dico 100% Petromacorisano\",\"publisher\":{\"@id\":\"https:\\\/\\\/conexion23.com\\\/#organization\"},\"potentialAction\":[{\"@type\":\"SearchAction\",\"target\":{\"@type\":\"EntryPoint\",\"urlTemplate\":\"https:\\\/\\\/conexion23.com\\\/?s={search_term_string}\"},\"query-input\":{\"@type\":\"PropertyValueSpecification\",\"valueRequired\":true,\"valueName\":\"search_term_string\"}}],\"inLanguage\":\"es\"},{\"@type\":\"Organization\",\"@id\":\"https:\\\/\\\/conexion23.com\\\/#organization\",\"name\":\"Conexion 23\",\"url\":\"https:\\\/\\\/conexion23.com\\\/\",\"logo\":{\"@type\":\"ImageObject\",\"inLanguage\":\"es\",\"@id\":\"https:\\\/\\\/conexion23.com\\\/#\\\/schema\\\/logo\\\/image\\\/\",\"url\":\"https:\\\/\\\/conexion23.com\\\/wp-content\\\/uploads\\\/2021\\\/11\\\/Diseno-sin-titulo-2.png\",\"contentUrl\":\"https:\\\/\\\/conexion23.com\\\/wp-content\\\/uploads\\\/2021\\\/11\\\/Diseno-sin-titulo-2.png\",\"width\":541,\"height\":90,\"caption\":\"Conexion 23\"},\"image\":{\"@id\":\"https:\\\/\\\/conexion23.com\\\/#\\\/schema\\\/logo\\\/image\\\/\"},\"sameAs\":[\"https:\\\/\\\/www.facebook.com\\\/conexion23com\",\"https:\\\/\\\/www.instagram.com\\\/conexion23com\\\/\",\"https:\\\/\\\/www.youtube.com\\\/channel\\\/UCYc7vxxFZMYLIHNsHHxPZ3Q\"]},{\"@type\":\"Person\",\"@id\":\"https:\\\/\\\/conexion23.com\\\/#\\\/schema\\\/person\\\/03e36043331117e97a373299bbcd30a6\",\"name\":\"Raffy Ben\u00edtez\",\"image\":{\"@type\":\"ImageObject\",\"inLanguage\":\"es\",\"@id\":\"https:\\\/\\\/secure.gravatar.com\\\/avatar\\\/3190a6a6c5e1b0327500f7d6c56b6242472ee6cb974cf09b401ee6b3b0798f23?s=96&d=mm&r=g\",\"url\":\"https:\\\/\\\/secure.gravatar.com\\\/avatar\\\/3190a6a6c5e1b0327500f7d6c56b6242472ee6cb974cf09b401ee6b3b0798f23?s=96&d=mm&r=g\",\"contentUrl\":\"https:\\\/\\\/secure.gravatar.com\\\/avatar\\\/3190a6a6c5e1b0327500f7d6c56b6242472ee6cb974cf09b401ee6b3b0798f23?s=96&d=mm&r=g\",\"caption\":\"Raffy Ben\u00edtez\"},\"url\":\"https:\\\/\\\/conexion23.com\\\/?author=15\"}]}<\/script>\n<!-- \/ Yoast SEO plugin. -->","yoast_head_json":{"title":"Familiares no quisieron restos de Amable fueran trasladados al Congreso, LMD y al PRSC - Conexi\u00f3n 23","robots":{"index":"index","follow":"follow","max-snippet":"max-snippet:-1","max-image-preview":"max-image-preview:large","max-video-preview":"max-video-preview:-1"},"canonical":"https:\/\/conexion23.com\/?p=14565","og_locale":"es_ES","og_type":"article","og_title":"Familiares no quisieron restos de Amable fueran trasladados al Congreso, LMD y al PRSC - Conexi\u00f3n 23","og_description":"Los familiares del fenecido excongresista, Amable Aristy Castro, decidieron que su cuerpo no fuera traslado desde Hig\u00fcey para recibir honores p\u00f3stumos en el Congreso Nacional, La Liga municipal Dominicana y el Partido Reformista. El primer vicepredente del PRSC, Ram\u00f3n Rogelio Genao, inform\u00f3 que ante esa decisi\u00f3n familiar, el Senado de la Rep\u00fablica decidi\u00f3 suspenderla la [&hellip;]","og_url":"https:\/\/conexion23.com\/?p=14565","og_site_name":"Conexi\u00f3n 23","article_publisher":"https:\/\/www.facebook.com\/conexion23com","article_published_time":"2022-12-05T19:25:18+00:00","article_modified_time":"2022-12-05T19:25:22+00:00","author":"Raffy Ben\u00edtez","twitter_card":"summary_large_image","twitter_misc":{"Escrito por":"Raffy Ben\u00edtez","Tiempo de lectura":"2 minutos"},"schema":{"@context":"https:\/\/schema.org","@graph":[{"@type":"Article","@id":"https:\/\/conexion23.com\/?p=14565#article","isPartOf":{"@id":"https:\/\/conexion23.com\/?p=14565"},"author":{"name":"Raffy Ben\u00edtez","@id":"https:\/\/conexion23.com\/#\/schema\/person\/03e36043331117e97a373299bbcd30a6"},"headline":"Familiares no quisieron restos de Amable fueran trasladados al Congreso, LMD y al PRSC","datePublished":"2022-12-05T19:25:18+00:00","dateModified":"2022-12-05T19:25:22+00:00","mainEntityOfPage":{"@id":"https:\/\/conexion23.com\/?p=14565"},"wordCount":325,"commentCount":0,"publisher":{"@id":"https:\/\/conexion23.com\/#organization"},"articleSection":["La Altagracia"],"inLanguage":"es","potentialAction":[{"@type":"CommentAction","name":"Comment","target":["https:\/\/conexion23.com\/?p=14565#respond"]}]},{"@type":"WebPage","@id":"https:\/\/conexion23.com\/?p=14565","url":"https:\/\/conexion23.com\/?p=14565","name":"Familiares no quisieron restos de Amable fueran trasladados al Congreso, LMD y al PRSC - Conexi\u00f3n 23","isPartOf":{"@id":"https:\/\/conexion23.com\/#website"},"datePublished":"2022-12-05T19:25:18+00:00","dateModified":"2022-12-05T19:25:22+00:00","breadcrumb":{"@id":"https:\/\/conexion23.com\/?p=14565#breadcrumb"},"inLanguage":"es","potentialAction":[{"@type":"ReadAction","target":["https:\/\/conexion23.com\/?p=14565"]}]},{"@type":"BreadcrumbList","@id":"https:\/\/conexion23.com\/?p=14565#breadcrumb","itemListElement":[{"@type":"ListItem","position":1,"name":"Portada","item":"https:\/\/conexion23.com\/"},{"@type":"ListItem","position":2,"name":"Familiares no quisieron restos de Amable fueran trasladados al Congreso, LMD y al PRSC"}]},{"@type":"WebSite","@id":"https:\/\/conexion23.com\/#website","url":"https:\/\/conexion23.com\/","name":"Conexi\u00f3n 23","description":"Peri\u00f3dico 100% Petromacorisano","publisher":{"@id":"https:\/\/conexion23.com\/#organization"},"potentialAction":[{"@type":"SearchAction","target":{"@type":"EntryPoint","urlTemplate":"https:\/\/conexion23.com\/?s={search_term_string}"},"query-input":{"@type":"PropertyValueSpecification","valueRequired":true,"valueName":"search_term_string"}}],"inLanguage":"es"},{"@type":"Organization","@id":"https:\/\/conexion23.com\/#organization","name":"Conexion 23","url":"https:\/\/conexion23.com\/","logo":{"@type":"ImageObject","inLanguage":"es","@id":"https:\/\/conexion23.com\/#\/schema\/logo\/image\/","url":"https:\/\/conexion23.com\/wp-content\/uploads\/2021\/11\/Diseno-sin-titulo-2.png","contentUrl":"https:\/\/conexion23.com\/wp-content\/uploads\/2021\/11\/Diseno-sin-titulo-2.png","width":541,"height":90,"caption":"Conexion 23"},"image":{"@id":"https:\/\/conexion23.com\/#\/schema\/logo\/image\/"},"sameAs":["https:\/\/www.facebook.com\/conexion23com","https:\/\/www.instagram.com\/conexion23com\/","https:\/\/www.youtube.com\/channel\/UCYc7vxxFZMYLIHNsHHxPZ3Q"]},{"@type":"Person","@id":"https:\/\/conexion23.com\/#\/schema\/person\/03e36043331117e97a373299bbcd30a6","name":"Raffy Ben\u00edtez","image":{"@type":"ImageObject","inLanguage":"es","@id":"https:\/\/secure.gravatar.com\/avatar\/3190a6a6c5e1b0327500f7d6c56b6242472ee6cb974cf09b401ee6b3b0798f23?s=96&d=mm&r=g","url":"https:\/\/secure.gravatar.com\/avatar\/3190a6a6c5e1b0327500f7d6c56b6242472ee6cb974cf09b401ee6b3b0798f23?s=96&d=mm&r=g","contentUrl":"https:\/\/secure.gravatar.com\/avatar\/3190a6a6c5e1b0327500f7d6c56b6242472ee6cb974cf09b401ee6b3b0798f23?s=96&d=mm&r=g","caption":"Raffy Ben\u00edtez"},"url":"https:\/\/conexion23.com\/?author=15"}]}},"_links":{"self":[{"href":"https:\/\/conexion23.com\/index.php?rest_route=\/wp\/v2\/posts\/14565","targetHints":{"allow":["GET"]}}],"collection":[{"href":"https:\/\/conexion23.com\/index.php?rest_route=\/wp\/v2\/posts"}],"about":[{"href":"https:\/\/conexion23.com\/index.php?rest_route=\/wp\/v2\/types\/post"}],"author":[{"embeddable":true,"href":"https:\/\/conexion23.com\/index.php?rest_route=\/wp\/v2\/users\/15"}],"replies":[{"embeddable":true,"href":"https:\/\/conexion23.com\/index.php?rest_route=%2Fwp%2Fv2%2Fcomments&post=14565"}],"version-history":[{"count":1,"href":"https:\/\/conexion23.com\/index.php?rest_route=\/wp\/v2\/posts\/14565\/revisions"}],"predecessor-version":[{"id":14567,"href":"https:\/\/conexion23.com\/index.php?rest_route=\/wp\/v2\/posts\/14565\/revisions\/14567"}],"wp:attachment":[{"href":"https:\/\/conexion23.com\/index.php?rest_route=%2Fwp%2Fv2%2Fmedia&parent=14565"}],"wp:term":[{"taxonomy":"category","embeddable":true,"href":"https:\/\/conexion23.com\/index.php?rest_route=%2Fwp%2Fv2%2Fcategories&post=14565"},{"taxonomy":"post_tag","embeddable":true,"href":"https:\/\/conexion23.com\/index.php?rest_route=%2Fwp%2Fv2%2Ftags&post=14565"}],"curies":[{"name":"wp","href":"https:\/\/api.w.org\/{rel}","templated":true}]}}