{"id":14569,"date":"2022-12-05T18:45:53","date_gmt":"2022-12-05T22:45:53","guid":{"rendered":"https:\/\/conexion23.com\/?p=14569"},"modified":"2022-12-05T18:47:18","modified_gmt":"2022-12-05T22:47:18","slug":"con-romo-y-pistolas-en-ataud-velan-restos-de-joven-abatido-por-la-policia-en-santiago","status":"publish","type":"post","link":"https:\/\/conexion23.com\/?p=14569","title":{"rendered":"Con romo y pistolas en ata\u00fad velan restos de joven abatido por la polic\u00eda en Santiago"},"content":{"rendered":"\n<p class=\"wp-block-paragraph\">El cuerpo de un joven de 26 a\u00f1os, muerto a tiros por agentes de la Polic\u00eda Nacional en un supuesto \u201cintercambio de disparos\u201d, son velados exhibiendo varias armas de fuego y bebidas alcoh\u00f3licas en su ata\u00fad, en donde tambi\u00e9n se observan dos pistolas y un rev\u00f3lver, mientras se escucha m\u00fasica de fondo.<\/p>\n\n\n\n<p class=\"wp-block-paragraph\">La uniformada se\u00f1ala que, al notar la presencia policial, Almonte Mart\u00ednez la emprendi\u00f3 a tiros contra los miembros de la patrulla, raz\u00f3n por la cual repelieron la agresi\u00f3n, el presunto delincuente fue llevado al hospital perif\u00e9rico de Cienfuegos, donde una multitud se present\u00f3 para llevarse el cuerpo.&nbsp;<\/p>\n\n\n\n<p class=\"wp-block-paragraph\">El informe dice que al occiso le ocuparon una pistola con la que supuestamente enfrent\u00f3 a los agentes.&nbsp;<\/p>\n\n\n\n<p class=\"wp-block-paragraph\">La instituci\u00f3n dice que el occiso era activamente buscado mediante orden de arresto por tentativa de homicidio en perjuicio de Erminio Alexander Rodr\u00edguez y por la muerte de Wandy de Jes\u00fas Rodr\u00edguez Matos en compa\u00f1\u00eda de otra persona.<\/p>\n\n\n\n<figure class=\"wp-block-image size-full\"><img decoding=\"async\" src=\"https:\/\/conexion23.com\/wp-content\/uploads\/2022\/12\/WhatsApp-Image-2022-12-05-at-6.40.17-PM-1.jpeg\" alt=\"\" class=\"wp-image-14572\"\/><\/figure>\n","protected":false},"excerpt":{"rendered":"<p>El cuerpo de un joven de 26 a\u00f1os, muerto a tiros por agentes de la Polic\u00eda Nacional en un supuesto \u201cintercambio de disparos\u201d, son velados exhibiendo varias armas de fuego y bebidas alcoh\u00f3licas en su ata\u00fad, en donde tambi\u00e9n se observan dos pistolas y un rev\u00f3lver, mientras se escucha m\u00fasica de fondo. La uniformada se\u00f1ala [&hellip;]<\/p>\n","protected":false},"author":15,"featured_media":0,"comment_status":"open","ping_status":"open","sticky":false,"template":"","format":"standard","meta":{"footnotes":""},"categories":[1],"tags":[],"class_list":["post-14569","post","type-post","status-publish","format-standard","category-uncategorized"],"yoast_head":"<!-- This site is optimized with the Yoast SEO plugin v27.6 - https:\/\/yoast.com\/product\/yoast-seo-wordpress\/ -->\n<title>Con romo y pistolas en ata\u00fad velan restos de joven abatido por la polic\u00eda en Santiago - Conexi\u00f3n 23<\/title>\n<meta name=\"robots\" content=\"index, follow, max-snippet:-1, max-image-preview:large, max-video-preview:-1\" \/>\n<link rel=\"canonical\" href=\"https:\/\/conexion23.com\/?p=14569\" \/>\n<meta property=\"og:locale\" content=\"es_ES\" \/>\n<meta property=\"og:type\" content=\"article\" \/>\n<meta property=\"og:title\" content=\"Con romo y pistolas en ata\u00fad velan restos de joven abatido por la polic\u00eda en Santiago - Conexi\u00f3n 23\" \/>\n<meta property=\"og:description\" content=\"El cuerpo de un joven de 26 a\u00f1os, muerto a tiros por agentes de la Polic\u00eda Nacional en un supuesto \u201cintercambio de disparos\u201d, son velados exhibiendo varias armas de fuego y bebidas alcoh\u00f3licas en su ata\u00fad, en donde tambi\u00e9n se observan dos pistolas y un rev\u00f3lver, mientras se escucha m\u00fasica de fondo. La uniformada se\u00f1ala [&hellip;]\" \/>\n<meta property=\"og:url\" content=\"https:\/\/conexion23.com\/?p=14569\" \/>\n<meta property=\"og:site_name\" content=\"Conexi\u00f3n 23\" \/>\n<meta property=\"article:publisher\" content=\"https:\/\/www.facebook.com\/conexion23com\" \/>\n<meta property=\"article:published_time\" content=\"2022-12-05T22:45:53+00:00\" \/>\n<meta property=\"article:modified_time\" content=\"2022-12-05T22:47:18+00:00\" \/>\n<meta property=\"og:image\" content=\"https:\/\/conexion23.com\/wp-content\/uploads\/2022\/12\/WhatsApp-Image-2022-12-05-at-6.40.17-PM-1.jpeg\" \/>\n<meta name=\"author\" content=\"Raffy Ben\u00edtez\" \/>\n<meta name=\"twitter:card\" content=\"summary_large_image\" \/>\n<meta name=\"twitter:label1\" content=\"Escrito por\" \/>\n\t<meta name=\"twitter:data1\" content=\"Raffy Ben\u00edtez\" \/>\n\t<meta name=\"twitter:label2\" content=\"Tiempo de lectura\" \/>\n\t<meta name=\"twitter:data2\" content=\"1 minuto\" \/>\n<script type=\"application\/ld+json\" class=\"yoast-schema-graph\">{\"@context\":\"https:\\\/\\\/schema.org\",\"@graph\":[{\"@type\":\"Article\",\"@id\":\"https:\\\/\\\/conexion23.com\\\/?p=14569#article\",\"isPartOf\":{\"@id\":\"https:\\\/\\\/conexion23.com\\\/?p=14569\"},\"author\":{\"name\":\"Raffy Ben\u00edtez\",\"@id\":\"https:\\\/\\\/conexion23.com\\\/#\\\/schema\\\/person\\\/03e36043331117e97a373299bbcd30a6\"},\"headline\":\"Con romo y pistolas en ata\u00fad velan restos de joven abatido por la polic\u00eda en Santiago\",\"datePublished\":\"2022-12-05T22:45:53+00:00\",\"dateModified\":\"2022-12-05T22:47:18+00:00\",\"mainEntityOfPage\":{\"@id\":\"https:\\\/\\\/conexion23.com\\\/?p=14569\"},\"wordCount\":191,\"commentCount\":0,\"publisher\":{\"@id\":\"https:\\\/\\\/conexion23.com\\\/#organization\"},\"image\":{\"@id\":\"https:\\\/\\\/conexion23.com\\\/?p=14569#primaryimage\"},\"thumbnailUrl\":\"https:\\\/\\\/conexion23.com\\\/wp-content\\\/uploads\\\/2022\\\/12\\\/WhatsApp-Image-2022-12-05-at-6.40.17-PM-1.jpeg\",\"articleSection\":[\"Uncategorized\"],\"inLanguage\":\"es\",\"potentialAction\":[{\"@type\":\"CommentAction\",\"name\":\"Comment\",\"target\":[\"https:\\\/\\\/conexion23.com\\\/?p=14569#respond\"]}]},{\"@type\":\"WebPage\",\"@id\":\"https:\\\/\\\/conexion23.com\\\/?p=14569\",\"url\":\"https:\\\/\\\/conexion23.com\\\/?p=14569\",\"name\":\"Con romo y pistolas en ata\u00fad velan restos de joven abatido por la polic\u00eda en Santiago - Conexi\u00f3n 23\",\"isPartOf\":{\"@id\":\"https:\\\/\\\/conexion23.com\\\/#website\"},\"primaryImageOfPage\":{\"@id\":\"https:\\\/\\\/conexion23.com\\\/?p=14569#primaryimage\"},\"image\":{\"@id\":\"https:\\\/\\\/conexion23.com\\\/?p=14569#primaryimage\"},\"thumbnailUrl\":\"https:\\\/\\\/conexion23.com\\\/wp-content\\\/uploads\\\/2022\\\/12\\\/WhatsApp-Image-2022-12-05-at-6.40.17-PM-1.jpeg\",\"datePublished\":\"2022-12-05T22:45:53+00:00\",\"dateModified\":\"2022-12-05T22:47:18+00:00\",\"breadcrumb\":{\"@id\":\"https:\\\/\\\/conexion23.com\\\/?p=14569#breadcrumb\"},\"inLanguage\":\"es\",\"potentialAction\":[{\"@type\":\"ReadAction\",\"target\":[\"https:\\\/\\\/conexion23.com\\\/?p=14569\"]}]},{\"@type\":\"ImageObject\",\"inLanguage\":\"es\",\"@id\":\"https:\\\/\\\/conexion23.com\\\/?p=14569#primaryimage\",\"url\":\"\",\"contentUrl\":\"\"},{\"@type\":\"BreadcrumbList\",\"@id\":\"https:\\\/\\\/conexion23.com\\\/?p=14569#breadcrumb\",\"itemListElement\":[{\"@type\":\"ListItem\",\"position\":1,\"name\":\"Portada\",\"item\":\"https:\\\/\\\/conexion23.com\\\/\"},{\"@type\":\"ListItem\",\"position\":2,\"name\":\"Con romo y pistolas en ata\u00fad velan restos de joven abatido por la polic\u00eda en Santiago\"}]},{\"@type\":\"WebSite\",\"@id\":\"https:\\\/\\\/conexion23.com\\\/#website\",\"url\":\"https:\\\/\\\/conexion23.com\\\/\",\"name\":\"Conexi\u00f3n 23\",\"description\":\"Peri\u00f3dico 100% Petromacorisano\",\"publisher\":{\"@id\":\"https:\\\/\\\/conexion23.com\\\/#organization\"},\"potentialAction\":[{\"@type\":\"SearchAction\",\"target\":{\"@type\":\"EntryPoint\",\"urlTemplate\":\"https:\\\/\\\/conexion23.com\\\/?s={search_term_string}\"},\"query-input\":{\"@type\":\"PropertyValueSpecification\",\"valueRequired\":true,\"valueName\":\"search_term_string\"}}],\"inLanguage\":\"es\"},{\"@type\":\"Organization\",\"@id\":\"https:\\\/\\\/conexion23.com\\\/#organization\",\"name\":\"Conexion 23\",\"url\":\"https:\\\/\\\/conexion23.com\\\/\",\"logo\":{\"@type\":\"ImageObject\",\"inLanguage\":\"es\",\"@id\":\"https:\\\/\\\/conexion23.com\\\/#\\\/schema\\\/logo\\\/image\\\/\",\"url\":\"https:\\\/\\\/conexion23.com\\\/wp-content\\\/uploads\\\/2021\\\/11\\\/Diseno-sin-titulo-2.png\",\"contentUrl\":\"https:\\\/\\\/conexion23.com\\\/wp-content\\\/uploads\\\/2021\\\/11\\\/Diseno-sin-titulo-2.png\",\"width\":541,\"height\":90,\"caption\":\"Conexion 23\"},\"image\":{\"@id\":\"https:\\\/\\\/conexion23.com\\\/#\\\/schema\\\/logo\\\/image\\\/\"},\"sameAs\":[\"https:\\\/\\\/www.facebook.com\\\/conexion23com\",\"https:\\\/\\\/www.instagram.com\\\/conexion23com\\\/\",\"https:\\\/\\\/www.youtube.com\\\/channel\\\/UCYc7vxxFZMYLIHNsHHxPZ3Q\"]},{\"@type\":\"Person\",\"@id\":\"https:\\\/\\\/conexion23.com\\\/#\\\/schema\\\/person\\\/03e36043331117e97a373299bbcd30a6\",\"name\":\"Raffy Ben\u00edtez\",\"image\":{\"@type\":\"ImageObject\",\"inLanguage\":\"es\",\"@id\":\"https:\\\/\\\/secure.gravatar.com\\\/avatar\\\/3190a6a6c5e1b0327500f7d6c56b6242472ee6cb974cf09b401ee6b3b0798f23?s=96&d=mm&r=g\",\"url\":\"https:\\\/\\\/secure.gravatar.com\\\/avatar\\\/3190a6a6c5e1b0327500f7d6c56b6242472ee6cb974cf09b401ee6b3b0798f23?s=96&d=mm&r=g\",\"contentUrl\":\"https:\\\/\\\/secure.gravatar.com\\\/avatar\\\/3190a6a6c5e1b0327500f7d6c56b6242472ee6cb974cf09b401ee6b3b0798f23?s=96&d=mm&r=g\",\"caption\":\"Raffy Ben\u00edtez\"},\"url\":\"https:\\\/\\\/conexion23.com\\\/?author=15\"}]}<\/script>\n<!-- \/ Yoast SEO plugin. -->","yoast_head_json":{"title":"Con romo y pistolas en ata\u00fad velan restos de joven abatido por la polic\u00eda en Santiago - Conexi\u00f3n 23","robots":{"index":"index","follow":"follow","max-snippet":"max-snippet:-1","max-image-preview":"max-image-preview:large","max-video-preview":"max-video-preview:-1"},"canonical":"https:\/\/conexion23.com\/?p=14569","og_locale":"es_ES","og_type":"article","og_title":"Con romo y pistolas en ata\u00fad velan restos de joven abatido por la polic\u00eda en Santiago - Conexi\u00f3n 23","og_description":"El cuerpo de un joven de 26 a\u00f1os, muerto a tiros por agentes de la Polic\u00eda Nacional en un supuesto \u201cintercambio de disparos\u201d, son velados exhibiendo varias armas de fuego y bebidas alcoh\u00f3licas en su ata\u00fad, en donde tambi\u00e9n se observan dos pistolas y un rev\u00f3lver, mientras se escucha m\u00fasica de fondo. La uniformada se\u00f1ala [&hellip;]","og_url":"https:\/\/conexion23.com\/?p=14569","og_site_name":"Conexi\u00f3n 23","article_publisher":"https:\/\/www.facebook.com\/conexion23com","article_published_time":"2022-12-05T22:45:53+00:00","article_modified_time":"2022-12-05T22:47:18+00:00","og_image":[{"url":"https:\/\/conexion23.com\/wp-content\/uploads\/2022\/12\/WhatsApp-Image-2022-12-05-at-6.40.17-PM-1.jpeg","type":"","width":"","height":""}],"author":"Raffy Ben\u00edtez","twitter_card":"summary_large_image","twitter_misc":{"Escrito por":"Raffy Ben\u00edtez","Tiempo de lectura":"1 minuto"},"schema":{"@context":"https:\/\/schema.org","@graph":[{"@type":"Article","@id":"https:\/\/conexion23.com\/?p=14569#article","isPartOf":{"@id":"https:\/\/conexion23.com\/?p=14569"},"author":{"name":"Raffy Ben\u00edtez","@id":"https:\/\/conexion23.com\/#\/schema\/person\/03e36043331117e97a373299bbcd30a6"},"headline":"Con romo y pistolas en ata\u00fad velan restos de joven abatido por la polic\u00eda en Santiago","datePublished":"2022-12-05T22:45:53+00:00","dateModified":"2022-12-05T22:47:18+00:00","mainEntityOfPage":{"@id":"https:\/\/conexion23.com\/?p=14569"},"wordCount":191,"commentCount":0,"publisher":{"@id":"https:\/\/conexion23.com\/#organization"},"image":{"@id":"https:\/\/conexion23.com\/?p=14569#primaryimage"},"thumbnailUrl":"https:\/\/conexion23.com\/wp-content\/uploads\/2022\/12\/WhatsApp-Image-2022-12-05-at-6.40.17-PM-1.jpeg","articleSection":["Uncategorized"],"inLanguage":"es","potentialAction":[{"@type":"CommentAction","name":"Comment","target":["https:\/\/conexion23.com\/?p=14569#respond"]}]},{"@type":"WebPage","@id":"https:\/\/conexion23.com\/?p=14569","url":"https:\/\/conexion23.com\/?p=14569","name":"Con romo y pistolas en ata\u00fad velan restos de joven abatido por la polic\u00eda en Santiago - Conexi\u00f3n 23","isPartOf":{"@id":"https:\/\/conexion23.com\/#website"},"primaryImageOfPage":{"@id":"https:\/\/conexion23.com\/?p=14569#primaryimage"},"image":{"@id":"https:\/\/conexion23.com\/?p=14569#primaryimage"},"thumbnailUrl":"https:\/\/conexion23.com\/wp-content\/uploads\/2022\/12\/WhatsApp-Image-2022-12-05-at-6.40.17-PM-1.jpeg","datePublished":"2022-12-05T22:45:53+00:00","dateModified":"2022-12-05T22:47:18+00:00","breadcrumb":{"@id":"https:\/\/conexion23.com\/?p=14569#breadcrumb"},"inLanguage":"es","potentialAction":[{"@type":"ReadAction","target":["https:\/\/conexion23.com\/?p=14569"]}]},{"@type":"ImageObject","inLanguage":"es","@id":"https:\/\/conexion23.com\/?p=14569#primaryimage","url":"","contentUrl":""},{"@type":"BreadcrumbList","@id":"https:\/\/conexion23.com\/?p=14569#breadcrumb","itemListElement":[{"@type":"ListItem","position":1,"name":"Portada","item":"https:\/\/conexion23.com\/"},{"@type":"ListItem","position":2,"name":"Con romo y pistolas en ata\u00fad velan restos de joven abatido por la polic\u00eda en Santiago"}]},{"@type":"WebSite","@id":"https:\/\/conexion23.com\/#website","url":"https:\/\/conexion23.com\/","name":"Conexi\u00f3n 23","description":"Peri\u00f3dico 100% Petromacorisano","publisher":{"@id":"https:\/\/conexion23.com\/#organization"},"potentialAction":[{"@type":"SearchAction","target":{"@type":"EntryPoint","urlTemplate":"https:\/\/conexion23.com\/?s={search_term_string}"},"query-input":{"@type":"PropertyValueSpecification","valueRequired":true,"valueName":"search_term_string"}}],"inLanguage":"es"},{"@type":"Organization","@id":"https:\/\/conexion23.com\/#organization","name":"Conexion 23","url":"https:\/\/conexion23.com\/","logo":{"@type":"ImageObject","inLanguage":"es","@id":"https:\/\/conexion23.com\/#\/schema\/logo\/image\/","url":"https:\/\/conexion23.com\/wp-content\/uploads\/2021\/11\/Diseno-sin-titulo-2.png","contentUrl":"https:\/\/conexion23.com\/wp-content\/uploads\/2021\/11\/Diseno-sin-titulo-2.png","width":541,"height":90,"caption":"Conexion 23"},"image":{"@id":"https:\/\/conexion23.com\/#\/schema\/logo\/image\/"},"sameAs":["https:\/\/www.facebook.com\/conexion23com","https:\/\/www.instagram.com\/conexion23com\/","https:\/\/www.youtube.com\/channel\/UCYc7vxxFZMYLIHNsHHxPZ3Q"]},{"@type":"Person","@id":"https:\/\/conexion23.com\/#\/schema\/person\/03e36043331117e97a373299bbcd30a6","name":"Raffy Ben\u00edtez","image":{"@type":"ImageObject","inLanguage":"es","@id":"https:\/\/secure.gravatar.com\/avatar\/3190a6a6c5e1b0327500f7d6c56b6242472ee6cb974cf09b401ee6b3b0798f23?s=96&d=mm&r=g","url":"https:\/\/secure.gravatar.com\/avatar\/3190a6a6c5e1b0327500f7d6c56b6242472ee6cb974cf09b401ee6b3b0798f23?s=96&d=mm&r=g","contentUrl":"https:\/\/secure.gravatar.com\/avatar\/3190a6a6c5e1b0327500f7d6c56b6242472ee6cb974cf09b401ee6b3b0798f23?s=96&d=mm&r=g","caption":"Raffy Ben\u00edtez"},"url":"https:\/\/conexion23.com\/?author=15"}]}},"_links":{"self":[{"href":"https:\/\/conexion23.com\/index.php?rest_route=\/wp\/v2\/posts\/14569","targetHints":{"allow":["GET"]}}],"collection":[{"href":"https:\/\/conexion23.com\/index.php?rest_route=\/wp\/v2\/posts"}],"about":[{"href":"https:\/\/conexion23.com\/index.php?rest_route=\/wp\/v2\/types\/post"}],"author":[{"embeddable":true,"href":"https:\/\/conexion23.com\/index.php?rest_route=\/wp\/v2\/users\/15"}],"replies":[{"embeddable":true,"href":"https:\/\/conexion23.com\/index.php?rest_route=%2Fwp%2Fv2%2Fcomments&post=14569"}],"version-history":[{"count":2,"href":"https:\/\/conexion23.com\/index.php?rest_route=\/wp\/v2\/posts\/14569\/revisions"}],"predecessor-version":[{"id":14575,"href":"https:\/\/conexion23.com\/index.php?rest_route=\/wp\/v2\/posts\/14569\/revisions\/14575"}],"wp:attachment":[{"href":"https:\/\/conexion23.com\/index.php?rest_route=%2Fwp%2Fv2%2Fmedia&parent=14569"}],"wp:term":[{"taxonomy":"category","embeddable":true,"href":"https:\/\/conexion23.com\/index.php?rest_route=%2Fwp%2Fv2%2Fcategories&post=14569"},{"taxonomy":"post_tag","embeddable":true,"href":"https:\/\/conexion23.com\/index.php?rest_route=%2Fwp%2Fv2%2Ftags&post=14569"}],"curies":[{"name":"wp","href":"https:\/\/api.w.org\/{rel}","templated":true}]}}