{"id":14623,"date":"2022-12-06T14:51:39","date_gmt":"2022-12-06T18:51:39","guid":{"rendered":"https:\/\/conexion23.com\/?p=14623"},"modified":"2022-12-06T14:51:43","modified_gmt":"2022-12-06T18:51:43","slug":"en-san-pedro-de-macoris-aumentan-presencia-de-agentes-en-areas-comercial-y-residencial","status":"publish","type":"post","link":"https:\/\/conexion23.com\/?p=14623","title":{"rendered":"En San Pedro de Macor\u00eds aumentan presencia de agentes en \u00e1reas comercial y residencial."},"content":{"rendered":"\n<p class=\"wp-block-paragraph\">San Pedro de Macoris.<br>Una mayor cantidad de miembros de la Polic\u00eda Nacional se observan en distintas \u00e1reas comerciales de esta ciudad, luego de una serie de reclamos por parte de la ciudadan\u00eda por el incremento de los actos delictivos<\/p>\n\n\n\n<p class=\"wp-block-paragraph\">La presencia de los agentes es saludada por propietarios de establecimientos comerciales y la ciudadan\u00eda que hab\u00edan mostrado su preocupaci\u00f3n por los atracos ocurridos en d\u00edas pasados en distintos sectores de la ciudad.<\/p>\n\n\n\n<p class=\"wp-block-paragraph\">En calles como la Mauricio B\u00e1ez, Independencia, Francisco Alberto Caama\u00f1o, Rafael Deligne, S\u00e1nchez, Luis Amiama Tio, 27 de Febrero, Mella y otras donde se encuentran importantes centros comerciales es notoria la presencia de agentes, adem\u00e1s del patrullaje en camionetas y motocicletas.<\/p>\n\n\n\n<p class=\"wp-block-paragraph\">\u00b4\u00b4Es importante ver la presencia de la Polic\u00eda, eso da mayor seguridad a uno como comerciante y a los clientes que vienen aqu\u00ed a comprar y m\u00e1s que ya en los pr\u00f3ximos d\u00edas comienzan a entregar la regal\u00eda pascual y la gente tiene m\u00e1s dinero para comprar\u00b4\u00b4, sostuvo Gabriel Reyes, propietario de un centro comercial de la calle Francisco Alberto Caama\u00f1o de esta ciudad.<\/p>\n","protected":false},"excerpt":{"rendered":"<p>San Pedro de Macoris.Una mayor cantidad de miembros de la Polic\u00eda Nacional se observan en distintas \u00e1reas comerciales de esta ciudad, luego de una serie de reclamos por parte de la ciudadan\u00eda por el incremento de los actos delictivos La presencia de los agentes es saludada por propietarios de establecimientos comerciales y la ciudadan\u00eda que [&hellip;]<\/p>\n","protected":false},"author":15,"featured_media":0,"comment_status":"open","ping_status":"open","sticky":false,"template":"","format":"standard","meta":{"footnotes":""},"categories":[35],"tags":[],"class_list":["post-14623","post","type-post","status-publish","format-standard","category-spm"],"yoast_head":"<!-- This site is optimized with the Yoast SEO plugin v27.6 - https:\/\/yoast.com\/product\/yoast-seo-wordpress\/ -->\n<title>En San Pedro de Macor\u00eds aumentan presencia de agentes en \u00e1reas comercial y residencial. - Conexi\u00f3n 23<\/title>\n<meta name=\"robots\" content=\"index, follow, max-snippet:-1, max-image-preview:large, max-video-preview:-1\" \/>\n<link rel=\"canonical\" href=\"https:\/\/conexion23.com\/?p=14623\" \/>\n<meta property=\"og:locale\" content=\"es_ES\" \/>\n<meta property=\"og:type\" content=\"article\" \/>\n<meta property=\"og:title\" content=\"En San Pedro de Macor\u00eds aumentan presencia de agentes en \u00e1reas comercial y residencial. - Conexi\u00f3n 23\" \/>\n<meta property=\"og:description\" content=\"San Pedro de Macoris.Una mayor cantidad de miembros de la Polic\u00eda Nacional se observan en distintas \u00e1reas comerciales de esta ciudad, luego de una serie de reclamos por parte de la ciudadan\u00eda por el incremento de los actos delictivos La presencia de los agentes es saludada por propietarios de establecimientos comerciales y la ciudadan\u00eda que [&hellip;]\" \/>\n<meta property=\"og:url\" content=\"https:\/\/conexion23.com\/?p=14623\" \/>\n<meta property=\"og:site_name\" content=\"Conexi\u00f3n 23\" \/>\n<meta property=\"article:publisher\" content=\"https:\/\/www.facebook.com\/conexion23com\" \/>\n<meta property=\"article:published_time\" content=\"2022-12-06T18:51:39+00:00\" \/>\n<meta property=\"article:modified_time\" content=\"2022-12-06T18:51:43+00:00\" \/>\n<meta name=\"author\" content=\"Raffy Ben\u00edtez\" \/>\n<meta name=\"twitter:card\" content=\"summary_large_image\" \/>\n<meta name=\"twitter:label1\" content=\"Escrito por\" \/>\n\t<meta name=\"twitter:data1\" content=\"Raffy Ben\u00edtez\" \/>\n\t<meta name=\"twitter:label2\" content=\"Tiempo de lectura\" \/>\n\t<meta name=\"twitter:data2\" content=\"1 minuto\" \/>\n<script type=\"application\/ld+json\" class=\"yoast-schema-graph\">{\"@context\":\"https:\\\/\\\/schema.org\",\"@graph\":[{\"@type\":\"Article\",\"@id\":\"https:\\\/\\\/conexion23.com\\\/?p=14623#article\",\"isPartOf\":{\"@id\":\"https:\\\/\\\/conexion23.com\\\/?p=14623\"},\"author\":{\"name\":\"Raffy Ben\u00edtez\",\"@id\":\"https:\\\/\\\/conexion23.com\\\/#\\\/schema\\\/person\\\/03e36043331117e97a373299bbcd30a6\"},\"headline\":\"En San Pedro de Macor\u00eds aumentan presencia de agentes en \u00e1reas comercial y residencial.\",\"datePublished\":\"2022-12-06T18:51:39+00:00\",\"dateModified\":\"2022-12-06T18:51:43+00:00\",\"mainEntityOfPage\":{\"@id\":\"https:\\\/\\\/conexion23.com\\\/?p=14623\"},\"wordCount\":209,\"commentCount\":0,\"publisher\":{\"@id\":\"https:\\\/\\\/conexion23.com\\\/#organization\"},\"articleSection\":[\"SPM\"],\"inLanguage\":\"es\",\"potentialAction\":[{\"@type\":\"CommentAction\",\"name\":\"Comment\",\"target\":[\"https:\\\/\\\/conexion23.com\\\/?p=14623#respond\"]}]},{\"@type\":\"WebPage\",\"@id\":\"https:\\\/\\\/conexion23.com\\\/?p=14623\",\"url\":\"https:\\\/\\\/conexion23.com\\\/?p=14623\",\"name\":\"En San Pedro de Macor\u00eds aumentan presencia de agentes en \u00e1reas comercial y residencial. - Conexi\u00f3n 23\",\"isPartOf\":{\"@id\":\"https:\\\/\\\/conexion23.com\\\/#website\"},\"datePublished\":\"2022-12-06T18:51:39+00:00\",\"dateModified\":\"2022-12-06T18:51:43+00:00\",\"breadcrumb\":{\"@id\":\"https:\\\/\\\/conexion23.com\\\/?p=14623#breadcrumb\"},\"inLanguage\":\"es\",\"potentialAction\":[{\"@type\":\"ReadAction\",\"target\":[\"https:\\\/\\\/conexion23.com\\\/?p=14623\"]}]},{\"@type\":\"BreadcrumbList\",\"@id\":\"https:\\\/\\\/conexion23.com\\\/?p=14623#breadcrumb\",\"itemListElement\":[{\"@type\":\"ListItem\",\"position\":1,\"name\":\"Portada\",\"item\":\"https:\\\/\\\/conexion23.com\\\/\"},{\"@type\":\"ListItem\",\"position\":2,\"name\":\"En San Pedro de Macor\u00eds aumentan presencia de agentes en \u00e1reas comercial y residencial.\"}]},{\"@type\":\"WebSite\",\"@id\":\"https:\\\/\\\/conexion23.com\\\/#website\",\"url\":\"https:\\\/\\\/conexion23.com\\\/\",\"name\":\"Conexi\u00f3n 23\",\"description\":\"Peri\u00f3dico 100% Petromacorisano\",\"publisher\":{\"@id\":\"https:\\\/\\\/conexion23.com\\\/#organization\"},\"potentialAction\":[{\"@type\":\"SearchAction\",\"target\":{\"@type\":\"EntryPoint\",\"urlTemplate\":\"https:\\\/\\\/conexion23.com\\\/?s={search_term_string}\"},\"query-input\":{\"@type\":\"PropertyValueSpecification\",\"valueRequired\":true,\"valueName\":\"search_term_string\"}}],\"inLanguage\":\"es\"},{\"@type\":\"Organization\",\"@id\":\"https:\\\/\\\/conexion23.com\\\/#organization\",\"name\":\"Conexion 23\",\"url\":\"https:\\\/\\\/conexion23.com\\\/\",\"logo\":{\"@type\":\"ImageObject\",\"inLanguage\":\"es\",\"@id\":\"https:\\\/\\\/conexion23.com\\\/#\\\/schema\\\/logo\\\/image\\\/\",\"url\":\"https:\\\/\\\/conexion23.com\\\/wp-content\\\/uploads\\\/2021\\\/11\\\/Diseno-sin-titulo-2.png\",\"contentUrl\":\"https:\\\/\\\/conexion23.com\\\/wp-content\\\/uploads\\\/2021\\\/11\\\/Diseno-sin-titulo-2.png\",\"width\":541,\"height\":90,\"caption\":\"Conexion 23\"},\"image\":{\"@id\":\"https:\\\/\\\/conexion23.com\\\/#\\\/schema\\\/logo\\\/image\\\/\"},\"sameAs\":[\"https:\\\/\\\/www.facebook.com\\\/conexion23com\",\"https:\\\/\\\/www.instagram.com\\\/conexion23com\\\/\",\"https:\\\/\\\/www.youtube.com\\\/channel\\\/UCYc7vxxFZMYLIHNsHHxPZ3Q\"]},{\"@type\":\"Person\",\"@id\":\"https:\\\/\\\/conexion23.com\\\/#\\\/schema\\\/person\\\/03e36043331117e97a373299bbcd30a6\",\"name\":\"Raffy Ben\u00edtez\",\"image\":{\"@type\":\"ImageObject\",\"inLanguage\":\"es\",\"@id\":\"https:\\\/\\\/secure.gravatar.com\\\/avatar\\\/3190a6a6c5e1b0327500f7d6c56b6242472ee6cb974cf09b401ee6b3b0798f23?s=96&d=mm&r=g\",\"url\":\"https:\\\/\\\/secure.gravatar.com\\\/avatar\\\/3190a6a6c5e1b0327500f7d6c56b6242472ee6cb974cf09b401ee6b3b0798f23?s=96&d=mm&r=g\",\"contentUrl\":\"https:\\\/\\\/secure.gravatar.com\\\/avatar\\\/3190a6a6c5e1b0327500f7d6c56b6242472ee6cb974cf09b401ee6b3b0798f23?s=96&d=mm&r=g\",\"caption\":\"Raffy Ben\u00edtez\"},\"url\":\"https:\\\/\\\/conexion23.com\\\/?author=15\"}]}<\/script>\n<!-- \/ Yoast SEO plugin. -->","yoast_head_json":{"title":"En San Pedro de Macor\u00eds aumentan presencia de agentes en \u00e1reas comercial y residencial. - Conexi\u00f3n 23","robots":{"index":"index","follow":"follow","max-snippet":"max-snippet:-1","max-image-preview":"max-image-preview:large","max-video-preview":"max-video-preview:-1"},"canonical":"https:\/\/conexion23.com\/?p=14623","og_locale":"es_ES","og_type":"article","og_title":"En San Pedro de Macor\u00eds aumentan presencia de agentes en \u00e1reas comercial y residencial. - Conexi\u00f3n 23","og_description":"San Pedro de Macoris.Una mayor cantidad de miembros de la Polic\u00eda Nacional se observan en distintas \u00e1reas comerciales de esta ciudad, luego de una serie de reclamos por parte de la ciudadan\u00eda por el incremento de los actos delictivos La presencia de los agentes es saludada por propietarios de establecimientos comerciales y la ciudadan\u00eda que [&hellip;]","og_url":"https:\/\/conexion23.com\/?p=14623","og_site_name":"Conexi\u00f3n 23","article_publisher":"https:\/\/www.facebook.com\/conexion23com","article_published_time":"2022-12-06T18:51:39+00:00","article_modified_time":"2022-12-06T18:51:43+00:00","author":"Raffy Ben\u00edtez","twitter_card":"summary_large_image","twitter_misc":{"Escrito por":"Raffy Ben\u00edtez","Tiempo de lectura":"1 minuto"},"schema":{"@context":"https:\/\/schema.org","@graph":[{"@type":"Article","@id":"https:\/\/conexion23.com\/?p=14623#article","isPartOf":{"@id":"https:\/\/conexion23.com\/?p=14623"},"author":{"name":"Raffy Ben\u00edtez","@id":"https:\/\/conexion23.com\/#\/schema\/person\/03e36043331117e97a373299bbcd30a6"},"headline":"En San Pedro de Macor\u00eds aumentan presencia de agentes en \u00e1reas comercial y residencial.","datePublished":"2022-12-06T18:51:39+00:00","dateModified":"2022-12-06T18:51:43+00:00","mainEntityOfPage":{"@id":"https:\/\/conexion23.com\/?p=14623"},"wordCount":209,"commentCount":0,"publisher":{"@id":"https:\/\/conexion23.com\/#organization"},"articleSection":["SPM"],"inLanguage":"es","potentialAction":[{"@type":"CommentAction","name":"Comment","target":["https:\/\/conexion23.com\/?p=14623#respond"]}]},{"@type":"WebPage","@id":"https:\/\/conexion23.com\/?p=14623","url":"https:\/\/conexion23.com\/?p=14623","name":"En San Pedro de Macor\u00eds aumentan presencia de agentes en \u00e1reas comercial y residencial. - Conexi\u00f3n 23","isPartOf":{"@id":"https:\/\/conexion23.com\/#website"},"datePublished":"2022-12-06T18:51:39+00:00","dateModified":"2022-12-06T18:51:43+00:00","breadcrumb":{"@id":"https:\/\/conexion23.com\/?p=14623#breadcrumb"},"inLanguage":"es","potentialAction":[{"@type":"ReadAction","target":["https:\/\/conexion23.com\/?p=14623"]}]},{"@type":"BreadcrumbList","@id":"https:\/\/conexion23.com\/?p=14623#breadcrumb","itemListElement":[{"@type":"ListItem","position":1,"name":"Portada","item":"https:\/\/conexion23.com\/"},{"@type":"ListItem","position":2,"name":"En San Pedro de Macor\u00eds aumentan presencia de agentes en \u00e1reas comercial y residencial."}]},{"@type":"WebSite","@id":"https:\/\/conexion23.com\/#website","url":"https:\/\/conexion23.com\/","name":"Conexi\u00f3n 23","description":"Peri\u00f3dico 100% Petromacorisano","publisher":{"@id":"https:\/\/conexion23.com\/#organization"},"potentialAction":[{"@type":"SearchAction","target":{"@type":"EntryPoint","urlTemplate":"https:\/\/conexion23.com\/?s={search_term_string}"},"query-input":{"@type":"PropertyValueSpecification","valueRequired":true,"valueName":"search_term_string"}}],"inLanguage":"es"},{"@type":"Organization","@id":"https:\/\/conexion23.com\/#organization","name":"Conexion 23","url":"https:\/\/conexion23.com\/","logo":{"@type":"ImageObject","inLanguage":"es","@id":"https:\/\/conexion23.com\/#\/schema\/logo\/image\/","url":"https:\/\/conexion23.com\/wp-content\/uploads\/2021\/11\/Diseno-sin-titulo-2.png","contentUrl":"https:\/\/conexion23.com\/wp-content\/uploads\/2021\/11\/Diseno-sin-titulo-2.png","width":541,"height":90,"caption":"Conexion 23"},"image":{"@id":"https:\/\/conexion23.com\/#\/schema\/logo\/image\/"},"sameAs":["https:\/\/www.facebook.com\/conexion23com","https:\/\/www.instagram.com\/conexion23com\/","https:\/\/www.youtube.com\/channel\/UCYc7vxxFZMYLIHNsHHxPZ3Q"]},{"@type":"Person","@id":"https:\/\/conexion23.com\/#\/schema\/person\/03e36043331117e97a373299bbcd30a6","name":"Raffy Ben\u00edtez","image":{"@type":"ImageObject","inLanguage":"es","@id":"https:\/\/secure.gravatar.com\/avatar\/3190a6a6c5e1b0327500f7d6c56b6242472ee6cb974cf09b401ee6b3b0798f23?s=96&d=mm&r=g","url":"https:\/\/secure.gravatar.com\/avatar\/3190a6a6c5e1b0327500f7d6c56b6242472ee6cb974cf09b401ee6b3b0798f23?s=96&d=mm&r=g","contentUrl":"https:\/\/secure.gravatar.com\/avatar\/3190a6a6c5e1b0327500f7d6c56b6242472ee6cb974cf09b401ee6b3b0798f23?s=96&d=mm&r=g","caption":"Raffy Ben\u00edtez"},"url":"https:\/\/conexion23.com\/?author=15"}]}},"_links":{"self":[{"href":"https:\/\/conexion23.com\/index.php?rest_route=\/wp\/v2\/posts\/14623","targetHints":{"allow":["GET"]}}],"collection":[{"href":"https:\/\/conexion23.com\/index.php?rest_route=\/wp\/v2\/posts"}],"about":[{"href":"https:\/\/conexion23.com\/index.php?rest_route=\/wp\/v2\/types\/post"}],"author":[{"embeddable":true,"href":"https:\/\/conexion23.com\/index.php?rest_route=\/wp\/v2\/users\/15"}],"replies":[{"embeddable":true,"href":"https:\/\/conexion23.com\/index.php?rest_route=%2Fwp%2Fv2%2Fcomments&post=14623"}],"version-history":[{"count":1,"href":"https:\/\/conexion23.com\/index.php?rest_route=\/wp\/v2\/posts\/14623\/revisions"}],"predecessor-version":[{"id":14625,"href":"https:\/\/conexion23.com\/index.php?rest_route=\/wp\/v2\/posts\/14623\/revisions\/14625"}],"wp:attachment":[{"href":"https:\/\/conexion23.com\/index.php?rest_route=%2Fwp%2Fv2%2Fmedia&parent=14623"}],"wp:term":[{"taxonomy":"category","embeddable":true,"href":"https:\/\/conexion23.com\/index.php?rest_route=%2Fwp%2Fv2%2Fcategories&post=14623"},{"taxonomy":"post_tag","embeddable":true,"href":"https:\/\/conexion23.com\/index.php?rest_route=%2Fwp%2Fv2%2Ftags&post=14623"}],"curies":[{"name":"wp","href":"https:\/\/api.w.org\/{rel}","templated":true}]}}