{"id":14724,"date":"2022-12-07T14:25:11","date_gmt":"2022-12-07T18:25:11","guid":{"rendered":"https:\/\/conexion23.com\/?p=14724"},"modified":"2022-12-07T14:31:20","modified_gmt":"2022-12-07T18:31:20","slug":"reconocen-a-jose-m-mallen-como-agroempresario-del-ano-2022","status":"publish","type":"post","link":"https:\/\/conexion23.com\/?p=14724","title":{"rendered":"Reconocen a Jos\u00e9 M. Mall\u00e9n como Agroempresario del A\u00f1o 2022"},"content":{"rendered":"\n<p class=\"wp-block-paragraph\">El Consejo de Directores de la Junta Agroempresarial Dominicana (JAD), reconoci\u00f3 a Jos\u00e9 Manuel Mall\u00e9n Santos, como agroempresario del 2022 en un acto celebrado en el Hotel Jaragua en la capital.<\/p>\n\n\n\n<p class=\"wp-block-paragraph\">Mall\u00e9n Santos recibi\u00f3 la placa de reconocimiento del presidente Luis Abinader, que adem\u00e1s resalt\u00f3 los aportes y liderazgo del empresario, y valor\u00f3 los trabajos que realiza la JAD a la sociedad dominicana en sus labores de seguridad alimentaria en el pa\u00eds.<\/p>\n\n\n\n<p class=\"wp-block-paragraph\">\u201cEs justo reconocer los casi 40 a\u00f1os de trabajo de la Junta Agroempresarial Dominicana, que se ha caracterizado por su apoyo incuestionable al sector, al realizar un trabajo ininterrumpido a favor de la producci\u00f3n, la innovaci\u00f3n y la modernizaci\u00f3n del sector agropecuario con un liderazgo que al d\u00eda de hoy es ejemplo para otros sectores productivos de la vida nacional. La JAD ha sido un gran aliado del Gobierno dominicano\u201d, resalt\u00f3 el primer mandatario.<\/p>\n\n\n\n<p class=\"wp-block-paragraph\">\u201cMall\u00e9n Santos ha fomentado una de las fincas ganaderas m\u00e1s modernas y con mejor gen\u00e9tica vacuna del pa\u00eds. Hace poco, emprendi\u00f3 un nuevo proyecto de producci\u00f3n de tilapias frescas y langostinos en aguas interiores, crianza comercial de conejos y la introducci\u00f3n de animales \u00e9quidos, para carga, en la agropecuaria nacional, \u00fanico en su clase en el pa\u00eds\u201d, afirm\u00f3 Ben\u00edtez.<\/p>\n\n\n\n<p class=\"wp-block-paragraph\">El agroempresario es promotor y fundador de Embriodom, el primer laboratorio privado de trasplante de embriones para ganado vacuno que se ha instalado en la Rep\u00fablica Dominicana, y propietario de Mall\u00e9n Veterinaria.<\/p>\n","protected":false},"excerpt":{"rendered":"<p>El Consejo de Directores de la Junta Agroempresarial Dominicana (JAD), reconoci\u00f3 a Jos\u00e9 Manuel Mall\u00e9n Santos, como agroempresario del 2022 en un acto celebrado en el Hotel Jaragua en la capital. Mall\u00e9n Santos recibi\u00f3 la placa de reconocimiento del presidente Luis Abinader, que adem\u00e1s resalt\u00f3 los aportes y liderazgo del empresario, y valor\u00f3 los trabajos [&hellip;]<\/p>\n","protected":false},"author":15,"featured_media":0,"comment_status":"open","ping_status":"open","sticky":false,"template":"","format":"standard","meta":{"footnotes":""},"categories":[1],"tags":[],"class_list":["post-14724","post","type-post","status-publish","format-standard","category-uncategorized"],"yoast_head":"<!-- This site is optimized with the Yoast SEO plugin v27.6 - https:\/\/yoast.com\/product\/yoast-seo-wordpress\/ -->\n<title>Reconocen a Jos\u00e9 M. Mall\u00e9n como Agroempresario del A\u00f1o 2022 - Conexi\u00f3n 23<\/title>\n<meta name=\"robots\" content=\"index, follow, max-snippet:-1, max-image-preview:large, max-video-preview:-1\" \/>\n<link rel=\"canonical\" href=\"https:\/\/conexion23.com\/?p=14724\" \/>\n<meta property=\"og:locale\" content=\"es_ES\" \/>\n<meta property=\"og:type\" content=\"article\" \/>\n<meta property=\"og:title\" content=\"Reconocen a Jos\u00e9 M. Mall\u00e9n como Agroempresario del A\u00f1o 2022 - Conexi\u00f3n 23\" \/>\n<meta property=\"og:description\" content=\"El Consejo de Directores de la Junta Agroempresarial Dominicana (JAD), reconoci\u00f3 a Jos\u00e9 Manuel Mall\u00e9n Santos, como agroempresario del 2022 en un acto celebrado en el Hotel Jaragua en la capital. Mall\u00e9n Santos recibi\u00f3 la placa de reconocimiento del presidente Luis Abinader, que adem\u00e1s resalt\u00f3 los aportes y liderazgo del empresario, y valor\u00f3 los trabajos [&hellip;]\" \/>\n<meta property=\"og:url\" content=\"https:\/\/conexion23.com\/?p=14724\" \/>\n<meta property=\"og:site_name\" content=\"Conexi\u00f3n 23\" \/>\n<meta property=\"article:publisher\" content=\"https:\/\/www.facebook.com\/conexion23com\" \/>\n<meta property=\"article:published_time\" content=\"2022-12-07T18:25:11+00:00\" \/>\n<meta property=\"article:modified_time\" content=\"2022-12-07T18:31:20+00:00\" \/>\n<meta name=\"author\" content=\"Raffy Ben\u00edtez\" \/>\n<meta name=\"twitter:card\" content=\"summary_large_image\" \/>\n<meta name=\"twitter:label1\" content=\"Escrito por\" \/>\n\t<meta name=\"twitter:data1\" content=\"Raffy Ben\u00edtez\" \/>\n\t<meta name=\"twitter:label2\" content=\"Tiempo de lectura\" \/>\n\t<meta name=\"twitter:data2\" content=\"2 minutos\" \/>\n<script type=\"application\/ld+json\" class=\"yoast-schema-graph\">{\"@context\":\"https:\\\/\\\/schema.org\",\"@graph\":[{\"@type\":\"Article\",\"@id\":\"https:\\\/\\\/conexion23.com\\\/?p=14724#article\",\"isPartOf\":{\"@id\":\"https:\\\/\\\/conexion23.com\\\/?p=14724\"},\"author\":{\"name\":\"Raffy Ben\u00edtez\",\"@id\":\"https:\\\/\\\/conexion23.com\\\/#\\\/schema\\\/person\\\/03e36043331117e97a373299bbcd30a6\"},\"headline\":\"Reconocen a Jos\u00e9 M. Mall\u00e9n como Agroempresario del A\u00f1o 2022\",\"datePublished\":\"2022-12-07T18:25:11+00:00\",\"dateModified\":\"2022-12-07T18:31:20+00:00\",\"mainEntityOfPage\":{\"@id\":\"https:\\\/\\\/conexion23.com\\\/?p=14724\"},\"wordCount\":265,\"commentCount\":0,\"publisher\":{\"@id\":\"https:\\\/\\\/conexion23.com\\\/#organization\"},\"articleSection\":[\"Uncategorized\"],\"inLanguage\":\"es\",\"potentialAction\":[{\"@type\":\"CommentAction\",\"name\":\"Comment\",\"target\":[\"https:\\\/\\\/conexion23.com\\\/?p=14724#respond\"]}]},{\"@type\":\"WebPage\",\"@id\":\"https:\\\/\\\/conexion23.com\\\/?p=14724\",\"url\":\"https:\\\/\\\/conexion23.com\\\/?p=14724\",\"name\":\"Reconocen a Jos\u00e9 M. Mall\u00e9n como Agroempresario del A\u00f1o 2022 - Conexi\u00f3n 23\",\"isPartOf\":{\"@id\":\"https:\\\/\\\/conexion23.com\\\/#website\"},\"datePublished\":\"2022-12-07T18:25:11+00:00\",\"dateModified\":\"2022-12-07T18:31:20+00:00\",\"breadcrumb\":{\"@id\":\"https:\\\/\\\/conexion23.com\\\/?p=14724#breadcrumb\"},\"inLanguage\":\"es\",\"potentialAction\":[{\"@type\":\"ReadAction\",\"target\":[\"https:\\\/\\\/conexion23.com\\\/?p=14724\"]}]},{\"@type\":\"BreadcrumbList\",\"@id\":\"https:\\\/\\\/conexion23.com\\\/?p=14724#breadcrumb\",\"itemListElement\":[{\"@type\":\"ListItem\",\"position\":1,\"name\":\"Portada\",\"item\":\"https:\\\/\\\/conexion23.com\\\/\"},{\"@type\":\"ListItem\",\"position\":2,\"name\":\"Reconocen a Jos\u00e9 M. Mall\u00e9n como Agroempresario del A\u00f1o 2022\"}]},{\"@type\":\"WebSite\",\"@id\":\"https:\\\/\\\/conexion23.com\\\/#website\",\"url\":\"https:\\\/\\\/conexion23.com\\\/\",\"name\":\"Conexi\u00f3n 23\",\"description\":\"Peri\u00f3dico 100% Petromacorisano\",\"publisher\":{\"@id\":\"https:\\\/\\\/conexion23.com\\\/#organization\"},\"potentialAction\":[{\"@type\":\"SearchAction\",\"target\":{\"@type\":\"EntryPoint\",\"urlTemplate\":\"https:\\\/\\\/conexion23.com\\\/?s={search_term_string}\"},\"query-input\":{\"@type\":\"PropertyValueSpecification\",\"valueRequired\":true,\"valueName\":\"search_term_string\"}}],\"inLanguage\":\"es\"},{\"@type\":\"Organization\",\"@id\":\"https:\\\/\\\/conexion23.com\\\/#organization\",\"name\":\"Conexion 23\",\"url\":\"https:\\\/\\\/conexion23.com\\\/\",\"logo\":{\"@type\":\"ImageObject\",\"inLanguage\":\"es\",\"@id\":\"https:\\\/\\\/conexion23.com\\\/#\\\/schema\\\/logo\\\/image\\\/\",\"url\":\"https:\\\/\\\/conexion23.com\\\/wp-content\\\/uploads\\\/2021\\\/11\\\/Diseno-sin-titulo-2.png\",\"contentUrl\":\"https:\\\/\\\/conexion23.com\\\/wp-content\\\/uploads\\\/2021\\\/11\\\/Diseno-sin-titulo-2.png\",\"width\":541,\"height\":90,\"caption\":\"Conexion 23\"},\"image\":{\"@id\":\"https:\\\/\\\/conexion23.com\\\/#\\\/schema\\\/logo\\\/image\\\/\"},\"sameAs\":[\"https:\\\/\\\/www.facebook.com\\\/conexion23com\",\"https:\\\/\\\/www.instagram.com\\\/conexion23com\\\/\",\"https:\\\/\\\/www.youtube.com\\\/channel\\\/UCYc7vxxFZMYLIHNsHHxPZ3Q\"]},{\"@type\":\"Person\",\"@id\":\"https:\\\/\\\/conexion23.com\\\/#\\\/schema\\\/person\\\/03e36043331117e97a373299bbcd30a6\",\"name\":\"Raffy Ben\u00edtez\",\"image\":{\"@type\":\"ImageObject\",\"inLanguage\":\"es\",\"@id\":\"https:\\\/\\\/secure.gravatar.com\\\/avatar\\\/3190a6a6c5e1b0327500f7d6c56b6242472ee6cb974cf09b401ee6b3b0798f23?s=96&d=mm&r=g\",\"url\":\"https:\\\/\\\/secure.gravatar.com\\\/avatar\\\/3190a6a6c5e1b0327500f7d6c56b6242472ee6cb974cf09b401ee6b3b0798f23?s=96&d=mm&r=g\",\"contentUrl\":\"https:\\\/\\\/secure.gravatar.com\\\/avatar\\\/3190a6a6c5e1b0327500f7d6c56b6242472ee6cb974cf09b401ee6b3b0798f23?s=96&d=mm&r=g\",\"caption\":\"Raffy Ben\u00edtez\"},\"url\":\"https:\\\/\\\/conexion23.com\\\/?author=15\"}]}<\/script>\n<!-- \/ Yoast SEO plugin. -->","yoast_head_json":{"title":"Reconocen a Jos\u00e9 M. Mall\u00e9n como Agroempresario del A\u00f1o 2022 - Conexi\u00f3n 23","robots":{"index":"index","follow":"follow","max-snippet":"max-snippet:-1","max-image-preview":"max-image-preview:large","max-video-preview":"max-video-preview:-1"},"canonical":"https:\/\/conexion23.com\/?p=14724","og_locale":"es_ES","og_type":"article","og_title":"Reconocen a Jos\u00e9 M. Mall\u00e9n como Agroempresario del A\u00f1o 2022 - Conexi\u00f3n 23","og_description":"El Consejo de Directores de la Junta Agroempresarial Dominicana (JAD), reconoci\u00f3 a Jos\u00e9 Manuel Mall\u00e9n Santos, como agroempresario del 2022 en un acto celebrado en el Hotel Jaragua en la capital. Mall\u00e9n Santos recibi\u00f3 la placa de reconocimiento del presidente Luis Abinader, que adem\u00e1s resalt\u00f3 los aportes y liderazgo del empresario, y valor\u00f3 los trabajos [&hellip;]","og_url":"https:\/\/conexion23.com\/?p=14724","og_site_name":"Conexi\u00f3n 23","article_publisher":"https:\/\/www.facebook.com\/conexion23com","article_published_time":"2022-12-07T18:25:11+00:00","article_modified_time":"2022-12-07T18:31:20+00:00","author":"Raffy Ben\u00edtez","twitter_card":"summary_large_image","twitter_misc":{"Escrito por":"Raffy Ben\u00edtez","Tiempo de lectura":"2 minutos"},"schema":{"@context":"https:\/\/schema.org","@graph":[{"@type":"Article","@id":"https:\/\/conexion23.com\/?p=14724#article","isPartOf":{"@id":"https:\/\/conexion23.com\/?p=14724"},"author":{"name":"Raffy Ben\u00edtez","@id":"https:\/\/conexion23.com\/#\/schema\/person\/03e36043331117e97a373299bbcd30a6"},"headline":"Reconocen a Jos\u00e9 M. Mall\u00e9n como Agroempresario del A\u00f1o 2022","datePublished":"2022-12-07T18:25:11+00:00","dateModified":"2022-12-07T18:31:20+00:00","mainEntityOfPage":{"@id":"https:\/\/conexion23.com\/?p=14724"},"wordCount":265,"commentCount":0,"publisher":{"@id":"https:\/\/conexion23.com\/#organization"},"articleSection":["Uncategorized"],"inLanguage":"es","potentialAction":[{"@type":"CommentAction","name":"Comment","target":["https:\/\/conexion23.com\/?p=14724#respond"]}]},{"@type":"WebPage","@id":"https:\/\/conexion23.com\/?p=14724","url":"https:\/\/conexion23.com\/?p=14724","name":"Reconocen a Jos\u00e9 M. Mall\u00e9n como Agroempresario del A\u00f1o 2022 - Conexi\u00f3n 23","isPartOf":{"@id":"https:\/\/conexion23.com\/#website"},"datePublished":"2022-12-07T18:25:11+00:00","dateModified":"2022-12-07T18:31:20+00:00","breadcrumb":{"@id":"https:\/\/conexion23.com\/?p=14724#breadcrumb"},"inLanguage":"es","potentialAction":[{"@type":"ReadAction","target":["https:\/\/conexion23.com\/?p=14724"]}]},{"@type":"BreadcrumbList","@id":"https:\/\/conexion23.com\/?p=14724#breadcrumb","itemListElement":[{"@type":"ListItem","position":1,"name":"Portada","item":"https:\/\/conexion23.com\/"},{"@type":"ListItem","position":2,"name":"Reconocen a Jos\u00e9 M. Mall\u00e9n como Agroempresario del A\u00f1o 2022"}]},{"@type":"WebSite","@id":"https:\/\/conexion23.com\/#website","url":"https:\/\/conexion23.com\/","name":"Conexi\u00f3n 23","description":"Peri\u00f3dico 100% Petromacorisano","publisher":{"@id":"https:\/\/conexion23.com\/#organization"},"potentialAction":[{"@type":"SearchAction","target":{"@type":"EntryPoint","urlTemplate":"https:\/\/conexion23.com\/?s={search_term_string}"},"query-input":{"@type":"PropertyValueSpecification","valueRequired":true,"valueName":"search_term_string"}}],"inLanguage":"es"},{"@type":"Organization","@id":"https:\/\/conexion23.com\/#organization","name":"Conexion 23","url":"https:\/\/conexion23.com\/","logo":{"@type":"ImageObject","inLanguage":"es","@id":"https:\/\/conexion23.com\/#\/schema\/logo\/image\/","url":"https:\/\/conexion23.com\/wp-content\/uploads\/2021\/11\/Diseno-sin-titulo-2.png","contentUrl":"https:\/\/conexion23.com\/wp-content\/uploads\/2021\/11\/Diseno-sin-titulo-2.png","width":541,"height":90,"caption":"Conexion 23"},"image":{"@id":"https:\/\/conexion23.com\/#\/schema\/logo\/image\/"},"sameAs":["https:\/\/www.facebook.com\/conexion23com","https:\/\/www.instagram.com\/conexion23com\/","https:\/\/www.youtube.com\/channel\/UCYc7vxxFZMYLIHNsHHxPZ3Q"]},{"@type":"Person","@id":"https:\/\/conexion23.com\/#\/schema\/person\/03e36043331117e97a373299bbcd30a6","name":"Raffy Ben\u00edtez","image":{"@type":"ImageObject","inLanguage":"es","@id":"https:\/\/secure.gravatar.com\/avatar\/3190a6a6c5e1b0327500f7d6c56b6242472ee6cb974cf09b401ee6b3b0798f23?s=96&d=mm&r=g","url":"https:\/\/secure.gravatar.com\/avatar\/3190a6a6c5e1b0327500f7d6c56b6242472ee6cb974cf09b401ee6b3b0798f23?s=96&d=mm&r=g","contentUrl":"https:\/\/secure.gravatar.com\/avatar\/3190a6a6c5e1b0327500f7d6c56b6242472ee6cb974cf09b401ee6b3b0798f23?s=96&d=mm&r=g","caption":"Raffy Ben\u00edtez"},"url":"https:\/\/conexion23.com\/?author=15"}]}},"_links":{"self":[{"href":"https:\/\/conexion23.com\/index.php?rest_route=\/wp\/v2\/posts\/14724","targetHints":{"allow":["GET"]}}],"collection":[{"href":"https:\/\/conexion23.com\/index.php?rest_route=\/wp\/v2\/posts"}],"about":[{"href":"https:\/\/conexion23.com\/index.php?rest_route=\/wp\/v2\/types\/post"}],"author":[{"embeddable":true,"href":"https:\/\/conexion23.com\/index.php?rest_route=\/wp\/v2\/users\/15"}],"replies":[{"embeddable":true,"href":"https:\/\/conexion23.com\/index.php?rest_route=%2Fwp%2Fv2%2Fcomments&post=14724"}],"version-history":[{"count":1,"href":"https:\/\/conexion23.com\/index.php?rest_route=\/wp\/v2\/posts\/14724\/revisions"}],"predecessor-version":[{"id":14726,"href":"https:\/\/conexion23.com\/index.php?rest_route=\/wp\/v2\/posts\/14724\/revisions\/14726"}],"wp:attachment":[{"href":"https:\/\/conexion23.com\/index.php?rest_route=%2Fwp%2Fv2%2Fmedia&parent=14724"}],"wp:term":[{"taxonomy":"category","embeddable":true,"href":"https:\/\/conexion23.com\/index.php?rest_route=%2Fwp%2Fv2%2Fcategories&post=14724"},{"taxonomy":"post_tag","embeddable":true,"href":"https:\/\/conexion23.com\/index.php?rest_route=%2Fwp%2Fv2%2Ftags&post=14724"}],"curies":[{"name":"wp","href":"https:\/\/api.w.org\/{rel}","templated":true}]}}