{"id":14904,"date":"2022-12-11T20:53:52","date_gmt":"2022-12-12T00:53:52","guid":{"rendered":"https:\/\/conexion23.com\/?p=14904"},"modified":"2022-12-11T20:53:56","modified_gmt":"2022-12-12T00:53:56","slug":"estudiante-apunala-a-companero-de-estudio-en-el-soco-de-spm","status":"publish","type":"post","link":"https:\/\/conexion23.com\/?p=14904","title":{"rendered":"Estudiante apu\u00f1ala a compa\u00f1ero de estudio en el Soco de SPM."},"content":{"rendered":"\n<p class=\"wp-block-paragraph\">SAN PEDRO DE MACOR\u00cdS.- Un alumno hiri\u00f3 a otro con un pu\u00f1al mientras se encontraban en el plantel escolar Gregorio Urbano Girbert del paraje Boca del Soco en San Pedro de Macor\u00eds.<\/p>\n\n\n\n<p class=\"wp-block-paragraph\">El <a><\/a>herido es un estudiante de 17 a\u00f1os de edad, y de quien reservamos su identidad por razones legales, este presenta herida corto punzante por arma blanca en regi\u00f3n lumbar.<\/p>\n\n\n\n<p class=\"wp-block-paragraph\">El agresor, de quien tambi\u00e9n reservamos su identidad ya que tiene 15 a\u00f1os, es un compa\u00f1ero de estudios del agredido.<\/p>\n\n\n\n<p class=\"wp-block-paragraph\">Se desconoce que provoc\u00f3 el incidente entre los alumnos.<\/p>\n\n\n\n<p class=\"wp-block-paragraph\">El hecho ocurri\u00f3 el viernes en el Liceo Gregorio Urbano Girbert, de la comunidad Boca del Soco<\/p>\n\n\n\n<p class=\"wp-block-paragraph\">Seg\u00fan la parte policial el agresor utiliz\u00f3 un pu\u00f1al banderita, color aniquilado, de unas siete pulgadas de largo.<\/p>\n\n\n\n<p class=\"wp-block-paragraph\">El herido fue llevado a un centro de salud, donde recibi\u00f3 atenciones m\u00e9dicas, luego fue dado dealta.<\/p>\n\n\n\n<p class=\"wp-block-paragraph\">En cuanto al agresor fue enviado mediante oficio al Tribunal de Ni\u00f1os, Ni\u00f1as y Adolescentes de San Pedro de Macor\u00eds, para fines correspondientes.<\/p>\n","protected":false},"excerpt":{"rendered":"<p>SAN PEDRO DE MACOR\u00cdS.- Un alumno hiri\u00f3 a otro con un pu\u00f1al mientras se encontraban en el plantel escolar Gregorio Urbano Girbert del paraje Boca del Soco en San Pedro de Macor\u00eds. El herido es un estudiante de 17 a\u00f1os de edad, y de quien reservamos su identidad por razones legales, este presenta herida corto [&hellip;]<\/p>\n","protected":false},"author":7,"featured_media":0,"comment_status":"open","ping_status":"open","sticky":false,"template":"","format":"standard","meta":{"footnotes":""},"categories":[35],"tags":[3014,3012,709],"class_list":["post-14904","post","type-post","status-publish","format-standard","category-spm","tag-companero","tag-estudiante","tag-sanpedrodemacoris"],"yoast_head":"<!-- This site is optimized with the Yoast SEO plugin v27.6 - https:\/\/yoast.com\/product\/yoast-seo-wordpress\/ -->\n<title>Estudiante apu\u00f1ala a compa\u00f1ero de estudio en el Soco de SPM. - Conexi\u00f3n 23<\/title>\n<meta name=\"description\" content=\"SAN PEDRO DE MACOR\u00cdS.- Un alumno hiri\u00f3 a otro con un pu\u00f1al mientras se encontraban en el plantel escolar Gregorio Urbano Girbert del paraje Boca del Soco en San Pedro de Macor\u00eds.\" \/>\n<meta name=\"robots\" content=\"index, follow, max-snippet:-1, max-image-preview:large, max-video-preview:-1\" \/>\n<link rel=\"canonical\" href=\"https:\/\/conexion23.com\/?p=14904\" \/>\n<meta property=\"og:locale\" content=\"es_ES\" \/>\n<meta property=\"og:type\" content=\"article\" \/>\n<meta property=\"og:title\" content=\"Estudiante apu\u00f1ala a compa\u00f1ero de estudio en el Soco de SPM. - Conexi\u00f3n 23\" \/>\n<meta property=\"og:description\" content=\"SAN PEDRO DE MACOR\u00cdS.- Un alumno hiri\u00f3 a otro con un pu\u00f1al mientras se encontraban en el plantel escolar Gregorio Urbano Girbert del paraje Boca del Soco en San Pedro de Macor\u00eds.\" \/>\n<meta property=\"og:url\" content=\"https:\/\/conexion23.com\/?p=14904\" \/>\n<meta property=\"og:site_name\" content=\"Conexi\u00f3n 23\" \/>\n<meta property=\"article:publisher\" content=\"https:\/\/www.facebook.com\/conexion23com\" \/>\n<meta property=\"article:published_time\" content=\"2022-12-12T00:53:52+00:00\" \/>\n<meta property=\"article:modified_time\" content=\"2022-12-12T00:53:56+00:00\" \/>\n<meta name=\"author\" content=\"Benjam\u00edn Rosario\" \/>\n<meta name=\"twitter:card\" content=\"summary_large_image\" \/>\n<meta name=\"twitter:label1\" content=\"Escrito por\" \/>\n\t<meta name=\"twitter:data1\" content=\"Benjam\u00edn Rosario\" \/>\n\t<meta name=\"twitter:label2\" content=\"Tiempo de lectura\" \/>\n\t<meta name=\"twitter:data2\" content=\"1 minuto\" \/>\n<script type=\"application\/ld+json\" class=\"yoast-schema-graph\">{\"@context\":\"https:\\\/\\\/schema.org\",\"@graph\":[{\"@type\":\"Article\",\"@id\":\"https:\\\/\\\/conexion23.com\\\/?p=14904#article\",\"isPartOf\":{\"@id\":\"https:\\\/\\\/conexion23.com\\\/?p=14904\"},\"author\":{\"name\":\"Benjam\u00edn Rosario\",\"@id\":\"https:\\\/\\\/conexion23.com\\\/#\\\/schema\\\/person\\\/c0b7ce1f0e7a915d08fa289072b8353a\"},\"headline\":\"Estudiante apu\u00f1ala a compa\u00f1ero de estudio en el Soco de SPM.\",\"datePublished\":\"2022-12-12T00:53:52+00:00\",\"dateModified\":\"2022-12-12T00:53:56+00:00\",\"mainEntityOfPage\":{\"@id\":\"https:\\\/\\\/conexion23.com\\\/?p=14904\"},\"wordCount\":192,\"commentCount\":0,\"publisher\":{\"@id\":\"https:\\\/\\\/conexion23.com\\\/#organization\"},\"keywords\":[\"compa\u00f1ero\",\"estudiante\",\"Sanpedrodemacoris\"],\"articleSection\":[\"SPM\"],\"inLanguage\":\"es\",\"potentialAction\":[{\"@type\":\"CommentAction\",\"name\":\"Comment\",\"target\":[\"https:\\\/\\\/conexion23.com\\\/?p=14904#respond\"]}]},{\"@type\":\"WebPage\",\"@id\":\"https:\\\/\\\/conexion23.com\\\/?p=14904\",\"url\":\"https:\\\/\\\/conexion23.com\\\/?p=14904\",\"name\":\"Estudiante apu\u00f1ala a compa\u00f1ero de estudio en el Soco de SPM. - Conexi\u00f3n 23\",\"isPartOf\":{\"@id\":\"https:\\\/\\\/conexion23.com\\\/#website\"},\"datePublished\":\"2022-12-12T00:53:52+00:00\",\"dateModified\":\"2022-12-12T00:53:56+00:00\",\"description\":\"SAN PEDRO DE MACOR\u00cdS.- Un alumno hiri\u00f3 a otro con un pu\u00f1al mientras se encontraban en el plantel escolar Gregorio Urbano Girbert del paraje Boca del Soco en San Pedro de Macor\u00eds.\",\"breadcrumb\":{\"@id\":\"https:\\\/\\\/conexion23.com\\\/?p=14904#breadcrumb\"},\"inLanguage\":\"es\",\"potentialAction\":[{\"@type\":\"ReadAction\",\"target\":[\"https:\\\/\\\/conexion23.com\\\/?p=14904\"]}]},{\"@type\":\"BreadcrumbList\",\"@id\":\"https:\\\/\\\/conexion23.com\\\/?p=14904#breadcrumb\",\"itemListElement\":[{\"@type\":\"ListItem\",\"position\":1,\"name\":\"Portada\",\"item\":\"https:\\\/\\\/conexion23.com\\\/\"},{\"@type\":\"ListItem\",\"position\":2,\"name\":\"Estudiante apu\u00f1ala a compa\u00f1ero de estudio en el Soco de SPM.\"}]},{\"@type\":\"WebSite\",\"@id\":\"https:\\\/\\\/conexion23.com\\\/#website\",\"url\":\"https:\\\/\\\/conexion23.com\\\/\",\"name\":\"Conexi\u00f3n 23\",\"description\":\"Peri\u00f3dico 100% Petromacorisano\",\"publisher\":{\"@id\":\"https:\\\/\\\/conexion23.com\\\/#organization\"},\"potentialAction\":[{\"@type\":\"SearchAction\",\"target\":{\"@type\":\"EntryPoint\",\"urlTemplate\":\"https:\\\/\\\/conexion23.com\\\/?s={search_term_string}\"},\"query-input\":{\"@type\":\"PropertyValueSpecification\",\"valueRequired\":true,\"valueName\":\"search_term_string\"}}],\"inLanguage\":\"es\"},{\"@type\":\"Organization\",\"@id\":\"https:\\\/\\\/conexion23.com\\\/#organization\",\"name\":\"Conexion 23\",\"url\":\"https:\\\/\\\/conexion23.com\\\/\",\"logo\":{\"@type\":\"ImageObject\",\"inLanguage\":\"es\",\"@id\":\"https:\\\/\\\/conexion23.com\\\/#\\\/schema\\\/logo\\\/image\\\/\",\"url\":\"https:\\\/\\\/conexion23.com\\\/wp-content\\\/uploads\\\/2021\\\/11\\\/Diseno-sin-titulo-2.png\",\"contentUrl\":\"https:\\\/\\\/conexion23.com\\\/wp-content\\\/uploads\\\/2021\\\/11\\\/Diseno-sin-titulo-2.png\",\"width\":541,\"height\":90,\"caption\":\"Conexion 23\"},\"image\":{\"@id\":\"https:\\\/\\\/conexion23.com\\\/#\\\/schema\\\/logo\\\/image\\\/\"},\"sameAs\":[\"https:\\\/\\\/www.facebook.com\\\/conexion23com\",\"https:\\\/\\\/www.instagram.com\\\/conexion23com\\\/\",\"https:\\\/\\\/www.youtube.com\\\/channel\\\/UCYc7vxxFZMYLIHNsHHxPZ3Q\"]},{\"@type\":\"Person\",\"@id\":\"https:\\\/\\\/conexion23.com\\\/#\\\/schema\\\/person\\\/c0b7ce1f0e7a915d08fa289072b8353a\",\"name\":\"Benjam\u00edn Rosario\",\"image\":{\"@type\":\"ImageObject\",\"inLanguage\":\"es\",\"@id\":\"https:\\\/\\\/secure.gravatar.com\\\/avatar\\\/62e1b2539b49cdeb50ee302e2a5f2bd31dc7fdba412bbac67e2a2a6e0c89bb2a?s=96&d=mm&r=g\",\"url\":\"https:\\\/\\\/secure.gravatar.com\\\/avatar\\\/62e1b2539b49cdeb50ee302e2a5f2bd31dc7fdba412bbac67e2a2a6e0c89bb2a?s=96&d=mm&r=g\",\"contentUrl\":\"https:\\\/\\\/secure.gravatar.com\\\/avatar\\\/62e1b2539b49cdeb50ee302e2a5f2bd31dc7fdba412bbac67e2a2a6e0c89bb2a?s=96&d=mm&r=g\",\"caption\":\"Benjam\u00edn Rosario\"},\"url\":\"https:\\\/\\\/conexion23.com\\\/?author=7\"}]}<\/script>\n<!-- \/ Yoast SEO plugin. -->","yoast_head_json":{"title":"Estudiante apu\u00f1ala a compa\u00f1ero de estudio en el Soco de SPM. - Conexi\u00f3n 23","description":"SAN PEDRO DE MACOR\u00cdS.- Un alumno hiri\u00f3 a otro con un pu\u00f1al mientras se encontraban en el plantel escolar Gregorio Urbano Girbert del paraje Boca del Soco en San Pedro de Macor\u00eds.","robots":{"index":"index","follow":"follow","max-snippet":"max-snippet:-1","max-image-preview":"max-image-preview:large","max-video-preview":"max-video-preview:-1"},"canonical":"https:\/\/conexion23.com\/?p=14904","og_locale":"es_ES","og_type":"article","og_title":"Estudiante apu\u00f1ala a compa\u00f1ero de estudio en el Soco de SPM. - Conexi\u00f3n 23","og_description":"SAN PEDRO DE MACOR\u00cdS.- Un alumno hiri\u00f3 a otro con un pu\u00f1al mientras se encontraban en el plantel escolar Gregorio Urbano Girbert del paraje Boca del Soco en San Pedro de Macor\u00eds.","og_url":"https:\/\/conexion23.com\/?p=14904","og_site_name":"Conexi\u00f3n 23","article_publisher":"https:\/\/www.facebook.com\/conexion23com","article_published_time":"2022-12-12T00:53:52+00:00","article_modified_time":"2022-12-12T00:53:56+00:00","author":"Benjam\u00edn Rosario","twitter_card":"summary_large_image","twitter_misc":{"Escrito por":"Benjam\u00edn Rosario","Tiempo de lectura":"1 minuto"},"schema":{"@context":"https:\/\/schema.org","@graph":[{"@type":"Article","@id":"https:\/\/conexion23.com\/?p=14904#article","isPartOf":{"@id":"https:\/\/conexion23.com\/?p=14904"},"author":{"name":"Benjam\u00edn Rosario","@id":"https:\/\/conexion23.com\/#\/schema\/person\/c0b7ce1f0e7a915d08fa289072b8353a"},"headline":"Estudiante apu\u00f1ala a compa\u00f1ero de estudio en el Soco de SPM.","datePublished":"2022-12-12T00:53:52+00:00","dateModified":"2022-12-12T00:53:56+00:00","mainEntityOfPage":{"@id":"https:\/\/conexion23.com\/?p=14904"},"wordCount":192,"commentCount":0,"publisher":{"@id":"https:\/\/conexion23.com\/#organization"},"keywords":["compa\u00f1ero","estudiante","Sanpedrodemacoris"],"articleSection":["SPM"],"inLanguage":"es","potentialAction":[{"@type":"CommentAction","name":"Comment","target":["https:\/\/conexion23.com\/?p=14904#respond"]}]},{"@type":"WebPage","@id":"https:\/\/conexion23.com\/?p=14904","url":"https:\/\/conexion23.com\/?p=14904","name":"Estudiante apu\u00f1ala a compa\u00f1ero de estudio en el Soco de SPM. - Conexi\u00f3n 23","isPartOf":{"@id":"https:\/\/conexion23.com\/#website"},"datePublished":"2022-12-12T00:53:52+00:00","dateModified":"2022-12-12T00:53:56+00:00","description":"SAN PEDRO DE MACOR\u00cdS.- Un alumno hiri\u00f3 a otro con un pu\u00f1al mientras se encontraban en el plantel escolar Gregorio Urbano Girbert del paraje Boca del Soco en San Pedro de Macor\u00eds.","breadcrumb":{"@id":"https:\/\/conexion23.com\/?p=14904#breadcrumb"},"inLanguage":"es","potentialAction":[{"@type":"ReadAction","target":["https:\/\/conexion23.com\/?p=14904"]}]},{"@type":"BreadcrumbList","@id":"https:\/\/conexion23.com\/?p=14904#breadcrumb","itemListElement":[{"@type":"ListItem","position":1,"name":"Portada","item":"https:\/\/conexion23.com\/"},{"@type":"ListItem","position":2,"name":"Estudiante apu\u00f1ala a compa\u00f1ero de estudio en el Soco de SPM."}]},{"@type":"WebSite","@id":"https:\/\/conexion23.com\/#website","url":"https:\/\/conexion23.com\/","name":"Conexi\u00f3n 23","description":"Peri\u00f3dico 100% Petromacorisano","publisher":{"@id":"https:\/\/conexion23.com\/#organization"},"potentialAction":[{"@type":"SearchAction","target":{"@type":"EntryPoint","urlTemplate":"https:\/\/conexion23.com\/?s={search_term_string}"},"query-input":{"@type":"PropertyValueSpecification","valueRequired":true,"valueName":"search_term_string"}}],"inLanguage":"es"},{"@type":"Organization","@id":"https:\/\/conexion23.com\/#organization","name":"Conexion 23","url":"https:\/\/conexion23.com\/","logo":{"@type":"ImageObject","inLanguage":"es","@id":"https:\/\/conexion23.com\/#\/schema\/logo\/image\/","url":"https:\/\/conexion23.com\/wp-content\/uploads\/2021\/11\/Diseno-sin-titulo-2.png","contentUrl":"https:\/\/conexion23.com\/wp-content\/uploads\/2021\/11\/Diseno-sin-titulo-2.png","width":541,"height":90,"caption":"Conexion 23"},"image":{"@id":"https:\/\/conexion23.com\/#\/schema\/logo\/image\/"},"sameAs":["https:\/\/www.facebook.com\/conexion23com","https:\/\/www.instagram.com\/conexion23com\/","https:\/\/www.youtube.com\/channel\/UCYc7vxxFZMYLIHNsHHxPZ3Q"]},{"@type":"Person","@id":"https:\/\/conexion23.com\/#\/schema\/person\/c0b7ce1f0e7a915d08fa289072b8353a","name":"Benjam\u00edn Rosario","image":{"@type":"ImageObject","inLanguage":"es","@id":"https:\/\/secure.gravatar.com\/avatar\/62e1b2539b49cdeb50ee302e2a5f2bd31dc7fdba412bbac67e2a2a6e0c89bb2a?s=96&d=mm&r=g","url":"https:\/\/secure.gravatar.com\/avatar\/62e1b2539b49cdeb50ee302e2a5f2bd31dc7fdba412bbac67e2a2a6e0c89bb2a?s=96&d=mm&r=g","contentUrl":"https:\/\/secure.gravatar.com\/avatar\/62e1b2539b49cdeb50ee302e2a5f2bd31dc7fdba412bbac67e2a2a6e0c89bb2a?s=96&d=mm&r=g","caption":"Benjam\u00edn Rosario"},"url":"https:\/\/conexion23.com\/?author=7"}]}},"_links":{"self":[{"href":"https:\/\/conexion23.com\/index.php?rest_route=\/wp\/v2\/posts\/14904","targetHints":{"allow":["GET"]}}],"collection":[{"href":"https:\/\/conexion23.com\/index.php?rest_route=\/wp\/v2\/posts"}],"about":[{"href":"https:\/\/conexion23.com\/index.php?rest_route=\/wp\/v2\/types\/post"}],"author":[{"embeddable":true,"href":"https:\/\/conexion23.com\/index.php?rest_route=\/wp\/v2\/users\/7"}],"replies":[{"embeddable":true,"href":"https:\/\/conexion23.com\/index.php?rest_route=%2Fwp%2Fv2%2Fcomments&post=14904"}],"version-history":[{"count":1,"href":"https:\/\/conexion23.com\/index.php?rest_route=\/wp\/v2\/posts\/14904\/revisions"}],"predecessor-version":[{"id":14906,"href":"https:\/\/conexion23.com\/index.php?rest_route=\/wp\/v2\/posts\/14904\/revisions\/14906"}],"wp:attachment":[{"href":"https:\/\/conexion23.com\/index.php?rest_route=%2Fwp%2Fv2%2Fmedia&parent=14904"}],"wp:term":[{"taxonomy":"category","embeddable":true,"href":"https:\/\/conexion23.com\/index.php?rest_route=%2Fwp%2Fv2%2Fcategories&post=14904"},{"taxonomy":"post_tag","embeddable":true,"href":"https:\/\/conexion23.com\/index.php?rest_route=%2Fwp%2Fv2%2Ftags&post=14904"}],"curies":[{"name":"wp","href":"https:\/\/api.w.org\/{rel}","templated":true}]}}