{"id":14912,"date":"2022-12-12T10:09:56","date_gmt":"2022-12-12T14:09:56","guid":{"rendered":"https:\/\/conexion23.com\/?p=14912"},"modified":"2022-12-12T10:10:00","modified_gmt":"2022-12-12T14:10:00","slug":"aumentan-hospitalizaciones-por-covid-en-eu","status":"publish","type":"post","link":"https:\/\/conexion23.com\/?p=14912","title":{"rendered":"Aumentan hospitalizaciones por Covid en EU"},"content":{"rendered":"\n<p class=\"wp-block-paragraph\">Las hospitalizaciones relacionadas con el coronavirus est\u00e1n volviendo a subir en Estados Unidos, donde las personas de edad avanzada representan una proporci\u00f3n cada vez mayor de las muertes y menos de la mitad de los residentes de casas para ancianos est\u00e1n al d\u00eda en la vacunaci\u00f3n contra el COVID-19.<\/p>\n\n\n\n<p class=\"wp-block-paragraph\">Estos signos alarmantes auguran un invierno dif\u00edcil para las personas mayores, lo que preocupa a Bartley O\u2019Hara, de 81 a\u00f1os y residente en una casa para ancianos, quien afirma estar \u201cvacunado hasta las cejas\u201d y sigue las tendencias hospitalarias del coronavirus, que \u201caumentan\u201d en el caso de los adultos mayores, pero se mantienen estables en el de los j\u00f3venes.<\/p>\n\n\n\n<p class=\"wp-block-paragraph\">\u201cLa sensaci\u00f3n de urgencia no es universal\u201d, afirma O\u2019Hara, de Washington D.C., pero \u201csi tienes 21 a\u00f1os, probablemente deber\u00edas preocuparte por tu abuela. Estamos todos juntos en esto\u201d.<\/p>\n\n\n\n<p class=\"wp-block-paragraph\">Un indicador preocupante para las personas mayores: Las hospitalizaciones de personas con COVID-19 aumentaron m\u00e1s de un 30% en dos semanas. La doctora Rochelle Walensky, directora de los Centros para el Control y la Prevenci\u00f3n de Enfermedades, afirma que gran parte del aumento se debe a las personas mayores y a las que ya tienen problemas de salud. Las cifras incluyen a todas las personas que dan positivo, independientemente del motivo de su ingreso.<br>Cuando se trata de proteger a las personas mayores, \u201cen este pa\u00eds lo estamos haciendo fatal\u201d, afirm\u00f3 el doctor Eric Topol, director del Scripps Research Translational Institute.<\/p>\n\n\n\n<p class=\"wp-block-paragraph\">Mientras los responsables de las casas para ancianos redoblan sus esfuerzos para que el personal y los residentes reciban la nueva versi\u00f3n de la vacuna, ahora recomendada para los mayores de 6 meses, se enfrentan a la autocomplacencia, la desinformaci\u00f3n y la fatiga con el tema. Piden ayuda a la Casa Blanca con un planteamiento de \u201ctodos a una\u201d.<\/p>\n\n\n\n<p class=\"wp-block-paragraph\">Seg\u00fan Katie Smith Sloan, presidenta de LeadingAge, que representa a las residencias de ancianos sin \u00e1nimo de lucro, se necesitan mensajes claros sobre lo que la vacuna puede hacer y lo que no. <\/p>\n","protected":false},"excerpt":{"rendered":"<p>Las hospitalizaciones relacionadas con el coronavirus est\u00e1n volviendo a subir en Estados Unidos, donde las personas de edad avanzada representan una proporci\u00f3n cada vez mayor de las muertes y menos de la mitad de los residentes de casas para ancianos est\u00e1n al d\u00eda en la vacunaci\u00f3n contra el COVID-19. Estos signos alarmantes auguran un invierno [&hellip;]<\/p>\n","protected":false},"author":7,"featured_media":0,"comment_status":"open","ping_status":"open","sticky":false,"template":"","format":"standard","meta":{"footnotes":""},"categories":[1],"tags":[],"class_list":["post-14912","post","type-post","status-publish","format-standard","category-uncategorized"],"yoast_head":"<!-- This site is optimized with the Yoast SEO plugin v27.6 - https:\/\/yoast.com\/product\/yoast-seo-wordpress\/ -->\n<title>Aumentan hospitalizaciones por Covid en EU - Conexi\u00f3n 23<\/title>\n<meta name=\"robots\" content=\"index, follow, max-snippet:-1, max-image-preview:large, max-video-preview:-1\" \/>\n<link rel=\"canonical\" href=\"https:\/\/conexion23.com\/?p=14912\" \/>\n<meta property=\"og:locale\" content=\"es_ES\" \/>\n<meta property=\"og:type\" content=\"article\" \/>\n<meta property=\"og:title\" content=\"Aumentan hospitalizaciones por Covid en EU - Conexi\u00f3n 23\" \/>\n<meta property=\"og:description\" content=\"Las hospitalizaciones relacionadas con el coronavirus est\u00e1n volviendo a subir en Estados Unidos, donde las personas de edad avanzada representan una proporci\u00f3n cada vez mayor de las muertes y menos de la mitad de los residentes de casas para ancianos est\u00e1n al d\u00eda en la vacunaci\u00f3n contra el COVID-19. Estos signos alarmantes auguran un invierno [&hellip;]\" \/>\n<meta property=\"og:url\" content=\"https:\/\/conexion23.com\/?p=14912\" \/>\n<meta property=\"og:site_name\" content=\"Conexi\u00f3n 23\" \/>\n<meta property=\"article:publisher\" content=\"https:\/\/www.facebook.com\/conexion23com\" \/>\n<meta property=\"article:published_time\" content=\"2022-12-12T14:09:56+00:00\" \/>\n<meta property=\"article:modified_time\" content=\"2022-12-12T14:10:00+00:00\" \/>\n<meta name=\"author\" content=\"Benjam\u00edn Rosario\" \/>\n<meta name=\"twitter:card\" content=\"summary_large_image\" \/>\n<meta name=\"twitter:label1\" content=\"Escrito por\" \/>\n\t<meta name=\"twitter:data1\" content=\"Benjam\u00edn Rosario\" \/>\n\t<meta name=\"twitter:label2\" content=\"Tiempo de lectura\" \/>\n\t<meta name=\"twitter:data2\" content=\"2 minutos\" \/>\n<script type=\"application\/ld+json\" class=\"yoast-schema-graph\">{\"@context\":\"https:\\\/\\\/schema.org\",\"@graph\":[{\"@type\":\"Article\",\"@id\":\"https:\\\/\\\/conexion23.com\\\/?p=14912#article\",\"isPartOf\":{\"@id\":\"https:\\\/\\\/conexion23.com\\\/?p=14912\"},\"author\":{\"name\":\"Benjam\u00edn Rosario\",\"@id\":\"https:\\\/\\\/conexion23.com\\\/#\\\/schema\\\/person\\\/c0b7ce1f0e7a915d08fa289072b8353a\"},\"headline\":\"Aumentan hospitalizaciones por Covid en EU\",\"datePublished\":\"2022-12-12T14:09:56+00:00\",\"dateModified\":\"2022-12-12T14:10:00+00:00\",\"mainEntityOfPage\":{\"@id\":\"https:\\\/\\\/conexion23.com\\\/?p=14912\"},\"wordCount\":351,\"commentCount\":0,\"publisher\":{\"@id\":\"https:\\\/\\\/conexion23.com\\\/#organization\"},\"articleSection\":[\"Uncategorized\"],\"inLanguage\":\"es\",\"potentialAction\":[{\"@type\":\"CommentAction\",\"name\":\"Comment\",\"target\":[\"https:\\\/\\\/conexion23.com\\\/?p=14912#respond\"]}]},{\"@type\":\"WebPage\",\"@id\":\"https:\\\/\\\/conexion23.com\\\/?p=14912\",\"url\":\"https:\\\/\\\/conexion23.com\\\/?p=14912\",\"name\":\"Aumentan hospitalizaciones por Covid en EU - Conexi\u00f3n 23\",\"isPartOf\":{\"@id\":\"https:\\\/\\\/conexion23.com\\\/#website\"},\"datePublished\":\"2022-12-12T14:09:56+00:00\",\"dateModified\":\"2022-12-12T14:10:00+00:00\",\"breadcrumb\":{\"@id\":\"https:\\\/\\\/conexion23.com\\\/?p=14912#breadcrumb\"},\"inLanguage\":\"es\",\"potentialAction\":[{\"@type\":\"ReadAction\",\"target\":[\"https:\\\/\\\/conexion23.com\\\/?p=14912\"]}]},{\"@type\":\"BreadcrumbList\",\"@id\":\"https:\\\/\\\/conexion23.com\\\/?p=14912#breadcrumb\",\"itemListElement\":[{\"@type\":\"ListItem\",\"position\":1,\"name\":\"Portada\",\"item\":\"https:\\\/\\\/conexion23.com\\\/\"},{\"@type\":\"ListItem\",\"position\":2,\"name\":\"Aumentan hospitalizaciones por Covid en EU\"}]},{\"@type\":\"WebSite\",\"@id\":\"https:\\\/\\\/conexion23.com\\\/#website\",\"url\":\"https:\\\/\\\/conexion23.com\\\/\",\"name\":\"Conexi\u00f3n 23\",\"description\":\"Peri\u00f3dico 100% Petromacorisano\",\"publisher\":{\"@id\":\"https:\\\/\\\/conexion23.com\\\/#organization\"},\"potentialAction\":[{\"@type\":\"SearchAction\",\"target\":{\"@type\":\"EntryPoint\",\"urlTemplate\":\"https:\\\/\\\/conexion23.com\\\/?s={search_term_string}\"},\"query-input\":{\"@type\":\"PropertyValueSpecification\",\"valueRequired\":true,\"valueName\":\"search_term_string\"}}],\"inLanguage\":\"es\"},{\"@type\":\"Organization\",\"@id\":\"https:\\\/\\\/conexion23.com\\\/#organization\",\"name\":\"Conexion 23\",\"url\":\"https:\\\/\\\/conexion23.com\\\/\",\"logo\":{\"@type\":\"ImageObject\",\"inLanguage\":\"es\",\"@id\":\"https:\\\/\\\/conexion23.com\\\/#\\\/schema\\\/logo\\\/image\\\/\",\"url\":\"https:\\\/\\\/conexion23.com\\\/wp-content\\\/uploads\\\/2021\\\/11\\\/Diseno-sin-titulo-2.png\",\"contentUrl\":\"https:\\\/\\\/conexion23.com\\\/wp-content\\\/uploads\\\/2021\\\/11\\\/Diseno-sin-titulo-2.png\",\"width\":541,\"height\":90,\"caption\":\"Conexion 23\"},\"image\":{\"@id\":\"https:\\\/\\\/conexion23.com\\\/#\\\/schema\\\/logo\\\/image\\\/\"},\"sameAs\":[\"https:\\\/\\\/www.facebook.com\\\/conexion23com\",\"https:\\\/\\\/www.instagram.com\\\/conexion23com\\\/\",\"https:\\\/\\\/www.youtube.com\\\/channel\\\/UCYc7vxxFZMYLIHNsHHxPZ3Q\"]},{\"@type\":\"Person\",\"@id\":\"https:\\\/\\\/conexion23.com\\\/#\\\/schema\\\/person\\\/c0b7ce1f0e7a915d08fa289072b8353a\",\"name\":\"Benjam\u00edn Rosario\",\"image\":{\"@type\":\"ImageObject\",\"inLanguage\":\"es\",\"@id\":\"https:\\\/\\\/secure.gravatar.com\\\/avatar\\\/62e1b2539b49cdeb50ee302e2a5f2bd31dc7fdba412bbac67e2a2a6e0c89bb2a?s=96&d=mm&r=g\",\"url\":\"https:\\\/\\\/secure.gravatar.com\\\/avatar\\\/62e1b2539b49cdeb50ee302e2a5f2bd31dc7fdba412bbac67e2a2a6e0c89bb2a?s=96&d=mm&r=g\",\"contentUrl\":\"https:\\\/\\\/secure.gravatar.com\\\/avatar\\\/62e1b2539b49cdeb50ee302e2a5f2bd31dc7fdba412bbac67e2a2a6e0c89bb2a?s=96&d=mm&r=g\",\"caption\":\"Benjam\u00edn Rosario\"},\"url\":\"https:\\\/\\\/conexion23.com\\\/?author=7\"}]}<\/script>\n<!-- \/ Yoast SEO plugin. -->","yoast_head_json":{"title":"Aumentan hospitalizaciones por Covid en EU - Conexi\u00f3n 23","robots":{"index":"index","follow":"follow","max-snippet":"max-snippet:-1","max-image-preview":"max-image-preview:large","max-video-preview":"max-video-preview:-1"},"canonical":"https:\/\/conexion23.com\/?p=14912","og_locale":"es_ES","og_type":"article","og_title":"Aumentan hospitalizaciones por Covid en EU - Conexi\u00f3n 23","og_description":"Las hospitalizaciones relacionadas con el coronavirus est\u00e1n volviendo a subir en Estados Unidos, donde las personas de edad avanzada representan una proporci\u00f3n cada vez mayor de las muertes y menos de la mitad de los residentes de casas para ancianos est\u00e1n al d\u00eda en la vacunaci\u00f3n contra el COVID-19. Estos signos alarmantes auguran un invierno [&hellip;]","og_url":"https:\/\/conexion23.com\/?p=14912","og_site_name":"Conexi\u00f3n 23","article_publisher":"https:\/\/www.facebook.com\/conexion23com","article_published_time":"2022-12-12T14:09:56+00:00","article_modified_time":"2022-12-12T14:10:00+00:00","author":"Benjam\u00edn Rosario","twitter_card":"summary_large_image","twitter_misc":{"Escrito por":"Benjam\u00edn Rosario","Tiempo de lectura":"2 minutos"},"schema":{"@context":"https:\/\/schema.org","@graph":[{"@type":"Article","@id":"https:\/\/conexion23.com\/?p=14912#article","isPartOf":{"@id":"https:\/\/conexion23.com\/?p=14912"},"author":{"name":"Benjam\u00edn Rosario","@id":"https:\/\/conexion23.com\/#\/schema\/person\/c0b7ce1f0e7a915d08fa289072b8353a"},"headline":"Aumentan hospitalizaciones por Covid en EU","datePublished":"2022-12-12T14:09:56+00:00","dateModified":"2022-12-12T14:10:00+00:00","mainEntityOfPage":{"@id":"https:\/\/conexion23.com\/?p=14912"},"wordCount":351,"commentCount":0,"publisher":{"@id":"https:\/\/conexion23.com\/#organization"},"articleSection":["Uncategorized"],"inLanguage":"es","potentialAction":[{"@type":"CommentAction","name":"Comment","target":["https:\/\/conexion23.com\/?p=14912#respond"]}]},{"@type":"WebPage","@id":"https:\/\/conexion23.com\/?p=14912","url":"https:\/\/conexion23.com\/?p=14912","name":"Aumentan hospitalizaciones por Covid en EU - Conexi\u00f3n 23","isPartOf":{"@id":"https:\/\/conexion23.com\/#website"},"datePublished":"2022-12-12T14:09:56+00:00","dateModified":"2022-12-12T14:10:00+00:00","breadcrumb":{"@id":"https:\/\/conexion23.com\/?p=14912#breadcrumb"},"inLanguage":"es","potentialAction":[{"@type":"ReadAction","target":["https:\/\/conexion23.com\/?p=14912"]}]},{"@type":"BreadcrumbList","@id":"https:\/\/conexion23.com\/?p=14912#breadcrumb","itemListElement":[{"@type":"ListItem","position":1,"name":"Portada","item":"https:\/\/conexion23.com\/"},{"@type":"ListItem","position":2,"name":"Aumentan hospitalizaciones por Covid en EU"}]},{"@type":"WebSite","@id":"https:\/\/conexion23.com\/#website","url":"https:\/\/conexion23.com\/","name":"Conexi\u00f3n 23","description":"Peri\u00f3dico 100% Petromacorisano","publisher":{"@id":"https:\/\/conexion23.com\/#organization"},"potentialAction":[{"@type":"SearchAction","target":{"@type":"EntryPoint","urlTemplate":"https:\/\/conexion23.com\/?s={search_term_string}"},"query-input":{"@type":"PropertyValueSpecification","valueRequired":true,"valueName":"search_term_string"}}],"inLanguage":"es"},{"@type":"Organization","@id":"https:\/\/conexion23.com\/#organization","name":"Conexion 23","url":"https:\/\/conexion23.com\/","logo":{"@type":"ImageObject","inLanguage":"es","@id":"https:\/\/conexion23.com\/#\/schema\/logo\/image\/","url":"https:\/\/conexion23.com\/wp-content\/uploads\/2021\/11\/Diseno-sin-titulo-2.png","contentUrl":"https:\/\/conexion23.com\/wp-content\/uploads\/2021\/11\/Diseno-sin-titulo-2.png","width":541,"height":90,"caption":"Conexion 23"},"image":{"@id":"https:\/\/conexion23.com\/#\/schema\/logo\/image\/"},"sameAs":["https:\/\/www.facebook.com\/conexion23com","https:\/\/www.instagram.com\/conexion23com\/","https:\/\/www.youtube.com\/channel\/UCYc7vxxFZMYLIHNsHHxPZ3Q"]},{"@type":"Person","@id":"https:\/\/conexion23.com\/#\/schema\/person\/c0b7ce1f0e7a915d08fa289072b8353a","name":"Benjam\u00edn Rosario","image":{"@type":"ImageObject","inLanguage":"es","@id":"https:\/\/secure.gravatar.com\/avatar\/62e1b2539b49cdeb50ee302e2a5f2bd31dc7fdba412bbac67e2a2a6e0c89bb2a?s=96&d=mm&r=g","url":"https:\/\/secure.gravatar.com\/avatar\/62e1b2539b49cdeb50ee302e2a5f2bd31dc7fdba412bbac67e2a2a6e0c89bb2a?s=96&d=mm&r=g","contentUrl":"https:\/\/secure.gravatar.com\/avatar\/62e1b2539b49cdeb50ee302e2a5f2bd31dc7fdba412bbac67e2a2a6e0c89bb2a?s=96&d=mm&r=g","caption":"Benjam\u00edn Rosario"},"url":"https:\/\/conexion23.com\/?author=7"}]}},"_links":{"self":[{"href":"https:\/\/conexion23.com\/index.php?rest_route=\/wp\/v2\/posts\/14912","targetHints":{"allow":["GET"]}}],"collection":[{"href":"https:\/\/conexion23.com\/index.php?rest_route=\/wp\/v2\/posts"}],"about":[{"href":"https:\/\/conexion23.com\/index.php?rest_route=\/wp\/v2\/types\/post"}],"author":[{"embeddable":true,"href":"https:\/\/conexion23.com\/index.php?rest_route=\/wp\/v2\/users\/7"}],"replies":[{"embeddable":true,"href":"https:\/\/conexion23.com\/index.php?rest_route=%2Fwp%2Fv2%2Fcomments&post=14912"}],"version-history":[{"count":1,"href":"https:\/\/conexion23.com\/index.php?rest_route=\/wp\/v2\/posts\/14912\/revisions"}],"predecessor-version":[{"id":14914,"href":"https:\/\/conexion23.com\/index.php?rest_route=\/wp\/v2\/posts\/14912\/revisions\/14914"}],"wp:attachment":[{"href":"https:\/\/conexion23.com\/index.php?rest_route=%2Fwp%2Fv2%2Fmedia&parent=14912"}],"wp:term":[{"taxonomy":"category","embeddable":true,"href":"https:\/\/conexion23.com\/index.php?rest_route=%2Fwp%2Fv2%2Fcategories&post=14912"},{"taxonomy":"post_tag","embeddable":true,"href":"https:\/\/conexion23.com\/index.php?rest_route=%2Fwp%2Fv2%2Ftags&post=14912"}],"curies":[{"name":"wp","href":"https:\/\/api.w.org\/{rel}","templated":true}]}}