{"id":14977,"date":"2022-12-13T09:51:03","date_gmt":"2022-12-13T13:51:03","guid":{"rendered":"https:\/\/conexion23.com\/?p=14977"},"modified":"2022-12-13T09:51:06","modified_gmt":"2022-12-13T13:51:06","slug":"seguidores-del-bolsonaro-causan-graves-disturbios-en-el-centro-de-brasilia","status":"publish","type":"post","link":"https:\/\/conexion23.com\/?p=14977","title":{"rendered":"Seguidores del Bolsonaro causan graves disturbios en el centro de Brasilia"},"content":{"rendered":"\n<p class=\"wp-block-paragraph\">Brasilia. \u2013 Manifestantes de extrema derecha, seguidores del presidente Jair Bolsonaro, causaron graves disturbios en la noche del lunes en el centro de Brasilia, para protestar por el arresto de un instigador de actos a favor de un golpe de Estado.<\/p>\n\n\n\n<p class=\"wp-block-paragraph\">Los bolsonaristas trataron de acceder por la fuerza a un edificio administrativo de la Polic\u00eda Federal, en el centro de Brasilia, pero fueron rechazados por las fuerzas de seguridad.<\/p>\n\n\n\n<p class=\"wp-block-paragraph\">Los disturbios se extendieron por un sector de hoteles vecino a la sede policial, en la zona donde se ubica el hotel donde se hospeda el presidente electo de Brasil, Luiz In\u00e1cio Lula da Silva, quien asumir\u00e1 el poder el 1 de enero.<\/p>\n\n\n\n<p class=\"wp-block-paragraph\">La Polic\u00eda mont\u00f3 un dispositivo de seguridad especial en torno al hotel e incluso desplaz\u00f3 un helic\u00f3ptero al edificio, pero el presidente electo finalmente no fue evacuado.<\/p>\n\n\n\n<p class=\"wp-block-paragraph\">Tras controlar la situaci\u00f3n en las calles, el futuro ministro de Justicia en el gabinete de Lula, Fl\u00e1vio Dino, garantiz\u00f3 que Lula est\u00e1 \u00abseguro\u00bb y \u00aben ning\u00fan momento\u00bb estuvo expuesto \u00aba alg\u00fan riesgo\u00bb.<\/p>\n\n\n\n<p class=\"wp-block-paragraph\">AUTOBUSES Y VEH\u00cdCULOS INCENDIADOS<\/p>\n\n\n\n<p class=\"wp-block-paragraph\">Los manifestantes prendieron fuego a varios veh\u00edculos, incluidos autom\u00f3viles que estaban aparcados en las inmediaciones del edificio de la Polic\u00eda Federal, y varios autobuses urbanos.<\/p>\n\n\n\n<p class=\"wp-block-paragraph\">Unos manifestantes empujaron un autob\u00fas hasta dejarlo colgado en el borde de un viaducto que superpone dos de las principales avenidas de la capital.<\/p>\n\n\n\n<p class=\"wp-block-paragraph\">Otros radicales causaron da\u00f1os en una gasolinera cercana, donde prendieron fuego a un autom\u00f3vil.<\/p>\n\n\n\n<p class=\"wp-block-paragraph\">Las autoridades locales hasta el momento no han realizado un balance de da\u00f1os, ni han informado si ha habido detenciones por los disturbios, que fueron controlados unas tres horas despu\u00e9s de que estallara la violencia, por la caballer\u00eda y agentes de la Polic\u00eda que usaron balas de goma y gases lacrim\u00f3genos.<\/p>\n\n\n\n<p class=\"wp-block-paragraph\">PROTESTA POR UNA DETENCI\u00d3N<\/p>\n\n\n\n<p class=\"wp-block-paragraph\">La protesta fue una respuesta a la detenci\u00f3n de un cacique ind\u00edgena de ideolog\u00eda bolsonarista, que est\u00e1 acusado de instigar protestas de cariz golpista.<\/p>\n\n\n\n<p class=\"wp-block-paragraph\">El cacique Jos\u00e9 Ac\u00e1cio Serere Xavante fue detenido por orden de un magistrado del Tribunal Supremo, por sospechas de que organiz\u00f3 \u00abmanifestaciones antidemocr\u00e1ticas en diversos lugares de Brasilia\u00bb, incluyendo la invasi\u00f3n al aeropuerto de la capital la semana pasada por parte de un grupo de ind\u00edgenas.<\/p>\n\n\n\n<p class=\"wp-block-paragraph\">Estando detenido por la Polic\u00eda Federal, Xavante pidi\u00f3 a los manifestantes que cesen hechos violentos como el \u00abincendio de autom\u00f3viles y el ataque contra la Polic\u00eda Federal\u00bb en un video enviado a los medios de comunicaci\u00f3n.<\/p>\n\n\n\n<p class=\"wp-block-paragraph\">SILENCIO DEL GOBIERNO<\/p>\n\n\n\n<p class=\"wp-block-paragraph\">El futuro ministro de Justicia, Fl\u00e1vio Dino, prometi\u00f3 en una rueda de prensa que todos los implicados en actos de vandalismo \u00abser\u00e1n responsabilizados\u00bb.<\/p>\n\n\n\n<p class=\"wp-block-paragraph\">En cambio, ninguna autoridad del Gobierno liderado por Bolsonaro conden\u00f3 los ataques hasta entrada la madrugada.<\/p>\n\n\n\n<p class=\"wp-block-paragraph\">El \u00fanico pronunciamiento por parte del Gobierno parti\u00f3 del ministro de Justicia, Anderson Torres, que dijo en redes sociales que \u00abtodo ser\u00e1 investigado y aclarado\u00bb y garantiz\u00f3 que la Polic\u00eda Federal colabor\u00f3 con las autoridades locales para \u00abcontener la violencia y restablecer el orden\u00bb.<\/p>\n\n\n\n<p class=\"wp-block-paragraph\">Horas antes de los incidentes, Bolsonaro se acerc\u00f3 a alentar a un grupo de centenares de manifestantes que se concentraban a las afueras del palacio de Alvorada, su residencia oficial.<\/p>\n\n\n\n<p class=\"wp-block-paragraph\">En esa ocasi\u00f3n, Bolsonaro no habl\u00f3, pero estuvo al lado de un sacerdote que grit\u00f3 consignas contra Lula a los extremistas, que desde hace un mes se concentran frente a los cuarteles para pedir a los militares que den un golpe de Estado.<\/p>\n\n\n\n<p class=\"wp-block-paragraph\">El pasado viernes Bolsonaro habl\u00f3 por primera vez a sus seguidores, despu\u00e9s de haber guardado silencio por cerca de 40 d\u00edas, y les inst\u00f3 a dejar de pedir la intervenci\u00f3n de los militares y que piensen \u00abqu\u00e9 pueden hacer cada uno de ellos por la patria\u00bb.<\/p>\n\n\n\n<p class=\"wp-block-paragraph\">Los disturbios sucedieron en el d\u00eda que Lula recibi\u00f3 el diploma que le acredita como presidente electo, un tr\u00e1mite previo a la investidura, que est\u00e1 prevista para el pr\u00f3ximo 1 de enero.<\/p>\n\n\n\n<p class=\"wp-block-paragraph\">Desde la segunda vuelta de las elecciones, celebradas el 30 de octubre, Bolsonaro no ha reconocido su derrota p\u00fablicamente ni ha felicitado a Lula, quien venci\u00f3 por un estrecho margen de menos de dos puntos porcentuales.<\/p>\n\n\n\n<p class=\"wp-block-paragraph\">Sin embargo, Bolsonaro s\u00ed ha permitido que se ponga en marcha la transici\u00f3n de Gobierno.<\/p>\n\n\n\n<p class=\"wp-block-paragraph\"><a href=\"https:\/\/www.godominicanrepublic.com\/es\/blog\/turismo-interno\/\" target=\"_blank\" rel=\"noreferrer noopener\"><\/a><\/p>\n","protected":false},"excerpt":{"rendered":"<p>Brasilia. \u2013 Manifestantes de extrema derecha, seguidores del presidente Jair Bolsonaro, causaron graves disturbios en la noche del lunes en el centro de Brasilia, para protestar por el arresto de un instigador de actos a favor de un golpe de Estado. Los bolsonaristas trataron de acceder por la fuerza a un edificio administrativo de la [&hellip;]<\/p>\n","protected":false},"author":15,"featured_media":0,"comment_status":"open","ping_status":"open","sticky":false,"template":"","format":"standard","meta":{"footnotes":""},"categories":[1],"tags":[],"class_list":["post-14977","post","type-post","status-publish","format-standard","category-uncategorized"],"yoast_head":"<!-- This site is optimized with the Yoast SEO plugin v27.6 - https:\/\/yoast.com\/product\/yoast-seo-wordpress\/ -->\n<title>Seguidores del Bolsonaro causan graves disturbios en el centro de Brasilia - Conexi\u00f3n 23<\/title>\n<meta name=\"robots\" content=\"index, follow, max-snippet:-1, max-image-preview:large, max-video-preview:-1\" \/>\n<link rel=\"canonical\" href=\"https:\/\/conexion23.com\/?p=14977\" \/>\n<meta property=\"og:locale\" content=\"es_ES\" \/>\n<meta property=\"og:type\" content=\"article\" \/>\n<meta property=\"og:title\" content=\"Seguidores del Bolsonaro causan graves disturbios en el centro de Brasilia - Conexi\u00f3n 23\" \/>\n<meta property=\"og:description\" content=\"Brasilia. \u2013 Manifestantes de extrema derecha, seguidores del presidente Jair Bolsonaro, causaron graves disturbios en la noche del lunes en el centro de Brasilia, para protestar por el arresto de un instigador de actos a favor de un golpe de Estado. Los bolsonaristas trataron de acceder por la fuerza a un edificio administrativo de la [&hellip;]\" \/>\n<meta property=\"og:url\" content=\"https:\/\/conexion23.com\/?p=14977\" \/>\n<meta property=\"og:site_name\" content=\"Conexi\u00f3n 23\" \/>\n<meta property=\"article:publisher\" content=\"https:\/\/www.facebook.com\/conexion23com\" \/>\n<meta property=\"article:published_time\" content=\"2022-12-13T13:51:03+00:00\" \/>\n<meta property=\"article:modified_time\" content=\"2022-12-13T13:51:06+00:00\" \/>\n<meta name=\"author\" content=\"Raffy Ben\u00edtez\" \/>\n<meta name=\"twitter:card\" content=\"summary_large_image\" \/>\n<meta name=\"twitter:label1\" content=\"Escrito por\" \/>\n\t<meta name=\"twitter:data1\" content=\"Raffy Ben\u00edtez\" \/>\n\t<meta name=\"twitter:label2\" content=\"Tiempo de lectura\" \/>\n\t<meta name=\"twitter:data2\" content=\"4 minutos\" \/>\n<script type=\"application\/ld+json\" class=\"yoast-schema-graph\">{\"@context\":\"https:\\\/\\\/schema.org\",\"@graph\":[{\"@type\":\"Article\",\"@id\":\"https:\\\/\\\/conexion23.com\\\/?p=14977#article\",\"isPartOf\":{\"@id\":\"https:\\\/\\\/conexion23.com\\\/?p=14977\"},\"author\":{\"name\":\"Raffy Ben\u00edtez\",\"@id\":\"https:\\\/\\\/conexion23.com\\\/#\\\/schema\\\/person\\\/03e36043331117e97a373299bbcd30a6\"},\"headline\":\"Seguidores del Bolsonaro causan graves disturbios en el centro de Brasilia\",\"datePublished\":\"2022-12-13T13:51:03+00:00\",\"dateModified\":\"2022-12-13T13:51:06+00:00\",\"mainEntityOfPage\":{\"@id\":\"https:\\\/\\\/conexion23.com\\\/?p=14977\"},\"wordCount\":739,\"commentCount\":0,\"publisher\":{\"@id\":\"https:\\\/\\\/conexion23.com\\\/#organization\"},\"articleSection\":[\"Uncategorized\"],\"inLanguage\":\"es\",\"potentialAction\":[{\"@type\":\"CommentAction\",\"name\":\"Comment\",\"target\":[\"https:\\\/\\\/conexion23.com\\\/?p=14977#respond\"]}]},{\"@type\":\"WebPage\",\"@id\":\"https:\\\/\\\/conexion23.com\\\/?p=14977\",\"url\":\"https:\\\/\\\/conexion23.com\\\/?p=14977\",\"name\":\"Seguidores del Bolsonaro causan graves disturbios en el centro de Brasilia - Conexi\u00f3n 23\",\"isPartOf\":{\"@id\":\"https:\\\/\\\/conexion23.com\\\/#website\"},\"datePublished\":\"2022-12-13T13:51:03+00:00\",\"dateModified\":\"2022-12-13T13:51:06+00:00\",\"breadcrumb\":{\"@id\":\"https:\\\/\\\/conexion23.com\\\/?p=14977#breadcrumb\"},\"inLanguage\":\"es\",\"potentialAction\":[{\"@type\":\"ReadAction\",\"target\":[\"https:\\\/\\\/conexion23.com\\\/?p=14977\"]}]},{\"@type\":\"BreadcrumbList\",\"@id\":\"https:\\\/\\\/conexion23.com\\\/?p=14977#breadcrumb\",\"itemListElement\":[{\"@type\":\"ListItem\",\"position\":1,\"name\":\"Portada\",\"item\":\"https:\\\/\\\/conexion23.com\\\/\"},{\"@type\":\"ListItem\",\"position\":2,\"name\":\"Seguidores del Bolsonaro causan graves disturbios en el centro de Brasilia\"}]},{\"@type\":\"WebSite\",\"@id\":\"https:\\\/\\\/conexion23.com\\\/#website\",\"url\":\"https:\\\/\\\/conexion23.com\\\/\",\"name\":\"Conexi\u00f3n 23\",\"description\":\"Peri\u00f3dico 100% Petromacorisano\",\"publisher\":{\"@id\":\"https:\\\/\\\/conexion23.com\\\/#organization\"},\"potentialAction\":[{\"@type\":\"SearchAction\",\"target\":{\"@type\":\"EntryPoint\",\"urlTemplate\":\"https:\\\/\\\/conexion23.com\\\/?s={search_term_string}\"},\"query-input\":{\"@type\":\"PropertyValueSpecification\",\"valueRequired\":true,\"valueName\":\"search_term_string\"}}],\"inLanguage\":\"es\"},{\"@type\":\"Organization\",\"@id\":\"https:\\\/\\\/conexion23.com\\\/#organization\",\"name\":\"Conexion 23\",\"url\":\"https:\\\/\\\/conexion23.com\\\/\",\"logo\":{\"@type\":\"ImageObject\",\"inLanguage\":\"es\",\"@id\":\"https:\\\/\\\/conexion23.com\\\/#\\\/schema\\\/logo\\\/image\\\/\",\"url\":\"https:\\\/\\\/conexion23.com\\\/wp-content\\\/uploads\\\/2021\\\/11\\\/Diseno-sin-titulo-2.png\",\"contentUrl\":\"https:\\\/\\\/conexion23.com\\\/wp-content\\\/uploads\\\/2021\\\/11\\\/Diseno-sin-titulo-2.png\",\"width\":541,\"height\":90,\"caption\":\"Conexion 23\"},\"image\":{\"@id\":\"https:\\\/\\\/conexion23.com\\\/#\\\/schema\\\/logo\\\/image\\\/\"},\"sameAs\":[\"https:\\\/\\\/www.facebook.com\\\/conexion23com\",\"https:\\\/\\\/www.instagram.com\\\/conexion23com\\\/\",\"https:\\\/\\\/www.youtube.com\\\/channel\\\/UCYc7vxxFZMYLIHNsHHxPZ3Q\"]},{\"@type\":\"Person\",\"@id\":\"https:\\\/\\\/conexion23.com\\\/#\\\/schema\\\/person\\\/03e36043331117e97a373299bbcd30a6\",\"name\":\"Raffy Ben\u00edtez\",\"image\":{\"@type\":\"ImageObject\",\"inLanguage\":\"es\",\"@id\":\"https:\\\/\\\/secure.gravatar.com\\\/avatar\\\/3190a6a6c5e1b0327500f7d6c56b6242472ee6cb974cf09b401ee6b3b0798f23?s=96&d=mm&r=g\",\"url\":\"https:\\\/\\\/secure.gravatar.com\\\/avatar\\\/3190a6a6c5e1b0327500f7d6c56b6242472ee6cb974cf09b401ee6b3b0798f23?s=96&d=mm&r=g\",\"contentUrl\":\"https:\\\/\\\/secure.gravatar.com\\\/avatar\\\/3190a6a6c5e1b0327500f7d6c56b6242472ee6cb974cf09b401ee6b3b0798f23?s=96&d=mm&r=g\",\"caption\":\"Raffy Ben\u00edtez\"},\"url\":\"https:\\\/\\\/conexion23.com\\\/?author=15\"}]}<\/script>\n<!-- \/ Yoast SEO plugin. -->","yoast_head_json":{"title":"Seguidores del Bolsonaro causan graves disturbios en el centro de Brasilia - Conexi\u00f3n 23","robots":{"index":"index","follow":"follow","max-snippet":"max-snippet:-1","max-image-preview":"max-image-preview:large","max-video-preview":"max-video-preview:-1"},"canonical":"https:\/\/conexion23.com\/?p=14977","og_locale":"es_ES","og_type":"article","og_title":"Seguidores del Bolsonaro causan graves disturbios en el centro de Brasilia - Conexi\u00f3n 23","og_description":"Brasilia. \u2013 Manifestantes de extrema derecha, seguidores del presidente Jair Bolsonaro, causaron graves disturbios en la noche del lunes en el centro de Brasilia, para protestar por el arresto de un instigador de actos a favor de un golpe de Estado. Los bolsonaristas trataron de acceder por la fuerza a un edificio administrativo de la [&hellip;]","og_url":"https:\/\/conexion23.com\/?p=14977","og_site_name":"Conexi\u00f3n 23","article_publisher":"https:\/\/www.facebook.com\/conexion23com","article_published_time":"2022-12-13T13:51:03+00:00","article_modified_time":"2022-12-13T13:51:06+00:00","author":"Raffy Ben\u00edtez","twitter_card":"summary_large_image","twitter_misc":{"Escrito por":"Raffy Ben\u00edtez","Tiempo de lectura":"4 minutos"},"schema":{"@context":"https:\/\/schema.org","@graph":[{"@type":"Article","@id":"https:\/\/conexion23.com\/?p=14977#article","isPartOf":{"@id":"https:\/\/conexion23.com\/?p=14977"},"author":{"name":"Raffy Ben\u00edtez","@id":"https:\/\/conexion23.com\/#\/schema\/person\/03e36043331117e97a373299bbcd30a6"},"headline":"Seguidores del Bolsonaro causan graves disturbios en el centro de Brasilia","datePublished":"2022-12-13T13:51:03+00:00","dateModified":"2022-12-13T13:51:06+00:00","mainEntityOfPage":{"@id":"https:\/\/conexion23.com\/?p=14977"},"wordCount":739,"commentCount":0,"publisher":{"@id":"https:\/\/conexion23.com\/#organization"},"articleSection":["Uncategorized"],"inLanguage":"es","potentialAction":[{"@type":"CommentAction","name":"Comment","target":["https:\/\/conexion23.com\/?p=14977#respond"]}]},{"@type":"WebPage","@id":"https:\/\/conexion23.com\/?p=14977","url":"https:\/\/conexion23.com\/?p=14977","name":"Seguidores del Bolsonaro causan graves disturbios en el centro de Brasilia - Conexi\u00f3n 23","isPartOf":{"@id":"https:\/\/conexion23.com\/#website"},"datePublished":"2022-12-13T13:51:03+00:00","dateModified":"2022-12-13T13:51:06+00:00","breadcrumb":{"@id":"https:\/\/conexion23.com\/?p=14977#breadcrumb"},"inLanguage":"es","potentialAction":[{"@type":"ReadAction","target":["https:\/\/conexion23.com\/?p=14977"]}]},{"@type":"BreadcrumbList","@id":"https:\/\/conexion23.com\/?p=14977#breadcrumb","itemListElement":[{"@type":"ListItem","position":1,"name":"Portada","item":"https:\/\/conexion23.com\/"},{"@type":"ListItem","position":2,"name":"Seguidores del Bolsonaro causan graves disturbios en el centro de Brasilia"}]},{"@type":"WebSite","@id":"https:\/\/conexion23.com\/#website","url":"https:\/\/conexion23.com\/","name":"Conexi\u00f3n 23","description":"Peri\u00f3dico 100% Petromacorisano","publisher":{"@id":"https:\/\/conexion23.com\/#organization"},"potentialAction":[{"@type":"SearchAction","target":{"@type":"EntryPoint","urlTemplate":"https:\/\/conexion23.com\/?s={search_term_string}"},"query-input":{"@type":"PropertyValueSpecification","valueRequired":true,"valueName":"search_term_string"}}],"inLanguage":"es"},{"@type":"Organization","@id":"https:\/\/conexion23.com\/#organization","name":"Conexion 23","url":"https:\/\/conexion23.com\/","logo":{"@type":"ImageObject","inLanguage":"es","@id":"https:\/\/conexion23.com\/#\/schema\/logo\/image\/","url":"https:\/\/conexion23.com\/wp-content\/uploads\/2021\/11\/Diseno-sin-titulo-2.png","contentUrl":"https:\/\/conexion23.com\/wp-content\/uploads\/2021\/11\/Diseno-sin-titulo-2.png","width":541,"height":90,"caption":"Conexion 23"},"image":{"@id":"https:\/\/conexion23.com\/#\/schema\/logo\/image\/"},"sameAs":["https:\/\/www.facebook.com\/conexion23com","https:\/\/www.instagram.com\/conexion23com\/","https:\/\/www.youtube.com\/channel\/UCYc7vxxFZMYLIHNsHHxPZ3Q"]},{"@type":"Person","@id":"https:\/\/conexion23.com\/#\/schema\/person\/03e36043331117e97a373299bbcd30a6","name":"Raffy Ben\u00edtez","image":{"@type":"ImageObject","inLanguage":"es","@id":"https:\/\/secure.gravatar.com\/avatar\/3190a6a6c5e1b0327500f7d6c56b6242472ee6cb974cf09b401ee6b3b0798f23?s=96&d=mm&r=g","url":"https:\/\/secure.gravatar.com\/avatar\/3190a6a6c5e1b0327500f7d6c56b6242472ee6cb974cf09b401ee6b3b0798f23?s=96&d=mm&r=g","contentUrl":"https:\/\/secure.gravatar.com\/avatar\/3190a6a6c5e1b0327500f7d6c56b6242472ee6cb974cf09b401ee6b3b0798f23?s=96&d=mm&r=g","caption":"Raffy Ben\u00edtez"},"url":"https:\/\/conexion23.com\/?author=15"}]}},"_links":{"self":[{"href":"https:\/\/conexion23.com\/index.php?rest_route=\/wp\/v2\/posts\/14977","targetHints":{"allow":["GET"]}}],"collection":[{"href":"https:\/\/conexion23.com\/index.php?rest_route=\/wp\/v2\/posts"}],"about":[{"href":"https:\/\/conexion23.com\/index.php?rest_route=\/wp\/v2\/types\/post"}],"author":[{"embeddable":true,"href":"https:\/\/conexion23.com\/index.php?rest_route=\/wp\/v2\/users\/15"}],"replies":[{"embeddable":true,"href":"https:\/\/conexion23.com\/index.php?rest_route=%2Fwp%2Fv2%2Fcomments&post=14977"}],"version-history":[{"count":1,"href":"https:\/\/conexion23.com\/index.php?rest_route=\/wp\/v2\/posts\/14977\/revisions"}],"predecessor-version":[{"id":14979,"href":"https:\/\/conexion23.com\/index.php?rest_route=\/wp\/v2\/posts\/14977\/revisions\/14979"}],"wp:attachment":[{"href":"https:\/\/conexion23.com\/index.php?rest_route=%2Fwp%2Fv2%2Fmedia&parent=14977"}],"wp:term":[{"taxonomy":"category","embeddable":true,"href":"https:\/\/conexion23.com\/index.php?rest_route=%2Fwp%2Fv2%2Fcategories&post=14977"},{"taxonomy":"post_tag","embeddable":true,"href":"https:\/\/conexion23.com\/index.php?rest_route=%2Fwp%2Fv2%2Ftags&post=14977"}],"curies":[{"name":"wp","href":"https:\/\/api.w.org\/{rel}","templated":true}]}}