{"id":14980,"date":"2022-12-13T10:00:34","date_gmt":"2022-12-13T14:00:34","guid":{"rendered":"https:\/\/conexion23.com\/?p=14980"},"modified":"2022-12-13T10:00:37","modified_gmt":"2022-12-13T14:00:37","slug":"mueren-cuatro-durante-protestas-por-nuevos-comicios-en-peru","status":"publish","type":"post","link":"https:\/\/conexion23.com\/?p=14980","title":{"rendered":"Mueren cuatro durante protestas por nuevos comicios en Per\u00fa"},"content":{"rendered":"\n<p class=\"wp-block-paragraph\">Los enfrentamientos en las protestas que reclaman la convocatoria anticipada de nuevos comicios en Per\u00fa y la renuncia de la presidenta Dina Boluarte suman cuatro manifestantes muertos, el \u00faltimo fallecido confirmado en la provincia de Chincheros, en el departamento de Apur\u00edmac, epicentro del conflicto, confirmaron fuentes policiales.<\/p>\n\n\n\n<p class=\"wp-block-paragraph\">El fallecido ha sido identificado como Jhonatan Lloclla, el cuarto en las protestas que comenzaron tras la detenci\u00f3n del expresidente Pedro Castillo por su intento fallido de golpe de estado y la llegada al cargo de presidenta de Dina Boluarte el pasado mi\u00e9rcoles.<\/p>\n\n\n\n<p class=\"wp-block-paragraph\">En la provincia de Chincheros, los manifestantes incendiaron el local del Ministerio P\u00fablico y la comisar\u00eda, informaron a EFE fuentes de la Polic\u00eda Nacional de Per\u00fa (PNP).<\/p>\n\n\n\n<p class=\"wp-block-paragraph\">\u201c\u00a1Necesitamos apoyo en Chincheros! Que venga un helic\u00f3ptero para dispersar a las personas. Solo somos 30 efectivos. Ya se nos est\u00e1 acabando la munici\u00f3n, tenemos polic\u00edas heridos\u201d, pidi\u00f3 un polic\u00eda de Chincheros en un audio.<\/p>\n\n\n\n<p class=\"wp-block-paragraph\">Del mismo modo, fuentes policiales aseguraron que la multitud de manifestantes de Chincheros, estimada en aproximadamente 300 personas, ha rebasado a las fuerzas del orden.<\/p>\n\n\n\n<p class=\"wp-block-paragraph\">Mientras tanto, en Andahuaylas, tambi\u00e9n en Apur\u00edmac y donde ya hay dos muertos registrados, la presencia de manifestantes se ha reducido a 500 personas aproximadamente que siguen enfrent\u00e1ndose a las fuerzas de seguridad con cohetes, c\u00f3cteles molotov y otros artefactos, seg\u00fan la PNP.<\/p>\n\n\n\n<p class=\"wp-block-paragraph\">Para esa regi\u00f3n, el Gobierno de Dina Boluarte, a trav\u00e9s de su&nbsp;<strong><a href=\"https:\/\/twitter.com\/MindefPeru\">ministro de Defensa<\/a><\/strong>, ha anunciado que en las pr\u00f3ximas horas se decretar\u00e1 el estado de emergencia para hacer frente a las manifestaciones.<\/p>\n","protected":false},"excerpt":{"rendered":"<p>Los enfrentamientos en las protestas que reclaman la convocatoria anticipada de nuevos comicios en Per\u00fa y la renuncia de la presidenta Dina Boluarte suman cuatro manifestantes muertos, el \u00faltimo fallecido confirmado en la provincia de Chincheros, en el departamento de Apur\u00edmac, epicentro del conflicto, confirmaron fuentes policiales. El fallecido ha sido identificado como Jhonatan Lloclla, [&hellip;]<\/p>\n","protected":false},"author":15,"featured_media":0,"comment_status":"open","ping_status":"open","sticky":false,"template":"","format":"standard","meta":{"footnotes":""},"categories":[1],"tags":[],"class_list":["post-14980","post","type-post","status-publish","format-standard","category-uncategorized"],"yoast_head":"<!-- This site is optimized with the Yoast SEO plugin v27.6 - https:\/\/yoast.com\/product\/yoast-seo-wordpress\/ -->\n<title>Mueren cuatro durante protestas por nuevos comicios en Per\u00fa - Conexi\u00f3n 23<\/title>\n<meta name=\"robots\" content=\"index, follow, max-snippet:-1, max-image-preview:large, max-video-preview:-1\" \/>\n<link rel=\"canonical\" href=\"https:\/\/conexion23.com\/?p=14980\" \/>\n<meta property=\"og:locale\" content=\"es_ES\" \/>\n<meta property=\"og:type\" content=\"article\" \/>\n<meta property=\"og:title\" content=\"Mueren cuatro durante protestas por nuevos comicios en Per\u00fa - Conexi\u00f3n 23\" \/>\n<meta property=\"og:description\" content=\"Los enfrentamientos en las protestas que reclaman la convocatoria anticipada de nuevos comicios en Per\u00fa y la renuncia de la presidenta Dina Boluarte suman cuatro manifestantes muertos, el \u00faltimo fallecido confirmado en la provincia de Chincheros, en el departamento de Apur\u00edmac, epicentro del conflicto, confirmaron fuentes policiales. El fallecido ha sido identificado como Jhonatan Lloclla, [&hellip;]\" \/>\n<meta property=\"og:url\" content=\"https:\/\/conexion23.com\/?p=14980\" \/>\n<meta property=\"og:site_name\" content=\"Conexi\u00f3n 23\" \/>\n<meta property=\"article:publisher\" content=\"https:\/\/www.facebook.com\/conexion23com\" \/>\n<meta property=\"article:published_time\" content=\"2022-12-13T14:00:34+00:00\" \/>\n<meta property=\"article:modified_time\" content=\"2022-12-13T14:00:37+00:00\" \/>\n<meta name=\"author\" content=\"Raffy Ben\u00edtez\" \/>\n<meta name=\"twitter:card\" content=\"summary_large_image\" \/>\n<meta name=\"twitter:label1\" content=\"Escrito por\" \/>\n\t<meta name=\"twitter:data1\" content=\"Raffy Ben\u00edtez\" \/>\n\t<meta name=\"twitter:label2\" content=\"Tiempo de lectura\" \/>\n\t<meta name=\"twitter:data2\" content=\"2 minutos\" \/>\n<script type=\"application\/ld+json\" class=\"yoast-schema-graph\">{\"@context\":\"https:\\\/\\\/schema.org\",\"@graph\":[{\"@type\":\"Article\",\"@id\":\"https:\\\/\\\/conexion23.com\\\/?p=14980#article\",\"isPartOf\":{\"@id\":\"https:\\\/\\\/conexion23.com\\\/?p=14980\"},\"author\":{\"name\":\"Raffy Ben\u00edtez\",\"@id\":\"https:\\\/\\\/conexion23.com\\\/#\\\/schema\\\/person\\\/03e36043331117e97a373299bbcd30a6\"},\"headline\":\"Mueren cuatro durante protestas por nuevos comicios en Per\u00fa\",\"datePublished\":\"2022-12-13T14:00:34+00:00\",\"dateModified\":\"2022-12-13T14:00:37+00:00\",\"mainEntityOfPage\":{\"@id\":\"https:\\\/\\\/conexion23.com\\\/?p=14980\"},\"wordCount\":279,\"commentCount\":0,\"publisher\":{\"@id\":\"https:\\\/\\\/conexion23.com\\\/#organization\"},\"articleSection\":[\"Uncategorized\"],\"inLanguage\":\"es\",\"potentialAction\":[{\"@type\":\"CommentAction\",\"name\":\"Comment\",\"target\":[\"https:\\\/\\\/conexion23.com\\\/?p=14980#respond\"]}]},{\"@type\":\"WebPage\",\"@id\":\"https:\\\/\\\/conexion23.com\\\/?p=14980\",\"url\":\"https:\\\/\\\/conexion23.com\\\/?p=14980\",\"name\":\"Mueren cuatro durante protestas por nuevos comicios en Per\u00fa - Conexi\u00f3n 23\",\"isPartOf\":{\"@id\":\"https:\\\/\\\/conexion23.com\\\/#website\"},\"datePublished\":\"2022-12-13T14:00:34+00:00\",\"dateModified\":\"2022-12-13T14:00:37+00:00\",\"breadcrumb\":{\"@id\":\"https:\\\/\\\/conexion23.com\\\/?p=14980#breadcrumb\"},\"inLanguage\":\"es\",\"potentialAction\":[{\"@type\":\"ReadAction\",\"target\":[\"https:\\\/\\\/conexion23.com\\\/?p=14980\"]}]},{\"@type\":\"BreadcrumbList\",\"@id\":\"https:\\\/\\\/conexion23.com\\\/?p=14980#breadcrumb\",\"itemListElement\":[{\"@type\":\"ListItem\",\"position\":1,\"name\":\"Portada\",\"item\":\"https:\\\/\\\/conexion23.com\\\/\"},{\"@type\":\"ListItem\",\"position\":2,\"name\":\"Mueren cuatro durante protestas por nuevos comicios en Per\u00fa\"}]},{\"@type\":\"WebSite\",\"@id\":\"https:\\\/\\\/conexion23.com\\\/#website\",\"url\":\"https:\\\/\\\/conexion23.com\\\/\",\"name\":\"Conexi\u00f3n 23\",\"description\":\"Peri\u00f3dico 100% Petromacorisano\",\"publisher\":{\"@id\":\"https:\\\/\\\/conexion23.com\\\/#organization\"},\"potentialAction\":[{\"@type\":\"SearchAction\",\"target\":{\"@type\":\"EntryPoint\",\"urlTemplate\":\"https:\\\/\\\/conexion23.com\\\/?s={search_term_string}\"},\"query-input\":{\"@type\":\"PropertyValueSpecification\",\"valueRequired\":true,\"valueName\":\"search_term_string\"}}],\"inLanguage\":\"es\"},{\"@type\":\"Organization\",\"@id\":\"https:\\\/\\\/conexion23.com\\\/#organization\",\"name\":\"Conexion 23\",\"url\":\"https:\\\/\\\/conexion23.com\\\/\",\"logo\":{\"@type\":\"ImageObject\",\"inLanguage\":\"es\",\"@id\":\"https:\\\/\\\/conexion23.com\\\/#\\\/schema\\\/logo\\\/image\\\/\",\"url\":\"https:\\\/\\\/conexion23.com\\\/wp-content\\\/uploads\\\/2021\\\/11\\\/Diseno-sin-titulo-2.png\",\"contentUrl\":\"https:\\\/\\\/conexion23.com\\\/wp-content\\\/uploads\\\/2021\\\/11\\\/Diseno-sin-titulo-2.png\",\"width\":541,\"height\":90,\"caption\":\"Conexion 23\"},\"image\":{\"@id\":\"https:\\\/\\\/conexion23.com\\\/#\\\/schema\\\/logo\\\/image\\\/\"},\"sameAs\":[\"https:\\\/\\\/www.facebook.com\\\/conexion23com\",\"https:\\\/\\\/www.instagram.com\\\/conexion23com\\\/\",\"https:\\\/\\\/www.youtube.com\\\/channel\\\/UCYc7vxxFZMYLIHNsHHxPZ3Q\"]},{\"@type\":\"Person\",\"@id\":\"https:\\\/\\\/conexion23.com\\\/#\\\/schema\\\/person\\\/03e36043331117e97a373299bbcd30a6\",\"name\":\"Raffy Ben\u00edtez\",\"image\":{\"@type\":\"ImageObject\",\"inLanguage\":\"es\",\"@id\":\"https:\\\/\\\/secure.gravatar.com\\\/avatar\\\/3190a6a6c5e1b0327500f7d6c56b6242472ee6cb974cf09b401ee6b3b0798f23?s=96&d=mm&r=g\",\"url\":\"https:\\\/\\\/secure.gravatar.com\\\/avatar\\\/3190a6a6c5e1b0327500f7d6c56b6242472ee6cb974cf09b401ee6b3b0798f23?s=96&d=mm&r=g\",\"contentUrl\":\"https:\\\/\\\/secure.gravatar.com\\\/avatar\\\/3190a6a6c5e1b0327500f7d6c56b6242472ee6cb974cf09b401ee6b3b0798f23?s=96&d=mm&r=g\",\"caption\":\"Raffy Ben\u00edtez\"},\"url\":\"https:\\\/\\\/conexion23.com\\\/?author=15\"}]}<\/script>\n<!-- \/ Yoast SEO plugin. -->","yoast_head_json":{"title":"Mueren cuatro durante protestas por nuevos comicios en Per\u00fa - Conexi\u00f3n 23","robots":{"index":"index","follow":"follow","max-snippet":"max-snippet:-1","max-image-preview":"max-image-preview:large","max-video-preview":"max-video-preview:-1"},"canonical":"https:\/\/conexion23.com\/?p=14980","og_locale":"es_ES","og_type":"article","og_title":"Mueren cuatro durante protestas por nuevos comicios en Per\u00fa - Conexi\u00f3n 23","og_description":"Los enfrentamientos en las protestas que reclaman la convocatoria anticipada de nuevos comicios en Per\u00fa y la renuncia de la presidenta Dina Boluarte suman cuatro manifestantes muertos, el \u00faltimo fallecido confirmado en la provincia de Chincheros, en el departamento de Apur\u00edmac, epicentro del conflicto, confirmaron fuentes policiales. El fallecido ha sido identificado como Jhonatan Lloclla, [&hellip;]","og_url":"https:\/\/conexion23.com\/?p=14980","og_site_name":"Conexi\u00f3n 23","article_publisher":"https:\/\/www.facebook.com\/conexion23com","article_published_time":"2022-12-13T14:00:34+00:00","article_modified_time":"2022-12-13T14:00:37+00:00","author":"Raffy Ben\u00edtez","twitter_card":"summary_large_image","twitter_misc":{"Escrito por":"Raffy Ben\u00edtez","Tiempo de lectura":"2 minutos"},"schema":{"@context":"https:\/\/schema.org","@graph":[{"@type":"Article","@id":"https:\/\/conexion23.com\/?p=14980#article","isPartOf":{"@id":"https:\/\/conexion23.com\/?p=14980"},"author":{"name":"Raffy Ben\u00edtez","@id":"https:\/\/conexion23.com\/#\/schema\/person\/03e36043331117e97a373299bbcd30a6"},"headline":"Mueren cuatro durante protestas por nuevos comicios en Per\u00fa","datePublished":"2022-12-13T14:00:34+00:00","dateModified":"2022-12-13T14:00:37+00:00","mainEntityOfPage":{"@id":"https:\/\/conexion23.com\/?p=14980"},"wordCount":279,"commentCount":0,"publisher":{"@id":"https:\/\/conexion23.com\/#organization"},"articleSection":["Uncategorized"],"inLanguage":"es","potentialAction":[{"@type":"CommentAction","name":"Comment","target":["https:\/\/conexion23.com\/?p=14980#respond"]}]},{"@type":"WebPage","@id":"https:\/\/conexion23.com\/?p=14980","url":"https:\/\/conexion23.com\/?p=14980","name":"Mueren cuatro durante protestas por nuevos comicios en Per\u00fa - Conexi\u00f3n 23","isPartOf":{"@id":"https:\/\/conexion23.com\/#website"},"datePublished":"2022-12-13T14:00:34+00:00","dateModified":"2022-12-13T14:00:37+00:00","breadcrumb":{"@id":"https:\/\/conexion23.com\/?p=14980#breadcrumb"},"inLanguage":"es","potentialAction":[{"@type":"ReadAction","target":["https:\/\/conexion23.com\/?p=14980"]}]},{"@type":"BreadcrumbList","@id":"https:\/\/conexion23.com\/?p=14980#breadcrumb","itemListElement":[{"@type":"ListItem","position":1,"name":"Portada","item":"https:\/\/conexion23.com\/"},{"@type":"ListItem","position":2,"name":"Mueren cuatro durante protestas por nuevos comicios en Per\u00fa"}]},{"@type":"WebSite","@id":"https:\/\/conexion23.com\/#website","url":"https:\/\/conexion23.com\/","name":"Conexi\u00f3n 23","description":"Peri\u00f3dico 100% Petromacorisano","publisher":{"@id":"https:\/\/conexion23.com\/#organization"},"potentialAction":[{"@type":"SearchAction","target":{"@type":"EntryPoint","urlTemplate":"https:\/\/conexion23.com\/?s={search_term_string}"},"query-input":{"@type":"PropertyValueSpecification","valueRequired":true,"valueName":"search_term_string"}}],"inLanguage":"es"},{"@type":"Organization","@id":"https:\/\/conexion23.com\/#organization","name":"Conexion 23","url":"https:\/\/conexion23.com\/","logo":{"@type":"ImageObject","inLanguage":"es","@id":"https:\/\/conexion23.com\/#\/schema\/logo\/image\/","url":"https:\/\/conexion23.com\/wp-content\/uploads\/2021\/11\/Diseno-sin-titulo-2.png","contentUrl":"https:\/\/conexion23.com\/wp-content\/uploads\/2021\/11\/Diseno-sin-titulo-2.png","width":541,"height":90,"caption":"Conexion 23"},"image":{"@id":"https:\/\/conexion23.com\/#\/schema\/logo\/image\/"},"sameAs":["https:\/\/www.facebook.com\/conexion23com","https:\/\/www.instagram.com\/conexion23com\/","https:\/\/www.youtube.com\/channel\/UCYc7vxxFZMYLIHNsHHxPZ3Q"]},{"@type":"Person","@id":"https:\/\/conexion23.com\/#\/schema\/person\/03e36043331117e97a373299bbcd30a6","name":"Raffy Ben\u00edtez","image":{"@type":"ImageObject","inLanguage":"es","@id":"https:\/\/secure.gravatar.com\/avatar\/3190a6a6c5e1b0327500f7d6c56b6242472ee6cb974cf09b401ee6b3b0798f23?s=96&d=mm&r=g","url":"https:\/\/secure.gravatar.com\/avatar\/3190a6a6c5e1b0327500f7d6c56b6242472ee6cb974cf09b401ee6b3b0798f23?s=96&d=mm&r=g","contentUrl":"https:\/\/secure.gravatar.com\/avatar\/3190a6a6c5e1b0327500f7d6c56b6242472ee6cb974cf09b401ee6b3b0798f23?s=96&d=mm&r=g","caption":"Raffy Ben\u00edtez"},"url":"https:\/\/conexion23.com\/?author=15"}]}},"_links":{"self":[{"href":"https:\/\/conexion23.com\/index.php?rest_route=\/wp\/v2\/posts\/14980","targetHints":{"allow":["GET"]}}],"collection":[{"href":"https:\/\/conexion23.com\/index.php?rest_route=\/wp\/v2\/posts"}],"about":[{"href":"https:\/\/conexion23.com\/index.php?rest_route=\/wp\/v2\/types\/post"}],"author":[{"embeddable":true,"href":"https:\/\/conexion23.com\/index.php?rest_route=\/wp\/v2\/users\/15"}],"replies":[{"embeddable":true,"href":"https:\/\/conexion23.com\/index.php?rest_route=%2Fwp%2Fv2%2Fcomments&post=14980"}],"version-history":[{"count":1,"href":"https:\/\/conexion23.com\/index.php?rest_route=\/wp\/v2\/posts\/14980\/revisions"}],"predecessor-version":[{"id":14982,"href":"https:\/\/conexion23.com\/index.php?rest_route=\/wp\/v2\/posts\/14980\/revisions\/14982"}],"wp:attachment":[{"href":"https:\/\/conexion23.com\/index.php?rest_route=%2Fwp%2Fv2%2Fmedia&parent=14980"}],"wp:term":[{"taxonomy":"category","embeddable":true,"href":"https:\/\/conexion23.com\/index.php?rest_route=%2Fwp%2Fv2%2Fcategories&post=14980"},{"taxonomy":"post_tag","embeddable":true,"href":"https:\/\/conexion23.com\/index.php?rest_route=%2Fwp%2Fv2%2Ftags&post=14980"}],"curies":[{"name":"wp","href":"https:\/\/api.w.org\/{rel}","templated":true}]}}