{"id":15212,"date":"2022-12-22T16:12:02","date_gmt":"2022-12-22T20:12:02","guid":{"rendered":"https:\/\/conexion23.com\/?p=15212"},"modified":"2022-12-22T16:12:06","modified_gmt":"2022-12-22T20:12:06","slug":"obispo-de-spm-llama-al-pueblo-a-la-prudencia-durante-fiestas-navidenas","status":"publish","type":"post","link":"https:\/\/conexion23.com\/?p=15212","title":{"rendered":"Obispo de SPM llama al pueblo a la prudencia durante fiestas navide\u00f1as"},"content":{"rendered":"\n<p class=\"wp-block-paragraph\">El obispo de la Di\u00f3cesis de San Pedro de Macor\u00eds y Hato Mayor, monse\u00f1or Santiago Rodr\u00edguez, llam\u00f3 a la ciudadan\u00eda a cuidarse y andar con prudencia, para evitar violencia y hechos delictivos en el desarrollo de las fiestas navide\u00f1as.<\/p>\n\n\n\n<p class=\"wp-block-paragraph\">Indic\u00f3 que hay que evitar al m\u00e1ximo la ocurrencia de hechos negativos y que reine la paz y la concordia en las festividades navide\u00f1as, la familia y el pueblo dominicano y, exhorta a la poblaci\u00f3n a vivir el verdadero sentido de la navidad.<\/p>\n\n\n\n<p class=\"wp-block-paragraph\">\u201cVamos a unirnos para que seamos m\u00e1s fuertes y, as\u00ed contrarrestar todos signos de muertes y, dar signos de vida y que no nos arrope la violencia y la delincuencia en estos d\u00edas tan hermosos de compartir y de experimentar la alegr\u00eda de Dios con nosotros\u201d, expres\u00f3 monse\u00f1or Rodr\u00edguez.<\/p>\n\n\n\n<p class=\"wp-block-paragraph\">Se\u00f1al\u00f3 que esta es una \u00e9poca para enviarle a la poblaci\u00f3n un mensaje de esperanza, de paz, de concordia, de perd\u00f3n, sobre todo de solidaridad en este tiempo tan hermoso de la navidad, donde los cristianos recordamos, celebramos y experimentamos la encarnaci\u00f3n de Dios por medio de su hijo Jesucristo.<\/p>\n\n\n\n<p class=\"wp-block-paragraph\">Sostuvo que esta encarnaci\u00f3n en que Dios se hace hombre, es para redimir y, que esa persona tenga vida en abundancia, por lo que debemos dejarnos guiar por la verdad, el camino y la vida que es nuestro se\u00f1or Jesucristo.<\/p>\n\n\n\n<p class=\"wp-block-paragraph\">El prelado cat\u00f3lico dijo que debemos decirle no a la violencia, al desorden y al despilfarro en este tiempo, y no querer llevarnos el mundo por delante y pensar que esta navidad es la \u00faltima que nos toca vivir.<\/p>\n\n\n\n<p class=\"wp-block-paragraph\">El obispo Rodr\u00edguez entiende que nos tocara vivir otras \u00e9pocas navide\u00f1as, por lo que llama a la ciudadan\u00eda a respetar la leyes de tr\u00e1nsito y las disposiciones establecidas por los organismos correspondientes, para en vez de llevar luto a la familia dominicana, a tu propia familia y a tu propia vida, llevemos alegr\u00eda y paz.<\/p>\n\n\n\n<p class=\"wp-block-paragraph\">Cortes\u00eda: Viprensa.<\/p>\n","protected":false},"excerpt":{"rendered":"<p>El obispo de la Di\u00f3cesis de San Pedro de Macor\u00eds y Hato Mayor, monse\u00f1or Santiago Rodr\u00edguez, llam\u00f3 a la ciudadan\u00eda a cuidarse y andar con prudencia, para evitar violencia y hechos delictivos en el desarrollo de las fiestas navide\u00f1as. Indic\u00f3 que hay que evitar al m\u00e1ximo la ocurrencia de hechos negativos y que reine la [&hellip;]<\/p>\n","protected":false},"author":15,"featured_media":0,"comment_status":"open","ping_status":"open","sticky":false,"template":"","format":"standard","meta":{"footnotes":""},"categories":[35],"tags":[],"class_list":["post-15212","post","type-post","status-publish","format-standard","category-spm"],"yoast_head":"<!-- This site is optimized with the Yoast SEO plugin v27.6 - https:\/\/yoast.com\/product\/yoast-seo-wordpress\/ -->\n<title>Obispo de SPM llama al pueblo a la prudencia durante fiestas navide\u00f1as - Conexi\u00f3n 23<\/title>\n<meta name=\"robots\" content=\"index, follow, max-snippet:-1, max-image-preview:large, max-video-preview:-1\" \/>\n<link rel=\"canonical\" href=\"https:\/\/conexion23.com\/?p=15212\" \/>\n<meta property=\"og:locale\" content=\"es_ES\" \/>\n<meta property=\"og:type\" content=\"article\" \/>\n<meta property=\"og:title\" content=\"Obispo de SPM llama al pueblo a la prudencia durante fiestas navide\u00f1as - Conexi\u00f3n 23\" \/>\n<meta property=\"og:description\" content=\"El obispo de la Di\u00f3cesis de San Pedro de Macor\u00eds y Hato Mayor, monse\u00f1or Santiago Rodr\u00edguez, llam\u00f3 a la ciudadan\u00eda a cuidarse y andar con prudencia, para evitar violencia y hechos delictivos en el desarrollo de las fiestas navide\u00f1as. Indic\u00f3 que hay que evitar al m\u00e1ximo la ocurrencia de hechos negativos y que reine la [&hellip;]\" \/>\n<meta property=\"og:url\" content=\"https:\/\/conexion23.com\/?p=15212\" \/>\n<meta property=\"og:site_name\" content=\"Conexi\u00f3n 23\" \/>\n<meta property=\"article:publisher\" content=\"https:\/\/www.facebook.com\/conexion23com\" \/>\n<meta property=\"article:published_time\" content=\"2022-12-22T20:12:02+00:00\" \/>\n<meta property=\"article:modified_time\" content=\"2022-12-22T20:12:06+00:00\" \/>\n<meta name=\"author\" content=\"Raffy Ben\u00edtez\" \/>\n<meta name=\"twitter:card\" content=\"summary_large_image\" \/>\n<meta name=\"twitter:label1\" content=\"Escrito por\" \/>\n\t<meta name=\"twitter:data1\" content=\"Raffy Ben\u00edtez\" \/>\n\t<meta name=\"twitter:label2\" content=\"Tiempo de lectura\" \/>\n\t<meta name=\"twitter:data2\" content=\"2 minutos\" \/>\n<script type=\"application\/ld+json\" class=\"yoast-schema-graph\">{\"@context\":\"https:\\\/\\\/schema.org\",\"@graph\":[{\"@type\":\"Article\",\"@id\":\"https:\\\/\\\/conexion23.com\\\/?p=15212#article\",\"isPartOf\":{\"@id\":\"https:\\\/\\\/conexion23.com\\\/?p=15212\"},\"author\":{\"name\":\"Raffy Ben\u00edtez\",\"@id\":\"https:\\\/\\\/conexion23.com\\\/#\\\/schema\\\/person\\\/03e36043331117e97a373299bbcd30a6\"},\"headline\":\"Obispo de SPM llama al pueblo a la prudencia durante fiestas navide\u00f1as\",\"datePublished\":\"2022-12-22T20:12:02+00:00\",\"dateModified\":\"2022-12-22T20:12:06+00:00\",\"mainEntityOfPage\":{\"@id\":\"https:\\\/\\\/conexion23.com\\\/?p=15212\"},\"wordCount\":357,\"commentCount\":0,\"publisher\":{\"@id\":\"https:\\\/\\\/conexion23.com\\\/#organization\"},\"articleSection\":[\"SPM\"],\"inLanguage\":\"es\",\"potentialAction\":[{\"@type\":\"CommentAction\",\"name\":\"Comment\",\"target\":[\"https:\\\/\\\/conexion23.com\\\/?p=15212#respond\"]}]},{\"@type\":\"WebPage\",\"@id\":\"https:\\\/\\\/conexion23.com\\\/?p=15212\",\"url\":\"https:\\\/\\\/conexion23.com\\\/?p=15212\",\"name\":\"Obispo de SPM llama al pueblo a la prudencia durante fiestas navide\u00f1as - Conexi\u00f3n 23\",\"isPartOf\":{\"@id\":\"https:\\\/\\\/conexion23.com\\\/#website\"},\"datePublished\":\"2022-12-22T20:12:02+00:00\",\"dateModified\":\"2022-12-22T20:12:06+00:00\",\"breadcrumb\":{\"@id\":\"https:\\\/\\\/conexion23.com\\\/?p=15212#breadcrumb\"},\"inLanguage\":\"es\",\"potentialAction\":[{\"@type\":\"ReadAction\",\"target\":[\"https:\\\/\\\/conexion23.com\\\/?p=15212\"]}]},{\"@type\":\"BreadcrumbList\",\"@id\":\"https:\\\/\\\/conexion23.com\\\/?p=15212#breadcrumb\",\"itemListElement\":[{\"@type\":\"ListItem\",\"position\":1,\"name\":\"Portada\",\"item\":\"https:\\\/\\\/conexion23.com\\\/\"},{\"@type\":\"ListItem\",\"position\":2,\"name\":\"Obispo de SPM llama al pueblo a la prudencia durante fiestas navide\u00f1as\"}]},{\"@type\":\"WebSite\",\"@id\":\"https:\\\/\\\/conexion23.com\\\/#website\",\"url\":\"https:\\\/\\\/conexion23.com\\\/\",\"name\":\"Conexi\u00f3n 23\",\"description\":\"Peri\u00f3dico 100% Petromacorisano\",\"publisher\":{\"@id\":\"https:\\\/\\\/conexion23.com\\\/#organization\"},\"potentialAction\":[{\"@type\":\"SearchAction\",\"target\":{\"@type\":\"EntryPoint\",\"urlTemplate\":\"https:\\\/\\\/conexion23.com\\\/?s={search_term_string}\"},\"query-input\":{\"@type\":\"PropertyValueSpecification\",\"valueRequired\":true,\"valueName\":\"search_term_string\"}}],\"inLanguage\":\"es\"},{\"@type\":\"Organization\",\"@id\":\"https:\\\/\\\/conexion23.com\\\/#organization\",\"name\":\"Conexion 23\",\"url\":\"https:\\\/\\\/conexion23.com\\\/\",\"logo\":{\"@type\":\"ImageObject\",\"inLanguage\":\"es\",\"@id\":\"https:\\\/\\\/conexion23.com\\\/#\\\/schema\\\/logo\\\/image\\\/\",\"url\":\"https:\\\/\\\/conexion23.com\\\/wp-content\\\/uploads\\\/2021\\\/11\\\/Diseno-sin-titulo-2.png\",\"contentUrl\":\"https:\\\/\\\/conexion23.com\\\/wp-content\\\/uploads\\\/2021\\\/11\\\/Diseno-sin-titulo-2.png\",\"width\":541,\"height\":90,\"caption\":\"Conexion 23\"},\"image\":{\"@id\":\"https:\\\/\\\/conexion23.com\\\/#\\\/schema\\\/logo\\\/image\\\/\"},\"sameAs\":[\"https:\\\/\\\/www.facebook.com\\\/conexion23com\",\"https:\\\/\\\/www.instagram.com\\\/conexion23com\\\/\",\"https:\\\/\\\/www.youtube.com\\\/channel\\\/UCYc7vxxFZMYLIHNsHHxPZ3Q\"]},{\"@type\":\"Person\",\"@id\":\"https:\\\/\\\/conexion23.com\\\/#\\\/schema\\\/person\\\/03e36043331117e97a373299bbcd30a6\",\"name\":\"Raffy Ben\u00edtez\",\"image\":{\"@type\":\"ImageObject\",\"inLanguage\":\"es\",\"@id\":\"https:\\\/\\\/secure.gravatar.com\\\/avatar\\\/3190a6a6c5e1b0327500f7d6c56b6242472ee6cb974cf09b401ee6b3b0798f23?s=96&d=mm&r=g\",\"url\":\"https:\\\/\\\/secure.gravatar.com\\\/avatar\\\/3190a6a6c5e1b0327500f7d6c56b6242472ee6cb974cf09b401ee6b3b0798f23?s=96&d=mm&r=g\",\"contentUrl\":\"https:\\\/\\\/secure.gravatar.com\\\/avatar\\\/3190a6a6c5e1b0327500f7d6c56b6242472ee6cb974cf09b401ee6b3b0798f23?s=96&d=mm&r=g\",\"caption\":\"Raffy Ben\u00edtez\"},\"url\":\"https:\\\/\\\/conexion23.com\\\/?author=15\"}]}<\/script>\n<!-- \/ Yoast SEO plugin. -->","yoast_head_json":{"title":"Obispo de SPM llama al pueblo a la prudencia durante fiestas navide\u00f1as - Conexi\u00f3n 23","robots":{"index":"index","follow":"follow","max-snippet":"max-snippet:-1","max-image-preview":"max-image-preview:large","max-video-preview":"max-video-preview:-1"},"canonical":"https:\/\/conexion23.com\/?p=15212","og_locale":"es_ES","og_type":"article","og_title":"Obispo de SPM llama al pueblo a la prudencia durante fiestas navide\u00f1as - Conexi\u00f3n 23","og_description":"El obispo de la Di\u00f3cesis de San Pedro de Macor\u00eds y Hato Mayor, monse\u00f1or Santiago Rodr\u00edguez, llam\u00f3 a la ciudadan\u00eda a cuidarse y andar con prudencia, para evitar violencia y hechos delictivos en el desarrollo de las fiestas navide\u00f1as. Indic\u00f3 que hay que evitar al m\u00e1ximo la ocurrencia de hechos negativos y que reine la [&hellip;]","og_url":"https:\/\/conexion23.com\/?p=15212","og_site_name":"Conexi\u00f3n 23","article_publisher":"https:\/\/www.facebook.com\/conexion23com","article_published_time":"2022-12-22T20:12:02+00:00","article_modified_time":"2022-12-22T20:12:06+00:00","author":"Raffy Ben\u00edtez","twitter_card":"summary_large_image","twitter_misc":{"Escrito por":"Raffy Ben\u00edtez","Tiempo de lectura":"2 minutos"},"schema":{"@context":"https:\/\/schema.org","@graph":[{"@type":"Article","@id":"https:\/\/conexion23.com\/?p=15212#article","isPartOf":{"@id":"https:\/\/conexion23.com\/?p=15212"},"author":{"name":"Raffy Ben\u00edtez","@id":"https:\/\/conexion23.com\/#\/schema\/person\/03e36043331117e97a373299bbcd30a6"},"headline":"Obispo de SPM llama al pueblo a la prudencia durante fiestas navide\u00f1as","datePublished":"2022-12-22T20:12:02+00:00","dateModified":"2022-12-22T20:12:06+00:00","mainEntityOfPage":{"@id":"https:\/\/conexion23.com\/?p=15212"},"wordCount":357,"commentCount":0,"publisher":{"@id":"https:\/\/conexion23.com\/#organization"},"articleSection":["SPM"],"inLanguage":"es","potentialAction":[{"@type":"CommentAction","name":"Comment","target":["https:\/\/conexion23.com\/?p=15212#respond"]}]},{"@type":"WebPage","@id":"https:\/\/conexion23.com\/?p=15212","url":"https:\/\/conexion23.com\/?p=15212","name":"Obispo de SPM llama al pueblo a la prudencia durante fiestas navide\u00f1as - Conexi\u00f3n 23","isPartOf":{"@id":"https:\/\/conexion23.com\/#website"},"datePublished":"2022-12-22T20:12:02+00:00","dateModified":"2022-12-22T20:12:06+00:00","breadcrumb":{"@id":"https:\/\/conexion23.com\/?p=15212#breadcrumb"},"inLanguage":"es","potentialAction":[{"@type":"ReadAction","target":["https:\/\/conexion23.com\/?p=15212"]}]},{"@type":"BreadcrumbList","@id":"https:\/\/conexion23.com\/?p=15212#breadcrumb","itemListElement":[{"@type":"ListItem","position":1,"name":"Portada","item":"https:\/\/conexion23.com\/"},{"@type":"ListItem","position":2,"name":"Obispo de SPM llama al pueblo a la prudencia durante fiestas navide\u00f1as"}]},{"@type":"WebSite","@id":"https:\/\/conexion23.com\/#website","url":"https:\/\/conexion23.com\/","name":"Conexi\u00f3n 23","description":"Peri\u00f3dico 100% Petromacorisano","publisher":{"@id":"https:\/\/conexion23.com\/#organization"},"potentialAction":[{"@type":"SearchAction","target":{"@type":"EntryPoint","urlTemplate":"https:\/\/conexion23.com\/?s={search_term_string}"},"query-input":{"@type":"PropertyValueSpecification","valueRequired":true,"valueName":"search_term_string"}}],"inLanguage":"es"},{"@type":"Organization","@id":"https:\/\/conexion23.com\/#organization","name":"Conexion 23","url":"https:\/\/conexion23.com\/","logo":{"@type":"ImageObject","inLanguage":"es","@id":"https:\/\/conexion23.com\/#\/schema\/logo\/image\/","url":"https:\/\/conexion23.com\/wp-content\/uploads\/2021\/11\/Diseno-sin-titulo-2.png","contentUrl":"https:\/\/conexion23.com\/wp-content\/uploads\/2021\/11\/Diseno-sin-titulo-2.png","width":541,"height":90,"caption":"Conexion 23"},"image":{"@id":"https:\/\/conexion23.com\/#\/schema\/logo\/image\/"},"sameAs":["https:\/\/www.facebook.com\/conexion23com","https:\/\/www.instagram.com\/conexion23com\/","https:\/\/www.youtube.com\/channel\/UCYc7vxxFZMYLIHNsHHxPZ3Q"]},{"@type":"Person","@id":"https:\/\/conexion23.com\/#\/schema\/person\/03e36043331117e97a373299bbcd30a6","name":"Raffy Ben\u00edtez","image":{"@type":"ImageObject","inLanguage":"es","@id":"https:\/\/secure.gravatar.com\/avatar\/3190a6a6c5e1b0327500f7d6c56b6242472ee6cb974cf09b401ee6b3b0798f23?s=96&d=mm&r=g","url":"https:\/\/secure.gravatar.com\/avatar\/3190a6a6c5e1b0327500f7d6c56b6242472ee6cb974cf09b401ee6b3b0798f23?s=96&d=mm&r=g","contentUrl":"https:\/\/secure.gravatar.com\/avatar\/3190a6a6c5e1b0327500f7d6c56b6242472ee6cb974cf09b401ee6b3b0798f23?s=96&d=mm&r=g","caption":"Raffy Ben\u00edtez"},"url":"https:\/\/conexion23.com\/?author=15"}]}},"_links":{"self":[{"href":"https:\/\/conexion23.com\/index.php?rest_route=\/wp\/v2\/posts\/15212","targetHints":{"allow":["GET"]}}],"collection":[{"href":"https:\/\/conexion23.com\/index.php?rest_route=\/wp\/v2\/posts"}],"about":[{"href":"https:\/\/conexion23.com\/index.php?rest_route=\/wp\/v2\/types\/post"}],"author":[{"embeddable":true,"href":"https:\/\/conexion23.com\/index.php?rest_route=\/wp\/v2\/users\/15"}],"replies":[{"embeddable":true,"href":"https:\/\/conexion23.com\/index.php?rest_route=%2Fwp%2Fv2%2Fcomments&post=15212"}],"version-history":[{"count":1,"href":"https:\/\/conexion23.com\/index.php?rest_route=\/wp\/v2\/posts\/15212\/revisions"}],"predecessor-version":[{"id":15214,"href":"https:\/\/conexion23.com\/index.php?rest_route=\/wp\/v2\/posts\/15212\/revisions\/15214"}],"wp:attachment":[{"href":"https:\/\/conexion23.com\/index.php?rest_route=%2Fwp%2Fv2%2Fmedia&parent=15212"}],"wp:term":[{"taxonomy":"category","embeddable":true,"href":"https:\/\/conexion23.com\/index.php?rest_route=%2Fwp%2Fv2%2Fcategories&post=15212"},{"taxonomy":"post_tag","embeddable":true,"href":"https:\/\/conexion23.com\/index.php?rest_route=%2Fwp%2Fv2%2Ftags&post=15212"}],"curies":[{"name":"wp","href":"https:\/\/api.w.org\/{rel}","templated":true}]}}