{"id":15274,"date":"2022-12-26T08:49:55","date_gmt":"2022-12-26T12:49:55","guid":{"rendered":"https:\/\/conexion23.com\/?p=15274"},"modified":"2022-12-26T08:49:59","modified_gmt":"2022-12-26T12:49:59","slug":"petro-que-en-el-2023-la-paz-total-sea-el-sello-de-colombia","status":"publish","type":"post","link":"https:\/\/conexion23.com\/?p=15274","title":{"rendered":"Petro: \u00abQue en el 2023 la paz total sea el sello de Colombia\u00bb"},"content":{"rendered":"\n<p class=\"wp-block-paragraph\"><strong>Bogot\u00e1, Colombia<\/strong>. -El presidente de Colombia,&nbsp;<strong><a href=\"https:\/\/twitter.com\/petrogustavo\">Gustavo Petro<\/a><\/strong>, en su primer discurso navide\u00f1o, abog\u00f3 por pedir paz y uni\u00f3n, lanzando el deseo de que \u00aben el 2023 la paz total sea el sello de Colombia\u00bb<strong>&nbsp;y manifestando su compromiso \u00abpara hacerlo realidad\u00bb.<\/strong><\/p>\n\n\n\n<p class=\"wp-block-paragraph\">\u00abEl mundo entero necesita y reclama por tiempos de paz. Hagamos que esta noche nos inspire para que todos los colombianos y colombianas podamos ser ejemplos de paz aqu\u00ed y&nbsp;<strong>en todos los rincones del mundo donde nos encontremos\u00bb<\/strong>, dijo el mandatario en el mensaje televisado que es tradicional que se d\u00e9 en Nochebuena.<\/p>\n\n\n\n<p class=\"wp-block-paragraph\">Sin grandes sorpresas ni anuncios,<strong>&nbsp;Petro celebr\u00f3 los pasos logrados en los apenas 5 meses<\/strong>&nbsp;que lleva en la Presidencia en temas de paz, como la reapertura de di\u00e1logos con la guerrilla del Ej\u00e9rcito de Liberaci\u00f3n Nacional (ELN) o los \u00abm\u00e1s de 90 d\u00edas sin violencia en Buenaventura, una de las ciudades con mayores tasas de homicidios del pa\u00eds y donde las dos principales bandas de esta urbe portuaria han firmado una tregua.<\/p>\n\n\n\n<p class=\"wp-block-paragraph\">\u00abHoy Colombia va por buen camino,&nbsp;<strong>pero sabemos que el pr\u00f3ximo a\u00f1o iremos a\u00fan mejor\u00bb<\/strong>, dijo Petro, quien es el primer gobernante de izquierdas de una Colombia que asegur\u00f3 hoy \u00abes un pa\u00eds m\u00e1s unido, m\u00e1s solidario, m\u00e1s optimista; un pa\u00eds en cambio\u00bb.<\/p>\n\n\n\n<p class=\"wp-block-paragraph\"><strong>UNI\u00d3N Y DI\u00c1LOGO<\/strong><\/p>\n\n\n\n<p class=\"wp-block-paragraph\">En un pa\u00eds dividido, donde el plebiscito por el acuerdo de paz de 2016 donde gan\u00f3 el \u00abno\u00bb dej\u00f3 abiertas heridas y mostr\u00f3 las confrontaciones de las dos Colombia, Petro asegur\u00f3 que lo que ha caracterizado a \u00abestos meses de cambio\u00bb es \u00abla uni\u00f3n y el di\u00e1logo\u00bb, que \u00abson tambi\u00e9n los valores que caracterizan a las familias colombianas y que celebramos en esta Nochebuena\u00bb.<\/p>\n\n\n\n<p class=\"wp-block-paragraph\">\u00abEste ha sido un a\u00f1o donde cambios profundos empiezan a dar sus primeros pasos en nuestro pa\u00eds. Un momento hist\u00f3rico que me enorgullece liderar\u00bb, subray\u00f3 quien asegura que est\u00e1 construyendo \u00abun pa\u00eds m\u00e1s justo y con paz total para todas y todos\u00bb.<\/p>\n\n\n\n<p class=\"wp-block-paragraph\"><strong>\u00abColombia nos necesita unidos\u00bb,<\/strong>&nbsp;resalt\u00f3 Petro, quien dijo que \u00absi al sentarnos en la mesa con nuestras familias, entre amigos, entre colegas, sembramos amor, dialogamos desde las diferencias y finalmente logramos entendernos, eso cosecharemos en el trabajo que cada uno de nosotros hace por nuestro pa\u00eds.<\/p>\n\n\n\n<p class=\"wp-block-paragraph\"><strong><a href=\"https:\/\/deultimominuto.net\/hony-estrella-yo-nunca-pense-trabajar-con-santiago-matias\/\">DIFICULTADES<\/a><\/strong><\/p>\n\n\n\n<p class=\"wp-block-paragraph\">Y tambi\u00e9n quiso hacer menci\u00f3n, sin entrar en detalles, en las dificultades que est\u00e1 pasando el pa\u00eds: \u00abUna guerra al otro lado del mundo y una temporada de lluvias sin precedentes han hecho que este sea un a\u00f1o retador para muchas familias de nuestro pa\u00eds\u00bb.<\/p>\n\n\n\n<p class=\"wp-block-paragraph\">Pero destac\u00f3 algunas de las medidas que ha emprendido, como el subsidio de 500.000 pesos (105 d\u00f3lares) para madres de cabeza de familia y \u00abuna reforma tributaria para la justicia social\u00bb, que acaba de aprobar el Gobierno y que comenzar\u00e1 a aplicar el a\u00f1o entrante.<\/p>\n\n\n\n<p class=\"wp-block-paragraph\">\u00abQue estas fiestas nos sirvan, a todos y a todas, para sentarnos a dialogar en la mesa\u00bb, concluy\u00f3 el presidente su discurso; y \u00abpara reflexionar sobre lo que hemos logrado, lo que estamos haciendo y lo que queremos alcanzar\u00bb.&nbsp;<strong>EFE<\/strong><\/p>\n","protected":false},"excerpt":{"rendered":"<p>Bogot\u00e1, Colombia. -El presidente de Colombia,&nbsp;Gustavo Petro, en su primer discurso navide\u00f1o, abog\u00f3 por pedir paz y uni\u00f3n, lanzando el deseo de que \u00aben el 2023 la paz total sea el sello de Colombia\u00bb&nbsp;y manifestando su compromiso \u00abpara hacerlo realidad\u00bb. \u00abEl mundo entero necesita y reclama por tiempos de paz. Hagamos que esta noche nos [&hellip;]<\/p>\n","protected":false},"author":15,"featured_media":0,"comment_status":"open","ping_status":"open","sticky":false,"template":"","format":"standard","meta":{"footnotes":""},"categories":[1],"tags":[],"class_list":["post-15274","post","type-post","status-publish","format-standard","category-uncategorized"],"yoast_head":"<!-- This site is optimized with the Yoast SEO plugin v27.6 - https:\/\/yoast.com\/product\/yoast-seo-wordpress\/ -->\n<title>Petro: \u00abQue en el 2023 la paz total sea el sello de Colombia\u00bb - Conexi\u00f3n 23<\/title>\n<meta name=\"robots\" content=\"index, follow, max-snippet:-1, max-image-preview:large, max-video-preview:-1\" \/>\n<link rel=\"canonical\" href=\"https:\/\/conexion23.com\/?p=15274\" \/>\n<meta property=\"og:locale\" content=\"es_ES\" \/>\n<meta property=\"og:type\" content=\"article\" \/>\n<meta property=\"og:title\" content=\"Petro: \u00abQue en el 2023 la paz total sea el sello de Colombia\u00bb - Conexi\u00f3n 23\" \/>\n<meta property=\"og:description\" content=\"Bogot\u00e1, Colombia. -El presidente de Colombia,&nbsp;Gustavo Petro, en su primer discurso navide\u00f1o, abog\u00f3 por pedir paz y uni\u00f3n, lanzando el deseo de que \u00aben el 2023 la paz total sea el sello de Colombia\u00bb&nbsp;y manifestando su compromiso \u00abpara hacerlo realidad\u00bb. \u00abEl mundo entero necesita y reclama por tiempos de paz. Hagamos que esta noche nos [&hellip;]\" \/>\n<meta property=\"og:url\" content=\"https:\/\/conexion23.com\/?p=15274\" \/>\n<meta property=\"og:site_name\" content=\"Conexi\u00f3n 23\" \/>\n<meta property=\"article:publisher\" content=\"https:\/\/www.facebook.com\/conexion23com\" \/>\n<meta property=\"article:published_time\" content=\"2022-12-26T12:49:55+00:00\" \/>\n<meta property=\"article:modified_time\" content=\"2022-12-26T12:49:59+00:00\" \/>\n<meta name=\"author\" content=\"Raffy Ben\u00edtez\" \/>\n<meta name=\"twitter:card\" content=\"summary_large_image\" \/>\n<meta name=\"twitter:label1\" content=\"Escrito por\" \/>\n\t<meta name=\"twitter:data1\" content=\"Raffy Ben\u00edtez\" \/>\n\t<meta name=\"twitter:label2\" content=\"Tiempo de lectura\" \/>\n\t<meta name=\"twitter:data2\" content=\"3 minutos\" \/>\n<script type=\"application\/ld+json\" class=\"yoast-schema-graph\">{\"@context\":\"https:\\\/\\\/schema.org\",\"@graph\":[{\"@type\":\"Article\",\"@id\":\"https:\\\/\\\/conexion23.com\\\/?p=15274#article\",\"isPartOf\":{\"@id\":\"https:\\\/\\\/conexion23.com\\\/?p=15274\"},\"author\":{\"name\":\"Raffy Ben\u00edtez\",\"@id\":\"http:\\\/\\\/conexion23.com\\\/#\\\/schema\\\/person\\\/03e36043331117e97a373299bbcd30a6\"},\"headline\":\"Petro: \u00abQue en el 2023 la paz total sea el sello de Colombia\u00bb\",\"datePublished\":\"2022-12-26T12:49:55+00:00\",\"dateModified\":\"2022-12-26T12:49:59+00:00\",\"mainEntityOfPage\":{\"@id\":\"https:\\\/\\\/conexion23.com\\\/?p=15274\"},\"wordCount\":547,\"commentCount\":0,\"publisher\":{\"@id\":\"http:\\\/\\\/conexion23.com\\\/#organization\"},\"articleSection\":[\"Uncategorized\"],\"inLanguage\":\"es\",\"potentialAction\":[{\"@type\":\"CommentAction\",\"name\":\"Comment\",\"target\":[\"https:\\\/\\\/conexion23.com\\\/?p=15274#respond\"]}]},{\"@type\":\"WebPage\",\"@id\":\"https:\\\/\\\/conexion23.com\\\/?p=15274\",\"url\":\"https:\\\/\\\/conexion23.com\\\/?p=15274\",\"name\":\"Petro: \u00abQue en el 2023 la paz total sea el sello de Colombia\u00bb - Conexi\u00f3n 23\",\"isPartOf\":{\"@id\":\"http:\\\/\\\/conexion23.com\\\/#website\"},\"datePublished\":\"2022-12-26T12:49:55+00:00\",\"dateModified\":\"2022-12-26T12:49:59+00:00\",\"breadcrumb\":{\"@id\":\"https:\\\/\\\/conexion23.com\\\/?p=15274#breadcrumb\"},\"inLanguage\":\"es\",\"potentialAction\":[{\"@type\":\"ReadAction\",\"target\":[\"https:\\\/\\\/conexion23.com\\\/?p=15274\"]}]},{\"@type\":\"BreadcrumbList\",\"@id\":\"https:\\\/\\\/conexion23.com\\\/?p=15274#breadcrumb\",\"itemListElement\":[{\"@type\":\"ListItem\",\"position\":1,\"name\":\"Portada\",\"item\":\"http:\\\/\\\/conexion23.com\\\/\"},{\"@type\":\"ListItem\",\"position\":2,\"name\":\"Petro: \u00abQue en el 2023 la paz total sea el sello de Colombia\u00bb\"}]},{\"@type\":\"WebSite\",\"@id\":\"http:\\\/\\\/conexion23.com\\\/#website\",\"url\":\"http:\\\/\\\/conexion23.com\\\/\",\"name\":\"Conexi\u00f3n 23\",\"description\":\"Peri\u00f3dico 100% Petromacorisano\",\"publisher\":{\"@id\":\"http:\\\/\\\/conexion23.com\\\/#organization\"},\"potentialAction\":[{\"@type\":\"SearchAction\",\"target\":{\"@type\":\"EntryPoint\",\"urlTemplate\":\"http:\\\/\\\/conexion23.com\\\/?s={search_term_string}\"},\"query-input\":{\"@type\":\"PropertyValueSpecification\",\"valueRequired\":true,\"valueName\":\"search_term_string\"}}],\"inLanguage\":\"es\"},{\"@type\":\"Organization\",\"@id\":\"http:\\\/\\\/conexion23.com\\\/#organization\",\"name\":\"Conexion 23\",\"url\":\"http:\\\/\\\/conexion23.com\\\/\",\"logo\":{\"@type\":\"ImageObject\",\"inLanguage\":\"es\",\"@id\":\"http:\\\/\\\/conexion23.com\\\/#\\\/schema\\\/logo\\\/image\\\/\",\"url\":\"https:\\\/\\\/conexion23.com\\\/wp-content\\\/uploads\\\/2021\\\/11\\\/Diseno-sin-titulo-2.png\",\"contentUrl\":\"https:\\\/\\\/conexion23.com\\\/wp-content\\\/uploads\\\/2021\\\/11\\\/Diseno-sin-titulo-2.png\",\"width\":541,\"height\":90,\"caption\":\"Conexion 23\"},\"image\":{\"@id\":\"http:\\\/\\\/conexion23.com\\\/#\\\/schema\\\/logo\\\/image\\\/\"},\"sameAs\":[\"https:\\\/\\\/www.facebook.com\\\/conexion23com\",\"https:\\\/\\\/www.instagram.com\\\/conexion23com\\\/\",\"https:\\\/\\\/www.youtube.com\\\/channel\\\/UCYc7vxxFZMYLIHNsHHxPZ3Q\"]},{\"@type\":\"Person\",\"@id\":\"http:\\\/\\\/conexion23.com\\\/#\\\/schema\\\/person\\\/03e36043331117e97a373299bbcd30a6\",\"name\":\"Raffy Ben\u00edtez\",\"image\":{\"@type\":\"ImageObject\",\"inLanguage\":\"es\",\"@id\":\"https:\\\/\\\/secure.gravatar.com\\\/avatar\\\/3190a6a6c5e1b0327500f7d6c56b6242472ee6cb974cf09b401ee6b3b0798f23?s=96&d=mm&r=g\",\"url\":\"https:\\\/\\\/secure.gravatar.com\\\/avatar\\\/3190a6a6c5e1b0327500f7d6c56b6242472ee6cb974cf09b401ee6b3b0798f23?s=96&d=mm&r=g\",\"contentUrl\":\"https:\\\/\\\/secure.gravatar.com\\\/avatar\\\/3190a6a6c5e1b0327500f7d6c56b6242472ee6cb974cf09b401ee6b3b0798f23?s=96&d=mm&r=g\",\"caption\":\"Raffy Ben\u00edtez\"},\"url\":\"https:\\\/\\\/conexion23.com\\\/?author=15\"}]}<\/script>\n<!-- \/ Yoast SEO plugin. -->","yoast_head_json":{"title":"Petro: \u00abQue en el 2023 la paz total sea el sello de Colombia\u00bb - Conexi\u00f3n 23","robots":{"index":"index","follow":"follow","max-snippet":"max-snippet:-1","max-image-preview":"max-image-preview:large","max-video-preview":"max-video-preview:-1"},"canonical":"https:\/\/conexion23.com\/?p=15274","og_locale":"es_ES","og_type":"article","og_title":"Petro: \u00abQue en el 2023 la paz total sea el sello de Colombia\u00bb - Conexi\u00f3n 23","og_description":"Bogot\u00e1, Colombia. -El presidente de Colombia,&nbsp;Gustavo Petro, en su primer discurso navide\u00f1o, abog\u00f3 por pedir paz y uni\u00f3n, lanzando el deseo de que \u00aben el 2023 la paz total sea el sello de Colombia\u00bb&nbsp;y manifestando su compromiso \u00abpara hacerlo realidad\u00bb. \u00abEl mundo entero necesita y reclama por tiempos de paz. Hagamos que esta noche nos [&hellip;]","og_url":"https:\/\/conexion23.com\/?p=15274","og_site_name":"Conexi\u00f3n 23","article_publisher":"https:\/\/www.facebook.com\/conexion23com","article_published_time":"2022-12-26T12:49:55+00:00","article_modified_time":"2022-12-26T12:49:59+00:00","author":"Raffy Ben\u00edtez","twitter_card":"summary_large_image","twitter_misc":{"Escrito por":"Raffy Ben\u00edtez","Tiempo de lectura":"3 minutos"},"schema":{"@context":"https:\/\/schema.org","@graph":[{"@type":"Article","@id":"https:\/\/conexion23.com\/?p=15274#article","isPartOf":{"@id":"https:\/\/conexion23.com\/?p=15274"},"author":{"name":"Raffy Ben\u00edtez","@id":"http:\/\/conexion23.com\/#\/schema\/person\/03e36043331117e97a373299bbcd30a6"},"headline":"Petro: \u00abQue en el 2023 la paz total sea el sello de Colombia\u00bb","datePublished":"2022-12-26T12:49:55+00:00","dateModified":"2022-12-26T12:49:59+00:00","mainEntityOfPage":{"@id":"https:\/\/conexion23.com\/?p=15274"},"wordCount":547,"commentCount":0,"publisher":{"@id":"http:\/\/conexion23.com\/#organization"},"articleSection":["Uncategorized"],"inLanguage":"es","potentialAction":[{"@type":"CommentAction","name":"Comment","target":["https:\/\/conexion23.com\/?p=15274#respond"]}]},{"@type":"WebPage","@id":"https:\/\/conexion23.com\/?p=15274","url":"https:\/\/conexion23.com\/?p=15274","name":"Petro: \u00abQue en el 2023 la paz total sea el sello de Colombia\u00bb - Conexi\u00f3n 23","isPartOf":{"@id":"http:\/\/conexion23.com\/#website"},"datePublished":"2022-12-26T12:49:55+00:00","dateModified":"2022-12-26T12:49:59+00:00","breadcrumb":{"@id":"https:\/\/conexion23.com\/?p=15274#breadcrumb"},"inLanguage":"es","potentialAction":[{"@type":"ReadAction","target":["https:\/\/conexion23.com\/?p=15274"]}]},{"@type":"BreadcrumbList","@id":"https:\/\/conexion23.com\/?p=15274#breadcrumb","itemListElement":[{"@type":"ListItem","position":1,"name":"Portada","item":"http:\/\/conexion23.com\/"},{"@type":"ListItem","position":2,"name":"Petro: \u00abQue en el 2023 la paz total sea el sello de Colombia\u00bb"}]},{"@type":"WebSite","@id":"http:\/\/conexion23.com\/#website","url":"http:\/\/conexion23.com\/","name":"Conexi\u00f3n 23","description":"Peri\u00f3dico 100% Petromacorisano","publisher":{"@id":"http:\/\/conexion23.com\/#organization"},"potentialAction":[{"@type":"SearchAction","target":{"@type":"EntryPoint","urlTemplate":"http:\/\/conexion23.com\/?s={search_term_string}"},"query-input":{"@type":"PropertyValueSpecification","valueRequired":true,"valueName":"search_term_string"}}],"inLanguage":"es"},{"@type":"Organization","@id":"http:\/\/conexion23.com\/#organization","name":"Conexion 23","url":"http:\/\/conexion23.com\/","logo":{"@type":"ImageObject","inLanguage":"es","@id":"http:\/\/conexion23.com\/#\/schema\/logo\/image\/","url":"https:\/\/conexion23.com\/wp-content\/uploads\/2021\/11\/Diseno-sin-titulo-2.png","contentUrl":"https:\/\/conexion23.com\/wp-content\/uploads\/2021\/11\/Diseno-sin-titulo-2.png","width":541,"height":90,"caption":"Conexion 23"},"image":{"@id":"http:\/\/conexion23.com\/#\/schema\/logo\/image\/"},"sameAs":["https:\/\/www.facebook.com\/conexion23com","https:\/\/www.instagram.com\/conexion23com\/","https:\/\/www.youtube.com\/channel\/UCYc7vxxFZMYLIHNsHHxPZ3Q"]},{"@type":"Person","@id":"http:\/\/conexion23.com\/#\/schema\/person\/03e36043331117e97a373299bbcd30a6","name":"Raffy Ben\u00edtez","image":{"@type":"ImageObject","inLanguage":"es","@id":"https:\/\/secure.gravatar.com\/avatar\/3190a6a6c5e1b0327500f7d6c56b6242472ee6cb974cf09b401ee6b3b0798f23?s=96&d=mm&r=g","url":"https:\/\/secure.gravatar.com\/avatar\/3190a6a6c5e1b0327500f7d6c56b6242472ee6cb974cf09b401ee6b3b0798f23?s=96&d=mm&r=g","contentUrl":"https:\/\/secure.gravatar.com\/avatar\/3190a6a6c5e1b0327500f7d6c56b6242472ee6cb974cf09b401ee6b3b0798f23?s=96&d=mm&r=g","caption":"Raffy Ben\u00edtez"},"url":"https:\/\/conexion23.com\/?author=15"}]}},"_links":{"self":[{"href":"https:\/\/conexion23.com\/index.php?rest_route=\/wp\/v2\/posts\/15274","targetHints":{"allow":["GET"]}}],"collection":[{"href":"https:\/\/conexion23.com\/index.php?rest_route=\/wp\/v2\/posts"}],"about":[{"href":"https:\/\/conexion23.com\/index.php?rest_route=\/wp\/v2\/types\/post"}],"author":[{"embeddable":true,"href":"https:\/\/conexion23.com\/index.php?rest_route=\/wp\/v2\/users\/15"}],"replies":[{"embeddable":true,"href":"https:\/\/conexion23.com\/index.php?rest_route=%2Fwp%2Fv2%2Fcomments&post=15274"}],"version-history":[{"count":1,"href":"https:\/\/conexion23.com\/index.php?rest_route=\/wp\/v2\/posts\/15274\/revisions"}],"predecessor-version":[{"id":15276,"href":"https:\/\/conexion23.com\/index.php?rest_route=\/wp\/v2\/posts\/15274\/revisions\/15276"}],"wp:attachment":[{"href":"https:\/\/conexion23.com\/index.php?rest_route=%2Fwp%2Fv2%2Fmedia&parent=15274"}],"wp:term":[{"taxonomy":"category","embeddable":true,"href":"https:\/\/conexion23.com\/index.php?rest_route=%2Fwp%2Fv2%2Fcategories&post=15274"},{"taxonomy":"post_tag","embeddable":true,"href":"https:\/\/conexion23.com\/index.php?rest_route=%2Fwp%2Fv2%2Ftags&post=15274"}],"curies":[{"name":"wp","href":"https:\/\/api.w.org\/{rel}","templated":true}]}}