{"id":15280,"date":"2022-12-26T09:04:07","date_gmt":"2022-12-26T13:04:07","guid":{"rendered":"https:\/\/conexion23.com\/?p=15280"},"modified":"2022-12-26T09:04:12","modified_gmt":"2022-12-26T13:04:12","slug":"leonel-fernandez-celebra-hoy-su-cumpleanos-numero-69","status":"publish","type":"post","link":"https:\/\/conexion23.com\/?p=15280","title":{"rendered":"Leonel Fern\u00e1ndez celebra hoy su cumplea\u00f1os n\u00famero 69"},"content":{"rendered":"\n<p class=\"wp-block-paragraph\">El expresidente de la Republica, Leonel Fern\u00e1ndez, celebra hoy su cumplea\u00f1os 69 retornando a la costumbre de saludar y compartir con sus familiares y amigos en la sede de la Fundaci\u00f3n Global Democracia y Desarrollo (<strong><a href=\"https:\/\/twitter.com\/FUNGLODE\">Funglode<\/a><\/strong>).<\/p>\n\n\n\n<p class=\"wp-block-paragraph\">El ya tradicional encuentro se hab\u00eda detenido en a\u00f1os pasados por los efectos de la pandemia, sin embargo, el partido Fuerza del Pueblo (FP) inform\u00f3 anoche a trav\u00e9s de Twitter que el l\u00edder de esa organizaci\u00f3n estar\u00e1 recibiendo saludos de felicitaciones a partir de las 9 de la ma\u00f1ana en Funglode, y adem\u00e1s invit\u00f3 a los seguidores del partido para que asistan al acto.<\/p>\n\n\n\n<p class=\"wp-block-paragraph\">Al evento suelen asistir personalidades de la sociedad, l\u00edderes pol\u00edticos, empresarios y los ciudadanos de a pie que sienten empat\u00eda por el dirigente pol\u00edtico.<\/p>\n\n\n\n<p class=\"wp-block-paragraph\"><strong>Leonel Antonio Fern\u00e1ndez Reyna<\/strong>, naci\u00f3 en Santo Domingo,&nbsp;el 26 de diciembre&nbsp;del a\u00f1o &nbsp;1953.&nbsp;<strong>Fue el 63\u00b0 y 65\u00b0 presidente de la Rep\u00fablica Dominicana desde el 16 de agosto de 1996 hasta el 16 de agosto del 2000 y del 16 de agosto del 2004 hasta el 16 de agosto del 2012.<\/strong><\/p>\n\n\n\n<p class=\"wp-block-paragraph\">Fue el Presidente del&nbsp;<a href=\"https:\/\/deultimominuto.net\/jorge-feliz-pacheco-encuestas-en-tiempos-no-electorales-son-como-los-versiculos-biblicos-cada-quien-tiene-su-interpretacion\/\">Partido de la Liberaci\u00f3n Dominicana<\/a>&nbsp;desde el 2001 hasta su renuncia el 20 de octubre de 2019, organizaci\u00f3n pol\u00edtica a la que perteneci\u00f3 desde sus inicios como disc\u00edpulo del Profesor&nbsp;Juan Bosch.\u200b<\/p>\n\n\n\n<p class=\"wp-block-paragraph\">Tras su renuncia al Partido de la Liberaci\u00f3n Dominicana en 2019, Leonel Fern\u00e1ndez Reyna fund\u00f3, junto a sus seguidores, la&nbsp;Fuerza del Pueblo, que ahora es uno de los principales partidos pol\u00edticos del pa\u00eds.\u200b<\/p>\n","protected":false},"excerpt":{"rendered":"<p>El expresidente de la Republica, Leonel Fern\u00e1ndez, celebra hoy su cumplea\u00f1os 69 retornando a la costumbre de saludar y compartir con sus familiares y amigos en la sede de la Fundaci\u00f3n Global Democracia y Desarrollo (Funglode). El ya tradicional encuentro se hab\u00eda detenido en a\u00f1os pasados por los efectos de la pandemia, sin embargo, el [&hellip;]<\/p>\n","protected":false},"author":15,"featured_media":0,"comment_status":"open","ping_status":"open","sticky":false,"template":"","format":"standard","meta":{"footnotes":""},"categories":[1],"tags":[],"class_list":["post-15280","post","type-post","status-publish","format-standard","category-uncategorized"],"yoast_head":"<!-- This site is optimized with the Yoast SEO plugin v27.6 - https:\/\/yoast.com\/product\/yoast-seo-wordpress\/ -->\n<title>Leonel Fern\u00e1ndez celebra hoy su cumplea\u00f1os n\u00famero 69 - Conexi\u00f3n 23<\/title>\n<meta name=\"robots\" content=\"index, follow, max-snippet:-1, max-image-preview:large, max-video-preview:-1\" \/>\n<link rel=\"canonical\" href=\"https:\/\/conexion23.com\/?p=15280\" \/>\n<meta property=\"og:locale\" content=\"es_ES\" \/>\n<meta property=\"og:type\" content=\"article\" \/>\n<meta property=\"og:title\" content=\"Leonel Fern\u00e1ndez celebra hoy su cumplea\u00f1os n\u00famero 69 - Conexi\u00f3n 23\" \/>\n<meta property=\"og:description\" content=\"El expresidente de la Republica, Leonel Fern\u00e1ndez, celebra hoy su cumplea\u00f1os 69 retornando a la costumbre de saludar y compartir con sus familiares y amigos en la sede de la Fundaci\u00f3n Global Democracia y Desarrollo (Funglode). El ya tradicional encuentro se hab\u00eda detenido en a\u00f1os pasados por los efectos de la pandemia, sin embargo, el [&hellip;]\" \/>\n<meta property=\"og:url\" content=\"https:\/\/conexion23.com\/?p=15280\" \/>\n<meta property=\"og:site_name\" content=\"Conexi\u00f3n 23\" \/>\n<meta property=\"article:publisher\" content=\"https:\/\/www.facebook.com\/conexion23com\" \/>\n<meta property=\"article:published_time\" content=\"2022-12-26T13:04:07+00:00\" \/>\n<meta property=\"article:modified_time\" content=\"2022-12-26T13:04:12+00:00\" \/>\n<meta name=\"author\" content=\"Raffy Ben\u00edtez\" \/>\n<meta name=\"twitter:card\" content=\"summary_large_image\" \/>\n<meta name=\"twitter:label1\" content=\"Escrito por\" \/>\n\t<meta name=\"twitter:data1\" content=\"Raffy Ben\u00edtez\" \/>\n\t<meta name=\"twitter:label2\" content=\"Tiempo de lectura\" \/>\n\t<meta name=\"twitter:data2\" content=\"2 minutos\" \/>\n<script type=\"application\/ld+json\" class=\"yoast-schema-graph\">{\"@context\":\"https:\\\/\\\/schema.org\",\"@graph\":[{\"@type\":\"Article\",\"@id\":\"https:\\\/\\\/conexion23.com\\\/?p=15280#article\",\"isPartOf\":{\"@id\":\"https:\\\/\\\/conexion23.com\\\/?p=15280\"},\"author\":{\"name\":\"Raffy Ben\u00edtez\",\"@id\":\"https:\\\/\\\/conexion23.com\\\/#\\\/schema\\\/person\\\/03e36043331117e97a373299bbcd30a6\"},\"headline\":\"Leonel Fern\u00e1ndez celebra hoy su cumplea\u00f1os n\u00famero 69\",\"datePublished\":\"2022-12-26T13:04:07+00:00\",\"dateModified\":\"2022-12-26T13:04:12+00:00\",\"mainEntityOfPage\":{\"@id\":\"https:\\\/\\\/conexion23.com\\\/?p=15280\"},\"wordCount\":272,\"commentCount\":0,\"publisher\":{\"@id\":\"https:\\\/\\\/conexion23.com\\\/#organization\"},\"articleSection\":[\"Uncategorized\"],\"inLanguage\":\"es\",\"potentialAction\":[{\"@type\":\"CommentAction\",\"name\":\"Comment\",\"target\":[\"https:\\\/\\\/conexion23.com\\\/?p=15280#respond\"]}]},{\"@type\":\"WebPage\",\"@id\":\"https:\\\/\\\/conexion23.com\\\/?p=15280\",\"url\":\"https:\\\/\\\/conexion23.com\\\/?p=15280\",\"name\":\"Leonel Fern\u00e1ndez celebra hoy su cumplea\u00f1os n\u00famero 69 - Conexi\u00f3n 23\",\"isPartOf\":{\"@id\":\"https:\\\/\\\/conexion23.com\\\/#website\"},\"datePublished\":\"2022-12-26T13:04:07+00:00\",\"dateModified\":\"2022-12-26T13:04:12+00:00\",\"breadcrumb\":{\"@id\":\"https:\\\/\\\/conexion23.com\\\/?p=15280#breadcrumb\"},\"inLanguage\":\"es\",\"potentialAction\":[{\"@type\":\"ReadAction\",\"target\":[\"https:\\\/\\\/conexion23.com\\\/?p=15280\"]}]},{\"@type\":\"BreadcrumbList\",\"@id\":\"https:\\\/\\\/conexion23.com\\\/?p=15280#breadcrumb\",\"itemListElement\":[{\"@type\":\"ListItem\",\"position\":1,\"name\":\"Portada\",\"item\":\"https:\\\/\\\/conexion23.com\\\/\"},{\"@type\":\"ListItem\",\"position\":2,\"name\":\"Leonel Fern\u00e1ndez celebra hoy su cumplea\u00f1os n\u00famero 69\"}]},{\"@type\":\"WebSite\",\"@id\":\"https:\\\/\\\/conexion23.com\\\/#website\",\"url\":\"https:\\\/\\\/conexion23.com\\\/\",\"name\":\"Conexi\u00f3n 23\",\"description\":\"Peri\u00f3dico 100% Petromacorisano\",\"publisher\":{\"@id\":\"https:\\\/\\\/conexion23.com\\\/#organization\"},\"potentialAction\":[{\"@type\":\"SearchAction\",\"target\":{\"@type\":\"EntryPoint\",\"urlTemplate\":\"https:\\\/\\\/conexion23.com\\\/?s={search_term_string}\"},\"query-input\":{\"@type\":\"PropertyValueSpecification\",\"valueRequired\":true,\"valueName\":\"search_term_string\"}}],\"inLanguage\":\"es\"},{\"@type\":\"Organization\",\"@id\":\"https:\\\/\\\/conexion23.com\\\/#organization\",\"name\":\"Conexion 23\",\"url\":\"https:\\\/\\\/conexion23.com\\\/\",\"logo\":{\"@type\":\"ImageObject\",\"inLanguage\":\"es\",\"@id\":\"https:\\\/\\\/conexion23.com\\\/#\\\/schema\\\/logo\\\/image\\\/\",\"url\":\"https:\\\/\\\/conexion23.com\\\/wp-content\\\/uploads\\\/2021\\\/11\\\/Diseno-sin-titulo-2.png\",\"contentUrl\":\"https:\\\/\\\/conexion23.com\\\/wp-content\\\/uploads\\\/2021\\\/11\\\/Diseno-sin-titulo-2.png\",\"width\":541,\"height\":90,\"caption\":\"Conexion 23\"},\"image\":{\"@id\":\"https:\\\/\\\/conexion23.com\\\/#\\\/schema\\\/logo\\\/image\\\/\"},\"sameAs\":[\"https:\\\/\\\/www.facebook.com\\\/conexion23com\",\"https:\\\/\\\/www.instagram.com\\\/conexion23com\\\/\",\"https:\\\/\\\/www.youtube.com\\\/channel\\\/UCYc7vxxFZMYLIHNsHHxPZ3Q\"]},{\"@type\":\"Person\",\"@id\":\"https:\\\/\\\/conexion23.com\\\/#\\\/schema\\\/person\\\/03e36043331117e97a373299bbcd30a6\",\"name\":\"Raffy Ben\u00edtez\",\"image\":{\"@type\":\"ImageObject\",\"inLanguage\":\"es\",\"@id\":\"https:\\\/\\\/secure.gravatar.com\\\/avatar\\\/3190a6a6c5e1b0327500f7d6c56b6242472ee6cb974cf09b401ee6b3b0798f23?s=96&d=mm&r=g\",\"url\":\"https:\\\/\\\/secure.gravatar.com\\\/avatar\\\/3190a6a6c5e1b0327500f7d6c56b6242472ee6cb974cf09b401ee6b3b0798f23?s=96&d=mm&r=g\",\"contentUrl\":\"https:\\\/\\\/secure.gravatar.com\\\/avatar\\\/3190a6a6c5e1b0327500f7d6c56b6242472ee6cb974cf09b401ee6b3b0798f23?s=96&d=mm&r=g\",\"caption\":\"Raffy Ben\u00edtez\"},\"url\":\"https:\\\/\\\/conexion23.com\\\/?author=15\"}]}<\/script>\n<!-- \/ Yoast SEO plugin. -->","yoast_head_json":{"title":"Leonel Fern\u00e1ndez celebra hoy su cumplea\u00f1os n\u00famero 69 - Conexi\u00f3n 23","robots":{"index":"index","follow":"follow","max-snippet":"max-snippet:-1","max-image-preview":"max-image-preview:large","max-video-preview":"max-video-preview:-1"},"canonical":"https:\/\/conexion23.com\/?p=15280","og_locale":"es_ES","og_type":"article","og_title":"Leonel Fern\u00e1ndez celebra hoy su cumplea\u00f1os n\u00famero 69 - Conexi\u00f3n 23","og_description":"El expresidente de la Republica, Leonel Fern\u00e1ndez, celebra hoy su cumplea\u00f1os 69 retornando a la costumbre de saludar y compartir con sus familiares y amigos en la sede de la Fundaci\u00f3n Global Democracia y Desarrollo (Funglode). El ya tradicional encuentro se hab\u00eda detenido en a\u00f1os pasados por los efectos de la pandemia, sin embargo, el [&hellip;]","og_url":"https:\/\/conexion23.com\/?p=15280","og_site_name":"Conexi\u00f3n 23","article_publisher":"https:\/\/www.facebook.com\/conexion23com","article_published_time":"2022-12-26T13:04:07+00:00","article_modified_time":"2022-12-26T13:04:12+00:00","author":"Raffy Ben\u00edtez","twitter_card":"summary_large_image","twitter_misc":{"Escrito por":"Raffy Ben\u00edtez","Tiempo de lectura":"2 minutos"},"schema":{"@context":"https:\/\/schema.org","@graph":[{"@type":"Article","@id":"https:\/\/conexion23.com\/?p=15280#article","isPartOf":{"@id":"https:\/\/conexion23.com\/?p=15280"},"author":{"name":"Raffy Ben\u00edtez","@id":"https:\/\/conexion23.com\/#\/schema\/person\/03e36043331117e97a373299bbcd30a6"},"headline":"Leonel Fern\u00e1ndez celebra hoy su cumplea\u00f1os n\u00famero 69","datePublished":"2022-12-26T13:04:07+00:00","dateModified":"2022-12-26T13:04:12+00:00","mainEntityOfPage":{"@id":"https:\/\/conexion23.com\/?p=15280"},"wordCount":272,"commentCount":0,"publisher":{"@id":"https:\/\/conexion23.com\/#organization"},"articleSection":["Uncategorized"],"inLanguage":"es","potentialAction":[{"@type":"CommentAction","name":"Comment","target":["https:\/\/conexion23.com\/?p=15280#respond"]}]},{"@type":"WebPage","@id":"https:\/\/conexion23.com\/?p=15280","url":"https:\/\/conexion23.com\/?p=15280","name":"Leonel Fern\u00e1ndez celebra hoy su cumplea\u00f1os n\u00famero 69 - Conexi\u00f3n 23","isPartOf":{"@id":"https:\/\/conexion23.com\/#website"},"datePublished":"2022-12-26T13:04:07+00:00","dateModified":"2022-12-26T13:04:12+00:00","breadcrumb":{"@id":"https:\/\/conexion23.com\/?p=15280#breadcrumb"},"inLanguage":"es","potentialAction":[{"@type":"ReadAction","target":["https:\/\/conexion23.com\/?p=15280"]}]},{"@type":"BreadcrumbList","@id":"https:\/\/conexion23.com\/?p=15280#breadcrumb","itemListElement":[{"@type":"ListItem","position":1,"name":"Portada","item":"https:\/\/conexion23.com\/"},{"@type":"ListItem","position":2,"name":"Leonel Fern\u00e1ndez celebra hoy su cumplea\u00f1os n\u00famero 69"}]},{"@type":"WebSite","@id":"https:\/\/conexion23.com\/#website","url":"https:\/\/conexion23.com\/","name":"Conexi\u00f3n 23","description":"Peri\u00f3dico 100% Petromacorisano","publisher":{"@id":"https:\/\/conexion23.com\/#organization"},"potentialAction":[{"@type":"SearchAction","target":{"@type":"EntryPoint","urlTemplate":"https:\/\/conexion23.com\/?s={search_term_string}"},"query-input":{"@type":"PropertyValueSpecification","valueRequired":true,"valueName":"search_term_string"}}],"inLanguage":"es"},{"@type":"Organization","@id":"https:\/\/conexion23.com\/#organization","name":"Conexion 23","url":"https:\/\/conexion23.com\/","logo":{"@type":"ImageObject","inLanguage":"es","@id":"https:\/\/conexion23.com\/#\/schema\/logo\/image\/","url":"https:\/\/conexion23.com\/wp-content\/uploads\/2021\/11\/Diseno-sin-titulo-2.png","contentUrl":"https:\/\/conexion23.com\/wp-content\/uploads\/2021\/11\/Diseno-sin-titulo-2.png","width":541,"height":90,"caption":"Conexion 23"},"image":{"@id":"https:\/\/conexion23.com\/#\/schema\/logo\/image\/"},"sameAs":["https:\/\/www.facebook.com\/conexion23com","https:\/\/www.instagram.com\/conexion23com\/","https:\/\/www.youtube.com\/channel\/UCYc7vxxFZMYLIHNsHHxPZ3Q"]},{"@type":"Person","@id":"https:\/\/conexion23.com\/#\/schema\/person\/03e36043331117e97a373299bbcd30a6","name":"Raffy Ben\u00edtez","image":{"@type":"ImageObject","inLanguage":"es","@id":"https:\/\/secure.gravatar.com\/avatar\/3190a6a6c5e1b0327500f7d6c56b6242472ee6cb974cf09b401ee6b3b0798f23?s=96&d=mm&r=g","url":"https:\/\/secure.gravatar.com\/avatar\/3190a6a6c5e1b0327500f7d6c56b6242472ee6cb974cf09b401ee6b3b0798f23?s=96&d=mm&r=g","contentUrl":"https:\/\/secure.gravatar.com\/avatar\/3190a6a6c5e1b0327500f7d6c56b6242472ee6cb974cf09b401ee6b3b0798f23?s=96&d=mm&r=g","caption":"Raffy Ben\u00edtez"},"url":"https:\/\/conexion23.com\/?author=15"}]}},"_links":{"self":[{"href":"https:\/\/conexion23.com\/index.php?rest_route=\/wp\/v2\/posts\/15280","targetHints":{"allow":["GET"]}}],"collection":[{"href":"https:\/\/conexion23.com\/index.php?rest_route=\/wp\/v2\/posts"}],"about":[{"href":"https:\/\/conexion23.com\/index.php?rest_route=\/wp\/v2\/types\/post"}],"author":[{"embeddable":true,"href":"https:\/\/conexion23.com\/index.php?rest_route=\/wp\/v2\/users\/15"}],"replies":[{"embeddable":true,"href":"https:\/\/conexion23.com\/index.php?rest_route=%2Fwp%2Fv2%2Fcomments&post=15280"}],"version-history":[{"count":1,"href":"https:\/\/conexion23.com\/index.php?rest_route=\/wp\/v2\/posts\/15280\/revisions"}],"predecessor-version":[{"id":15282,"href":"https:\/\/conexion23.com\/index.php?rest_route=\/wp\/v2\/posts\/15280\/revisions\/15282"}],"wp:attachment":[{"href":"https:\/\/conexion23.com\/index.php?rest_route=%2Fwp%2Fv2%2Fmedia&parent=15280"}],"wp:term":[{"taxonomy":"category","embeddable":true,"href":"https:\/\/conexion23.com\/index.php?rest_route=%2Fwp%2Fv2%2Fcategories&post=15280"},{"taxonomy":"post_tag","embeddable":true,"href":"https:\/\/conexion23.com\/index.php?rest_route=%2Fwp%2Fv2%2Ftags&post=15280"}],"curies":[{"name":"wp","href":"https:\/\/api.w.org\/{rel}","templated":true}]}}