{"id":15283,"date":"2022-12-26T09:08:08","date_gmt":"2022-12-26T13:08:08","guid":{"rendered":"https:\/\/conexion23.com\/?p=15283"},"modified":"2022-12-26T09:08:11","modified_gmt":"2022-12-26T13:08:11","slug":"acusado-de-intento-de-atentado-dice-que-queria-impedir-posesion-de-lula","status":"publish","type":"post","link":"https:\/\/conexion23.com\/?p=15283","title":{"rendered":"Acusado de intento de atentado dice que quer\u00eda impedir posesi\u00f3n de Lula"},"content":{"rendered":"\n<p class=\"wp-block-paragraph\"><strong>R\u00edo de Janeiro.-&nbsp;<\/strong>El seguidor del presidente Jair Bolsonaro que fue arrestado el s\u00e1bado tras intentar detonar un artefacto explosivo en Brasilia y al que se le incaut\u00f3 un arsenal admiti\u00f3 que su objetivo era provocar caos para impedir la toma de posesi\u00f3n del presidente electo de Brasil, Luiz In\u00e1cio Lula da Silva.<\/p>\n\n\n\n<p class=\"wp-block-paragraph\">Seg\u00fan apartes del interrogatorio al que fue sometido, divulgado este domingo por la Polic\u00eda Civil del Distrito Federal, el acusado admiti\u00f3 que el atentado fue planeado con otros bolsonaristas que est\u00e1n acampados frente al cuartel general del Ej\u00e9rcito en Brasilia para pedirle a los militares un golpe de Estado que evite la investidura de Lula el 1 de enero pr\u00f3ximo.<\/p>\n\n\n\n<p class=\"wp-block-paragraph\">Agreg\u00f3 que la intenci\u00f3n de dos atentados planeados era dar \u00abinicio a un caos\u00bb que obligase a las autoridades a declarar el Estado de sitio y permitiese a los militares iniciar el golpe.<\/p>\n\n\n\n<p class=\"wp-block-paragraph\">\u00abDecid\u00ed elaborar un plan con los manifestantes del Cuartel General del Ej\u00e9rcito para provocar la intervenci\u00f3n de las Fuerzas Armadas y la declaraci\u00f3n del estado de sitio para impedir la instauraci\u00f3n del comunismo en Brasil\u00bb, afirm\u00f3.<\/p>\n\n\n\n<p class=\"wp-block-paragraph\">El empresario George Washington de Oliveira Sousa, de 54 a\u00f1os, fue acusado formalmente de terrorismo tras confesar que construy\u00f3 el artefacto explosivo que fue introducido a un cami\u00f3n cisterna de transporte de combustibles y desactivado el s\u00e1bado por la polic\u00eda antes de que el veh\u00edculo llegara hasta el aeropuerto internacional de Brasilia.<\/p>\n\n\n\n<p class=\"wp-block-paragraph\">Sousa dijo que vive en el estado amaz\u00f3nico de Par\u00e1 y que est\u00e1 en Brasilia desde el 12 de noviembre para reforzar los grupos de seguidores de Bolsonaro acampados frente al Ej\u00e9rcito y que no reconocen la victoria de Lula en las presidenciales de octubre.<\/p>\n\n\n\n<p class=\"wp-block-paragraph\">\u00abLo que me motiv\u00f3 a adquirir las armas (incautadas en su residencia) fueron las palabras del presidente Bolsonaro que siempre destaca la importancia del armamento civil\u00bb, agreg\u00f3.<\/p>\n","protected":false},"excerpt":{"rendered":"<p>R\u00edo de Janeiro.-&nbsp;El seguidor del presidente Jair Bolsonaro que fue arrestado el s\u00e1bado tras intentar detonar un artefacto explosivo en Brasilia y al que se le incaut\u00f3 un arsenal admiti\u00f3 que su objetivo era provocar caos para impedir la toma de posesi\u00f3n del presidente electo de Brasil, Luiz In\u00e1cio Lula da Silva. Seg\u00fan apartes del [&hellip;]<\/p>\n","protected":false},"author":15,"featured_media":0,"comment_status":"open","ping_status":"open","sticky":false,"template":"","format":"standard","meta":{"footnotes":""},"categories":[1],"tags":[],"class_list":["post-15283","post","type-post","status-publish","format-standard","category-uncategorized"],"yoast_head":"<!-- This site is optimized with the Yoast SEO plugin v27.6 - https:\/\/yoast.com\/product\/yoast-seo-wordpress\/ -->\n<title>Acusado de intento de atentado dice que quer\u00eda impedir posesi\u00f3n de Lula - Conexi\u00f3n 23<\/title>\n<meta name=\"robots\" content=\"index, follow, max-snippet:-1, max-image-preview:large, max-video-preview:-1\" \/>\n<link rel=\"canonical\" href=\"https:\/\/conexion23.com\/?p=15283\" \/>\n<meta property=\"og:locale\" content=\"es_ES\" \/>\n<meta property=\"og:type\" content=\"article\" \/>\n<meta property=\"og:title\" content=\"Acusado de intento de atentado dice que quer\u00eda impedir posesi\u00f3n de Lula - Conexi\u00f3n 23\" \/>\n<meta property=\"og:description\" content=\"R\u00edo de Janeiro.-&nbsp;El seguidor del presidente Jair Bolsonaro que fue arrestado el s\u00e1bado tras intentar detonar un artefacto explosivo en Brasilia y al que se le incaut\u00f3 un arsenal admiti\u00f3 que su objetivo era provocar caos para impedir la toma de posesi\u00f3n del presidente electo de Brasil, Luiz In\u00e1cio Lula da Silva. Seg\u00fan apartes del [&hellip;]\" \/>\n<meta property=\"og:url\" content=\"https:\/\/conexion23.com\/?p=15283\" \/>\n<meta property=\"og:site_name\" content=\"Conexi\u00f3n 23\" \/>\n<meta property=\"article:publisher\" content=\"https:\/\/www.facebook.com\/conexion23com\" \/>\n<meta property=\"article:published_time\" content=\"2022-12-26T13:08:08+00:00\" \/>\n<meta property=\"article:modified_time\" content=\"2022-12-26T13:08:11+00:00\" \/>\n<meta name=\"author\" content=\"Raffy Ben\u00edtez\" \/>\n<meta name=\"twitter:card\" content=\"summary_large_image\" \/>\n<meta name=\"twitter:label1\" content=\"Escrito por\" \/>\n\t<meta name=\"twitter:data1\" content=\"Raffy Ben\u00edtez\" \/>\n\t<meta name=\"twitter:label2\" content=\"Tiempo de lectura\" \/>\n\t<meta name=\"twitter:data2\" content=\"2 minutos\" \/>\n<script type=\"application\/ld+json\" class=\"yoast-schema-graph\">{\"@context\":\"https:\\\/\\\/schema.org\",\"@graph\":[{\"@type\":\"Article\",\"@id\":\"https:\\\/\\\/conexion23.com\\\/?p=15283#article\",\"isPartOf\":{\"@id\":\"https:\\\/\\\/conexion23.com\\\/?p=15283\"},\"author\":{\"name\":\"Raffy Ben\u00edtez\",\"@id\":\"http:\\\/\\\/conexion23.com\\\/#\\\/schema\\\/person\\\/03e36043331117e97a373299bbcd30a6\"},\"headline\":\"Acusado de intento de atentado dice que quer\u00eda impedir posesi\u00f3n de Lula\",\"datePublished\":\"2022-12-26T13:08:08+00:00\",\"dateModified\":\"2022-12-26T13:08:11+00:00\",\"mainEntityOfPage\":{\"@id\":\"https:\\\/\\\/conexion23.com\\\/?p=15283\"},\"wordCount\":340,\"commentCount\":0,\"publisher\":{\"@id\":\"http:\\\/\\\/conexion23.com\\\/#organization\"},\"articleSection\":[\"Uncategorized\"],\"inLanguage\":\"es\",\"potentialAction\":[{\"@type\":\"CommentAction\",\"name\":\"Comment\",\"target\":[\"https:\\\/\\\/conexion23.com\\\/?p=15283#respond\"]}]},{\"@type\":\"WebPage\",\"@id\":\"https:\\\/\\\/conexion23.com\\\/?p=15283\",\"url\":\"https:\\\/\\\/conexion23.com\\\/?p=15283\",\"name\":\"Acusado de intento de atentado dice que quer\u00eda impedir posesi\u00f3n de Lula - Conexi\u00f3n 23\",\"isPartOf\":{\"@id\":\"http:\\\/\\\/conexion23.com\\\/#website\"},\"datePublished\":\"2022-12-26T13:08:08+00:00\",\"dateModified\":\"2022-12-26T13:08:11+00:00\",\"breadcrumb\":{\"@id\":\"https:\\\/\\\/conexion23.com\\\/?p=15283#breadcrumb\"},\"inLanguage\":\"es\",\"potentialAction\":[{\"@type\":\"ReadAction\",\"target\":[\"https:\\\/\\\/conexion23.com\\\/?p=15283\"]}]},{\"@type\":\"BreadcrumbList\",\"@id\":\"https:\\\/\\\/conexion23.com\\\/?p=15283#breadcrumb\",\"itemListElement\":[{\"@type\":\"ListItem\",\"position\":1,\"name\":\"Portada\",\"item\":\"http:\\\/\\\/conexion23.com\\\/\"},{\"@type\":\"ListItem\",\"position\":2,\"name\":\"Acusado de intento de atentado dice que quer\u00eda impedir posesi\u00f3n de Lula\"}]},{\"@type\":\"WebSite\",\"@id\":\"http:\\\/\\\/conexion23.com\\\/#website\",\"url\":\"http:\\\/\\\/conexion23.com\\\/\",\"name\":\"Conexi\u00f3n 23\",\"description\":\"Peri\u00f3dico 100% Petromacorisano\",\"publisher\":{\"@id\":\"http:\\\/\\\/conexion23.com\\\/#organization\"},\"potentialAction\":[{\"@type\":\"SearchAction\",\"target\":{\"@type\":\"EntryPoint\",\"urlTemplate\":\"http:\\\/\\\/conexion23.com\\\/?s={search_term_string}\"},\"query-input\":{\"@type\":\"PropertyValueSpecification\",\"valueRequired\":true,\"valueName\":\"search_term_string\"}}],\"inLanguage\":\"es\"},{\"@type\":\"Organization\",\"@id\":\"http:\\\/\\\/conexion23.com\\\/#organization\",\"name\":\"Conexion 23\",\"url\":\"http:\\\/\\\/conexion23.com\\\/\",\"logo\":{\"@type\":\"ImageObject\",\"inLanguage\":\"es\",\"@id\":\"http:\\\/\\\/conexion23.com\\\/#\\\/schema\\\/logo\\\/image\\\/\",\"url\":\"https:\\\/\\\/conexion23.com\\\/wp-content\\\/uploads\\\/2021\\\/11\\\/Diseno-sin-titulo-2.png\",\"contentUrl\":\"https:\\\/\\\/conexion23.com\\\/wp-content\\\/uploads\\\/2021\\\/11\\\/Diseno-sin-titulo-2.png\",\"width\":541,\"height\":90,\"caption\":\"Conexion 23\"},\"image\":{\"@id\":\"http:\\\/\\\/conexion23.com\\\/#\\\/schema\\\/logo\\\/image\\\/\"},\"sameAs\":[\"https:\\\/\\\/www.facebook.com\\\/conexion23com\",\"https:\\\/\\\/www.instagram.com\\\/conexion23com\\\/\",\"https:\\\/\\\/www.youtube.com\\\/channel\\\/UCYc7vxxFZMYLIHNsHHxPZ3Q\"]},{\"@type\":\"Person\",\"@id\":\"http:\\\/\\\/conexion23.com\\\/#\\\/schema\\\/person\\\/03e36043331117e97a373299bbcd30a6\",\"name\":\"Raffy Ben\u00edtez\",\"image\":{\"@type\":\"ImageObject\",\"inLanguage\":\"es\",\"@id\":\"https:\\\/\\\/secure.gravatar.com\\\/avatar\\\/3190a6a6c5e1b0327500f7d6c56b6242472ee6cb974cf09b401ee6b3b0798f23?s=96&d=mm&r=g\",\"url\":\"https:\\\/\\\/secure.gravatar.com\\\/avatar\\\/3190a6a6c5e1b0327500f7d6c56b6242472ee6cb974cf09b401ee6b3b0798f23?s=96&d=mm&r=g\",\"contentUrl\":\"https:\\\/\\\/secure.gravatar.com\\\/avatar\\\/3190a6a6c5e1b0327500f7d6c56b6242472ee6cb974cf09b401ee6b3b0798f23?s=96&d=mm&r=g\",\"caption\":\"Raffy Ben\u00edtez\"},\"url\":\"https:\\\/\\\/conexion23.com\\\/?author=15\"}]}<\/script>\n<!-- \/ Yoast SEO plugin. -->","yoast_head_json":{"title":"Acusado de intento de atentado dice que quer\u00eda impedir posesi\u00f3n de Lula - Conexi\u00f3n 23","robots":{"index":"index","follow":"follow","max-snippet":"max-snippet:-1","max-image-preview":"max-image-preview:large","max-video-preview":"max-video-preview:-1"},"canonical":"https:\/\/conexion23.com\/?p=15283","og_locale":"es_ES","og_type":"article","og_title":"Acusado de intento de atentado dice que quer\u00eda impedir posesi\u00f3n de Lula - Conexi\u00f3n 23","og_description":"R\u00edo de Janeiro.-&nbsp;El seguidor del presidente Jair Bolsonaro que fue arrestado el s\u00e1bado tras intentar detonar un artefacto explosivo en Brasilia y al que se le incaut\u00f3 un arsenal admiti\u00f3 que su objetivo era provocar caos para impedir la toma de posesi\u00f3n del presidente electo de Brasil, Luiz In\u00e1cio Lula da Silva. Seg\u00fan apartes del [&hellip;]","og_url":"https:\/\/conexion23.com\/?p=15283","og_site_name":"Conexi\u00f3n 23","article_publisher":"https:\/\/www.facebook.com\/conexion23com","article_published_time":"2022-12-26T13:08:08+00:00","article_modified_time":"2022-12-26T13:08:11+00:00","author":"Raffy Ben\u00edtez","twitter_card":"summary_large_image","twitter_misc":{"Escrito por":"Raffy Ben\u00edtez","Tiempo de lectura":"2 minutos"},"schema":{"@context":"https:\/\/schema.org","@graph":[{"@type":"Article","@id":"https:\/\/conexion23.com\/?p=15283#article","isPartOf":{"@id":"https:\/\/conexion23.com\/?p=15283"},"author":{"name":"Raffy Ben\u00edtez","@id":"http:\/\/conexion23.com\/#\/schema\/person\/03e36043331117e97a373299bbcd30a6"},"headline":"Acusado de intento de atentado dice que quer\u00eda impedir posesi\u00f3n de Lula","datePublished":"2022-12-26T13:08:08+00:00","dateModified":"2022-12-26T13:08:11+00:00","mainEntityOfPage":{"@id":"https:\/\/conexion23.com\/?p=15283"},"wordCount":340,"commentCount":0,"publisher":{"@id":"http:\/\/conexion23.com\/#organization"},"articleSection":["Uncategorized"],"inLanguage":"es","potentialAction":[{"@type":"CommentAction","name":"Comment","target":["https:\/\/conexion23.com\/?p=15283#respond"]}]},{"@type":"WebPage","@id":"https:\/\/conexion23.com\/?p=15283","url":"https:\/\/conexion23.com\/?p=15283","name":"Acusado de intento de atentado dice que quer\u00eda impedir posesi\u00f3n de Lula - Conexi\u00f3n 23","isPartOf":{"@id":"http:\/\/conexion23.com\/#website"},"datePublished":"2022-12-26T13:08:08+00:00","dateModified":"2022-12-26T13:08:11+00:00","breadcrumb":{"@id":"https:\/\/conexion23.com\/?p=15283#breadcrumb"},"inLanguage":"es","potentialAction":[{"@type":"ReadAction","target":["https:\/\/conexion23.com\/?p=15283"]}]},{"@type":"BreadcrumbList","@id":"https:\/\/conexion23.com\/?p=15283#breadcrumb","itemListElement":[{"@type":"ListItem","position":1,"name":"Portada","item":"http:\/\/conexion23.com\/"},{"@type":"ListItem","position":2,"name":"Acusado de intento de atentado dice que quer\u00eda impedir posesi\u00f3n de Lula"}]},{"@type":"WebSite","@id":"http:\/\/conexion23.com\/#website","url":"http:\/\/conexion23.com\/","name":"Conexi\u00f3n 23","description":"Peri\u00f3dico 100% Petromacorisano","publisher":{"@id":"http:\/\/conexion23.com\/#organization"},"potentialAction":[{"@type":"SearchAction","target":{"@type":"EntryPoint","urlTemplate":"http:\/\/conexion23.com\/?s={search_term_string}"},"query-input":{"@type":"PropertyValueSpecification","valueRequired":true,"valueName":"search_term_string"}}],"inLanguage":"es"},{"@type":"Organization","@id":"http:\/\/conexion23.com\/#organization","name":"Conexion 23","url":"http:\/\/conexion23.com\/","logo":{"@type":"ImageObject","inLanguage":"es","@id":"http:\/\/conexion23.com\/#\/schema\/logo\/image\/","url":"https:\/\/conexion23.com\/wp-content\/uploads\/2021\/11\/Diseno-sin-titulo-2.png","contentUrl":"https:\/\/conexion23.com\/wp-content\/uploads\/2021\/11\/Diseno-sin-titulo-2.png","width":541,"height":90,"caption":"Conexion 23"},"image":{"@id":"http:\/\/conexion23.com\/#\/schema\/logo\/image\/"},"sameAs":["https:\/\/www.facebook.com\/conexion23com","https:\/\/www.instagram.com\/conexion23com\/","https:\/\/www.youtube.com\/channel\/UCYc7vxxFZMYLIHNsHHxPZ3Q"]},{"@type":"Person","@id":"http:\/\/conexion23.com\/#\/schema\/person\/03e36043331117e97a373299bbcd30a6","name":"Raffy Ben\u00edtez","image":{"@type":"ImageObject","inLanguage":"es","@id":"https:\/\/secure.gravatar.com\/avatar\/3190a6a6c5e1b0327500f7d6c56b6242472ee6cb974cf09b401ee6b3b0798f23?s=96&d=mm&r=g","url":"https:\/\/secure.gravatar.com\/avatar\/3190a6a6c5e1b0327500f7d6c56b6242472ee6cb974cf09b401ee6b3b0798f23?s=96&d=mm&r=g","contentUrl":"https:\/\/secure.gravatar.com\/avatar\/3190a6a6c5e1b0327500f7d6c56b6242472ee6cb974cf09b401ee6b3b0798f23?s=96&d=mm&r=g","caption":"Raffy Ben\u00edtez"},"url":"https:\/\/conexion23.com\/?author=15"}]}},"_links":{"self":[{"href":"https:\/\/conexion23.com\/index.php?rest_route=\/wp\/v2\/posts\/15283","targetHints":{"allow":["GET"]}}],"collection":[{"href":"https:\/\/conexion23.com\/index.php?rest_route=\/wp\/v2\/posts"}],"about":[{"href":"https:\/\/conexion23.com\/index.php?rest_route=\/wp\/v2\/types\/post"}],"author":[{"embeddable":true,"href":"https:\/\/conexion23.com\/index.php?rest_route=\/wp\/v2\/users\/15"}],"replies":[{"embeddable":true,"href":"https:\/\/conexion23.com\/index.php?rest_route=%2Fwp%2Fv2%2Fcomments&post=15283"}],"version-history":[{"count":1,"href":"https:\/\/conexion23.com\/index.php?rest_route=\/wp\/v2\/posts\/15283\/revisions"}],"predecessor-version":[{"id":15285,"href":"https:\/\/conexion23.com\/index.php?rest_route=\/wp\/v2\/posts\/15283\/revisions\/15285"}],"wp:attachment":[{"href":"https:\/\/conexion23.com\/index.php?rest_route=%2Fwp%2Fv2%2Fmedia&parent=15283"}],"wp:term":[{"taxonomy":"category","embeddable":true,"href":"https:\/\/conexion23.com\/index.php?rest_route=%2Fwp%2Fv2%2Fcategories&post=15283"},{"taxonomy":"post_tag","embeddable":true,"href":"https:\/\/conexion23.com\/index.php?rest_route=%2Fwp%2Fv2%2Ftags&post=15283"}],"curies":[{"name":"wp","href":"https:\/\/api.w.org\/{rel}","templated":true}]}}